{"id":984,"date":"2025-05-30T19:46:07","date_gmt":"2025-05-30T22:46:07","guid":{"rendered":"https:\/\/gazetapernambucana.com\/?p=984"},"modified":"2025-05-30T19:46:07","modified_gmt":"2025-05-30T22:46:07","slug":"general-relata-reuniao-com-torres-para-desmobilizar-o-acampamento-no-qg","status":"publish","type":"post","link":"https:\/\/gazetapernambucana.com\/?p=984","title":{"rendered":"General relata reuni\u00e3o com Torres para desmobilizar o \u201cacampamento\u201d no QG"},"content":{"rendered":"<div class=\"wp-caption aligncenter\">\n<p><strong><img loading=\"lazy\" decoding=\"async\" src=\"https:\/\/admin.cnnbrasil.com.br\/wp-content\/uploads\/sites\/12\/2023\/10\/img20230914101548516.jpg?w=419&amp;h=283&amp;crop=0\" alt=\"O general Gustavo Henrique Dutra de Menezes durante depoimento \u00e0 CPMI do 8 de janeiro\" width=\"346\" height=\"213\" \/><\/strong><\/p>\n<p class=\"wp-caption-text\"><strong>Dutra impediu que a PM invadisse o acampamento no 08\/01<\/strong><\/p>\n<\/div>\n<p><strong>Gabriela Boechat<br \/>\n<\/strong><em>da CNN<\/em><\/p>\n<p>O ex-comandante do Comando Militar do Planalto (CMP) general Gustavo Henrique Dutra afirmou ao Supremo Tribunal Federal (STF) nesta sexta-feira (30) que tomou \u201cum cafezinho\u201d com o ent\u00e3o Secret\u00e1rio de Seguran\u00e7a P\u00fablica do Distrito federal, Anderson Torres, dois dias antes dos ataques do 8 de janeiro.<\/p>\n<p>Na ocasi\u00e3o, segundo o militar, eles trataram sobre a desmobiliza\u00e7\u00e3o dos acampamentos em frente ao Quartel-General (QG) do Ex\u00e9rcito.<\/p>\n<p><strong>N\u00c3O SE CONHECIAM<\/strong>\u00a0\u2013 Segundo ele, o \u201ccaf\u00e9\u201d se deu para que pudessem se conhecer, j\u00e1 que Torres havia assumido o cargo de secret\u00e1rio h\u00e1 poucos dias.<\/p>\n<p>Questionado pelos advogados se trataram dos acampamentos no encontro, Dutra disse que chegou a apresentar fotografias ao ex-secret\u00e1rio que mostravam os acampamentos vazios e ocupados principalmente por pessoas em situa\u00e7\u00e3o de rua.<\/p>\n<p>\u201cParticipei de um cafezinho de cortesia com Anderson Torres. Um caf\u00e9 para nos apresentarmos porque o secret\u00e1rio tinha acabado de assumir a fun\u00e7\u00e3o. Mostrei para o Anderson Torres que o acampamento estava bem esvaziado, a maioria ali era moradores de rua\u201d, explicou o militar.<\/p>\n<p><strong>H\u00c1 CONTROV\u00c9RSIAS\u2026<\/strong>\u00a0\u2013 A vers\u00e3o dada pelo general sobre a reuni\u00e3o \u00e9 mais amena que a da secret\u00e1ria de Desenvolvimento Social do Governo do Distrito Federal, Ana Paula Marra, que dep\u00f4s ao Supremo nesta sexta-feira pela manh\u00e3.<\/p>\n<p>Marra afirmou que foi \u201cconvocada\u201d na noite anterior para a mesma reuni\u00e3o e que lhe disseram se tratar de um encontro \u201curgente\u201d para discutir a desmobiliza\u00e7\u00e3o dos manifestantes.<\/p>\n<p>Segundo Marra, Torres perguntou se a sua pasta dispunha de algum programa para acolher pessoas em situa\u00e7\u00e3o de rua, al\u00e9m de pessoas vindas de outros estados que n\u00e3o conseguiam retornar para casa.<\/p>\n<p><strong>A FAVOR DE TORRES<\/strong>\u00a0\u2013 Tanto o general quanto a secret\u00e1ria prestaram depoimento a favor de Anderson Torres no julgamento que apura um suposto plano de golpe de Estado.<\/p>\n<p>O general Dutra foi o respons\u00e1vel pela atua\u00e7\u00e3o do Ex\u00e9rcito no dia 8 de janeiro de 2023, quando as sedes dos Tr\u00eas Poderes foram invadidas e depredadas.<\/p>\n<p>Ele foi exonerado em abril daquele ano, mas sua sa\u00edda j\u00e1 havia sido anunciada em 16 de fevereiro.<\/p>\n","protected":false},"excerpt":{"rendered":"<p>Dutra impediu que a PM invadisse o acampamento no 08\/01 Gabriela Boechat da CNN O ex-comandante do Comando Militar do Planalto (CMP) general Gustavo Henrique Dutra afirmou ao Supremo Tribunal Federal (STF) nesta sexta-feira (30) que tomou \u201cum cafezinho\u201d com o ent\u00e3o Secret\u00e1rio de Seguran\u00e7a P\u00fablica do Distrito federal, Anderson Torres, dois dias antes dos [&hellip;]<\/p>\n","protected":false},"author":1,"featured_media":985,"comment_status":"open","ping_status":"open","sticky":false,"template":"","format":"standard","meta":{"footnotes":"","jetpack_publicize_message":"","jetpack_publicize_feature_enabled":true,"jetpack_social_post_already_shared":false,"jetpack_social_options":{"image_generator_settings":{"template":"highway","default_image_id":0,"font":"","enabled":false},"version":2}},"categories":[37,65],"tags":[],"class_list":["post-984","post","type-post","status-publish","format-standard","has-post-thumbnail","hentry","category-https-gazetapernambucana-com-page_id212","category-politica"],"yoast_head":"<!-- This site is optimized with the Yoast SEO plugin v24.5 - https:\/\/yoast.com\/wordpress\/plugins\/seo\/ -->\n<title>General relata reuni\u00e3o com Torres para desmobilizar o \u201cacampamento\u201d no QG -<\/title>\n<meta name=\"robots\" content=\"index, follow, max-snippet:-1, max-image-preview:large, max-video-preview:-1\" \/>\n<link rel=\"canonical\" href=\"https:\/\/gazetapernambucana.com\/?p=984\" \/>\n<meta property=\"og:locale\" content=\"pt_BR\" \/>\n<meta property=\"og:type\" content=\"article\" \/>\n<meta property=\"og:title\" content=\"General relata reuni\u00e3o com Torres para desmobilizar o \u201cacampamento\u201d no QG -\" \/>\n<meta property=\"og:description\" content=\"Dutra impediu que a PM invadisse o acampamento no 08\/01 Gabriela Boechat da CNN O ex-comandante do Comando Militar do Planalto (CMP) general Gustavo Henrique Dutra afirmou ao Supremo Tribunal Federal (STF) nesta sexta-feira (30) que tomou \u201cum cafezinho\u201d com o ent\u00e3o Secret\u00e1rio de Seguran\u00e7a P\u00fablica do Distrito federal, Anderson Torres, dois dias antes dos [&hellip;]\" \/>\n<meta property=\"og:url\" content=\"https:\/\/gazetapernambucana.com\/?p=984\" \/>\n<meta property=\"article:published_time\" content=\"2025-05-30T22:46:07+00:00\" \/>\n<meta property=\"og:image\" content=\"https:\/\/gazetapernambucana.com\/wp-content\/uploads\/2025\/05\/img20230914101548516.webp\" \/>\n\t<meta property=\"og:image:width\" content=\"419\" \/>\n\t<meta property=\"og:image:height\" content=\"258\" \/>\n\t<meta property=\"og:image:type\" content=\"image\/webp\" \/>\n<meta name=\"author\" content=\"GP\" \/>\n<meta name=\"twitter:card\" content=\"summary_large_image\" \/>\n<meta name=\"twitter:label1\" content=\"Escrito por\" \/>\n\t<meta name=\"twitter:data1\" content=\"GP\" \/>\n\t<meta name=\"twitter:label2\" content=\"Est. tempo de leitura\" \/>\n\t<meta name=\"twitter:data2\" content=\"3 minutos\" \/>\n<script type=\"application\/ld+json\" class=\"yoast-schema-graph\">{\"@context\":\"https:\/\/schema.org\",\"@graph\":[{\"@type\":\"WebPage\",\"@id\":\"https:\/\/gazetapernambucana.com\/?p=984\",\"url\":\"https:\/\/gazetapernambucana.com\/?p=984\",\"name\":\"General relata reuni\u00e3o com Torres para desmobilizar o \u201cacampamento\u201d no QG -\",\"isPartOf\":{\"@id\":\"https:\/\/gazetapernambucana.com\/#website\"},\"primaryImageOfPage\":{\"@id\":\"https:\/\/gazetapernambucana.com\/?p=984#primaryimage\"},\"image\":{\"@id\":\"https:\/\/gazetapernambucana.com\/?p=984#primaryimage\"},\"thumbnailUrl\":\"https:\/\/gazetapernambucana.com\/wp-content\/uploads\/2025\/05\/img20230914101548516.webp\",\"datePublished\":\"2025-05-30T22:46:07+00:00\",\"author\":{\"@id\":\"https:\/\/gazetapernambucana.com\/#\/schema\/person\/188dc283325181ac2de4db1e9e987427\"},\"breadcrumb\":{\"@id\":\"https:\/\/gazetapernambucana.com\/?p=984#breadcrumb\"},\"inLanguage\":\"pt-BR\",\"potentialAction\":[{\"@type\":\"ReadAction\",\"target\":[\"https:\/\/gazetapernambucana.com\/?p=984\"]}]},{\"@type\":\"ImageObject\",\"inLanguage\":\"pt-BR\",\"@id\":\"https:\/\/gazetapernambucana.com\/?p=984#primaryimage\",\"url\":\"https:\/\/gazetapernambucana.com\/wp-content\/uploads\/2025\/05\/img20230914101548516.webp\",\"contentUrl\":\"https:\/\/gazetapernambucana.com\/wp-content\/uploads\/2025\/05\/img20230914101548516.webp\",\"width\":419,\"height\":258},{\"@type\":\"BreadcrumbList\",\"@id\":\"https:\/\/gazetapernambucana.com\/?p=984#breadcrumb\",\"itemListElement\":[{\"@type\":\"ListItem\",\"position\":1,\"name\":\"In\u00edcio\",\"item\":\"https:\/\/gazetapernambucana.com\/\"},{\"@type\":\"ListItem\",\"position\":2,\"name\":\"General relata reuni\u00e3o com Torres para desmobilizar o \u201cacampamento\u201d no QG\"}]},{\"@type\":\"WebSite\",\"@id\":\"https:\/\/gazetapernambucana.com\/#website\",\"url\":\"https:\/\/gazetapernambucana.com\/\",\"name\":\"\",\"description\":\"\",\"potentialAction\":[{\"@type\":\"SearchAction\",\"target\":{\"@type\":\"EntryPoint\",\"urlTemplate\":\"https:\/\/gazetapernambucana.com\/?s={search_term_string}\"},\"query-input\":{\"@type\":\"PropertyValueSpecification\",\"valueRequired\":true,\"valueName\":\"search_term_string\"}}],\"inLanguage\":\"pt-BR\"},{\"@type\":\"Person\",\"@id\":\"https:\/\/gazetapernambucana.com\/#\/schema\/person\/188dc283325181ac2de4db1e9e987427\",\"name\":\"GP\",\"image\":{\"@type\":\"ImageObject\",\"inLanguage\":\"pt-BR\",\"@id\":\"https:\/\/gazetapernambucana.com\/#\/schema\/person\/image\/\",\"url\":\"https:\/\/secure.gravatar.com\/avatar\/9dad78ff9a2d8b5742d11779f8a3f53b052320c550b2e1907882353c067bb111?s=96&d=mm&r=g\",\"contentUrl\":\"https:\/\/secure.gravatar.com\/avatar\/9dad78ff9a2d8b5742d11779f8a3f53b052320c550b2e1907882353c067bb111?s=96&d=mm&r=g\",\"caption\":\"GP\"},\"sameAs\":[\"http:\/\/gazetapernambucana.com\"],\"url\":\"https:\/\/gazetapernambucana.com\/?author=1\"}]}<\/script>\n<!-- \/ Yoast SEO plugin. -->","yoast_head_json":{"title":"General relata reuni\u00e3o com Torres para desmobilizar o \u201cacampamento\u201d no QG -","robots":{"index":"index","follow":"follow","max-snippet":"max-snippet:-1","max-image-preview":"max-image-preview:large","max-video-preview":"max-video-preview:-1"},"canonical":"https:\/\/gazetapernambucana.com\/?p=984","og_locale":"pt_BR","og_type":"article","og_title":"General relata reuni\u00e3o com Torres para desmobilizar o \u201cacampamento\u201d no QG -","og_description":"Dutra impediu que a PM invadisse o acampamento no 08\/01 Gabriela Boechat da CNN O ex-comandante do Comando Militar do Planalto (CMP) general Gustavo Henrique Dutra afirmou ao Supremo Tribunal Federal (STF) nesta sexta-feira (30) que tomou \u201cum cafezinho\u201d com o ent\u00e3o Secret\u00e1rio de Seguran\u00e7a P\u00fablica do Distrito federal, Anderson Torres, dois dias antes dos [&hellip;]","og_url":"https:\/\/gazetapernambucana.com\/?p=984","article_published_time":"2025-05-30T22:46:07+00:00","og_image":[{"width":419,"height":258,"url":"https:\/\/gazetapernambucana.com\/wp-content\/uploads\/2025\/05\/img20230914101548516.webp","type":"image\/webp"}],"author":"GP","twitter_card":"summary_large_image","twitter_misc":{"Escrito por":"GP","Est. tempo de leitura":"3 minutos"},"schema":{"@context":"https:\/\/schema.org","@graph":[{"@type":"WebPage","@id":"https:\/\/gazetapernambucana.com\/?p=984","url":"https:\/\/gazetapernambucana.com\/?p=984","name":"General relata reuni\u00e3o com Torres para desmobilizar o \u201cacampamento\u201d no QG -","isPartOf":{"@id":"https:\/\/gazetapernambucana.com\/#website"},"primaryImageOfPage":{"@id":"https:\/\/gazetapernambucana.com\/?p=984#primaryimage"},"image":{"@id":"https:\/\/gazetapernambucana.com\/?p=984#primaryimage"},"thumbnailUrl":"https:\/\/gazetapernambucana.com\/wp-content\/uploads\/2025\/05\/img20230914101548516.webp","datePublished":"2025-05-30T22:46:07+00:00","author":{"@id":"https:\/\/gazetapernambucana.com\/#\/schema\/person\/188dc283325181ac2de4db1e9e987427"},"breadcrumb":{"@id":"https:\/\/gazetapernambucana.com\/?p=984#breadcrumb"},"inLanguage":"pt-BR","potentialAction":[{"@type":"ReadAction","target":["https:\/\/gazetapernambucana.com\/?p=984"]}]},{"@type":"ImageObject","inLanguage":"pt-BR","@id":"https:\/\/gazetapernambucana.com\/?p=984#primaryimage","url":"https:\/\/gazetapernambucana.com\/wp-content\/uploads\/2025\/05\/img20230914101548516.webp","contentUrl":"https:\/\/gazetapernambucana.com\/wp-content\/uploads\/2025\/05\/img20230914101548516.webp","width":419,"height":258},{"@type":"BreadcrumbList","@id":"https:\/\/gazetapernambucana.com\/?p=984#breadcrumb","itemListElement":[{"@type":"ListItem","position":1,"name":"In\u00edcio","item":"https:\/\/gazetapernambucana.com\/"},{"@type":"ListItem","position":2,"name":"General relata reuni\u00e3o com Torres para desmobilizar o \u201cacampamento\u201d no QG"}]},{"@type":"WebSite","@id":"https:\/\/gazetapernambucana.com\/#website","url":"https:\/\/gazetapernambucana.com\/","name":"","description":"","potentialAction":[{"@type":"SearchAction","target":{"@type":"EntryPoint","urlTemplate":"https:\/\/gazetapernambucana.com\/?s={search_term_string}"},"query-input":{"@type":"PropertyValueSpecification","valueRequired":true,"valueName":"search_term_string"}}],"inLanguage":"pt-BR"},{"@type":"Person","@id":"https:\/\/gazetapernambucana.com\/#\/schema\/person\/188dc283325181ac2de4db1e9e987427","name":"GP","image":{"@type":"ImageObject","inLanguage":"pt-BR","@id":"https:\/\/gazetapernambucana.com\/#\/schema\/person\/image\/","url":"https:\/\/secure.gravatar.com\/avatar\/9dad78ff9a2d8b5742d11779f8a3f53b052320c550b2e1907882353c067bb111?s=96&d=mm&r=g","contentUrl":"https:\/\/secure.gravatar.com\/avatar\/9dad78ff9a2d8b5742d11779f8a3f53b052320c550b2e1907882353c067bb111?s=96&d=mm&r=g","caption":"GP"},"sameAs":["http:\/\/gazetapernambucana.com"],"url":"https:\/\/gazetapernambucana.com\/?author=1"}]}},"jetpack_publicize_connections":[],"_links":{"self":[{"href":"https:\/\/gazetapernambucana.com\/index.php?rest_route=\/wp\/v2\/posts\/984","targetHints":{"allow":["GET"]}}],"collection":[{"href":"https:\/\/gazetapernambucana.com\/index.php?rest_route=\/wp\/v2\/posts"}],"about":[{"href":"https:\/\/gazetapernambucana.com\/index.php?rest_route=\/wp\/v2\/types\/post"}],"author":[{"embeddable":true,"href":"https:\/\/gazetapernambucana.com\/index.php?rest_route=\/wp\/v2\/users\/1"}],"replies":[{"embeddable":true,"href":"https:\/\/gazetapernambucana.com\/index.php?rest_route=%2Fwp%2Fv2%2Fcomments&post=984"}],"version-history":[{"count":1,"href":"https:\/\/gazetapernambucana.com\/index.php?rest_route=\/wp\/v2\/posts\/984\/revisions"}],"predecessor-version":[{"id":986,"href":"https:\/\/gazetapernambucana.com\/index.php?rest_route=\/wp\/v2\/posts\/984\/revisions\/986"}],"wp:featuredmedia":[{"embeddable":true,"href":"https:\/\/gazetapernambucana.com\/index.php?rest_route=\/wp\/v2\/media\/985"}],"wp:attachment":[{"href":"https:\/\/gazetapernambucana.com\/index.php?rest_route=%2Fwp%2Fv2%2Fmedia&parent=984"}],"wp:term":[{"taxonomy":"category","embeddable":true,"href":"https:\/\/gazetapernambucana.com\/index.php?rest_route=%2Fwp%2Fv2%2Fcategories&post=984"},{"taxonomy":"post_tag","embeddable":true,"href":"https:\/\/gazetapernambucana.com\/index.php?rest_route=%2Fwp%2Fv2%2Ftags&post=984"}],"curies":[{"name":"wp","href":"https:\/\/api.w.org\/{rel}","templated":true}]}}