{"id":978,"date":"2025-05-30T17:33:42","date_gmt":"2025-05-30T20:33:42","guid":{"rendered":"https:\/\/gazetapernambucana.com\/?p=978"},"modified":"2025-05-30T17:33:42","modified_gmt":"2025-05-30T20:33:42","slug":"assustado-com-os-eua-barroso-decide-retomar-regulacao-das-redes-sociais","status":"publish","type":"post","link":"https:\/\/gazetapernambucana.com\/?p=978","title":{"rendered":"Assustado com os EUA, Barroso decide retomar regula\u00e7\u00e3o das redes sociais"},"content":{"rendered":"<header class=\"entry-header\"><\/header>\n<div class=\"entry-content post_content\">\n<div class=\"addtoany_share_save_container addtoany_content addtoany_content_top\">\n<div class=\"a2a_kit a2a_kit_size_20 addtoany_list\" data-a2a-url=\"https:\/\/tribunadainternet.com.br\/2025\/05\/30\/assustado-com-os-eua-barroso-decide-retomar-regulacao-das-redes-sociais\/\" data-a2a-title=\"Assustado com os EUA, Barroso decide retomar regula\u00e7\u00e3o das redes sociais\"><\/div>\n<\/div>\n<div class=\"wp-caption aligncenter\"><strong><img loading=\"lazy\" decoding=\"async\" src=\"https:\/\/editoraforum.com.br\/wp-content\/uploads\/2023\/09\/53218358323_3cc3bcd993_o-1.jpg\" alt=\"Autor da F\u00d3RUM, ministro Lu\u00eds Roberto Barroso toma posse como presidente do  STF - Editora F\u00d3RUM - Conhecimento Jur\u00eddico\" width=\"351\" height=\"234\" \/><\/strong><\/p>\n<p class=\"wp-caption-text\"><strong>Barroso vai tocar o julgamento, tentando reduzir a press\u00e3o<\/strong><\/p>\n<\/div>\n<p><strong>Por Ana Paula Ramos e Hedio Ferreira Junior<\/strong><\/p>\n<p>O presidente do Supremo Tribunal Federal (STF), ministro Lu\u00eds Roberto Barroso, marcou para a pr\u00f3xima quarta-feira (4) o julgamento do processo que discute a constitucionalidade do artigo 19 do Marco Civil da Internet \u2013 uma das principais discuss\u00f5es relacionadas \u00e0 regulamenta\u00e7\u00e3o das redes sociais no Brasil.<\/p>\n<p>A an\u00e1lise do caso foi interrompida em dezembro quando o ministro Andr\u00e9 Mendon\u00e7a solicitou mais tempo para estudar a quest\u00e3o. Por isso, o julgamento ser\u00e1 retomado com o voto dele. A data de retomada deve ser oficializada na pauta que vai ser liberada na quinta-feira (29).<\/p>\n<p><strong>DESCONVERSANDO<\/strong>\u00a0\u2013 Mais cedo, Barroso foi questionado pela reportagem de O TEMPO em Bras\u00edlia se colocaria a a\u00e7\u00e3o na pauta de julgamento ainda neste semestre, diante da devolu\u00e7\u00e3o da vista pelo ministro Andr\u00e9 Mendon\u00e7a, mas desconversou. \u201cEm breve\u201d. Minutos depois, a comunica\u00e7\u00e3o do STF confirmou a data de retomada da an\u00e1lise da mat\u00e9ria.<\/p>\n<p>Quando foi paralisado, o plen\u00e1rio discutia a responsabiliza\u00e7\u00e3o das plataformas digitais por conte\u00fados publicados por terceiros.<\/p>\n<p>O debate gira em torno da possibilidade de as empresas serem obrigadas a remover publica\u00e7\u00f5es ofensivas mediante simples notifica\u00e7\u00e3o extrajudicial \u2013 ou apenas por ordem judicial. Dois recursos extraordin\u00e1rios (RE 1037396 e RE 1057258) est\u00e3o sendo julgados em conjunto.<\/p>\n<p><strong>INQUIETA\u00c7\u00c3O<\/strong>\u00a0\u2013 Durante a sess\u00e3o em que pediu vista, Mendon\u00e7a afirmou: \u201cEssa mat\u00e9ria tem me inquietado bastante. Acredito que \u00e9 necess\u00e1rio mais tempo de an\u00e1lise sobre o tema. Precisamos saber at\u00e9 que ponto n\u00e3o estaremos sendo injustos.\u201d<\/p>\n<p>A mat\u00e9ria \u00e9 uma das prioridades de Barroso, que, segundo interlocutores, quer concluir vota\u00e7\u00f5es de grande impacto antes de encerrar seu mandato na presid\u00eancia do STF, em outubro.<\/p>\n<p>At\u00e9 o momento, os ministros Dias Toffoli e Luiz Fux j\u00e1 votaram pela inconstitucionalidade do artigo 19, que hoje protege as plataformas de responsabilidade por publica\u00e7\u00f5es de terceiros, salvo por ordem judicial. A an\u00e1lise da Corte pode redefinir os limites da liberdade de express\u00e3o e da atua\u00e7\u00e3o das empresas de tecnologia no pa\u00eds.<\/p>\n<p>Fonte: Jornal O TEMPO<\/p>\n<\/div>\n","protected":false},"excerpt":{"rendered":"<p>Barroso vai tocar o julgamento, tentando reduzir a press\u00e3o Por Ana Paula Ramos e Hedio Ferreira Junior O presidente do Supremo Tribunal Federal (STF), ministro Lu\u00eds Roberto Barroso, marcou para a pr\u00f3xima quarta-feira (4) o julgamento do processo que discute a constitucionalidade do artigo 19 do Marco Civil da Internet \u2013 uma das principais discuss\u00f5es [&hellip;]<\/p>\n","protected":false},"author":1,"featured_media":979,"comment_status":"open","ping_status":"open","sticky":false,"template":"","format":"standard","meta":{"footnotes":"","jetpack_publicize_message":"","jetpack_publicize_feature_enabled":true,"jetpack_social_post_already_shared":false,"jetpack_social_options":{"image_generator_settings":{"template":"highway","default_image_id":0,"font":"","enabled":false},"version":2}},"categories":[37,65],"tags":[],"class_list":["post-978","post","type-post","status-publish","format-standard","has-post-thumbnail","hentry","category-https-gazetapernambucana-com-page_id212","category-politica"],"yoast_head":"<!-- This site is optimized with the Yoast SEO plugin v24.5 - https:\/\/yoast.com\/wordpress\/plugins\/seo\/ -->\n<title>Assustado com os EUA, Barroso decide retomar regula\u00e7\u00e3o das redes sociais -<\/title>\n<meta name=\"robots\" content=\"index, follow, max-snippet:-1, max-image-preview:large, max-video-preview:-1\" \/>\n<link rel=\"canonical\" href=\"https:\/\/gazetapernambucana.com\/?p=978\" \/>\n<meta property=\"og:locale\" content=\"pt_BR\" \/>\n<meta property=\"og:type\" content=\"article\" \/>\n<meta property=\"og:title\" content=\"Assustado com os EUA, Barroso decide retomar regula\u00e7\u00e3o das redes sociais -\" \/>\n<meta property=\"og:description\" content=\"Barroso vai tocar o julgamento, tentando reduzir a press\u00e3o Por Ana Paula Ramos e Hedio Ferreira Junior O presidente do Supremo Tribunal Federal (STF), ministro Lu\u00eds Roberto Barroso, marcou para a pr\u00f3xima quarta-feira (4) o julgamento do processo que discute a constitucionalidade do artigo 19 do Marco Civil da Internet \u2013 uma das principais discuss\u00f5es [&hellip;]\" \/>\n<meta property=\"og:url\" content=\"https:\/\/gazetapernambucana.com\/?p=978\" \/>\n<meta property=\"article:published_time\" content=\"2025-05-30T20:33:42+00:00\" \/>\n<meta property=\"og:image\" content=\"https:\/\/gazetapernambucana.com\/wp-content\/uploads\/2025\/05\/53218358323_3cc3bcd993_o-1.jpg\" \/>\n\t<meta property=\"og:image:width\" content=\"1200\" \/>\n\t<meta property=\"og:image:height\" content=\"800\" \/>\n\t<meta property=\"og:image:type\" content=\"image\/jpeg\" \/>\n<meta name=\"author\" content=\"GP\" \/>\n<meta name=\"twitter:card\" content=\"summary_large_image\" \/>\n<meta name=\"twitter:label1\" content=\"Escrito por\" \/>\n\t<meta name=\"twitter:data1\" content=\"GP\" \/>\n\t<meta name=\"twitter:label2\" content=\"Est. tempo de leitura\" \/>\n\t<meta name=\"twitter:data2\" content=\"3 minutos\" \/>\n<script type=\"application\/ld+json\" class=\"yoast-schema-graph\">{\"@context\":\"https:\/\/schema.org\",\"@graph\":[{\"@type\":\"WebPage\",\"@id\":\"https:\/\/gazetapernambucana.com\/?p=978\",\"url\":\"https:\/\/gazetapernambucana.com\/?p=978\",\"name\":\"Assustado com os EUA, Barroso decide retomar regula\u00e7\u00e3o das redes sociais -\",\"isPartOf\":{\"@id\":\"https:\/\/gazetapernambucana.com\/#website\"},\"primaryImageOfPage\":{\"@id\":\"https:\/\/gazetapernambucana.com\/?p=978#primaryimage\"},\"image\":{\"@id\":\"https:\/\/gazetapernambucana.com\/?p=978#primaryimage\"},\"thumbnailUrl\":\"https:\/\/gazetapernambucana.com\/wp-content\/uploads\/2025\/05\/53218358323_3cc3bcd993_o-1.jpg\",\"datePublished\":\"2025-05-30T20:33:42+00:00\",\"author\":{\"@id\":\"https:\/\/gazetapernambucana.com\/#\/schema\/person\/188dc283325181ac2de4db1e9e987427\"},\"breadcrumb\":{\"@id\":\"https:\/\/gazetapernambucana.com\/?p=978#breadcrumb\"},\"inLanguage\":\"pt-BR\",\"potentialAction\":[{\"@type\":\"ReadAction\",\"target\":[\"https:\/\/gazetapernambucana.com\/?p=978\"]}]},{\"@type\":\"ImageObject\",\"inLanguage\":\"pt-BR\",\"@id\":\"https:\/\/gazetapernambucana.com\/?p=978#primaryimage\",\"url\":\"https:\/\/gazetapernambucana.com\/wp-content\/uploads\/2025\/05\/53218358323_3cc3bcd993_o-1.jpg\",\"contentUrl\":\"https:\/\/gazetapernambucana.com\/wp-content\/uploads\/2025\/05\/53218358323_3cc3bcd993_o-1.jpg\",\"width\":1200,\"height\":800},{\"@type\":\"BreadcrumbList\",\"@id\":\"https:\/\/gazetapernambucana.com\/?p=978#breadcrumb\",\"itemListElement\":[{\"@type\":\"ListItem\",\"position\":1,\"name\":\"In\u00edcio\",\"item\":\"https:\/\/gazetapernambucana.com\/\"},{\"@type\":\"ListItem\",\"position\":2,\"name\":\"Assustado com os EUA, Barroso decide retomar regula\u00e7\u00e3o das redes sociais\"}]},{\"@type\":\"WebSite\",\"@id\":\"https:\/\/gazetapernambucana.com\/#website\",\"url\":\"https:\/\/gazetapernambucana.com\/\",\"name\":\"\",\"description\":\"\",\"potentialAction\":[{\"@type\":\"SearchAction\",\"target\":{\"@type\":\"EntryPoint\",\"urlTemplate\":\"https:\/\/gazetapernambucana.com\/?s={search_term_string}\"},\"query-input\":{\"@type\":\"PropertyValueSpecification\",\"valueRequired\":true,\"valueName\":\"search_term_string\"}}],\"inLanguage\":\"pt-BR\"},{\"@type\":\"Person\",\"@id\":\"https:\/\/gazetapernambucana.com\/#\/schema\/person\/188dc283325181ac2de4db1e9e987427\",\"name\":\"GP\",\"image\":{\"@type\":\"ImageObject\",\"inLanguage\":\"pt-BR\",\"@id\":\"https:\/\/gazetapernambucana.com\/#\/schema\/person\/image\/\",\"url\":\"https:\/\/secure.gravatar.com\/avatar\/9dad78ff9a2d8b5742d11779f8a3f53b052320c550b2e1907882353c067bb111?s=96&d=mm&r=g\",\"contentUrl\":\"https:\/\/secure.gravatar.com\/avatar\/9dad78ff9a2d8b5742d11779f8a3f53b052320c550b2e1907882353c067bb111?s=96&d=mm&r=g\",\"caption\":\"GP\"},\"sameAs\":[\"http:\/\/gazetapernambucana.com\"],\"url\":\"https:\/\/gazetapernambucana.com\/?author=1\"}]}<\/script>\n<!-- \/ Yoast SEO plugin. -->","yoast_head_json":{"title":"Assustado com os EUA, Barroso decide retomar regula\u00e7\u00e3o das redes sociais -","robots":{"index":"index","follow":"follow","max-snippet":"max-snippet:-1","max-image-preview":"max-image-preview:large","max-video-preview":"max-video-preview:-1"},"canonical":"https:\/\/gazetapernambucana.com\/?p=978","og_locale":"pt_BR","og_type":"article","og_title":"Assustado com os EUA, Barroso decide retomar regula\u00e7\u00e3o das redes sociais -","og_description":"Barroso vai tocar o julgamento, tentando reduzir a press\u00e3o Por Ana Paula Ramos e Hedio Ferreira Junior O presidente do Supremo Tribunal Federal (STF), ministro Lu\u00eds Roberto Barroso, marcou para a pr\u00f3xima quarta-feira (4) o julgamento do processo que discute a constitucionalidade do artigo 19 do Marco Civil da Internet \u2013 uma das principais discuss\u00f5es [&hellip;]","og_url":"https:\/\/gazetapernambucana.com\/?p=978","article_published_time":"2025-05-30T20:33:42+00:00","og_image":[{"width":1200,"height":800,"url":"https:\/\/gazetapernambucana.com\/wp-content\/uploads\/2025\/05\/53218358323_3cc3bcd993_o-1.jpg","type":"image\/jpeg"}],"author":"GP","twitter_card":"summary_large_image","twitter_misc":{"Escrito por":"GP","Est. tempo de leitura":"3 minutos"},"schema":{"@context":"https:\/\/schema.org","@graph":[{"@type":"WebPage","@id":"https:\/\/gazetapernambucana.com\/?p=978","url":"https:\/\/gazetapernambucana.com\/?p=978","name":"Assustado com os EUA, Barroso decide retomar regula\u00e7\u00e3o das redes sociais -","isPartOf":{"@id":"https:\/\/gazetapernambucana.com\/#website"},"primaryImageOfPage":{"@id":"https:\/\/gazetapernambucana.com\/?p=978#primaryimage"},"image":{"@id":"https:\/\/gazetapernambucana.com\/?p=978#primaryimage"},"thumbnailUrl":"https:\/\/gazetapernambucana.com\/wp-content\/uploads\/2025\/05\/53218358323_3cc3bcd993_o-1.jpg","datePublished":"2025-05-30T20:33:42+00:00","author":{"@id":"https:\/\/gazetapernambucana.com\/#\/schema\/person\/188dc283325181ac2de4db1e9e987427"},"breadcrumb":{"@id":"https:\/\/gazetapernambucana.com\/?p=978#breadcrumb"},"inLanguage":"pt-BR","potentialAction":[{"@type":"ReadAction","target":["https:\/\/gazetapernambucana.com\/?p=978"]}]},{"@type":"ImageObject","inLanguage":"pt-BR","@id":"https:\/\/gazetapernambucana.com\/?p=978#primaryimage","url":"https:\/\/gazetapernambucana.com\/wp-content\/uploads\/2025\/05\/53218358323_3cc3bcd993_o-1.jpg","contentUrl":"https:\/\/gazetapernambucana.com\/wp-content\/uploads\/2025\/05\/53218358323_3cc3bcd993_o-1.jpg","width":1200,"height":800},{"@type":"BreadcrumbList","@id":"https:\/\/gazetapernambucana.com\/?p=978#breadcrumb","itemListElement":[{"@type":"ListItem","position":1,"name":"In\u00edcio","item":"https:\/\/gazetapernambucana.com\/"},{"@type":"ListItem","position":2,"name":"Assustado com os EUA, Barroso decide retomar regula\u00e7\u00e3o das redes sociais"}]},{"@type":"WebSite","@id":"https:\/\/gazetapernambucana.com\/#website","url":"https:\/\/gazetapernambucana.com\/","name":"","description":"","potentialAction":[{"@type":"SearchAction","target":{"@type":"EntryPoint","urlTemplate":"https:\/\/gazetapernambucana.com\/?s={search_term_string}"},"query-input":{"@type":"PropertyValueSpecification","valueRequired":true,"valueName":"search_term_string"}}],"inLanguage":"pt-BR"},{"@type":"Person","@id":"https:\/\/gazetapernambucana.com\/#\/schema\/person\/188dc283325181ac2de4db1e9e987427","name":"GP","image":{"@type":"ImageObject","inLanguage":"pt-BR","@id":"https:\/\/gazetapernambucana.com\/#\/schema\/person\/image\/","url":"https:\/\/secure.gravatar.com\/avatar\/9dad78ff9a2d8b5742d11779f8a3f53b052320c550b2e1907882353c067bb111?s=96&d=mm&r=g","contentUrl":"https:\/\/secure.gravatar.com\/avatar\/9dad78ff9a2d8b5742d11779f8a3f53b052320c550b2e1907882353c067bb111?s=96&d=mm&r=g","caption":"GP"},"sameAs":["http:\/\/gazetapernambucana.com"],"url":"https:\/\/gazetapernambucana.com\/?author=1"}]}},"jetpack_publicize_connections":[],"_links":{"self":[{"href":"https:\/\/gazetapernambucana.com\/index.php?rest_route=\/wp\/v2\/posts\/978","targetHints":{"allow":["GET"]}}],"collection":[{"href":"https:\/\/gazetapernambucana.com\/index.php?rest_route=\/wp\/v2\/posts"}],"about":[{"href":"https:\/\/gazetapernambucana.com\/index.php?rest_route=\/wp\/v2\/types\/post"}],"author":[{"embeddable":true,"href":"https:\/\/gazetapernambucana.com\/index.php?rest_route=\/wp\/v2\/users\/1"}],"replies":[{"embeddable":true,"href":"https:\/\/gazetapernambucana.com\/index.php?rest_route=%2Fwp%2Fv2%2Fcomments&post=978"}],"version-history":[{"count":1,"href":"https:\/\/gazetapernambucana.com\/index.php?rest_route=\/wp\/v2\/posts\/978\/revisions"}],"predecessor-version":[{"id":980,"href":"https:\/\/gazetapernambucana.com\/index.php?rest_route=\/wp\/v2\/posts\/978\/revisions\/980"}],"wp:featuredmedia":[{"embeddable":true,"href":"https:\/\/gazetapernambucana.com\/index.php?rest_route=\/wp\/v2\/media\/979"}],"wp:attachment":[{"href":"https:\/\/gazetapernambucana.com\/index.php?rest_route=%2Fwp%2Fv2%2Fmedia&parent=978"}],"wp:term":[{"taxonomy":"category","embeddable":true,"href":"https:\/\/gazetapernambucana.com\/index.php?rest_route=%2Fwp%2Fv2%2Fcategories&post=978"},{"taxonomy":"post_tag","embeddable":true,"href":"https:\/\/gazetapernambucana.com\/index.php?rest_route=%2Fwp%2Fv2%2Ftags&post=978"}],"curies":[{"name":"wp","href":"https:\/\/api.w.org\/{rel}","templated":true}]}}