{"id":925,"date":"2025-05-29T21:42:07","date_gmt":"2025-05-30T00:42:07","guid":{"rendered":"https:\/\/gazetapernambucana.com\/?p=925"},"modified":"2025-05-29T21:42:07","modified_gmt":"2025-05-30T00:42:07","slug":"dama-do-trafico-que-visitou-ministerio-e-presa-apos-cinco-meses-foragida","status":"publish","type":"post","link":"https:\/\/gazetapernambucana.com\/?p=925","title":{"rendered":"\u2018Dama do tr\u00e1fico\u2019 que visitou minist\u00e9rio \u00e9 presa ap\u00f3s cinco meses foragida"},"content":{"rendered":"<header class=\"entry-header\">\n<div class=\"entry-meta\"><\/div>\n<\/header>\n<div class=\"entry-content\">\n<p><img loading=\"lazy\" decoding=\"async\" class=\"moz-reader-block-img\" src=\"https:\/\/veja.abril.com.br\/wp-content\/uploads\/2023\/11\/dama-do-trafico.jpg?quality=70&amp;strip=info&amp;w=900&amp;h=600&amp;crop=1\" alt=\"Luciane Barbosa Farias, a &quot;dama do tr\u00e1fico amazonense&quot;, participou de eventos nos Minist\u00e9rios da Justi\u00e7a e Direitos Humanos\" width=\"670\" height=\"446\" \/><\/p>\n<p>Condenada a cumprir 10 anos de pris\u00e3o no regime inicial fechado por associa\u00e7\u00e3o para o tr\u00e1fico, organiza\u00e7\u00e3o criminosa e lavagem de dinheiro, Luciane Barbosa Farias, conhecida nacionalmente como \u201cDama do Tr\u00e1fico\u201d, foi presa nesta quarta-feira, na Zona Norte de Manaus, depois de permanecer foragida das autoridades p\u00fablicas do estado por cinco meses. Os recursos judiciais para evitar a pris\u00e3o foram todos negados, inclusive, em inst\u00e2ncias superiores.<\/p>\n<p>No fim de 2023, a mulher do traficante Clemilson dos Santos Farias, conhecido por \u201cTio Patinhas\u201d, chefe da fac\u00e7\u00e3o criminosa Comando Vermelho (CV) no Amazonas, ficou conhecida nacionalmente ap\u00f3s reportagens do jornal \u201cO Estado de S. Paulo\u201d revelar que ela esteve no Minist\u00e9rio da Justi\u00e7a e tirou fotos com funcion\u00e1rios da pasta at\u00e9 ent\u00e3o comandada por Fl\u00e1vio Dino, hoje ministro do Supremo Tribunal Federal (STF).\u00a0 Ela tamb\u00e9m participou de evento no Minist\u00e9rio dos Direitos Humanos, \u00e0 \u00e9poca chefiado por Silvio Almeida.<\/p>\n<p>Naquela ocasi\u00e3o, a criminosa se apresentava como integrante do Instituto Liberdade do Amazonas, que atua em defesa dos direitos humanos de presos. A condena\u00e7\u00e3o da \u201cDama do Tr\u00e1fico\u201d ocorreu em janeiro deste ano. De acordo com os autos, a mulher ajudou o marido a lavar dinheiro oriundo do tr\u00e1fico de drogas e, por isso, foi enquadrada por organiza\u00e7\u00e3o criminosa.<\/p>\n<p><img loading=\"lazy\" decoding=\"async\" class=\"moz-reader-block-img\" title=\"Dama do Tr\u00e1fico\" src=\"https:\/\/veja.abril.com.br\/wp-content\/uploads\/2025\/05\/dama-3.png?w=650&amp;quality=70\" alt=\"Mandado de pris\u00e3o para Dama do Tr\u00e1fico, que ficou foragida por cinco meses\" width=\"601\" height=\"233\" data-restrict=\"false\" data-portal-copyright=\"CNJ\" data-image-caption=\"Mandado de pris\u00e3o para Dama do Tr\u00e1fico, que ficou foragida por cinco meses\" data-image-title=\"\" data-image-source=\"Reprodu\u00e7\u00e3o\" \/><\/p>\n<p>Quando a presen\u00e7a da \u201cDama do Tr\u00e1fico\u201d foi identificada no Minist\u00e9rio da Justi\u00e7a em reuni\u00f5es, a pasta do governo Luiz In\u00e1cio Lula da Silva afirmou que a mulher acompanhava as reuni\u00f5es por fazer parte da comitiva do instituto do Amazonas. Eles disseram ainda que era imposs\u00edvel detectar de forma antecipada que a esposa do traficante estaria no local.<\/p>\n<p>A presen\u00e7a da agora condenada causou constrangimento ao governo petista. Para evitar situa\u00e7\u00f5es como essa, o governo editou novas regras para entrada no Pal\u00e1cio da Justi\u00e7a, que fica nas proximidades da Pra\u00e7a dos Tr\u00eas Poderes, para dificultar acesso de criminosos ao local. Hoje, por exemplo, o nome da pessoa que pretende entrar no local \u00e9 checado de maneira mais rigorosa.<\/p>\n<\/div>\n","protected":false},"excerpt":{"rendered":"<p>Condenada a cumprir 10 anos de pris\u00e3o no regime inicial fechado por associa\u00e7\u00e3o para o tr\u00e1fico, organiza\u00e7\u00e3o criminosa e lavagem de dinheiro, Luciane Barbosa Farias, conhecida nacionalmente como \u201cDama do Tr\u00e1fico\u201d, foi presa nesta quarta-feira, na Zona Norte de Manaus, depois de permanecer foragida das autoridades p\u00fablicas do estado por cinco meses. Os recursos judiciais [&hellip;]<\/p>\n","protected":false},"author":1,"featured_media":926,"comment_status":"open","ping_status":"open","sticky":false,"template":"","format":"standard","meta":{"footnotes":"","jetpack_publicize_message":"","jetpack_publicize_feature_enabled":true,"jetpack_social_post_already_shared":false,"jetpack_social_options":{"image_generator_settings":{"template":"highway","default_image_id":0,"font":"","enabled":false},"version":2}},"categories":[37],"tags":[],"class_list":["post-925","post","type-post","status-publish","format-standard","has-post-thumbnail","hentry","category-https-gazetapernambucana-com-page_id212"],"yoast_head":"<!-- This site is optimized with the Yoast SEO plugin v24.5 - https:\/\/yoast.com\/wordpress\/plugins\/seo\/ -->\n<title>\u2018Dama do tr\u00e1fico\u2019 que visitou minist\u00e9rio \u00e9 presa ap\u00f3s cinco meses foragida -<\/title>\n<meta name=\"robots\" content=\"index, follow, max-snippet:-1, max-image-preview:large, max-video-preview:-1\" \/>\n<link rel=\"canonical\" href=\"https:\/\/gazetapernambucana.com\/?p=925\" \/>\n<meta property=\"og:locale\" content=\"pt_BR\" \/>\n<meta property=\"og:type\" content=\"article\" \/>\n<meta property=\"og:title\" content=\"\u2018Dama do tr\u00e1fico\u2019 que visitou minist\u00e9rio \u00e9 presa ap\u00f3s cinco meses foragida -\" \/>\n<meta property=\"og:description\" content=\"Condenada a cumprir 10 anos de pris\u00e3o no regime inicial fechado por associa\u00e7\u00e3o para o tr\u00e1fico, organiza\u00e7\u00e3o criminosa e lavagem de dinheiro, Luciane Barbosa Farias, conhecida nacionalmente como \u201cDama do Tr\u00e1fico\u201d, foi presa nesta quarta-feira, na Zona Norte de Manaus, depois de permanecer foragida das autoridades p\u00fablicas do estado por cinco meses. Os recursos judiciais [&hellip;]\" \/>\n<meta property=\"og:url\" content=\"https:\/\/gazetapernambucana.com\/?p=925\" \/>\n<meta property=\"article:published_time\" content=\"2025-05-30T00:42:07+00:00\" \/>\n<meta property=\"og:image\" content=\"https:\/\/gazetapernambucana.com\/wp-content\/uploads\/2025\/05\/dama-do-trafico.webp\" \/>\n\t<meta property=\"og:image:width\" content=\"900\" \/>\n\t<meta property=\"og:image:height\" content=\"600\" \/>\n\t<meta property=\"og:image:type\" content=\"image\/webp\" \/>\n<meta name=\"author\" content=\"GP\" \/>\n<meta name=\"twitter:card\" content=\"summary_large_image\" \/>\n<meta name=\"twitter:label1\" content=\"Escrito por\" \/>\n\t<meta name=\"twitter:data1\" content=\"GP\" \/>\n\t<meta name=\"twitter:label2\" content=\"Est. tempo de leitura\" \/>\n\t<meta name=\"twitter:data2\" content=\"3 minutos\" \/>\n<script type=\"application\/ld+json\" class=\"yoast-schema-graph\">{\"@context\":\"https:\/\/schema.org\",\"@graph\":[{\"@type\":\"WebPage\",\"@id\":\"https:\/\/gazetapernambucana.com\/?p=925\",\"url\":\"https:\/\/gazetapernambucana.com\/?p=925\",\"name\":\"\u2018Dama do tr\u00e1fico\u2019 que visitou minist\u00e9rio \u00e9 presa ap\u00f3s cinco meses foragida -\",\"isPartOf\":{\"@id\":\"https:\/\/gazetapernambucana.com\/#website\"},\"primaryImageOfPage\":{\"@id\":\"https:\/\/gazetapernambucana.com\/?p=925#primaryimage\"},\"image\":{\"@id\":\"https:\/\/gazetapernambucana.com\/?p=925#primaryimage\"},\"thumbnailUrl\":\"https:\/\/gazetapernambucana.com\/wp-content\/uploads\/2025\/05\/dama-do-trafico.webp\",\"datePublished\":\"2025-05-30T00:42:07+00:00\",\"author\":{\"@id\":\"https:\/\/gazetapernambucana.com\/#\/schema\/person\/188dc283325181ac2de4db1e9e987427\"},\"breadcrumb\":{\"@id\":\"https:\/\/gazetapernambucana.com\/?p=925#breadcrumb\"},\"inLanguage\":\"pt-BR\",\"potentialAction\":[{\"@type\":\"ReadAction\",\"target\":[\"https:\/\/gazetapernambucana.com\/?p=925\"]}]},{\"@type\":\"ImageObject\",\"inLanguage\":\"pt-BR\",\"@id\":\"https:\/\/gazetapernambucana.com\/?p=925#primaryimage\",\"url\":\"https:\/\/gazetapernambucana.com\/wp-content\/uploads\/2025\/05\/dama-do-trafico.webp\",\"contentUrl\":\"https:\/\/gazetapernambucana.com\/wp-content\/uploads\/2025\/05\/dama-do-trafico.webp\",\"width\":900,\"height\":600},{\"@type\":\"BreadcrumbList\",\"@id\":\"https:\/\/gazetapernambucana.com\/?p=925#breadcrumb\",\"itemListElement\":[{\"@type\":\"ListItem\",\"position\":1,\"name\":\"In\u00edcio\",\"item\":\"https:\/\/gazetapernambucana.com\/\"},{\"@type\":\"ListItem\",\"position\":2,\"name\":\"\u2018Dama do tr\u00e1fico\u2019 que visitou minist\u00e9rio \u00e9 presa ap\u00f3s cinco meses foragida\"}]},{\"@type\":\"WebSite\",\"@id\":\"https:\/\/gazetapernambucana.com\/#website\",\"url\":\"https:\/\/gazetapernambucana.com\/\",\"name\":\"\",\"description\":\"\",\"potentialAction\":[{\"@type\":\"SearchAction\",\"target\":{\"@type\":\"EntryPoint\",\"urlTemplate\":\"https:\/\/gazetapernambucana.com\/?s={search_term_string}\"},\"query-input\":{\"@type\":\"PropertyValueSpecification\",\"valueRequired\":true,\"valueName\":\"search_term_string\"}}],\"inLanguage\":\"pt-BR\"},{\"@type\":\"Person\",\"@id\":\"https:\/\/gazetapernambucana.com\/#\/schema\/person\/188dc283325181ac2de4db1e9e987427\",\"name\":\"GP\",\"image\":{\"@type\":\"ImageObject\",\"inLanguage\":\"pt-BR\",\"@id\":\"https:\/\/gazetapernambucana.com\/#\/schema\/person\/image\/\",\"url\":\"https:\/\/secure.gravatar.com\/avatar\/9dad78ff9a2d8b5742d11779f8a3f53b052320c550b2e1907882353c067bb111?s=96&d=mm&r=g\",\"contentUrl\":\"https:\/\/secure.gravatar.com\/avatar\/9dad78ff9a2d8b5742d11779f8a3f53b052320c550b2e1907882353c067bb111?s=96&d=mm&r=g\",\"caption\":\"GP\"},\"sameAs\":[\"http:\/\/gazetapernambucana.com\"],\"url\":\"https:\/\/gazetapernambucana.com\/?author=1\"}]}<\/script>\n<!-- \/ Yoast SEO plugin. -->","yoast_head_json":{"title":"\u2018Dama do tr\u00e1fico\u2019 que visitou minist\u00e9rio \u00e9 presa ap\u00f3s cinco meses foragida -","robots":{"index":"index","follow":"follow","max-snippet":"max-snippet:-1","max-image-preview":"max-image-preview:large","max-video-preview":"max-video-preview:-1"},"canonical":"https:\/\/gazetapernambucana.com\/?p=925","og_locale":"pt_BR","og_type":"article","og_title":"\u2018Dama do tr\u00e1fico\u2019 que visitou minist\u00e9rio \u00e9 presa ap\u00f3s cinco meses foragida -","og_description":"Condenada a cumprir 10 anos de pris\u00e3o no regime inicial fechado por associa\u00e7\u00e3o para o tr\u00e1fico, organiza\u00e7\u00e3o criminosa e lavagem de dinheiro, Luciane Barbosa Farias, conhecida nacionalmente como \u201cDama do Tr\u00e1fico\u201d, foi presa nesta quarta-feira, na Zona Norte de Manaus, depois de permanecer foragida das autoridades p\u00fablicas do estado por cinco meses. Os recursos judiciais [&hellip;]","og_url":"https:\/\/gazetapernambucana.com\/?p=925","article_published_time":"2025-05-30T00:42:07+00:00","og_image":[{"width":900,"height":600,"url":"https:\/\/gazetapernambucana.com\/wp-content\/uploads\/2025\/05\/dama-do-trafico.webp","type":"image\/webp"}],"author":"GP","twitter_card":"summary_large_image","twitter_misc":{"Escrito por":"GP","Est. tempo de leitura":"3 minutos"},"schema":{"@context":"https:\/\/schema.org","@graph":[{"@type":"WebPage","@id":"https:\/\/gazetapernambucana.com\/?p=925","url":"https:\/\/gazetapernambucana.com\/?p=925","name":"\u2018Dama do tr\u00e1fico\u2019 que visitou minist\u00e9rio \u00e9 presa ap\u00f3s cinco meses foragida -","isPartOf":{"@id":"https:\/\/gazetapernambucana.com\/#website"},"primaryImageOfPage":{"@id":"https:\/\/gazetapernambucana.com\/?p=925#primaryimage"},"image":{"@id":"https:\/\/gazetapernambucana.com\/?p=925#primaryimage"},"thumbnailUrl":"https:\/\/gazetapernambucana.com\/wp-content\/uploads\/2025\/05\/dama-do-trafico.webp","datePublished":"2025-05-30T00:42:07+00:00","author":{"@id":"https:\/\/gazetapernambucana.com\/#\/schema\/person\/188dc283325181ac2de4db1e9e987427"},"breadcrumb":{"@id":"https:\/\/gazetapernambucana.com\/?p=925#breadcrumb"},"inLanguage":"pt-BR","potentialAction":[{"@type":"ReadAction","target":["https:\/\/gazetapernambucana.com\/?p=925"]}]},{"@type":"ImageObject","inLanguage":"pt-BR","@id":"https:\/\/gazetapernambucana.com\/?p=925#primaryimage","url":"https:\/\/gazetapernambucana.com\/wp-content\/uploads\/2025\/05\/dama-do-trafico.webp","contentUrl":"https:\/\/gazetapernambucana.com\/wp-content\/uploads\/2025\/05\/dama-do-trafico.webp","width":900,"height":600},{"@type":"BreadcrumbList","@id":"https:\/\/gazetapernambucana.com\/?p=925#breadcrumb","itemListElement":[{"@type":"ListItem","position":1,"name":"In\u00edcio","item":"https:\/\/gazetapernambucana.com\/"},{"@type":"ListItem","position":2,"name":"\u2018Dama do tr\u00e1fico\u2019 que visitou minist\u00e9rio \u00e9 presa ap\u00f3s cinco meses foragida"}]},{"@type":"WebSite","@id":"https:\/\/gazetapernambucana.com\/#website","url":"https:\/\/gazetapernambucana.com\/","name":"","description":"","potentialAction":[{"@type":"SearchAction","target":{"@type":"EntryPoint","urlTemplate":"https:\/\/gazetapernambucana.com\/?s={search_term_string}"},"query-input":{"@type":"PropertyValueSpecification","valueRequired":true,"valueName":"search_term_string"}}],"inLanguage":"pt-BR"},{"@type":"Person","@id":"https:\/\/gazetapernambucana.com\/#\/schema\/person\/188dc283325181ac2de4db1e9e987427","name":"GP","image":{"@type":"ImageObject","inLanguage":"pt-BR","@id":"https:\/\/gazetapernambucana.com\/#\/schema\/person\/image\/","url":"https:\/\/secure.gravatar.com\/avatar\/9dad78ff9a2d8b5742d11779f8a3f53b052320c550b2e1907882353c067bb111?s=96&d=mm&r=g","contentUrl":"https:\/\/secure.gravatar.com\/avatar\/9dad78ff9a2d8b5742d11779f8a3f53b052320c550b2e1907882353c067bb111?s=96&d=mm&r=g","caption":"GP"},"sameAs":["http:\/\/gazetapernambucana.com"],"url":"https:\/\/gazetapernambucana.com\/?author=1"}]}},"jetpack_publicize_connections":[],"_links":{"self":[{"href":"https:\/\/gazetapernambucana.com\/index.php?rest_route=\/wp\/v2\/posts\/925","targetHints":{"allow":["GET"]}}],"collection":[{"href":"https:\/\/gazetapernambucana.com\/index.php?rest_route=\/wp\/v2\/posts"}],"about":[{"href":"https:\/\/gazetapernambucana.com\/index.php?rest_route=\/wp\/v2\/types\/post"}],"author":[{"embeddable":true,"href":"https:\/\/gazetapernambucana.com\/index.php?rest_route=\/wp\/v2\/users\/1"}],"replies":[{"embeddable":true,"href":"https:\/\/gazetapernambucana.com\/index.php?rest_route=%2Fwp%2Fv2%2Fcomments&post=925"}],"version-history":[{"count":1,"href":"https:\/\/gazetapernambucana.com\/index.php?rest_route=\/wp\/v2\/posts\/925\/revisions"}],"predecessor-version":[{"id":927,"href":"https:\/\/gazetapernambucana.com\/index.php?rest_route=\/wp\/v2\/posts\/925\/revisions\/927"}],"wp:featuredmedia":[{"embeddable":true,"href":"https:\/\/gazetapernambucana.com\/index.php?rest_route=\/wp\/v2\/media\/926"}],"wp:attachment":[{"href":"https:\/\/gazetapernambucana.com\/index.php?rest_route=%2Fwp%2Fv2%2Fmedia&parent=925"}],"wp:term":[{"taxonomy":"category","embeddable":true,"href":"https:\/\/gazetapernambucana.com\/index.php?rest_route=%2Fwp%2Fv2%2Fcategories&post=925"},{"taxonomy":"post_tag","embeddable":true,"href":"https:\/\/gazetapernambucana.com\/index.php?rest_route=%2Fwp%2Fv2%2Ftags&post=925"}],"curies":[{"name":"wp","href":"https:\/\/api.w.org\/{rel}","templated":true}]}}