{"id":901,"date":"2025-05-29T21:20:22","date_gmt":"2025-05-30T00:20:22","guid":{"rendered":"https:\/\/gazetapernambucana.com\/?p=901"},"modified":"2025-05-29T21:20:22","modified_gmt":"2025-05-30T00:20:22","slug":"caruaru-celebra-melhor-abril-da-historia-na-geracao-de-empregos","status":"publish","type":"post","link":"https:\/\/gazetapernambucana.com\/?p=901","title":{"rendered":"Caruaru celebra melhor abril da hist\u00f3ria na gera\u00e7\u00e3o de empregos"},"content":{"rendered":"<div class=\"post_title\"><\/div>\n<div class=\"b-author mb-3\">\n<div class=\"b-info\"><\/div>\n<\/div>\n<div class=\"entry\">\n<figure class=\"wp-block-image size-large\"><img loading=\"lazy\" decoding=\"async\" class=\"wp-image-149043\" src=\"https:\/\/blogcenario.com.br\/wp-content\/uploads\/2025\/05\/IMG_6569-1024x683.jpeg\" sizes=\"auto, (max-width: 1024px) 100vw, 1024px\" srcset=\"https:\/\/blogcenario.com.br\/wp-content\/uploads\/2025\/05\/IMG_6569-1024x683.jpeg 1024w, https:\/\/blogcenario.com.br\/wp-content\/uploads\/2025\/05\/IMG_6569-300x200.jpeg 300w, https:\/\/blogcenario.com.br\/wp-content\/uploads\/2025\/05\/IMG_6569-768x512.jpeg 768w, https:\/\/blogcenario.com.br\/wp-content\/uploads\/2025\/05\/IMG_6569-220x147.jpeg 220w, https:\/\/blogcenario.com.br\/wp-content\/uploads\/2025\/05\/IMG_6569.jpeg 1536w\" alt=\"\" width=\"1024\" height=\"683\" \/><figcaption class=\"wp-element-caption\">Foto: Jorge Farias<\/figcaption><\/figure>\n<p>A Prefeitura de Caruaru, por meio da Secretaria de Desenvolvimento Econ\u00f4mico, Turismo, Tecnologia e Economia Criativa, celebra os resultados positivos na gera\u00e7\u00e3o de empregos formais no munic\u00edpio. Segundo dados do Novo Caged, o munic\u00edpio registrou, no m\u00eas de abril, a cria\u00e7\u00e3o de 846 novos postos de trabalho com carteira assinada, o melhor desempenho para o m\u00eas em toda a s\u00e9rie hist\u00f3rica. O setor do com\u00e9rcio foi o principal respons\u00e1vel pelo resultado, com 261 novas contrata\u00e7\u00f5es, reflexo da movimenta\u00e7\u00e3o econ\u00f4mica provocada pela proximidade do per\u00edodo junino.<\/p>\n<p>Outros setores tamb\u00e9m contribu\u00edram de forma significativa: foram 253 vagas criadas em servi\u00e7os, 178 na ind\u00fastria e 163 na constru\u00e7\u00e3o civil. Com esse desempenho, Caruaru se consolida como a maior geradora de empregos do interior de Pernambuco em 2025, alcan\u00e7ando um saldo de 1.534 novas vagas formais entre janeiro e abril.<\/p>\n<p>A juventude tamb\u00e9m tem ocupado espa\u00e7o relevante nesse cen\u00e1rio. Somente em abril, 81 vagas foram preenchidas por jovens com at\u00e9 17 anos, enquanto a faixa et\u00e1ria entre 18 e 24 anos liderou as admiss\u00f5es, com 367 novas contrata\u00e7\u00f5es.<\/p>\n<p>Para o secret\u00e1rio de Desenvolvimento Econ\u00f4mico, Turismo, Tecnologia e Economia Criativa, Jaime Anselmo, os n\u00fameros refletem o planejamento estrat\u00e9gico da gest\u00e3o e seu compromisso com o desenvolvimento sustent\u00e1vel da cidade.<\/p>\n<p>\u201c<em>Os resultados obtidos em abril s\u00e3o fruto de um conjunto de a\u00e7\u00f5es integradas que priorizam o incentivo ao empreendedorismo, a qualifica\u00e7\u00e3o profissional e o est\u00edmulo \u00e0 economia criativa. A cada nova divulga\u00e7\u00e3o dos dados do Caged, temos a confirma\u00e7\u00e3o de que as pol\u00edticas implementadas pela gest\u00e3o do prefeito Rodrigo Pinheiro est\u00e3o no caminho certo, promovendo n\u00e3o apenas o crescimento econ\u00f4mico, mas tamb\u00e9m a inclus\u00e3o social por meio do emprego e da renda<\/em>\u201d, afirmou o secret\u00e1rio.<\/p>\n<\/div>\n","protected":false},"excerpt":{"rendered":"<p>Foto: Jorge Farias A Prefeitura de Caruaru, por meio da Secretaria de Desenvolvimento Econ\u00f4mico, Turismo, Tecnologia e Economia Criativa, celebra os resultados positivos na gera\u00e7\u00e3o de empregos formais no munic\u00edpio. Segundo dados do Novo Caged, o munic\u00edpio registrou, no m\u00eas de abril, a cria\u00e7\u00e3o de 846 novos postos de trabalho com carteira assinada, o melhor [&hellip;]<\/p>\n","protected":false},"author":1,"featured_media":902,"comment_status":"open","ping_status":"open","sticky":false,"template":"","format":"standard","meta":{"footnotes":"","jetpack_publicize_message":"","jetpack_publicize_feature_enabled":true,"jetpack_social_post_already_shared":false,"jetpack_social_options":{"image_generator_settings":{"template":"highway","default_image_id":0,"font":"","enabled":false},"version":2}},"categories":[66],"tags":[],"class_list":["post-901","post","type-post","status-publish","format-standard","has-post-thumbnail","hentry","category-cidades"],"yoast_head":"<!-- This site is optimized with the Yoast SEO plugin v24.5 - https:\/\/yoast.com\/wordpress\/plugins\/seo\/ -->\n<title>Caruaru celebra melhor abril da hist\u00f3ria na gera\u00e7\u00e3o de empregos -<\/title>\n<meta name=\"robots\" content=\"index, follow, max-snippet:-1, max-image-preview:large, max-video-preview:-1\" \/>\n<link rel=\"canonical\" href=\"https:\/\/gazetapernambucana.com\/?p=901\" \/>\n<meta property=\"og:locale\" content=\"pt_BR\" \/>\n<meta property=\"og:type\" content=\"article\" \/>\n<meta property=\"og:title\" content=\"Caruaru celebra melhor abril da hist\u00f3ria na gera\u00e7\u00e3o de empregos -\" \/>\n<meta property=\"og:description\" content=\"Foto: Jorge Farias A Prefeitura de Caruaru, por meio da Secretaria de Desenvolvimento Econ\u00f4mico, Turismo, Tecnologia e Economia Criativa, celebra os resultados positivos na gera\u00e7\u00e3o de empregos formais no munic\u00edpio. Segundo dados do Novo Caged, o munic\u00edpio registrou, no m\u00eas de abril, a cria\u00e7\u00e3o de 846 novos postos de trabalho com carteira assinada, o melhor [&hellip;]\" \/>\n<meta property=\"og:url\" content=\"https:\/\/gazetapernambucana.com\/?p=901\" \/>\n<meta property=\"article:published_time\" content=\"2025-05-30T00:20:22+00:00\" \/>\n<meta property=\"og:image\" content=\"https:\/\/gazetapernambucana.com\/wp-content\/uploads\/2025\/05\/IMG_6569.jpeg\" \/>\n\t<meta property=\"og:image:width\" content=\"1536\" \/>\n\t<meta property=\"og:image:height\" content=\"1024\" \/>\n\t<meta property=\"og:image:type\" content=\"image\/jpeg\" \/>\n<meta name=\"author\" content=\"GP\" \/>\n<meta name=\"twitter:card\" content=\"summary_large_image\" \/>\n<meta name=\"twitter:label1\" content=\"Escrito por\" \/>\n\t<meta name=\"twitter:data1\" content=\"GP\" \/>\n\t<meta name=\"twitter:label2\" content=\"Est. tempo de leitura\" \/>\n\t<meta name=\"twitter:data2\" content=\"2 minutos\" \/>\n<script type=\"application\/ld+json\" class=\"yoast-schema-graph\">{\"@context\":\"https:\/\/schema.org\",\"@graph\":[{\"@type\":\"WebPage\",\"@id\":\"https:\/\/gazetapernambucana.com\/?p=901\",\"url\":\"https:\/\/gazetapernambucana.com\/?p=901\",\"name\":\"Caruaru celebra melhor abril da hist\u00f3ria na gera\u00e7\u00e3o de empregos -\",\"isPartOf\":{\"@id\":\"https:\/\/gazetapernambucana.com\/#website\"},\"primaryImageOfPage\":{\"@id\":\"https:\/\/gazetapernambucana.com\/?p=901#primaryimage\"},\"image\":{\"@id\":\"https:\/\/gazetapernambucana.com\/?p=901#primaryimage\"},\"thumbnailUrl\":\"https:\/\/gazetapernambucana.com\/wp-content\/uploads\/2025\/05\/IMG_6569.jpeg\",\"datePublished\":\"2025-05-30T00:20:22+00:00\",\"author\":{\"@id\":\"https:\/\/gazetapernambucana.com\/#\/schema\/person\/188dc283325181ac2de4db1e9e987427\"},\"breadcrumb\":{\"@id\":\"https:\/\/gazetapernambucana.com\/?p=901#breadcrumb\"},\"inLanguage\":\"pt-BR\",\"potentialAction\":[{\"@type\":\"ReadAction\",\"target\":[\"https:\/\/gazetapernambucana.com\/?p=901\"]}]},{\"@type\":\"ImageObject\",\"inLanguage\":\"pt-BR\",\"@id\":\"https:\/\/gazetapernambucana.com\/?p=901#primaryimage\",\"url\":\"https:\/\/gazetapernambucana.com\/wp-content\/uploads\/2025\/05\/IMG_6569.jpeg\",\"contentUrl\":\"https:\/\/gazetapernambucana.com\/wp-content\/uploads\/2025\/05\/IMG_6569.jpeg\",\"width\":1536,\"height\":1024},{\"@type\":\"BreadcrumbList\",\"@id\":\"https:\/\/gazetapernambucana.com\/?p=901#breadcrumb\",\"itemListElement\":[{\"@type\":\"ListItem\",\"position\":1,\"name\":\"In\u00edcio\",\"item\":\"https:\/\/gazetapernambucana.com\/\"},{\"@type\":\"ListItem\",\"position\":2,\"name\":\"Caruaru celebra melhor abril da hist\u00f3ria na gera\u00e7\u00e3o de empregos\"}]},{\"@type\":\"WebSite\",\"@id\":\"https:\/\/gazetapernambucana.com\/#website\",\"url\":\"https:\/\/gazetapernambucana.com\/\",\"name\":\"\",\"description\":\"\",\"potentialAction\":[{\"@type\":\"SearchAction\",\"target\":{\"@type\":\"EntryPoint\",\"urlTemplate\":\"https:\/\/gazetapernambucana.com\/?s={search_term_string}\"},\"query-input\":{\"@type\":\"PropertyValueSpecification\",\"valueRequired\":true,\"valueName\":\"search_term_string\"}}],\"inLanguage\":\"pt-BR\"},{\"@type\":\"Person\",\"@id\":\"https:\/\/gazetapernambucana.com\/#\/schema\/person\/188dc283325181ac2de4db1e9e987427\",\"name\":\"GP\",\"image\":{\"@type\":\"ImageObject\",\"inLanguage\":\"pt-BR\",\"@id\":\"https:\/\/gazetapernambucana.com\/#\/schema\/person\/image\/\",\"url\":\"https:\/\/secure.gravatar.com\/avatar\/9dad78ff9a2d8b5742d11779f8a3f53b052320c550b2e1907882353c067bb111?s=96&d=mm&r=g\",\"contentUrl\":\"https:\/\/secure.gravatar.com\/avatar\/9dad78ff9a2d8b5742d11779f8a3f53b052320c550b2e1907882353c067bb111?s=96&d=mm&r=g\",\"caption\":\"GP\"},\"sameAs\":[\"http:\/\/gazetapernambucana.com\"],\"url\":\"https:\/\/gazetapernambucana.com\/?author=1\"}]}<\/script>\n<!-- \/ Yoast SEO plugin. -->","yoast_head_json":{"title":"Caruaru celebra melhor abril da hist\u00f3ria na gera\u00e7\u00e3o de empregos -","robots":{"index":"index","follow":"follow","max-snippet":"max-snippet:-1","max-image-preview":"max-image-preview:large","max-video-preview":"max-video-preview:-1"},"canonical":"https:\/\/gazetapernambucana.com\/?p=901","og_locale":"pt_BR","og_type":"article","og_title":"Caruaru celebra melhor abril da hist\u00f3ria na gera\u00e7\u00e3o de empregos -","og_description":"Foto: Jorge Farias A Prefeitura de Caruaru, por meio da Secretaria de Desenvolvimento Econ\u00f4mico, Turismo, Tecnologia e Economia Criativa, celebra os resultados positivos na gera\u00e7\u00e3o de empregos formais no munic\u00edpio. Segundo dados do Novo Caged, o munic\u00edpio registrou, no m\u00eas de abril, a cria\u00e7\u00e3o de 846 novos postos de trabalho com carteira assinada, o melhor [&hellip;]","og_url":"https:\/\/gazetapernambucana.com\/?p=901","article_published_time":"2025-05-30T00:20:22+00:00","og_image":[{"width":1536,"height":1024,"url":"https:\/\/gazetapernambucana.com\/wp-content\/uploads\/2025\/05\/IMG_6569.jpeg","type":"image\/jpeg"}],"author":"GP","twitter_card":"summary_large_image","twitter_misc":{"Escrito por":"GP","Est. tempo de leitura":"2 minutos"},"schema":{"@context":"https:\/\/schema.org","@graph":[{"@type":"WebPage","@id":"https:\/\/gazetapernambucana.com\/?p=901","url":"https:\/\/gazetapernambucana.com\/?p=901","name":"Caruaru celebra melhor abril da hist\u00f3ria na gera\u00e7\u00e3o de empregos -","isPartOf":{"@id":"https:\/\/gazetapernambucana.com\/#website"},"primaryImageOfPage":{"@id":"https:\/\/gazetapernambucana.com\/?p=901#primaryimage"},"image":{"@id":"https:\/\/gazetapernambucana.com\/?p=901#primaryimage"},"thumbnailUrl":"https:\/\/gazetapernambucana.com\/wp-content\/uploads\/2025\/05\/IMG_6569.jpeg","datePublished":"2025-05-30T00:20:22+00:00","author":{"@id":"https:\/\/gazetapernambucana.com\/#\/schema\/person\/188dc283325181ac2de4db1e9e987427"},"breadcrumb":{"@id":"https:\/\/gazetapernambucana.com\/?p=901#breadcrumb"},"inLanguage":"pt-BR","potentialAction":[{"@type":"ReadAction","target":["https:\/\/gazetapernambucana.com\/?p=901"]}]},{"@type":"ImageObject","inLanguage":"pt-BR","@id":"https:\/\/gazetapernambucana.com\/?p=901#primaryimage","url":"https:\/\/gazetapernambucana.com\/wp-content\/uploads\/2025\/05\/IMG_6569.jpeg","contentUrl":"https:\/\/gazetapernambucana.com\/wp-content\/uploads\/2025\/05\/IMG_6569.jpeg","width":1536,"height":1024},{"@type":"BreadcrumbList","@id":"https:\/\/gazetapernambucana.com\/?p=901#breadcrumb","itemListElement":[{"@type":"ListItem","position":1,"name":"In\u00edcio","item":"https:\/\/gazetapernambucana.com\/"},{"@type":"ListItem","position":2,"name":"Caruaru celebra melhor abril da hist\u00f3ria na gera\u00e7\u00e3o de empregos"}]},{"@type":"WebSite","@id":"https:\/\/gazetapernambucana.com\/#website","url":"https:\/\/gazetapernambucana.com\/","name":"","description":"","potentialAction":[{"@type":"SearchAction","target":{"@type":"EntryPoint","urlTemplate":"https:\/\/gazetapernambucana.com\/?s={search_term_string}"},"query-input":{"@type":"PropertyValueSpecification","valueRequired":true,"valueName":"search_term_string"}}],"inLanguage":"pt-BR"},{"@type":"Person","@id":"https:\/\/gazetapernambucana.com\/#\/schema\/person\/188dc283325181ac2de4db1e9e987427","name":"GP","image":{"@type":"ImageObject","inLanguage":"pt-BR","@id":"https:\/\/gazetapernambucana.com\/#\/schema\/person\/image\/","url":"https:\/\/secure.gravatar.com\/avatar\/9dad78ff9a2d8b5742d11779f8a3f53b052320c550b2e1907882353c067bb111?s=96&d=mm&r=g","contentUrl":"https:\/\/secure.gravatar.com\/avatar\/9dad78ff9a2d8b5742d11779f8a3f53b052320c550b2e1907882353c067bb111?s=96&d=mm&r=g","caption":"GP"},"sameAs":["http:\/\/gazetapernambucana.com"],"url":"https:\/\/gazetapernambucana.com\/?author=1"}]}},"jetpack_publicize_connections":[],"_links":{"self":[{"href":"https:\/\/gazetapernambucana.com\/index.php?rest_route=\/wp\/v2\/posts\/901","targetHints":{"allow":["GET"]}}],"collection":[{"href":"https:\/\/gazetapernambucana.com\/index.php?rest_route=\/wp\/v2\/posts"}],"about":[{"href":"https:\/\/gazetapernambucana.com\/index.php?rest_route=\/wp\/v2\/types\/post"}],"author":[{"embeddable":true,"href":"https:\/\/gazetapernambucana.com\/index.php?rest_route=\/wp\/v2\/users\/1"}],"replies":[{"embeddable":true,"href":"https:\/\/gazetapernambucana.com\/index.php?rest_route=%2Fwp%2Fv2%2Fcomments&post=901"}],"version-history":[{"count":1,"href":"https:\/\/gazetapernambucana.com\/index.php?rest_route=\/wp\/v2\/posts\/901\/revisions"}],"predecessor-version":[{"id":903,"href":"https:\/\/gazetapernambucana.com\/index.php?rest_route=\/wp\/v2\/posts\/901\/revisions\/903"}],"wp:featuredmedia":[{"embeddable":true,"href":"https:\/\/gazetapernambucana.com\/index.php?rest_route=\/wp\/v2\/media\/902"}],"wp:attachment":[{"href":"https:\/\/gazetapernambucana.com\/index.php?rest_route=%2Fwp%2Fv2%2Fmedia&parent=901"}],"wp:term":[{"taxonomy":"category","embeddable":true,"href":"https:\/\/gazetapernambucana.com\/index.php?rest_route=%2Fwp%2Fv2%2Fcategories&post=901"},{"taxonomy":"post_tag","embeddable":true,"href":"https:\/\/gazetapernambucana.com\/index.php?rest_route=%2Fwp%2Fv2%2Ftags&post=901"}],"curies":[{"name":"wp","href":"https:\/\/api.w.org\/{rel}","templated":true}]}}