{"id":889,"date":"2025-05-29T20:59:09","date_gmt":"2025-05-29T23:59:09","guid":{"rendered":"https:\/\/gazetapernambucana.com\/?p=889"},"modified":"2025-05-29T20:59:09","modified_gmt":"2025-05-29T23:59:09","slug":"especialista-em-leitura-labial-expoe-o-que-brigitte-disse-apos-tapa-em-macron","status":"publish","type":"post","link":"https:\/\/gazetapernambucana.com\/?p=889","title":{"rendered":"Especialista em leitura labial exp\u00f5e o que Brigitte disse ap\u00f3s &#8216;tapa&#8217; em Macron"},"content":{"rendered":"<div class=\"flex flex-col w-full\">\n<h2 id=\"titulo-vtnfbc13la\" class=\"component--titulo font-family-secondary text-[34px] font-semibold leading-[42px] text-tw-theme-text-default md:max-lg:text-[40px] lg:text-[42px] lg:leading-[50px]\"><span style=\"font-size: 16px;\">Primeira-dama e o presidente da Fran\u00e7a tiveram um momento tenso ao desembarcarem no Vietn\u00e3 no \u00faltimo dia (25).<\/span><\/h2>\n<\/div>\n<div class=\"flex flex-col w-full\">\n<div id=\"imagem-ij3zuye822\" class=\"w-full\">\n<figure class=\"imagem-notas w-full max-w-full h-auto flex justify-center items-center overflow-hidden\">\n<div id=\"gft-up-divMM\"><strong><img loading=\"lazy\" decoding=\"async\" class=\"w-full h-auto\" src=\"https:\/\/midias.correio24horas.com.br\/2025\/05\/29\/auto-upload-2745903.png\" alt=\"\" width=\"774\" height=\"423\" \/><\/strong><\/div>\n<div><strong>Emmanuel Macron e sua esposa, Brigitte Macron\u00a0<span class=\"font-bold\">Cr\u00e9dito: Reprodu\u00e7\u00e3o\/Youtube<\/span><\/strong><\/div>\n<\/figure>\n<\/div>\n<\/div>\n<div class=\"flex flex-col w-full font-normal text-[18px] leading-[30px] text-tw-theme-text-default\">\n<p id=\"paragrafo-phtbanu3h4\">Um\u00a0momento inesperado entre Emmanuel Macron e sua esposa, Brigitte Macron, virou assunto nas redes sociais e na imprensa internacional ap\u00f3s um v\u00eddeo mostrar uma intera\u00e7\u00e3o tensa entre o casal presidencial franc\u00eas ao chegar ao Vietn\u00e3 no \u00faltimo domingo (25).<\/p>\n<\/div>\n<div class=\"flex flex-col w-full font-normal text-[18px] leading-[30px] text-tw-theme-text-default\">\n<p id=\"paragrafo-g641uk20ta\">As imagens, captadas pela ag\u00eancia Associated Press, mostram o presidente da Fran\u00e7a sendo tocado no rosto de forma abrupta por Brigitte logo ap\u00f3s a abertura da porta do avi\u00e3o presidencial, ainda na escadaria da aeronave.\u00a0O gesto, interpretado por muitos como um &#8220;tapa&#8221;, gerou especula\u00e7\u00f5es sobre uma poss\u00edvel briga p\u00fablica entre os dois.<\/p>\n<\/div>\n<div class=\"flex flex-col w-full font-normal text-[18px] leading-[30px] text-tw-theme-text-default\">\n<p id=\"paragrafo-vj3f2fn89j\">Segundo an\u00e1lise de um especialista em leitura labial consultado pelo portal brit\u00e2nico The Express, o momento foi mais do que um simples mal-entendido. Durante a troca, Brigitte teria dito em franc\u00eas: &#8220;D\u00e9gage, esp\u00e8ce de loser&#8221;, traduzido como &#8220;Fique longe, seu perdedor&#8221;. Macron, surpreso, teria respondido: &#8220;Essayons, s\u2019il te pla\u00eet&#8221; (&#8220;Vamos tentar, por favor?&#8221;), ao que ela rebate: &#8220;Non&#8221; (&#8220;N\u00e3o&#8221;). Por fim, o presidente encerra o breve di\u00e1logo com um desanimado &#8220;Je vois&#8221; (&#8220;Estou vendo&#8221;).<\/p>\n<\/div>\n<div class=\"flex flex-col w-full font-normal text-[18px] leading-[30px] text-tw-theme-text-default\">\n<p id=\"paragrafo-0csaxelyvl\">Ainda visivelmente desconfort\u00e1vel, Macron tenta oferecer o bra\u00e7o para Brigitte, que o ignora e apoia-se no corrim\u00e3o ao descer. O comportamento reservado do casal ao pisar em solo vietnamita levantou suspeitas de tens\u00e3o conjugal.<\/p>\n<\/div>\n<div class=\"flex flex-col w-full font-normal text-[18px] leading-[30px] text-tw-theme-text-default\">\n<p id=\"paragrafo-ibyqallvuc\">Ap\u00f3s a repercuss\u00e3o viral, o Pal\u00e1cio do Eliseu tratou de abafar o caso, chamando o momento de &#8220;brincadeira entre o casal&#8221;. Em coletiva, o pr\u00f3prio Macron refor\u00e7ou a vers\u00e3o de que se tratava apenas de uma &#8220;pequena discuss\u00e3o&#8221;, negando qualquer desentendimento mais grave.<\/p>\n<\/div>\n<div class=\"flex flex-col w-full font-normal text-[18px] leading-[30px] text-tw-theme-text-default\">\n<p id=\"paragrafo-0z8fjfwqyg\">Ainda assim, o epis\u00f3dio alimenta o debate sobre os bastidores da rela\u00e7\u00e3o do presidente franc\u00eas e sua esposa, especialmente diante das c\u00e2meras e da opini\u00e3o p\u00fablica global.<\/p>\n<\/div>\n<div class=\"flex flex-col w-full\">\n<div id=\"embed-x5il1l17af\" class=\"component--embed \"><iframe id=\"instagram-embed-0\" class=\"instagram-media instagram-media-rendered\" src=\"https:\/\/www.instagram.com\/reel\/DKHmG82oR-6\/embed\/captioned\/?cr=1&amp;v=14&amp;wp=675&amp;rd=https%3A%2F%2Fwww.correio24horas.com.br&amp;rp=%2Fem-alta%2Fespecialista-em-leituta-labial-expoe-o-que-brigitte-disse-apos-tapa-em-macron-0525#%7B%22ci%22%3A0%2C%22os%22%3A2366.100000023842%2C%22ls%22%3A1933.8999999761581%2C%22le%22%3A2296.800000011921%7D\" height=\"1275\" frameborder=\"0\" scrolling=\"no\" allowfullscreen=\"allowfullscreen\" data-instgrm-payload-id=\"instagram-media-payload-0\" data-mce-fragment=\"1\"><\/iframe><\/div>\n<\/div>\n<div class=\"container-publicidade-single-bot w-full flex items-center justify-center overflow-hidden\">\n<div id=\"single_bot_piano\">\n<p class=\"banner-assine\">Fonte: CORREIO 24 Horas\/Bahia<\/p>\n<\/div>\n<\/div>\n","protected":false},"excerpt":{"rendered":"<p>Primeira-dama e o presidente da Fran\u00e7a tiveram um momento tenso ao desembarcarem no Vietn\u00e3 no \u00faltimo dia (25). Emmanuel Macron e sua esposa, Brigitte Macron\u00a0Cr\u00e9dito: Reprodu\u00e7\u00e3o\/Youtube Um\u00a0momento inesperado entre Emmanuel Macron e sua esposa, Brigitte Macron, virou assunto nas redes sociais e na imprensa internacional ap\u00f3s um v\u00eddeo mostrar uma intera\u00e7\u00e3o tensa entre o casal [&hellip;]<\/p>\n","protected":false},"author":1,"featured_media":890,"comment_status":"open","ping_status":"open","sticky":false,"template":"","format":"standard","meta":{"footnotes":"","jetpack_publicize_message":"","jetpack_publicize_feature_enabled":true,"jetpack_social_post_already_shared":false,"jetpack_social_options":{"image_generator_settings":{"template":"highway","default_image_id":0,"font":"","enabled":false},"version":2}},"categories":[1],"tags":[],"class_list":["post-889","post","type-post","status-publish","format-standard","has-post-thumbnail","hentry","category-https-gazetapernambucana-com-page_id225"],"yoast_head":"<!-- This site is optimized with the Yoast SEO plugin v24.5 - https:\/\/yoast.com\/wordpress\/plugins\/seo\/ -->\n<title>Especialista em leitura labial exp\u00f5e o que Brigitte disse ap\u00f3s &#039;tapa&#039; em Macron -<\/title>\n<meta name=\"robots\" content=\"index, follow, max-snippet:-1, max-image-preview:large, max-video-preview:-1\" \/>\n<link rel=\"canonical\" href=\"https:\/\/gazetapernambucana.com\/?p=889\" \/>\n<meta property=\"og:locale\" content=\"pt_BR\" \/>\n<meta property=\"og:type\" content=\"article\" \/>\n<meta property=\"og:title\" content=\"Especialista em leitura labial exp\u00f5e o que Brigitte disse ap\u00f3s &#039;tapa&#039; em Macron -\" \/>\n<meta property=\"og:description\" content=\"Primeira-dama e o presidente da Fran\u00e7a tiveram um momento tenso ao desembarcarem no Vietn\u00e3 no \u00faltimo dia (25). Emmanuel Macron e sua esposa, Brigitte Macron\u00a0Cr\u00e9dito: Reprodu\u00e7\u00e3o\/Youtube Um\u00a0momento inesperado entre Emmanuel Macron e sua esposa, Brigitte Macron, virou assunto nas redes sociais e na imprensa internacional ap\u00f3s um v\u00eddeo mostrar uma intera\u00e7\u00e3o tensa entre o casal [&hellip;]\" \/>\n<meta property=\"og:url\" content=\"https:\/\/gazetapernambucana.com\/?p=889\" \/>\n<meta property=\"article:published_time\" content=\"2025-05-29T23:59:09+00:00\" \/>\n<meta property=\"og:image\" content=\"https:\/\/gazetapernambucana.com\/wp-content\/uploads\/2025\/05\/auto-upload-2745903.webp\" \/>\n\t<meta property=\"og:image:width\" content=\"774\" \/>\n\t<meta property=\"og:image:height\" content=\"423\" \/>\n\t<meta property=\"og:image:type\" content=\"image\/webp\" \/>\n<meta name=\"author\" content=\"GP\" \/>\n<meta name=\"twitter:card\" content=\"summary_large_image\" \/>\n<meta name=\"twitter:label1\" content=\"Escrito por\" \/>\n\t<meta name=\"twitter:data1\" content=\"GP\" \/>\n\t<meta name=\"twitter:label2\" content=\"Est. tempo de leitura\" \/>\n\t<meta name=\"twitter:data2\" content=\"3 minutos\" \/>\n<script type=\"application\/ld+json\" class=\"yoast-schema-graph\">{\"@context\":\"https:\/\/schema.org\",\"@graph\":[{\"@type\":\"WebPage\",\"@id\":\"https:\/\/gazetapernambucana.com\/?p=889\",\"url\":\"https:\/\/gazetapernambucana.com\/?p=889\",\"name\":\"Especialista em leitura labial exp\u00f5e o que Brigitte disse ap\u00f3s 'tapa' em Macron -\",\"isPartOf\":{\"@id\":\"https:\/\/gazetapernambucana.com\/#website\"},\"primaryImageOfPage\":{\"@id\":\"https:\/\/gazetapernambucana.com\/?p=889#primaryimage\"},\"image\":{\"@id\":\"https:\/\/gazetapernambucana.com\/?p=889#primaryimage\"},\"thumbnailUrl\":\"https:\/\/gazetapernambucana.com\/wp-content\/uploads\/2025\/05\/auto-upload-2745903.webp\",\"datePublished\":\"2025-05-29T23:59:09+00:00\",\"author\":{\"@id\":\"https:\/\/gazetapernambucana.com\/#\/schema\/person\/188dc283325181ac2de4db1e9e987427\"},\"breadcrumb\":{\"@id\":\"https:\/\/gazetapernambucana.com\/?p=889#breadcrumb\"},\"inLanguage\":\"pt-BR\",\"potentialAction\":[{\"@type\":\"ReadAction\",\"target\":[\"https:\/\/gazetapernambucana.com\/?p=889\"]}]},{\"@type\":\"ImageObject\",\"inLanguage\":\"pt-BR\",\"@id\":\"https:\/\/gazetapernambucana.com\/?p=889#primaryimage\",\"url\":\"https:\/\/gazetapernambucana.com\/wp-content\/uploads\/2025\/05\/auto-upload-2745903.webp\",\"contentUrl\":\"https:\/\/gazetapernambucana.com\/wp-content\/uploads\/2025\/05\/auto-upload-2745903.webp\",\"width\":774,\"height\":423},{\"@type\":\"BreadcrumbList\",\"@id\":\"https:\/\/gazetapernambucana.com\/?p=889#breadcrumb\",\"itemListElement\":[{\"@type\":\"ListItem\",\"position\":1,\"name\":\"In\u00edcio\",\"item\":\"https:\/\/gazetapernambucana.com\/\"},{\"@type\":\"ListItem\",\"position\":2,\"name\":\"Especialista em leitura labial exp\u00f5e o que Brigitte disse ap\u00f3s &#8216;tapa&#8217; em Macron\"}]},{\"@type\":\"WebSite\",\"@id\":\"https:\/\/gazetapernambucana.com\/#website\",\"url\":\"https:\/\/gazetapernambucana.com\/\",\"name\":\"\",\"description\":\"\",\"potentialAction\":[{\"@type\":\"SearchAction\",\"target\":{\"@type\":\"EntryPoint\",\"urlTemplate\":\"https:\/\/gazetapernambucana.com\/?s={search_term_string}\"},\"query-input\":{\"@type\":\"PropertyValueSpecification\",\"valueRequired\":true,\"valueName\":\"search_term_string\"}}],\"inLanguage\":\"pt-BR\"},{\"@type\":\"Person\",\"@id\":\"https:\/\/gazetapernambucana.com\/#\/schema\/person\/188dc283325181ac2de4db1e9e987427\",\"name\":\"GP\",\"image\":{\"@type\":\"ImageObject\",\"inLanguage\":\"pt-BR\",\"@id\":\"https:\/\/gazetapernambucana.com\/#\/schema\/person\/image\/\",\"url\":\"https:\/\/secure.gravatar.com\/avatar\/9dad78ff9a2d8b5742d11779f8a3f53b052320c550b2e1907882353c067bb111?s=96&d=mm&r=g\",\"contentUrl\":\"https:\/\/secure.gravatar.com\/avatar\/9dad78ff9a2d8b5742d11779f8a3f53b052320c550b2e1907882353c067bb111?s=96&d=mm&r=g\",\"caption\":\"GP\"},\"sameAs\":[\"http:\/\/gazetapernambucana.com\"],\"url\":\"https:\/\/gazetapernambucana.com\/?author=1\"}]}<\/script>\n<!-- \/ Yoast SEO plugin. -->","yoast_head_json":{"title":"Especialista em leitura labial exp\u00f5e o que Brigitte disse ap\u00f3s 'tapa' em Macron -","robots":{"index":"index","follow":"follow","max-snippet":"max-snippet:-1","max-image-preview":"max-image-preview:large","max-video-preview":"max-video-preview:-1"},"canonical":"https:\/\/gazetapernambucana.com\/?p=889","og_locale":"pt_BR","og_type":"article","og_title":"Especialista em leitura labial exp\u00f5e o que Brigitte disse ap\u00f3s 'tapa' em Macron -","og_description":"Primeira-dama e o presidente da Fran\u00e7a tiveram um momento tenso ao desembarcarem no Vietn\u00e3 no \u00faltimo dia (25). Emmanuel Macron e sua esposa, Brigitte Macron\u00a0Cr\u00e9dito: Reprodu\u00e7\u00e3o\/Youtube Um\u00a0momento inesperado entre Emmanuel Macron e sua esposa, Brigitte Macron, virou assunto nas redes sociais e na imprensa internacional ap\u00f3s um v\u00eddeo mostrar uma intera\u00e7\u00e3o tensa entre o casal [&hellip;]","og_url":"https:\/\/gazetapernambucana.com\/?p=889","article_published_time":"2025-05-29T23:59:09+00:00","og_image":[{"width":774,"height":423,"url":"https:\/\/gazetapernambucana.com\/wp-content\/uploads\/2025\/05\/auto-upload-2745903.webp","type":"image\/webp"}],"author":"GP","twitter_card":"summary_large_image","twitter_misc":{"Escrito por":"GP","Est. tempo de leitura":"3 minutos"},"schema":{"@context":"https:\/\/schema.org","@graph":[{"@type":"WebPage","@id":"https:\/\/gazetapernambucana.com\/?p=889","url":"https:\/\/gazetapernambucana.com\/?p=889","name":"Especialista em leitura labial exp\u00f5e o que Brigitte disse ap\u00f3s 'tapa' em Macron -","isPartOf":{"@id":"https:\/\/gazetapernambucana.com\/#website"},"primaryImageOfPage":{"@id":"https:\/\/gazetapernambucana.com\/?p=889#primaryimage"},"image":{"@id":"https:\/\/gazetapernambucana.com\/?p=889#primaryimage"},"thumbnailUrl":"https:\/\/gazetapernambucana.com\/wp-content\/uploads\/2025\/05\/auto-upload-2745903.webp","datePublished":"2025-05-29T23:59:09+00:00","author":{"@id":"https:\/\/gazetapernambucana.com\/#\/schema\/person\/188dc283325181ac2de4db1e9e987427"},"breadcrumb":{"@id":"https:\/\/gazetapernambucana.com\/?p=889#breadcrumb"},"inLanguage":"pt-BR","potentialAction":[{"@type":"ReadAction","target":["https:\/\/gazetapernambucana.com\/?p=889"]}]},{"@type":"ImageObject","inLanguage":"pt-BR","@id":"https:\/\/gazetapernambucana.com\/?p=889#primaryimage","url":"https:\/\/gazetapernambucana.com\/wp-content\/uploads\/2025\/05\/auto-upload-2745903.webp","contentUrl":"https:\/\/gazetapernambucana.com\/wp-content\/uploads\/2025\/05\/auto-upload-2745903.webp","width":774,"height":423},{"@type":"BreadcrumbList","@id":"https:\/\/gazetapernambucana.com\/?p=889#breadcrumb","itemListElement":[{"@type":"ListItem","position":1,"name":"In\u00edcio","item":"https:\/\/gazetapernambucana.com\/"},{"@type":"ListItem","position":2,"name":"Especialista em leitura labial exp\u00f5e o que Brigitte disse ap\u00f3s &#8216;tapa&#8217; em Macron"}]},{"@type":"WebSite","@id":"https:\/\/gazetapernambucana.com\/#website","url":"https:\/\/gazetapernambucana.com\/","name":"","description":"","potentialAction":[{"@type":"SearchAction","target":{"@type":"EntryPoint","urlTemplate":"https:\/\/gazetapernambucana.com\/?s={search_term_string}"},"query-input":{"@type":"PropertyValueSpecification","valueRequired":true,"valueName":"search_term_string"}}],"inLanguage":"pt-BR"},{"@type":"Person","@id":"https:\/\/gazetapernambucana.com\/#\/schema\/person\/188dc283325181ac2de4db1e9e987427","name":"GP","image":{"@type":"ImageObject","inLanguage":"pt-BR","@id":"https:\/\/gazetapernambucana.com\/#\/schema\/person\/image\/","url":"https:\/\/secure.gravatar.com\/avatar\/9dad78ff9a2d8b5742d11779f8a3f53b052320c550b2e1907882353c067bb111?s=96&d=mm&r=g","contentUrl":"https:\/\/secure.gravatar.com\/avatar\/9dad78ff9a2d8b5742d11779f8a3f53b052320c550b2e1907882353c067bb111?s=96&d=mm&r=g","caption":"GP"},"sameAs":["http:\/\/gazetapernambucana.com"],"url":"https:\/\/gazetapernambucana.com\/?author=1"}]}},"jetpack_publicize_connections":[],"_links":{"self":[{"href":"https:\/\/gazetapernambucana.com\/index.php?rest_route=\/wp\/v2\/posts\/889","targetHints":{"allow":["GET"]}}],"collection":[{"href":"https:\/\/gazetapernambucana.com\/index.php?rest_route=\/wp\/v2\/posts"}],"about":[{"href":"https:\/\/gazetapernambucana.com\/index.php?rest_route=\/wp\/v2\/types\/post"}],"author":[{"embeddable":true,"href":"https:\/\/gazetapernambucana.com\/index.php?rest_route=\/wp\/v2\/users\/1"}],"replies":[{"embeddable":true,"href":"https:\/\/gazetapernambucana.com\/index.php?rest_route=%2Fwp%2Fv2%2Fcomments&post=889"}],"version-history":[{"count":1,"href":"https:\/\/gazetapernambucana.com\/index.php?rest_route=\/wp\/v2\/posts\/889\/revisions"}],"predecessor-version":[{"id":891,"href":"https:\/\/gazetapernambucana.com\/index.php?rest_route=\/wp\/v2\/posts\/889\/revisions\/891"}],"wp:featuredmedia":[{"embeddable":true,"href":"https:\/\/gazetapernambucana.com\/index.php?rest_route=\/wp\/v2\/media\/890"}],"wp:attachment":[{"href":"https:\/\/gazetapernambucana.com\/index.php?rest_route=%2Fwp%2Fv2%2Fmedia&parent=889"}],"wp:term":[{"taxonomy":"category","embeddable":true,"href":"https:\/\/gazetapernambucana.com\/index.php?rest_route=%2Fwp%2Fv2%2Fcategories&post=889"},{"taxonomy":"post_tag","embeddable":true,"href":"https:\/\/gazetapernambucana.com\/index.php?rest_route=%2Fwp%2Fv2%2Ftags&post=889"}],"curies":[{"name":"wp","href":"https:\/\/api.w.org\/{rel}","templated":true}]}}