{"id":4825,"date":"2026-09-06T18:00:20","date_gmt":"2026-09-06T21:00:20","guid":{"rendered":"https:\/\/gazetapernambucana.com\/?p=4825"},"modified":"2026-09-06T18:00:20","modified_gmt":"2026-09-06T21:00:20","slug":"tulio-gadelha-a-forca-do-campo-e-o-compromisso-com-pernambuco-rumo-ao-senado","status":"publish","type":"post","link":"https:\/\/gazetapernambucana.com\/?p=4825","title":{"rendered":"T\u00falio Gadelha: A for\u00e7a do campo e o compromisso com Pernambuco rumo ao Senado"},"content":{"rendered":"<p class=\"ds-markdown-paragraph\"><strong><span class=\"\">Deputado federal recebe apoio de centenas de agricultores em Gravat\u00e1 e reafirma miss\u00e3o de produzir alimento saud\u00e1vel, gerar renda e transformar a vida do povo pernambucano<\/span><\/strong><\/p>\n<p class=\"ds-markdown-paragraph\"><span class=\"\">A caminhada de T\u00falio Gadelha (PSD) rumo ao Senado ganhou um cap\u00edtulo emocionante nesta semana. Em Gravat\u00e1, centenas de agricultores e trabalhadores do campo se uniram ao parlamentar para declarar apoio \u00e0 sua candidatura \u2014 um gesto que traduz a confian\u00e7a de quem vive da terra e reconhece nele um leg\u00edtimo representante das causas do agro familiar.<\/span><\/p>\n<p>\u00a0<img loading=\"lazy\" decoding=\"async\" class=\"alignnone size-medium wp-image-4828\" src=\"http:\/\/gazetapernambucana.com\/wp-content\/uploads\/2026\/09\/4bb0d960-b8a5-469c-a31c-2b4ad10f844d-300x255.jpg\" alt=\"\" width=\"300\" height=\"255\" srcset=\"https:\/\/gazetapernambucana.com\/wp-content\/uploads\/2026\/09\/4bb0d960-b8a5-469c-a31c-2b4ad10f844d-300x255.jpg 300w, https:\/\/gazetapernambucana.com\/wp-content\/uploads\/2026\/09\/4bb0d960-b8a5-469c-a31c-2b4ad10f844d.jpg 720w\" sizes=\"auto, (max-width: 300px) 100vw, 300px\" \/><\/p>\n<blockquote>\n<p class=\"ds-markdown-paragraph\"><em><span class=\"\">&#8220;Felicidade em receber o apoio de quem trabalha e produz no campo. Centenas de agricultores de Gravat\u00e1 v\u00e3o caminhar conosco at\u00e9 o Senado. Produzir alimento saud\u00e1vel, torn\u00e1-lo acess\u00edvel e garantir renda para o pequeno produtor faz parte da nossa miss\u00e3o.&#8221;<\/span><\/em><\/p>\n<\/blockquote>\n<p class=\"ds-markdown-paragraph\"><span class=\"\">A declara\u00e7\u00e3o, publicada nas redes sociais do candidato, vem acompanhada de um v\u00eddeo que mostra a for\u00e7a da mobiliza\u00e7\u00e3o popular \u2014 homens e mulheres do campo de m\u00e3os dadas com o projeto de T\u00falio para Pernambuco<\/span><span class=\"\">.<\/span><\/p>\n<h2><span class=\"\">Uma trajet\u00f3ria de servi\u00e7o p\u00fablico e resultados<\/span><\/h2>\n<p class=\"ds-markdown-paragraph\"><span class=\"\">T\u00falio Gadelha n\u00e3o \u00e9 um novato na pol\u00edtica. Deputado federal por Pernambuco desde 2019, reeleito em 2022, o parlamentar construiu uma trajet\u00f3ria s\u00f3lida baseada em entregas concretas. Foram\u00a0<\/span><strong><span class=\"\">sete leis federais aprovadas com sua assinatura<\/span><\/strong><span class=\"\">\u00a0e\u00a0<\/span><strong><span class=\"\">mais de R$ 280 milh\u00f5es em investimentos por meio de emendas destinadas com consulta p\u00fablica<\/span><\/strong><span class=\"\">\u00a0\u2014 iniciativa que, segundo ele, envolveu mais de um milh\u00e3o de pernambucanos em 165 munic\u00edpios<\/span><span class=\"\">.<\/span><\/p>\n<p class=\"ds-markdown-paragraph\"><span class=\"\">Natural do Recife, com 38 anos, o candidato que leva o\u00a0<\/span><strong><span class=\"\">n\u00famero 555 na urna<\/span><\/strong><span class=\"\">\u00a0j\u00e1 demonstrou sua capacidade de di\u00e1logo e articula\u00e7\u00e3o pol\u00edtica<\/span><span class=\"\">. Atualmente filiado ao PSD, ele integra o campo pol\u00edtico da governadora Raquel Lyra e conta com o apoio de mais de 100 prefeitos e prefeitas de todo o estado<\/span><span class=\"\">.<\/span><\/p>\n<h2><span class=\"\">Compromisso com a agricultura familiar e a seguran\u00e7a alimentar<\/span><\/h2>\n<p class=\"ds-markdown-paragraph\"><span class=\"\">O apoio maci\u00e7o dos agricultores de Gravat\u00e1 n\u00e3o \u00e9 por acaso. T\u00falio Gadelha tem um hist\u00f3rico consistente de atua\u00e7\u00e3o em defesa da agricultura familiar. Em 2025, por exemplo, viabilizou uma emenda parlamentar que destinou\u00a0<\/span><strong><span class=\"\">28 toneladas de alimentos da agricultura familiar para as cozinhas comunit\u00e1rias de Gravat\u00e1<\/span><\/strong><span class=\"\">, com investimento de quase R$ 197 mil em parceria com a Conab e o Governo Federal<\/span><span class=\"\">.<\/span><\/p>\n<p class=\"ds-markdown-paragraph\"><span class=\"\">Mais do que isso: seu mandato j\u00e1 destinou\u00a0<\/span><strong><span class=\"\">mais de R$ 7 milh\u00f5es em emendas<\/span><\/strong><span class=\"\">\u00a0para institui\u00e7\u00f5es que fortalecem a agricultura familiar e garantem seguran\u00e7a alimentar em munic\u00edpios como Bezerros, Camocim, Bonito, Gravat\u00e1 e Vit\u00f3ria de Santo Ant\u00e3o<\/span><span class=\"\">.<\/span><\/p>\n<blockquote>\n<p class=\"ds-markdown-paragraph\"><em><span class=\"\">&#8220;T\u00falio Gadelha tem trabalhado no fortalecimento da agricultura familiar atrav\u00e9s da doa\u00e7\u00e3o de equipamentos e das pol\u00edticas p\u00fablicas do governo Lula&#8221;<\/span><\/em><span class=\"\">.<\/span><\/p>\n<\/blockquote>\n<h2><span class=\"\">&#8220;Serei o senador de Pernambuco&#8221;<\/span><\/h2>\n<p class=\"ds-markdown-paragraph\"><span class=\"\">T\u00falio Gadelha \u00e9 claro em seu prop\u00f3sito: n\u00e3o quer ser apenas mais um nome na disputa. Ele quer ser o senador que representa os anseios do povo pernambucano.<\/span><\/p>\n<blockquote>\n<p class=\"ds-markdown-paragraph\"><em><span class=\"\">&#8220;Eu serei o senador de Pernambuco com apoio da governadora, com apoio de todos aqueles que reconhecem a transforma\u00e7\u00e3o que tem acontecido em Pernambuco nesses \u00faltimos anos&#8221;<\/span><\/em><span class=\"\">.<\/span><\/p>\n<\/blockquote>\n<p class=\"ds-markdown-paragraph\"><span class=\"\">A chapa ao Senado tamb\u00e9m carrega um simbolismo especial. O primeiro suplente \u00e9 Dulci Amorim (PSD), deputada estadual com forte atua\u00e7\u00e3o no Sert\u00e3o, e o segundo \u00e9 o cacique Marcelo Pankararu (Avante) \u2014 uma lideran\u00e7a ind\u00edgena da regi\u00e3o Entre Serras<\/span><span class=\"\">. Uma composi\u00e7\u00e3o que, nas palavras do pr\u00f3prio T\u00falio,\u00a0<\/span><em><span class=\"\">&#8220;representa uni\u00e3o, diversidade e compromisso com Pernambuco&#8221;<\/span><\/em><span class=\"\">.<\/span><\/p>\n<h2><span class=\"\">Com Raquel e com Lula<\/span><\/h2>\n<p class=\"ds-markdown-paragraph\"><span class=\"\">A campanha de T\u00falio Gadelha est\u00e1 alinhada com os projetos que v\u00eam transformando Pernambuco e o Brasil. Ele caminha ao lado da governadora Raquel Lyra (PSD), candidata \u00e0 reelei\u00e7\u00e3o, e tamb\u00e9m defende o presidente Lula (PT), com quem compartilha a vis\u00e3o de um pa\u00eds mais justo e desenvolvido<\/span><span class=\"\">.<\/span><\/p>\n<p class=\"ds-markdown-paragraph\"><span class=\"\">O mote da campanha \u00e9 claro:\u00a0<\/span><em><span class=\"\">&#8220;\u00c9 T\u00falio e Raquel&#8221;<\/span><\/em><span class=\"\">\u00a0\u2014 uma parceria que j\u00e1 deu certo e que promete continuar gerando frutos para o estado<\/span><span class=\"\">.<\/span><\/p>\n<h2><span class=\"\">Pernambuco merece mais<\/span><\/h2>\n<p class=\"ds-markdown-paragraph\"><span class=\"\">O apoio dos agricultores de Gravat\u00e1 \u00e9 apenas um cap\u00edtulo de uma campanha que promete crescer ainda mais. T\u00falio Gadelha tem percorrido todas as regi\u00f5es de Pernambuco, do Recife ao Sert\u00e3o, ouvindo a popula\u00e7\u00e3o e apresentando propostas concretas para \u00e1reas como sa\u00fade, educa\u00e7\u00e3o, meio ambiente e desenvolvimento sustent\u00e1vel<\/span><span class=\"\">.<\/span><\/p>\n<p class=\"ds-markdown-paragraph\"><span class=\"\">A mensagem que fica \u00e9 de esperan\u00e7a e compromisso: Pernambuco pode mais, e T\u00falio Gadelha est\u00e1 pronto para lutar por isso no Senado.<\/span><\/p>\n<div style=\"width: 640px;\" class=\"wp-video\"><video class=\"wp-video-shortcode\" id=\"video-4825-1\" width=\"640\" height=\"1138\" preload=\"metadata\" controls=\"controls\"><source type=\"video\/mp4\" src=\"http:\/\/gazetapernambucana.com\/wp-content\/uploads\/2026\/09\/SnapInsta.to_AQOAdBP01cMQRQ84VPKlOdOtAgNeS8C15-1bc3o9naWZ2NtJ-MiXyhy0rpe-YnXrV3Oh-8Vo8u87NrYGyQeBMEuG6IUCDnIJi4UygbQ.mp4?_=1\" \/><a href=\"http:\/\/gazetapernambucana.com\/wp-content\/uploads\/2026\/09\/SnapInsta.to_AQOAdBP01cMQRQ84VPKlOdOtAgNeS8C15-1bc3o9naWZ2NtJ-MiXyhy0rpe-YnXrV3Oh-8Vo8u87NrYGyQeBMEuG6IUCDnIJi4UygbQ.mp4\">http:\/\/gazetapernambucana.com\/wp-content\/uploads\/2026\/09\/SnapInsta.to_AQOAdBP01cMQRQ84VPKlOdOtAgNeS8C15-1bc3o9naWZ2NtJ-MiXyhy0rpe-YnXrV3Oh-8Vo8u87NrYGyQeBMEuG6IUCDnIJi4UygbQ.mp4<\/a><\/video><\/div>\n<p class=\"ds-markdown-paragraph\"><strong><span class=\"\">#Tulio 555 | #Raquel 55 <\/span><\/strong><\/p>\n","protected":false},"excerpt":{"rendered":"<p>Deputado federal recebe apoio de centenas de agricultores em Gravat\u00e1 e reafirma miss\u00e3o de produzir alimento saud\u00e1vel, gerar renda e transformar a vida do povo pernambucano A caminhada de T\u00falio Gadelha (PSD) rumo ao Senado ganhou um cap\u00edtulo emocionante nesta semana. Em Gravat\u00e1, centenas de agricultores e trabalhadores do campo se uniram ao parlamentar para [&hellip;]<\/p>\n","protected":false},"author":1,"featured_media":4827,"comment_status":"open","ping_status":"open","sticky":false,"template":"","format":"standard","meta":{"footnotes":"","jetpack_publicize_message":"","jetpack_publicize_feature_enabled":true,"jetpack_social_post_already_shared":true,"jetpack_social_options":{"image_generator_settings":{"template":"highway","default_image_id":0,"font":"","enabled":false},"version":2}},"categories":[66,1,65],"tags":[],"class_list":["post-4825","post","type-post","status-publish","format-standard","has-post-thumbnail","hentry","category-cidades","category-https-gazetapernambucana-com-page_id225","category-politica"],"yoast_head":"<!-- This site is optimized with the Yoast SEO plugin v24.5 - https:\/\/yoast.com\/wordpress\/plugins\/seo\/ -->\n<title>T\u00falio Gadelha: A for\u00e7a do campo e o compromisso com Pernambuco rumo ao Senado -<\/title>\n<meta name=\"robots\" content=\"index, follow, max-snippet:-1, max-image-preview:large, max-video-preview:-1\" \/>\n<link rel=\"canonical\" href=\"https:\/\/gazetapernambucana.com\/?p=4825\" \/>\n<meta property=\"og:locale\" content=\"pt_BR\" \/>\n<meta property=\"og:type\" content=\"article\" \/>\n<meta property=\"og:title\" content=\"T\u00falio Gadelha: A for\u00e7a do campo e o compromisso com Pernambuco rumo ao Senado -\" \/>\n<meta property=\"og:description\" content=\"Deputado federal recebe apoio de centenas de agricultores em Gravat\u00e1 e reafirma miss\u00e3o de produzir alimento saud\u00e1vel, gerar renda e transformar a vida do povo pernambucano A caminhada de T\u00falio Gadelha (PSD) rumo ao Senado ganhou um cap\u00edtulo emocionante nesta semana. Em Gravat\u00e1, centenas de agricultores e trabalhadores do campo se uniram ao parlamentar para [&hellip;]\" \/>\n<meta property=\"og:url\" content=\"https:\/\/gazetapernambucana.com\/?p=4825\" \/>\n<meta property=\"article:published_time\" content=\"2026-09-06T21:00:20+00:00\" \/>\n<meta property=\"og:image\" content=\"http:\/\/gazetapernambucana.com\/wp-content\/uploads\/2026\/09\/67a4acf6-c9a8-4c47-ae50-4dd165ade8a4.jpg\" \/>\n\t<meta property=\"og:image:width\" content=\"720\" \/>\n\t<meta property=\"og:image:height\" content=\"845\" \/>\n\t<meta property=\"og:image:type\" content=\"image\/jpeg\" \/>\n<meta name=\"author\" content=\"GP\" \/>\n<meta name=\"twitter:card\" content=\"summary_large_image\" \/>\n<meta name=\"twitter:label1\" content=\"Escrito por\" \/>\n\t<meta name=\"twitter:data1\" content=\"GP\" \/>\n\t<meta name=\"twitter:label2\" content=\"Est. tempo de leitura\" \/>\n\t<meta name=\"twitter:data2\" content=\"4 minutos\" \/>\n<script type=\"application\/ld+json\" class=\"yoast-schema-graph\">{\"@context\":\"https:\/\/schema.org\",\"@graph\":[{\"@type\":\"WebPage\",\"@id\":\"https:\/\/gazetapernambucana.com\/?p=4825\",\"url\":\"https:\/\/gazetapernambucana.com\/?p=4825\",\"name\":\"T\u00falio Gadelha: A for\u00e7a do campo e o compromisso com Pernambuco rumo ao Senado -\",\"isPartOf\":{\"@id\":\"https:\/\/gazetapernambucana.com\/#website\"},\"primaryImageOfPage\":{\"@id\":\"https:\/\/gazetapernambucana.com\/?p=4825#primaryimage\"},\"image\":{\"@id\":\"https:\/\/gazetapernambucana.com\/?p=4825#primaryimage\"},\"thumbnailUrl\":\"https:\/\/gazetapernambucana.com\/wp-content\/uploads\/2026\/09\/67a4acf6-c9a8-4c47-ae50-4dd165ade8a4.jpg\",\"datePublished\":\"2026-09-06T21:00:20+00:00\",\"author\":{\"@id\":\"https:\/\/gazetapernambucana.com\/#\/schema\/person\/188dc283325181ac2de4db1e9e987427\"},\"breadcrumb\":{\"@id\":\"https:\/\/gazetapernambucana.com\/?p=4825#breadcrumb\"},\"inLanguage\":\"pt-BR\",\"potentialAction\":[{\"@type\":\"ReadAction\",\"target\":[\"https:\/\/gazetapernambucana.com\/?p=4825\"]}]},{\"@type\":\"ImageObject\",\"inLanguage\":\"pt-BR\",\"@id\":\"https:\/\/gazetapernambucana.com\/?p=4825#primaryimage\",\"url\":\"https:\/\/gazetapernambucana.com\/wp-content\/uploads\/2026\/09\/67a4acf6-c9a8-4c47-ae50-4dd165ade8a4.jpg\",\"contentUrl\":\"https:\/\/gazetapernambucana.com\/wp-content\/uploads\/2026\/09\/67a4acf6-c9a8-4c47-ae50-4dd165ade8a4.jpg\",\"width\":720,\"height\":845},{\"@type\":\"BreadcrumbList\",\"@id\":\"https:\/\/gazetapernambucana.com\/?p=4825#breadcrumb\",\"itemListElement\":[{\"@type\":\"ListItem\",\"position\":1,\"name\":\"In\u00edcio\",\"item\":\"https:\/\/gazetapernambucana.com\/\"},{\"@type\":\"ListItem\",\"position\":2,\"name\":\"T\u00falio Gadelha: A for\u00e7a do campo e o compromisso com Pernambuco rumo ao Senado\"}]},{\"@type\":\"WebSite\",\"@id\":\"https:\/\/gazetapernambucana.com\/#website\",\"url\":\"https:\/\/gazetapernambucana.com\/\",\"name\":\"\",\"description\":\"\",\"potentialAction\":[{\"@type\":\"SearchAction\",\"target\":{\"@type\":\"EntryPoint\",\"urlTemplate\":\"https:\/\/gazetapernambucana.com\/?s={search_term_string}\"},\"query-input\":{\"@type\":\"PropertyValueSpecification\",\"valueRequired\":true,\"valueName\":\"search_term_string\"}}],\"inLanguage\":\"pt-BR\"},{\"@type\":\"Person\",\"@id\":\"https:\/\/gazetapernambucana.com\/#\/schema\/person\/188dc283325181ac2de4db1e9e987427\",\"name\":\"GP\",\"image\":{\"@type\":\"ImageObject\",\"inLanguage\":\"pt-BR\",\"@id\":\"https:\/\/gazetapernambucana.com\/#\/schema\/person\/image\/\",\"url\":\"https:\/\/secure.gravatar.com\/avatar\/9dad78ff9a2d8b5742d11779f8a3f53b052320c550b2e1907882353c067bb111?s=96&d=mm&r=g\",\"contentUrl\":\"https:\/\/secure.gravatar.com\/avatar\/9dad78ff9a2d8b5742d11779f8a3f53b052320c550b2e1907882353c067bb111?s=96&d=mm&r=g\",\"caption\":\"GP\"},\"sameAs\":[\"http:\/\/gazetapernambucana.com\"],\"url\":\"https:\/\/gazetapernambucana.com\/?author=1\"}]}<\/script>\n<!-- \/ Yoast SEO plugin. -->","yoast_head_json":{"title":"T\u00falio Gadelha: A for\u00e7a do campo e o compromisso com Pernambuco rumo ao Senado -","robots":{"index":"index","follow":"follow","max-snippet":"max-snippet:-1","max-image-preview":"max-image-preview:large","max-video-preview":"max-video-preview:-1"},"canonical":"https:\/\/gazetapernambucana.com\/?p=4825","og_locale":"pt_BR","og_type":"article","og_title":"T\u00falio Gadelha: A for\u00e7a do campo e o compromisso com Pernambuco rumo ao Senado -","og_description":"Deputado federal recebe apoio de centenas de agricultores em Gravat\u00e1 e reafirma miss\u00e3o de produzir alimento saud\u00e1vel, gerar renda e transformar a vida do povo pernambucano A caminhada de T\u00falio Gadelha (PSD) rumo ao Senado ganhou um cap\u00edtulo emocionante nesta semana. Em Gravat\u00e1, centenas de agricultores e trabalhadores do campo se uniram ao parlamentar para [&hellip;]","og_url":"https:\/\/gazetapernambucana.com\/?p=4825","article_published_time":"2026-09-06T21:00:20+00:00","og_image":[{"width":720,"height":845,"url":"http:\/\/gazetapernambucana.com\/wp-content\/uploads\/2026\/09\/67a4acf6-c9a8-4c47-ae50-4dd165ade8a4.jpg","type":"image\/jpeg"}],"author":"GP","twitter_card":"summary_large_image","twitter_misc":{"Escrito por":"GP","Est. tempo de leitura":"4 minutos"},"schema":{"@context":"https:\/\/schema.org","@graph":[{"@type":"WebPage","@id":"https:\/\/gazetapernambucana.com\/?p=4825","url":"https:\/\/gazetapernambucana.com\/?p=4825","name":"T\u00falio Gadelha: A for\u00e7a do campo e o compromisso com Pernambuco rumo ao Senado -","isPartOf":{"@id":"https:\/\/gazetapernambucana.com\/#website"},"primaryImageOfPage":{"@id":"https:\/\/gazetapernambucana.com\/?p=4825#primaryimage"},"image":{"@id":"https:\/\/gazetapernambucana.com\/?p=4825#primaryimage"},"thumbnailUrl":"https:\/\/gazetapernambucana.com\/wp-content\/uploads\/2026\/09\/67a4acf6-c9a8-4c47-ae50-4dd165ade8a4.jpg","datePublished":"2026-09-06T21:00:20+00:00","author":{"@id":"https:\/\/gazetapernambucana.com\/#\/schema\/person\/188dc283325181ac2de4db1e9e987427"},"breadcrumb":{"@id":"https:\/\/gazetapernambucana.com\/?p=4825#breadcrumb"},"inLanguage":"pt-BR","potentialAction":[{"@type":"ReadAction","target":["https:\/\/gazetapernambucana.com\/?p=4825"]}]},{"@type":"ImageObject","inLanguage":"pt-BR","@id":"https:\/\/gazetapernambucana.com\/?p=4825#primaryimage","url":"https:\/\/gazetapernambucana.com\/wp-content\/uploads\/2026\/09\/67a4acf6-c9a8-4c47-ae50-4dd165ade8a4.jpg","contentUrl":"https:\/\/gazetapernambucana.com\/wp-content\/uploads\/2026\/09\/67a4acf6-c9a8-4c47-ae50-4dd165ade8a4.jpg","width":720,"height":845},{"@type":"BreadcrumbList","@id":"https:\/\/gazetapernambucana.com\/?p=4825#breadcrumb","itemListElement":[{"@type":"ListItem","position":1,"name":"In\u00edcio","item":"https:\/\/gazetapernambucana.com\/"},{"@type":"ListItem","position":2,"name":"T\u00falio Gadelha: A for\u00e7a do campo e o compromisso com Pernambuco rumo ao Senado"}]},{"@type":"WebSite","@id":"https:\/\/gazetapernambucana.com\/#website","url":"https:\/\/gazetapernambucana.com\/","name":"","description":"","potentialAction":[{"@type":"SearchAction","target":{"@type":"EntryPoint","urlTemplate":"https:\/\/gazetapernambucana.com\/?s={search_term_string}"},"query-input":{"@type":"PropertyValueSpecification","valueRequired":true,"valueName":"search_term_string"}}],"inLanguage":"pt-BR"},{"@type":"Person","@id":"https:\/\/gazetapernambucana.com\/#\/schema\/person\/188dc283325181ac2de4db1e9e987427","name":"GP","image":{"@type":"ImageObject","inLanguage":"pt-BR","@id":"https:\/\/gazetapernambucana.com\/#\/schema\/person\/image\/","url":"https:\/\/secure.gravatar.com\/avatar\/9dad78ff9a2d8b5742d11779f8a3f53b052320c550b2e1907882353c067bb111?s=96&d=mm&r=g","contentUrl":"https:\/\/secure.gravatar.com\/avatar\/9dad78ff9a2d8b5742d11779f8a3f53b052320c550b2e1907882353c067bb111?s=96&d=mm&r=g","caption":"GP"},"sameAs":["http:\/\/gazetapernambucana.com"],"url":"https:\/\/gazetapernambucana.com\/?author=1"}]}},"jetpack_publicize_connections":[],"_links":{"self":[{"href":"https:\/\/gazetapernambucana.com\/index.php?rest_route=\/wp\/v2\/posts\/4825","targetHints":{"allow":["GET"]}}],"collection":[{"href":"https:\/\/gazetapernambucana.com\/index.php?rest_route=\/wp\/v2\/posts"}],"about":[{"href":"https:\/\/gazetapernambucana.com\/index.php?rest_route=\/wp\/v2\/types\/post"}],"author":[{"embeddable":true,"href":"https:\/\/gazetapernambucana.com\/index.php?rest_route=\/wp\/v2\/users\/1"}],"replies":[{"embeddable":true,"href":"https:\/\/gazetapernambucana.com\/index.php?rest_route=%2Fwp%2Fv2%2Fcomments&post=4825"}],"version-history":[{"count":1,"href":"https:\/\/gazetapernambucana.com\/index.php?rest_route=\/wp\/v2\/posts\/4825\/revisions"}],"predecessor-version":[{"id":4829,"href":"https:\/\/gazetapernambucana.com\/index.php?rest_route=\/wp\/v2\/posts\/4825\/revisions\/4829"}],"wp:featuredmedia":[{"embeddable":true,"href":"https:\/\/gazetapernambucana.com\/index.php?rest_route=\/wp\/v2\/media\/4827"}],"wp:attachment":[{"href":"https:\/\/gazetapernambucana.com\/index.php?rest_route=%2Fwp%2Fv2%2Fmedia&parent=4825"}],"wp:term":[{"taxonomy":"category","embeddable":true,"href":"https:\/\/gazetapernambucana.com\/index.php?rest_route=%2Fwp%2Fv2%2Fcategories&post=4825"},{"taxonomy":"post_tag","embeddable":true,"href":"https:\/\/gazetapernambucana.com\/index.php?rest_route=%2Fwp%2Fv2%2Ftags&post=4825"}],"curies":[{"name":"wp","href":"https:\/\/api.w.org\/{rel}","templated":true}]}}