{"id":4822,"date":"2026-09-06T17:10:07","date_gmt":"2026-09-06T20:10:07","guid":{"rendered":"https:\/\/gazetapernambucana.com\/?p=4822"},"modified":"2026-09-06T17:10:07","modified_gmt":"2026-09-06T20:10:07","slug":"ingrid-zanella-vai-ao-stf-cobrar-medidas-cautelares-diante-da-crise-na-corte","status":"publish","type":"post","link":"https:\/\/gazetapernambucana.com\/?p=4822","title":{"rendered":"Ingrid Zanella vai ao STF cobrar medidas cautelares diante da crise na Corte"},"content":{"rendered":"<p>STF<\/p>\n<div class=\"p-3\">\n<div class=\"mt-2 texto\">\n<p>A presidente da OAB Pernambuco, Ingrid Zanella, estar\u00e1 em Bras\u00edlia nesta quarta-feira (9) para uma reuni\u00e3o com o presidente do Supremo Tribunal Federal, ministro Edson Fachin. O encontro reunir\u00e1 a Diretoria do Conselho Federal da OAB, liderada por Beto Simonetti, e os presidentes das seccionais de todo o pa\u00eds.<\/p>\n<p>Na reuni\u00e3o, Ingrid defender\u00e1 a apura\u00e7\u00e3o rigorosa e independente dos fatos que envolvem integrantes do STF e da Procuradoria-Geral da Rep\u00fablica, al\u00e9m da ado\u00e7\u00e3o das medidas cautelares necess\u00e1rias para assegurar a isen\u00e7\u00e3o das investiga\u00e7\u00f5es e preservar a confian\u00e7a nas institui\u00e7\u00f5es.<\/p>\n<p>\u201cVamos exigir que os fatos sejam integralmente esclarecidos e que sejam adotadas as provid\u00eancias necess\u00e1rias, sempre com respeito \u00e0s garantias constitucionais\u201d, afirmou Ingrid.<\/p>\n<p>A audi\u00eancia foi solicitada pelo Conselho Federal ap\u00f3s a divulga\u00e7\u00e3o de novos elementos das investiga\u00e7\u00f5es e o agravamento da crise no Supremo. Os representantes da advocacia pretendem cobrar informa\u00e7\u00f5es sobre as provid\u00eancias adotadas e discutir a resposta institucional da OAB diante do caso.<\/p>\n<p>A presidente da OAB-PE tamb\u00e9m subscreveu a manifesta\u00e7\u00e3o da advocacia nacional em defesa de uma investiga\u00e7\u00e3o rigorosa e isenta.<\/p>\n<p>No documento, a OAB manifesta extrema preocupa\u00e7\u00e3o com a crise e com seus efeitos sobre institui\u00e7\u00f5es essenciais \u00e0 democracia. Ao mesmo tempo, ressalta que qualquer apura\u00e7\u00e3o deve observar o devido processo legal, a ampla defesa e a presun\u00e7\u00e3o de inoc\u00eancia.<\/p>\n<p>\u201cEste \u00e9 um momento que exige responsabilidade e respostas concretas. \u00c9 essa posi\u00e7\u00e3o que levaremos ao Supremo Tribunal Federal\u201d, concluiu Ingrid Zanella.<\/p>\n<\/div>\n<\/div>\n","protected":false},"excerpt":{"rendered":"<p>STF A presidente da OAB Pernambuco, Ingrid Zanella, estar\u00e1 em Bras\u00edlia nesta quarta-feira (9) para uma reuni\u00e3o com o presidente do Supremo Tribunal Federal, ministro Edson Fachin. O encontro reunir\u00e1 a Diretoria do Conselho Federal da OAB, liderada por Beto Simonetti, e os presidentes das seccionais de todo o pa\u00eds. Na reuni\u00e3o, Ingrid defender\u00e1 a [&hellip;]<\/p>\n","protected":false},"author":1,"featured_media":4823,"comment_status":"open","ping_status":"open","sticky":false,"template":"","format":"standard","meta":{"footnotes":"","jetpack_publicize_message":"","jetpack_publicize_feature_enabled":true,"jetpack_social_post_already_shared":true,"jetpack_social_options":{"image_generator_settings":{"template":"highway","default_image_id":0,"font":"","enabled":false},"version":2}},"categories":[37,1,65],"tags":[],"class_list":["post-4822","post","type-post","status-publish","format-standard","has-post-thumbnail","hentry","category-https-gazetapernambucana-com-page_id212","category-https-gazetapernambucana-com-page_id225","category-politica"],"yoast_head":"<!-- This site is optimized with the Yoast SEO plugin v24.5 - https:\/\/yoast.com\/wordpress\/plugins\/seo\/ -->\n<title>Ingrid Zanella vai ao STF cobrar medidas cautelares diante da crise na Corte -<\/title>\n<meta name=\"robots\" content=\"index, follow, max-snippet:-1, max-image-preview:large, max-video-preview:-1\" \/>\n<link rel=\"canonical\" href=\"https:\/\/gazetapernambucana.com\/?p=4822\" \/>\n<meta property=\"og:locale\" content=\"pt_BR\" \/>\n<meta property=\"og:type\" content=\"article\" \/>\n<meta property=\"og:title\" content=\"Ingrid Zanella vai ao STF cobrar medidas cautelares diante da crise na Corte -\" \/>\n<meta property=\"og:description\" content=\"STF A presidente da OAB Pernambuco, Ingrid Zanella, estar\u00e1 em Bras\u00edlia nesta quarta-feira (9) para uma reuni\u00e3o com o presidente do Supremo Tribunal Federal, ministro Edson Fachin. O encontro reunir\u00e1 a Diretoria do Conselho Federal da OAB, liderada por Beto Simonetti, e os presidentes das seccionais de todo o pa\u00eds. Na reuni\u00e3o, Ingrid defender\u00e1 a [&hellip;]\" \/>\n<meta property=\"og:url\" content=\"https:\/\/gazetapernambucana.com\/?p=4822\" \/>\n<meta property=\"article:published_time\" content=\"2026-09-06T20:10:07+00:00\" \/>\n<meta property=\"og:image\" content=\"http:\/\/gazetapernambucana.com\/wp-content\/uploads\/2026\/09\/1200x_0.766866001788719283.jpeg\" \/>\n\t<meta property=\"og:image:width\" content=\"1200\" \/>\n\t<meta property=\"og:image:height\" content=\"900\" \/>\n\t<meta property=\"og:image:type\" content=\"image\/jpeg\" \/>\n<meta name=\"author\" content=\"GP\" \/>\n<meta name=\"twitter:card\" content=\"summary_large_image\" \/>\n<meta name=\"twitter:label1\" content=\"Escrito por\" \/>\n\t<meta name=\"twitter:data1\" content=\"GP\" \/>\n\t<meta name=\"twitter:label2\" content=\"Est. tempo de leitura\" \/>\n\t<meta name=\"twitter:data2\" content=\"2 minutos\" \/>\n<script type=\"application\/ld+json\" class=\"yoast-schema-graph\">{\"@context\":\"https:\/\/schema.org\",\"@graph\":[{\"@type\":\"WebPage\",\"@id\":\"https:\/\/gazetapernambucana.com\/?p=4822\",\"url\":\"https:\/\/gazetapernambucana.com\/?p=4822\",\"name\":\"Ingrid Zanella vai ao STF cobrar medidas cautelares diante da crise na Corte -\",\"isPartOf\":{\"@id\":\"https:\/\/gazetapernambucana.com\/#website\"},\"primaryImageOfPage\":{\"@id\":\"https:\/\/gazetapernambucana.com\/?p=4822#primaryimage\"},\"image\":{\"@id\":\"https:\/\/gazetapernambucana.com\/?p=4822#primaryimage\"},\"thumbnailUrl\":\"https:\/\/gazetapernambucana.com\/wp-content\/uploads\/2026\/09\/1200x_0.766866001788719283.jpeg\",\"datePublished\":\"2026-09-06T20:10:07+00:00\",\"author\":{\"@id\":\"https:\/\/gazetapernambucana.com\/#\/schema\/person\/188dc283325181ac2de4db1e9e987427\"},\"breadcrumb\":{\"@id\":\"https:\/\/gazetapernambucana.com\/?p=4822#breadcrumb\"},\"inLanguage\":\"pt-BR\",\"potentialAction\":[{\"@type\":\"ReadAction\",\"target\":[\"https:\/\/gazetapernambucana.com\/?p=4822\"]}]},{\"@type\":\"ImageObject\",\"inLanguage\":\"pt-BR\",\"@id\":\"https:\/\/gazetapernambucana.com\/?p=4822#primaryimage\",\"url\":\"https:\/\/gazetapernambucana.com\/wp-content\/uploads\/2026\/09\/1200x_0.766866001788719283.jpeg\",\"contentUrl\":\"https:\/\/gazetapernambucana.com\/wp-content\/uploads\/2026\/09\/1200x_0.766866001788719283.jpeg\",\"width\":1200,\"height\":900},{\"@type\":\"BreadcrumbList\",\"@id\":\"https:\/\/gazetapernambucana.com\/?p=4822#breadcrumb\",\"itemListElement\":[{\"@type\":\"ListItem\",\"position\":1,\"name\":\"In\u00edcio\",\"item\":\"https:\/\/gazetapernambucana.com\/\"},{\"@type\":\"ListItem\",\"position\":2,\"name\":\"Ingrid Zanella vai ao STF cobrar medidas cautelares diante da crise na Corte\"}]},{\"@type\":\"WebSite\",\"@id\":\"https:\/\/gazetapernambucana.com\/#website\",\"url\":\"https:\/\/gazetapernambucana.com\/\",\"name\":\"\",\"description\":\"\",\"potentialAction\":[{\"@type\":\"SearchAction\",\"target\":{\"@type\":\"EntryPoint\",\"urlTemplate\":\"https:\/\/gazetapernambucana.com\/?s={search_term_string}\"},\"query-input\":{\"@type\":\"PropertyValueSpecification\",\"valueRequired\":true,\"valueName\":\"search_term_string\"}}],\"inLanguage\":\"pt-BR\"},{\"@type\":\"Person\",\"@id\":\"https:\/\/gazetapernambucana.com\/#\/schema\/person\/188dc283325181ac2de4db1e9e987427\",\"name\":\"GP\",\"image\":{\"@type\":\"ImageObject\",\"inLanguage\":\"pt-BR\",\"@id\":\"https:\/\/gazetapernambucana.com\/#\/schema\/person\/image\/\",\"url\":\"https:\/\/secure.gravatar.com\/avatar\/9dad78ff9a2d8b5742d11779f8a3f53b052320c550b2e1907882353c067bb111?s=96&d=mm&r=g\",\"contentUrl\":\"https:\/\/secure.gravatar.com\/avatar\/9dad78ff9a2d8b5742d11779f8a3f53b052320c550b2e1907882353c067bb111?s=96&d=mm&r=g\",\"caption\":\"GP\"},\"sameAs\":[\"http:\/\/gazetapernambucana.com\"],\"url\":\"https:\/\/gazetapernambucana.com\/?author=1\"}]}<\/script>\n<!-- \/ Yoast SEO plugin. -->","yoast_head_json":{"title":"Ingrid Zanella vai ao STF cobrar medidas cautelares diante da crise na Corte -","robots":{"index":"index","follow":"follow","max-snippet":"max-snippet:-1","max-image-preview":"max-image-preview:large","max-video-preview":"max-video-preview:-1"},"canonical":"https:\/\/gazetapernambucana.com\/?p=4822","og_locale":"pt_BR","og_type":"article","og_title":"Ingrid Zanella vai ao STF cobrar medidas cautelares diante da crise na Corte -","og_description":"STF A presidente da OAB Pernambuco, Ingrid Zanella, estar\u00e1 em Bras\u00edlia nesta quarta-feira (9) para uma reuni\u00e3o com o presidente do Supremo Tribunal Federal, ministro Edson Fachin. O encontro reunir\u00e1 a Diretoria do Conselho Federal da OAB, liderada por Beto Simonetti, e os presidentes das seccionais de todo o pa\u00eds. Na reuni\u00e3o, Ingrid defender\u00e1 a [&hellip;]","og_url":"https:\/\/gazetapernambucana.com\/?p=4822","article_published_time":"2026-09-06T20:10:07+00:00","og_image":[{"width":1200,"height":900,"url":"http:\/\/gazetapernambucana.com\/wp-content\/uploads\/2026\/09\/1200x_0.766866001788719283.jpeg","type":"image\/jpeg"}],"author":"GP","twitter_card":"summary_large_image","twitter_misc":{"Escrito por":"GP","Est. tempo de leitura":"2 minutos"},"schema":{"@context":"https:\/\/schema.org","@graph":[{"@type":"WebPage","@id":"https:\/\/gazetapernambucana.com\/?p=4822","url":"https:\/\/gazetapernambucana.com\/?p=4822","name":"Ingrid Zanella vai ao STF cobrar medidas cautelares diante da crise na Corte -","isPartOf":{"@id":"https:\/\/gazetapernambucana.com\/#website"},"primaryImageOfPage":{"@id":"https:\/\/gazetapernambucana.com\/?p=4822#primaryimage"},"image":{"@id":"https:\/\/gazetapernambucana.com\/?p=4822#primaryimage"},"thumbnailUrl":"https:\/\/gazetapernambucana.com\/wp-content\/uploads\/2026\/09\/1200x_0.766866001788719283.jpeg","datePublished":"2026-09-06T20:10:07+00:00","author":{"@id":"https:\/\/gazetapernambucana.com\/#\/schema\/person\/188dc283325181ac2de4db1e9e987427"},"breadcrumb":{"@id":"https:\/\/gazetapernambucana.com\/?p=4822#breadcrumb"},"inLanguage":"pt-BR","potentialAction":[{"@type":"ReadAction","target":["https:\/\/gazetapernambucana.com\/?p=4822"]}]},{"@type":"ImageObject","inLanguage":"pt-BR","@id":"https:\/\/gazetapernambucana.com\/?p=4822#primaryimage","url":"https:\/\/gazetapernambucana.com\/wp-content\/uploads\/2026\/09\/1200x_0.766866001788719283.jpeg","contentUrl":"https:\/\/gazetapernambucana.com\/wp-content\/uploads\/2026\/09\/1200x_0.766866001788719283.jpeg","width":1200,"height":900},{"@type":"BreadcrumbList","@id":"https:\/\/gazetapernambucana.com\/?p=4822#breadcrumb","itemListElement":[{"@type":"ListItem","position":1,"name":"In\u00edcio","item":"https:\/\/gazetapernambucana.com\/"},{"@type":"ListItem","position":2,"name":"Ingrid Zanella vai ao STF cobrar medidas cautelares diante da crise na Corte"}]},{"@type":"WebSite","@id":"https:\/\/gazetapernambucana.com\/#website","url":"https:\/\/gazetapernambucana.com\/","name":"","description":"","potentialAction":[{"@type":"SearchAction","target":{"@type":"EntryPoint","urlTemplate":"https:\/\/gazetapernambucana.com\/?s={search_term_string}"},"query-input":{"@type":"PropertyValueSpecification","valueRequired":true,"valueName":"search_term_string"}}],"inLanguage":"pt-BR"},{"@type":"Person","@id":"https:\/\/gazetapernambucana.com\/#\/schema\/person\/188dc283325181ac2de4db1e9e987427","name":"GP","image":{"@type":"ImageObject","inLanguage":"pt-BR","@id":"https:\/\/gazetapernambucana.com\/#\/schema\/person\/image\/","url":"https:\/\/secure.gravatar.com\/avatar\/9dad78ff9a2d8b5742d11779f8a3f53b052320c550b2e1907882353c067bb111?s=96&d=mm&r=g","contentUrl":"https:\/\/secure.gravatar.com\/avatar\/9dad78ff9a2d8b5742d11779f8a3f53b052320c550b2e1907882353c067bb111?s=96&d=mm&r=g","caption":"GP"},"sameAs":["http:\/\/gazetapernambucana.com"],"url":"https:\/\/gazetapernambucana.com\/?author=1"}]}},"jetpack_publicize_connections":[],"_links":{"self":[{"href":"https:\/\/gazetapernambucana.com\/index.php?rest_route=\/wp\/v2\/posts\/4822","targetHints":{"allow":["GET"]}}],"collection":[{"href":"https:\/\/gazetapernambucana.com\/index.php?rest_route=\/wp\/v2\/posts"}],"about":[{"href":"https:\/\/gazetapernambucana.com\/index.php?rest_route=\/wp\/v2\/types\/post"}],"author":[{"embeddable":true,"href":"https:\/\/gazetapernambucana.com\/index.php?rest_route=\/wp\/v2\/users\/1"}],"replies":[{"embeddable":true,"href":"https:\/\/gazetapernambucana.com\/index.php?rest_route=%2Fwp%2Fv2%2Fcomments&post=4822"}],"version-history":[{"count":1,"href":"https:\/\/gazetapernambucana.com\/index.php?rest_route=\/wp\/v2\/posts\/4822\/revisions"}],"predecessor-version":[{"id":4824,"href":"https:\/\/gazetapernambucana.com\/index.php?rest_route=\/wp\/v2\/posts\/4822\/revisions\/4824"}],"wp:featuredmedia":[{"embeddable":true,"href":"https:\/\/gazetapernambucana.com\/index.php?rest_route=\/wp\/v2\/media\/4823"}],"wp:attachment":[{"href":"https:\/\/gazetapernambucana.com\/index.php?rest_route=%2Fwp%2Fv2%2Fmedia&parent=4822"}],"wp:term":[{"taxonomy":"category","embeddable":true,"href":"https:\/\/gazetapernambucana.com\/index.php?rest_route=%2Fwp%2Fv2%2Fcategories&post=4822"},{"taxonomy":"post_tag","embeddable":true,"href":"https:\/\/gazetapernambucana.com\/index.php?rest_route=%2Fwp%2Fv2%2Ftags&post=4822"}],"curies":[{"name":"wp","href":"https:\/\/api.w.org\/{rel}","templated":true}]}}