{"id":4819,"date":"2026-09-06T17:00:42","date_gmt":"2026-09-06T20:00:42","guid":{"rendered":"https:\/\/gazetapernambucana.com\/?p=4819"},"modified":"2026-09-06T17:00:42","modified_gmt":"2026-09-06T20:00:42","slug":"fachin-atrasa-casos-que-envolvem-moraes-e-vorcaro-ate-22-de-setembro","status":"publish","type":"post","link":"https:\/\/gazetapernambucana.com\/?p=4819","title":{"rendered":"Fachin atrasa casos que envolvem Moraes e Vorcaro at\u00e9 22 de setembro"},"content":{"rendered":"<div class=\"elementor-element elementor-element-7d2fc729 titulo-post elementor-widget elementor-widget-theme-post-title elementor-page-title elementor-widget-heading\" data-id=\"7d2fc729\" data-element_type=\"widget\" data-widget_type=\"theme-post-title.default\">\n<div class=\"elementor-widget-container\"><\/div>\n<\/div>\n<section class=\"elementor-section elementor-inner-section elementor-element elementor-element-7e25a070 elementor-section-boxed elementor-section-height-default elementor-section-height-default\" data-id=\"7e25a070\" data-element_type=\"section\">\n<div class=\"elementor-container elementor-column-gap-default\">\n<div class=\"elementor-column elementor-col-50 elementor-inner-column elementor-element elementor-element-24f401b5\" data-id=\"24f401b5\" data-element_type=\"column\">\n<div class=\"elementor-widget-wrap elementor-element-populated\">\n<div class=\"elementor-element elementor-element-6b34b66e elementor-share-buttons--view-icon elementor-share-buttons--skin-flat elementor-share-buttons--align-right elementor-share-buttons--shape-square elementor-grid-0 elementor-share-buttons--color-official elementor-widget elementor-widget-share-buttons\" data-id=\"6b34b66e\" data-element_type=\"widget\" data-settings=\"{&quot;share_url&quot;:{&quot;url&quot;:&quot;https:\\\/\\\/blogdomagno.com.br\\\/fachin-atrasa-casos-que-envolvem-moraes-e-vorcaro-ate-22-de-setembro\\\/&quot;,&quot;is_external&quot;:&quot;&quot;,&quot;nofollow&quot;:&quot;&quot;,&quot;custom_attributes&quot;:&quot;&quot;}}\" data-widget_type=\"share-buttons.default\">\n<div class=\"elementor-widget-container\">\n<div class=\"elementor-grid\"><strong>Do Poder360<\/strong><\/div>\n<\/div>\n<\/div>\n<\/div>\n<\/div>\n<\/div>\n<\/section>\n<div class=\"elementor-element elementor-element-746f5ae4 elementor-widget elementor-widget-theme-post-content\" data-id=\"746f5ae4\" data-element_type=\"widget\" data-widget_type=\"theme-post-content.default\">\n<div class=\"elementor-widget-container\">\n<p class=\"wp-block-paragraph\">O presidente do STF (Supremo Tribunal Federal), ministro Edson Fachin, deu algumas declara\u00e7\u00f5es sobre as mensagens do fundador do Banco Master, Daniel Vorcaro, para o ministro Alexandre de Moraes. Disse ao discursar em um evento no Pal\u00e1cio do Planalto na sexta-feira (4) que haver\u00e1 uma resposta \u201cfirme\u201c.<\/p>\n<div id=\"ub-expand-666f676d-63e1-4047-b753-69dc8922fdc7\" class=\"wp-block-ub-expand ub-expand\" data-scroll-type=\"false\" data-scroll-amount=\"\" data-scroll-target=\"\">\n<div id=\"ub-expand-partial-5b3e12e0-4f63-4ce5-81bb-8023b5245762\" class=\"ub-expand-portion ub-expand-partial wp-block-ub-expand-portion\" aria-hidden=\"false\">\n<p class=\"wp-block-paragraph\">Na pr\u00e1tica, entretanto, o presidente do STF tem atrasado a decis\u00e3o sobre as investiga\u00e7\u00f5es. Bastaria colocar em plen\u00e1rio o relat\u00f3rio do ministro Andr\u00e9 Mendon\u00e7a e perguntar se deveria ser aberta ou n\u00e3o uma investiga\u00e7\u00e3o sobre Moraes. Os magistrados teriam que dizer \u201csim\u201d ou \u201cn\u00e3o\u201d. Fachin est\u00e1 postergando a an\u00e1lise dos dois casos (leia mais abaixo) que envolvem Moraes e Mendon\u00e7a. Em um dos casos, a decis\u00e3o ser\u00e1 a partir de 14 de setembro. Faltar\u00e3o 20 dias para a elei\u00e7\u00e3o.<\/p>\n<\/div>\n<div id=\"ub-expand-full-5b3e12e0-4f63-4ce5-81bb-8023b5245762\" class=\"ub-expand-portion ub-expand-full wp-block-ub-expand-portion\" aria-hidden=\"false\">\n<p class=\"wp-block-paragraph\">No outro, a decis\u00e3o ter\u00e1 que ser a partir de 22 de setembro. Faltar\u00e3o 12 dias para o 1\u00ba turno das elei\u00e7\u00f5es. N\u00e3o est\u00e1 claro se o plen\u00e1rio avaliar\u00e1 cada caso separadamente ou em conjunto. Se for em conjunto, a investiga\u00e7\u00e3o sobre Moraes ter\u00e1 que ficar tamb\u00e9m para depois de 22 de setembro. O STF poder\u00e1 argumentar que n\u00e3o ser\u00e1 o momento para tomar decis\u00f5es nas duas situa\u00e7\u00f5es. Isso adiaria ainda mais a an\u00e1lise dos ministros.<\/p>\n<p class=\"wp-block-paragraph\"><strong>Entenda os dois casos<\/strong><\/p>\n<p class=\"wp-block-paragraph\">H\u00e1 duas decis\u00f5es a serem tomadas que envolvem investiga\u00e7\u00f5es sobre ministros:<\/p>\n<p class=\"wp-block-paragraph\"><strong>\u2022<\/strong>\u00a0<strong>Mendon\u00e7a contra Moraes \u2013\u00a0<\/strong>Mendon\u00e7a tirou na ter\u00e7a-feira (1\u00ba) o sigilo das investiga\u00e7\u00f5es sobre o Master. Exp\u00f4s mensagens que Vorcaro mandou para Moraes. Afirmou que o plen\u00e1rio do STF deve analisar o conte\u00fado. Fachin deu at\u00e9 sexta-feira (11) para manifesta\u00e7\u00f5es de Mendon\u00e7a, de Moraes, de Paulo Gonet e do diretor-geral da Pol\u00edcia Federal, Andrei Rodrigues. O prazo \u00e9 de 5 dias \u00fateis a partir de quinta-feira (3). Termina na sexta-feira (11). Isso coloca a an\u00e1lise do caso para depois de 14 de setembro;<\/p>\n<p class=\"wp-block-paragraph\"><strong>\u2022<\/strong>\u00a0<strong>Moraes contra Mendon\u00e7a \u2013<\/strong>\u00a0Moraes incluiu na quinta-feira (3) Mendon\u00e7a no inqu\u00e9rito das fake news, iniciado em 2019 e inconclusivo at\u00e9 hoje. Fachin tirou Mendon\u00e7a do inqu\u00e9rito na sexta-feira (4). Deu cinco dias \u00fateis para o procurador-geral da Rep\u00fablica, Paulo Gonet, dizer se o pedido de Moraes \u00e9 pertinente. Depois, Mendon\u00e7a ter\u00e1 mais cinco dias \u00fateis para se manifestar. Esse caso s\u00f3 deve ir ao plen\u00e1rio depois de 22 de setembro.<\/p>\n<\/div>\n<\/div>\n<\/div>\n<\/div>\n","protected":false},"excerpt":{"rendered":"<p>Do Poder360 O presidente do STF (Supremo Tribunal Federal), ministro Edson Fachin, deu algumas declara\u00e7\u00f5es sobre as mensagens do fundador do Banco Master, Daniel Vorcaro, para o ministro Alexandre de Moraes. Disse ao discursar em um evento no Pal\u00e1cio do Planalto na sexta-feira (4) que haver\u00e1 uma resposta \u201cfirme\u201c. Na pr\u00e1tica, entretanto, o presidente do [&hellip;]<\/p>\n","protected":false},"author":1,"featured_media":4820,"comment_status":"open","ping_status":"open","sticky":false,"template":"","format":"standard","meta":{"footnotes":"","jetpack_publicize_message":"","jetpack_publicize_feature_enabled":true,"jetpack_social_post_already_shared":true,"jetpack_social_options":{"image_generator_settings":{"template":"highway","default_image_id":0,"font":"","enabled":false},"version":2}},"categories":[37,1,65],"tags":[],"class_list":["post-4819","post","type-post","status-publish","format-standard","has-post-thumbnail","hentry","category-https-gazetapernambucana-com-page_id212","category-https-gazetapernambucana-com-page_id225","category-politica"],"yoast_head":"<!-- This site is optimized with the Yoast SEO plugin v24.5 - https:\/\/yoast.com\/wordpress\/plugins\/seo\/ -->\n<title>Fachin atrasa casos que envolvem Moraes e Vorcaro at\u00e9 22 de setembro -<\/title>\n<meta name=\"robots\" content=\"index, follow, max-snippet:-1, max-image-preview:large, max-video-preview:-1\" \/>\n<link rel=\"canonical\" href=\"https:\/\/gazetapernambucana.com\/?p=4819\" \/>\n<meta property=\"og:locale\" content=\"pt_BR\" \/>\n<meta property=\"og:type\" content=\"article\" \/>\n<meta property=\"og:title\" content=\"Fachin atrasa casos que envolvem Moraes e Vorcaro at\u00e9 22 de setembro -\" \/>\n<meta property=\"og:description\" content=\"Do Poder360 O presidente do STF (Supremo Tribunal Federal), ministro Edson Fachin, deu algumas declara\u00e7\u00f5es sobre as mensagens do fundador do Banco Master, Daniel Vorcaro, para o ministro Alexandre de Moraes. Disse ao discursar em um evento no Pal\u00e1cio do Planalto na sexta-feira (4) que haver\u00e1 uma resposta \u201cfirme\u201c. Na pr\u00e1tica, entretanto, o presidente do [&hellip;]\" \/>\n<meta property=\"og:url\" content=\"https:\/\/gazetapernambucana.com\/?p=4819\" \/>\n<meta property=\"article:published_time\" content=\"2026-09-06T20:00:42+00:00\" \/>\n<meta property=\"og:image\" content=\"http:\/\/gazetapernambucana.com\/wp-content\/uploads\/2026\/09\/stf11.jpeg\" \/>\n\t<meta property=\"og:image:width\" content=\"799\" \/>\n\t<meta property=\"og:image:height\" content=\"510\" \/>\n\t<meta property=\"og:image:type\" content=\"image\/jpeg\" \/>\n<meta name=\"author\" content=\"GP\" \/>\n<meta name=\"twitter:card\" content=\"summary_large_image\" \/>\n<meta name=\"twitter:label1\" content=\"Escrito por\" \/>\n\t<meta name=\"twitter:data1\" content=\"GP\" \/>\n\t<meta name=\"twitter:label2\" content=\"Est. tempo de leitura\" \/>\n\t<meta name=\"twitter:data2\" content=\"3 minutos\" \/>\n<script type=\"application\/ld+json\" class=\"yoast-schema-graph\">{\"@context\":\"https:\/\/schema.org\",\"@graph\":[{\"@type\":\"WebPage\",\"@id\":\"https:\/\/gazetapernambucana.com\/?p=4819\",\"url\":\"https:\/\/gazetapernambucana.com\/?p=4819\",\"name\":\"Fachin atrasa casos que envolvem Moraes e Vorcaro at\u00e9 22 de setembro -\",\"isPartOf\":{\"@id\":\"https:\/\/gazetapernambucana.com\/#website\"},\"primaryImageOfPage\":{\"@id\":\"https:\/\/gazetapernambucana.com\/?p=4819#primaryimage\"},\"image\":{\"@id\":\"https:\/\/gazetapernambucana.com\/?p=4819#primaryimage\"},\"thumbnailUrl\":\"https:\/\/gazetapernambucana.com\/wp-content\/uploads\/2026\/09\/stf11.jpeg\",\"datePublished\":\"2026-09-06T20:00:42+00:00\",\"author\":{\"@id\":\"https:\/\/gazetapernambucana.com\/#\/schema\/person\/188dc283325181ac2de4db1e9e987427\"},\"breadcrumb\":{\"@id\":\"https:\/\/gazetapernambucana.com\/?p=4819#breadcrumb\"},\"inLanguage\":\"pt-BR\",\"potentialAction\":[{\"@type\":\"ReadAction\",\"target\":[\"https:\/\/gazetapernambucana.com\/?p=4819\"]}]},{\"@type\":\"ImageObject\",\"inLanguage\":\"pt-BR\",\"@id\":\"https:\/\/gazetapernambucana.com\/?p=4819#primaryimage\",\"url\":\"https:\/\/gazetapernambucana.com\/wp-content\/uploads\/2026\/09\/stf11.jpeg\",\"contentUrl\":\"https:\/\/gazetapernambucana.com\/wp-content\/uploads\/2026\/09\/stf11.jpeg\",\"width\":799,\"height\":510},{\"@type\":\"BreadcrumbList\",\"@id\":\"https:\/\/gazetapernambucana.com\/?p=4819#breadcrumb\",\"itemListElement\":[{\"@type\":\"ListItem\",\"position\":1,\"name\":\"In\u00edcio\",\"item\":\"https:\/\/gazetapernambucana.com\/\"},{\"@type\":\"ListItem\",\"position\":2,\"name\":\"Fachin atrasa casos que envolvem Moraes e Vorcaro at\u00e9 22 de setembro\"}]},{\"@type\":\"WebSite\",\"@id\":\"https:\/\/gazetapernambucana.com\/#website\",\"url\":\"https:\/\/gazetapernambucana.com\/\",\"name\":\"\",\"description\":\"\",\"potentialAction\":[{\"@type\":\"SearchAction\",\"target\":{\"@type\":\"EntryPoint\",\"urlTemplate\":\"https:\/\/gazetapernambucana.com\/?s={search_term_string}\"},\"query-input\":{\"@type\":\"PropertyValueSpecification\",\"valueRequired\":true,\"valueName\":\"search_term_string\"}}],\"inLanguage\":\"pt-BR\"},{\"@type\":\"Person\",\"@id\":\"https:\/\/gazetapernambucana.com\/#\/schema\/person\/188dc283325181ac2de4db1e9e987427\",\"name\":\"GP\",\"image\":{\"@type\":\"ImageObject\",\"inLanguage\":\"pt-BR\",\"@id\":\"https:\/\/gazetapernambucana.com\/#\/schema\/person\/image\/\",\"url\":\"https:\/\/secure.gravatar.com\/avatar\/9dad78ff9a2d8b5742d11779f8a3f53b052320c550b2e1907882353c067bb111?s=96&d=mm&r=g\",\"contentUrl\":\"https:\/\/secure.gravatar.com\/avatar\/9dad78ff9a2d8b5742d11779f8a3f53b052320c550b2e1907882353c067bb111?s=96&d=mm&r=g\",\"caption\":\"GP\"},\"sameAs\":[\"http:\/\/gazetapernambucana.com\"],\"url\":\"https:\/\/gazetapernambucana.com\/?author=1\"}]}<\/script>\n<!-- \/ Yoast SEO plugin. -->","yoast_head_json":{"title":"Fachin atrasa casos que envolvem Moraes e Vorcaro at\u00e9 22 de setembro -","robots":{"index":"index","follow":"follow","max-snippet":"max-snippet:-1","max-image-preview":"max-image-preview:large","max-video-preview":"max-video-preview:-1"},"canonical":"https:\/\/gazetapernambucana.com\/?p=4819","og_locale":"pt_BR","og_type":"article","og_title":"Fachin atrasa casos que envolvem Moraes e Vorcaro at\u00e9 22 de setembro -","og_description":"Do Poder360 O presidente do STF (Supremo Tribunal Federal), ministro Edson Fachin, deu algumas declara\u00e7\u00f5es sobre as mensagens do fundador do Banco Master, Daniel Vorcaro, para o ministro Alexandre de Moraes. Disse ao discursar em um evento no Pal\u00e1cio do Planalto na sexta-feira (4) que haver\u00e1 uma resposta \u201cfirme\u201c. Na pr\u00e1tica, entretanto, o presidente do [&hellip;]","og_url":"https:\/\/gazetapernambucana.com\/?p=4819","article_published_time":"2026-09-06T20:00:42+00:00","og_image":[{"width":799,"height":510,"url":"http:\/\/gazetapernambucana.com\/wp-content\/uploads\/2026\/09\/stf11.jpeg","type":"image\/jpeg"}],"author":"GP","twitter_card":"summary_large_image","twitter_misc":{"Escrito por":"GP","Est. tempo de leitura":"3 minutos"},"schema":{"@context":"https:\/\/schema.org","@graph":[{"@type":"WebPage","@id":"https:\/\/gazetapernambucana.com\/?p=4819","url":"https:\/\/gazetapernambucana.com\/?p=4819","name":"Fachin atrasa casos que envolvem Moraes e Vorcaro at\u00e9 22 de setembro -","isPartOf":{"@id":"https:\/\/gazetapernambucana.com\/#website"},"primaryImageOfPage":{"@id":"https:\/\/gazetapernambucana.com\/?p=4819#primaryimage"},"image":{"@id":"https:\/\/gazetapernambucana.com\/?p=4819#primaryimage"},"thumbnailUrl":"https:\/\/gazetapernambucana.com\/wp-content\/uploads\/2026\/09\/stf11.jpeg","datePublished":"2026-09-06T20:00:42+00:00","author":{"@id":"https:\/\/gazetapernambucana.com\/#\/schema\/person\/188dc283325181ac2de4db1e9e987427"},"breadcrumb":{"@id":"https:\/\/gazetapernambucana.com\/?p=4819#breadcrumb"},"inLanguage":"pt-BR","potentialAction":[{"@type":"ReadAction","target":["https:\/\/gazetapernambucana.com\/?p=4819"]}]},{"@type":"ImageObject","inLanguage":"pt-BR","@id":"https:\/\/gazetapernambucana.com\/?p=4819#primaryimage","url":"https:\/\/gazetapernambucana.com\/wp-content\/uploads\/2026\/09\/stf11.jpeg","contentUrl":"https:\/\/gazetapernambucana.com\/wp-content\/uploads\/2026\/09\/stf11.jpeg","width":799,"height":510},{"@type":"BreadcrumbList","@id":"https:\/\/gazetapernambucana.com\/?p=4819#breadcrumb","itemListElement":[{"@type":"ListItem","position":1,"name":"In\u00edcio","item":"https:\/\/gazetapernambucana.com\/"},{"@type":"ListItem","position":2,"name":"Fachin atrasa casos que envolvem Moraes e Vorcaro at\u00e9 22 de setembro"}]},{"@type":"WebSite","@id":"https:\/\/gazetapernambucana.com\/#website","url":"https:\/\/gazetapernambucana.com\/","name":"","description":"","potentialAction":[{"@type":"SearchAction","target":{"@type":"EntryPoint","urlTemplate":"https:\/\/gazetapernambucana.com\/?s={search_term_string}"},"query-input":{"@type":"PropertyValueSpecification","valueRequired":true,"valueName":"search_term_string"}}],"inLanguage":"pt-BR"},{"@type":"Person","@id":"https:\/\/gazetapernambucana.com\/#\/schema\/person\/188dc283325181ac2de4db1e9e987427","name":"GP","image":{"@type":"ImageObject","inLanguage":"pt-BR","@id":"https:\/\/gazetapernambucana.com\/#\/schema\/person\/image\/","url":"https:\/\/secure.gravatar.com\/avatar\/9dad78ff9a2d8b5742d11779f8a3f53b052320c550b2e1907882353c067bb111?s=96&d=mm&r=g","contentUrl":"https:\/\/secure.gravatar.com\/avatar\/9dad78ff9a2d8b5742d11779f8a3f53b052320c550b2e1907882353c067bb111?s=96&d=mm&r=g","caption":"GP"},"sameAs":["http:\/\/gazetapernambucana.com"],"url":"https:\/\/gazetapernambucana.com\/?author=1"}]}},"jetpack_publicize_connections":[],"_links":{"self":[{"href":"https:\/\/gazetapernambucana.com\/index.php?rest_route=\/wp\/v2\/posts\/4819","targetHints":{"allow":["GET"]}}],"collection":[{"href":"https:\/\/gazetapernambucana.com\/index.php?rest_route=\/wp\/v2\/posts"}],"about":[{"href":"https:\/\/gazetapernambucana.com\/index.php?rest_route=\/wp\/v2\/types\/post"}],"author":[{"embeddable":true,"href":"https:\/\/gazetapernambucana.com\/index.php?rest_route=\/wp\/v2\/users\/1"}],"replies":[{"embeddable":true,"href":"https:\/\/gazetapernambucana.com\/index.php?rest_route=%2Fwp%2Fv2%2Fcomments&post=4819"}],"version-history":[{"count":1,"href":"https:\/\/gazetapernambucana.com\/index.php?rest_route=\/wp\/v2\/posts\/4819\/revisions"}],"predecessor-version":[{"id":4821,"href":"https:\/\/gazetapernambucana.com\/index.php?rest_route=\/wp\/v2\/posts\/4819\/revisions\/4821"}],"wp:featuredmedia":[{"embeddable":true,"href":"https:\/\/gazetapernambucana.com\/index.php?rest_route=\/wp\/v2\/media\/4820"}],"wp:attachment":[{"href":"https:\/\/gazetapernambucana.com\/index.php?rest_route=%2Fwp%2Fv2%2Fmedia&parent=4819"}],"wp:term":[{"taxonomy":"category","embeddable":true,"href":"https:\/\/gazetapernambucana.com\/index.php?rest_route=%2Fwp%2Fv2%2Fcategories&post=4819"},{"taxonomy":"post_tag","embeddable":true,"href":"https:\/\/gazetapernambucana.com\/index.php?rest_route=%2Fwp%2Fv2%2Ftags&post=4819"}],"curies":[{"name":"wp","href":"https:\/\/api.w.org\/{rel}","templated":true}]}}