{"id":4815,"date":"2026-09-06T16:55:53","date_gmt":"2026-09-06T19:55:53","guid":{"rendered":"https:\/\/gazetapernambucana.com\/?p=4815"},"modified":"2026-09-06T16:56:12","modified_gmt":"2026-09-06T19:56:12","slug":"alemanha-pode-ter-governo-estadual-de-extrema-direita-pela-1a-vez-desde-a-segunda-guerra","status":"publish","type":"post","link":"https:\/\/gazetapernambucana.com\/?p=4815","title":{"rendered":"Alemanha pode ter governo estadual de extrema direita pela 1\u00aa vez desde a Segunda Guerra"},"content":{"rendered":"<div class=\"elementor-element elementor-element-7d2fc729 titulo-post elementor-widget elementor-widget-theme-post-title elementor-page-title elementor-widget-heading\" data-id=\"7d2fc729\" data-element_type=\"widget\" data-widget_type=\"theme-post-title.default\">\n<div class=\"elementor-widget-container\">Os eleitores do estado de Sax\u00f4nia-Anhalt, da Alemanha, v\u00e3o \u00e0s urnas neste domingo (6) e h\u00e1 chances de um partido de extrema direita ser eleito no pa\u00eds desde a Segunda Guerra Mundial. O Partido Alternativa para a Alemanha (AfD) lidera as pesquisas com 40% dos votos. Ser\u00e1 decidido o novo Parlamento regional, bem como o novo governador.<\/div>\n<\/div>\n<div class=\"elementor-element elementor-element-746f5ae4 elementor-widget elementor-widget-theme-post-content\" data-id=\"746f5ae4\" data-element_type=\"widget\" data-widget_type=\"theme-post-content.default\">\n<div class=\"elementor-widget-container\">\n<p class=\"wp-block-paragraph\">Ulrich Siegmund, de 35 anos, \u00e9 descrito por jornais locais como \u201cO homem mais perigoso da Alemanha\u201d. Atualmente, ele \u00e9 deputado, e ganhou proje\u00e7\u00e3o nas redes sociais ao atacar imigrantes, defender uma identidade nacional e criticar a imprensa. As informa\u00e7\u00f5es s\u00e3o do Metr\u00f3poles.<\/p>\n<p class=\"wp-block-paragraph\">Embora esteja bem pontuado, o partido nunca conseguiu eleger um candidato no estado nem formar alian\u00e7as para liderar um governo estadual. Esta \u00e9 a primeira vez desde 1945, ano do fim da Segunda Guerra Mundial, que a sigla tem uma chance melhor. A vit\u00f3ria nas urnas, no entanto, n\u00e3o garante a maioria das cadeiras no Parlamento. Siegmund n\u00e3o ser\u00e1 eleito governador de forma autom\u00e1tica.<\/p>\n<p class=\"wp-block-paragraph\">A elei\u00e7\u00e3o em Sax\u00f4nia-Anhalt, que possui cerca de 2,1 milh\u00f5es de habitantes, \u00e9 vista como um teste para o chanceler Friedrich Merz, que sofre rejei\u00e7\u00e3o por conta da economia estagnada no pa\u00eds. O pa\u00eds \u00e9 atualmente comandado pelo partido conservador Uni\u00e3o Democrata-Crist\u00e3 (CDU), o mesmo do chanceler.<\/p>\n<\/div>\n<\/div>\n","protected":false},"excerpt":{"rendered":"<p>Os eleitores do estado de Sax\u00f4nia-Anhalt, da Alemanha, v\u00e3o \u00e0s urnas neste domingo (6) e h\u00e1 chances de um partido de extrema direita ser eleito no pa\u00eds desde a Segunda Guerra Mundial. O Partido Alternativa para a Alemanha (AfD) lidera as pesquisas com 40% dos votos. Ser\u00e1 decidido o novo Parlamento regional, bem como o [&hellip;]<\/p>\n","protected":false},"author":1,"featured_media":4816,"comment_status":"open","ping_status":"open","sticky":false,"template":"","format":"standard","meta":{"footnotes":"","jetpack_publicize_message":"","jetpack_publicize_feature_enabled":true,"jetpack_social_post_already_shared":true,"jetpack_social_options":{"image_generator_settings":{"template":"highway","default_image_id":0,"font":"","enabled":false},"version":2}},"categories":[1,36,65],"tags":[],"class_list":["post-4815","post","type-post","status-publish","format-standard","has-post-thumbnail","hentry","category-https-gazetapernambucana-com-page_id225","category-https-gazetapernambucana-com-page_id209","category-politica"],"yoast_head":"<!-- This site is optimized with the Yoast SEO plugin v24.5 - https:\/\/yoast.com\/wordpress\/plugins\/seo\/ -->\n<title>Alemanha pode ter governo estadual de extrema direita pela 1\u00aa vez desde a Segunda Guerra -<\/title>\n<meta name=\"robots\" content=\"index, follow, max-snippet:-1, max-image-preview:large, max-video-preview:-1\" \/>\n<link rel=\"canonical\" href=\"https:\/\/gazetapernambucana.com\/?p=4815\" \/>\n<meta property=\"og:locale\" content=\"pt_BR\" \/>\n<meta property=\"og:type\" content=\"article\" \/>\n<meta property=\"og:title\" content=\"Alemanha pode ter governo estadual de extrema direita pela 1\u00aa vez desde a Segunda Guerra -\" \/>\n<meta property=\"og:description\" content=\"Os eleitores do estado de Sax\u00f4nia-Anhalt, da Alemanha, v\u00e3o \u00e0s urnas neste domingo (6) e h\u00e1 chances de um partido de extrema direita ser eleito no pa\u00eds desde a Segunda Guerra Mundial. O Partido Alternativa para a Alemanha (AfD) lidera as pesquisas com 40% dos votos. Ser\u00e1 decidido o novo Parlamento regional, bem como o [&hellip;]\" \/>\n<meta property=\"og:url\" content=\"https:\/\/gazetapernambucana.com\/?p=4815\" \/>\n<meta property=\"article:published_time\" content=\"2026-09-06T19:55:53+00:00\" \/>\n<meta property=\"article:modified_time\" content=\"2026-09-06T19:56:12+00:00\" \/>\n<meta property=\"og:image\" content=\"http:\/\/gazetapernambucana.com\/wp-content\/uploads\/2026\/09\/2026-09-06-090816-1024x571-1.jpeg\" \/>\n\t<meta property=\"og:image:width\" content=\"1024\" \/>\n\t<meta property=\"og:image:height\" content=\"571\" \/>\n\t<meta property=\"og:image:type\" content=\"image\/jpeg\" \/>\n<meta name=\"author\" content=\"GP\" \/>\n<meta name=\"twitter:card\" content=\"summary_large_image\" \/>\n<meta name=\"twitter:label1\" content=\"Escrito por\" \/>\n\t<meta name=\"twitter:data1\" content=\"GP\" \/>\n\t<meta name=\"twitter:label2\" content=\"Est. tempo de leitura\" \/>\n\t<meta name=\"twitter:data2\" content=\"2 minutos\" \/>\n<script type=\"application\/ld+json\" class=\"yoast-schema-graph\">{\"@context\":\"https:\/\/schema.org\",\"@graph\":[{\"@type\":\"WebPage\",\"@id\":\"https:\/\/gazetapernambucana.com\/?p=4815\",\"url\":\"https:\/\/gazetapernambucana.com\/?p=4815\",\"name\":\"Alemanha pode ter governo estadual de extrema direita pela 1\u00aa vez desde a Segunda Guerra -\",\"isPartOf\":{\"@id\":\"https:\/\/gazetapernambucana.com\/#website\"},\"primaryImageOfPage\":{\"@id\":\"https:\/\/gazetapernambucana.com\/?p=4815#primaryimage\"},\"image\":{\"@id\":\"https:\/\/gazetapernambucana.com\/?p=4815#primaryimage\"},\"thumbnailUrl\":\"https:\/\/gazetapernambucana.com\/wp-content\/uploads\/2026\/09\/2026-09-06-090816-1024x571-1.jpeg\",\"datePublished\":\"2026-09-06T19:55:53+00:00\",\"dateModified\":\"2026-09-06T19:56:12+00:00\",\"author\":{\"@id\":\"https:\/\/gazetapernambucana.com\/#\/schema\/person\/188dc283325181ac2de4db1e9e987427\"},\"breadcrumb\":{\"@id\":\"https:\/\/gazetapernambucana.com\/?p=4815#breadcrumb\"},\"inLanguage\":\"pt-BR\",\"potentialAction\":[{\"@type\":\"ReadAction\",\"target\":[\"https:\/\/gazetapernambucana.com\/?p=4815\"]}]},{\"@type\":\"ImageObject\",\"inLanguage\":\"pt-BR\",\"@id\":\"https:\/\/gazetapernambucana.com\/?p=4815#primaryimage\",\"url\":\"https:\/\/gazetapernambucana.com\/wp-content\/uploads\/2026\/09\/2026-09-06-090816-1024x571-1.jpeg\",\"contentUrl\":\"https:\/\/gazetapernambucana.com\/wp-content\/uploads\/2026\/09\/2026-09-06-090816-1024x571-1.jpeg\",\"width\":1024,\"height\":571},{\"@type\":\"BreadcrumbList\",\"@id\":\"https:\/\/gazetapernambucana.com\/?p=4815#breadcrumb\",\"itemListElement\":[{\"@type\":\"ListItem\",\"position\":1,\"name\":\"In\u00edcio\",\"item\":\"https:\/\/gazetapernambucana.com\/\"},{\"@type\":\"ListItem\",\"position\":2,\"name\":\"Alemanha pode ter governo estadual de extrema direita pela 1\u00aa vez desde a Segunda Guerra\"}]},{\"@type\":\"WebSite\",\"@id\":\"https:\/\/gazetapernambucana.com\/#website\",\"url\":\"https:\/\/gazetapernambucana.com\/\",\"name\":\"\",\"description\":\"\",\"potentialAction\":[{\"@type\":\"SearchAction\",\"target\":{\"@type\":\"EntryPoint\",\"urlTemplate\":\"https:\/\/gazetapernambucana.com\/?s={search_term_string}\"},\"query-input\":{\"@type\":\"PropertyValueSpecification\",\"valueRequired\":true,\"valueName\":\"search_term_string\"}}],\"inLanguage\":\"pt-BR\"},{\"@type\":\"Person\",\"@id\":\"https:\/\/gazetapernambucana.com\/#\/schema\/person\/188dc283325181ac2de4db1e9e987427\",\"name\":\"GP\",\"image\":{\"@type\":\"ImageObject\",\"inLanguage\":\"pt-BR\",\"@id\":\"https:\/\/gazetapernambucana.com\/#\/schema\/person\/image\/\",\"url\":\"https:\/\/secure.gravatar.com\/avatar\/9dad78ff9a2d8b5742d11779f8a3f53b052320c550b2e1907882353c067bb111?s=96&d=mm&r=g\",\"contentUrl\":\"https:\/\/secure.gravatar.com\/avatar\/9dad78ff9a2d8b5742d11779f8a3f53b052320c550b2e1907882353c067bb111?s=96&d=mm&r=g\",\"caption\":\"GP\"},\"sameAs\":[\"http:\/\/gazetapernambucana.com\"],\"url\":\"https:\/\/gazetapernambucana.com\/?author=1\"}]}<\/script>\n<!-- \/ Yoast SEO plugin. -->","yoast_head_json":{"title":"Alemanha pode ter governo estadual de extrema direita pela 1\u00aa vez desde a Segunda Guerra -","robots":{"index":"index","follow":"follow","max-snippet":"max-snippet:-1","max-image-preview":"max-image-preview:large","max-video-preview":"max-video-preview:-1"},"canonical":"https:\/\/gazetapernambucana.com\/?p=4815","og_locale":"pt_BR","og_type":"article","og_title":"Alemanha pode ter governo estadual de extrema direita pela 1\u00aa vez desde a Segunda Guerra -","og_description":"Os eleitores do estado de Sax\u00f4nia-Anhalt, da Alemanha, v\u00e3o \u00e0s urnas neste domingo (6) e h\u00e1 chances de um partido de extrema direita ser eleito no pa\u00eds desde a Segunda Guerra Mundial. O Partido Alternativa para a Alemanha (AfD) lidera as pesquisas com 40% dos votos. Ser\u00e1 decidido o novo Parlamento regional, bem como o [&hellip;]","og_url":"https:\/\/gazetapernambucana.com\/?p=4815","article_published_time":"2026-09-06T19:55:53+00:00","article_modified_time":"2026-09-06T19:56:12+00:00","og_image":[{"width":1024,"height":571,"url":"http:\/\/gazetapernambucana.com\/wp-content\/uploads\/2026\/09\/2026-09-06-090816-1024x571-1.jpeg","type":"image\/jpeg"}],"author":"GP","twitter_card":"summary_large_image","twitter_misc":{"Escrito por":"GP","Est. tempo de leitura":"2 minutos"},"schema":{"@context":"https:\/\/schema.org","@graph":[{"@type":"WebPage","@id":"https:\/\/gazetapernambucana.com\/?p=4815","url":"https:\/\/gazetapernambucana.com\/?p=4815","name":"Alemanha pode ter governo estadual de extrema direita pela 1\u00aa vez desde a Segunda Guerra -","isPartOf":{"@id":"https:\/\/gazetapernambucana.com\/#website"},"primaryImageOfPage":{"@id":"https:\/\/gazetapernambucana.com\/?p=4815#primaryimage"},"image":{"@id":"https:\/\/gazetapernambucana.com\/?p=4815#primaryimage"},"thumbnailUrl":"https:\/\/gazetapernambucana.com\/wp-content\/uploads\/2026\/09\/2026-09-06-090816-1024x571-1.jpeg","datePublished":"2026-09-06T19:55:53+00:00","dateModified":"2026-09-06T19:56:12+00:00","author":{"@id":"https:\/\/gazetapernambucana.com\/#\/schema\/person\/188dc283325181ac2de4db1e9e987427"},"breadcrumb":{"@id":"https:\/\/gazetapernambucana.com\/?p=4815#breadcrumb"},"inLanguage":"pt-BR","potentialAction":[{"@type":"ReadAction","target":["https:\/\/gazetapernambucana.com\/?p=4815"]}]},{"@type":"ImageObject","inLanguage":"pt-BR","@id":"https:\/\/gazetapernambucana.com\/?p=4815#primaryimage","url":"https:\/\/gazetapernambucana.com\/wp-content\/uploads\/2026\/09\/2026-09-06-090816-1024x571-1.jpeg","contentUrl":"https:\/\/gazetapernambucana.com\/wp-content\/uploads\/2026\/09\/2026-09-06-090816-1024x571-1.jpeg","width":1024,"height":571},{"@type":"BreadcrumbList","@id":"https:\/\/gazetapernambucana.com\/?p=4815#breadcrumb","itemListElement":[{"@type":"ListItem","position":1,"name":"In\u00edcio","item":"https:\/\/gazetapernambucana.com\/"},{"@type":"ListItem","position":2,"name":"Alemanha pode ter governo estadual de extrema direita pela 1\u00aa vez desde a Segunda Guerra"}]},{"@type":"WebSite","@id":"https:\/\/gazetapernambucana.com\/#website","url":"https:\/\/gazetapernambucana.com\/","name":"","description":"","potentialAction":[{"@type":"SearchAction","target":{"@type":"EntryPoint","urlTemplate":"https:\/\/gazetapernambucana.com\/?s={search_term_string}"},"query-input":{"@type":"PropertyValueSpecification","valueRequired":true,"valueName":"search_term_string"}}],"inLanguage":"pt-BR"},{"@type":"Person","@id":"https:\/\/gazetapernambucana.com\/#\/schema\/person\/188dc283325181ac2de4db1e9e987427","name":"GP","image":{"@type":"ImageObject","inLanguage":"pt-BR","@id":"https:\/\/gazetapernambucana.com\/#\/schema\/person\/image\/","url":"https:\/\/secure.gravatar.com\/avatar\/9dad78ff9a2d8b5742d11779f8a3f53b052320c550b2e1907882353c067bb111?s=96&d=mm&r=g","contentUrl":"https:\/\/secure.gravatar.com\/avatar\/9dad78ff9a2d8b5742d11779f8a3f53b052320c550b2e1907882353c067bb111?s=96&d=mm&r=g","caption":"GP"},"sameAs":["http:\/\/gazetapernambucana.com"],"url":"https:\/\/gazetapernambucana.com\/?author=1"}]}},"jetpack_publicize_connections":[],"_links":{"self":[{"href":"https:\/\/gazetapernambucana.com\/index.php?rest_route=\/wp\/v2\/posts\/4815","targetHints":{"allow":["GET"]}}],"collection":[{"href":"https:\/\/gazetapernambucana.com\/index.php?rest_route=\/wp\/v2\/posts"}],"about":[{"href":"https:\/\/gazetapernambucana.com\/index.php?rest_route=\/wp\/v2\/types\/post"}],"author":[{"embeddable":true,"href":"https:\/\/gazetapernambucana.com\/index.php?rest_route=\/wp\/v2\/users\/1"}],"replies":[{"embeddable":true,"href":"https:\/\/gazetapernambucana.com\/index.php?rest_route=%2Fwp%2Fv2%2Fcomments&post=4815"}],"version-history":[{"count":2,"href":"https:\/\/gazetapernambucana.com\/index.php?rest_route=\/wp\/v2\/posts\/4815\/revisions"}],"predecessor-version":[{"id":4818,"href":"https:\/\/gazetapernambucana.com\/index.php?rest_route=\/wp\/v2\/posts\/4815\/revisions\/4818"}],"wp:featuredmedia":[{"embeddable":true,"href":"https:\/\/gazetapernambucana.com\/index.php?rest_route=\/wp\/v2\/media\/4816"}],"wp:attachment":[{"href":"https:\/\/gazetapernambucana.com\/index.php?rest_route=%2Fwp%2Fv2%2Fmedia&parent=4815"}],"wp:term":[{"taxonomy":"category","embeddable":true,"href":"https:\/\/gazetapernambucana.com\/index.php?rest_route=%2Fwp%2Fv2%2Fcategories&post=4815"},{"taxonomy":"post_tag","embeddable":true,"href":"https:\/\/gazetapernambucana.com\/index.php?rest_route=%2Fwp%2Fv2%2Ftags&post=4815"}],"curies":[{"name":"wp","href":"https:\/\/api.w.org\/{rel}","templated":true}]}}