{"id":4809,"date":"2026-09-06T00:21:24","date_gmt":"2026-09-06T03:21:24","guid":{"rendered":"https:\/\/gazetapernambucana.com\/?p=4809"},"modified":"2026-09-06T00:21:24","modified_gmt":"2026-09-06T03:21:24","slug":"defesa-de-lulinha-diz-que-direcionamento-de-mendonca-citado-pela-pf-deve-gerar-arquivamento","status":"publish","type":"post","link":"https:\/\/gazetapernambucana.com\/?p=4809","title":{"rendered":"Defesa de Lulinha diz que \u2018direcionamento\u2019 de Mendon\u00e7a citado pela PF deve gerar arquivamento"},"content":{"rendered":"<div class=\"elementor-element elementor-element-7d2fc729 titulo-post elementor-widget elementor-widget-theme-post-title elementor-page-title elementor-widget-heading\" data-id=\"7d2fc729\" data-element_type=\"widget\" data-widget_type=\"theme-post-title.default\">\n<div class=\"elementor-widget-container\"><\/div>\n<\/div>\n<section class=\"elementor-section elementor-inner-section elementor-element elementor-element-7e25a070 elementor-section-boxed elementor-section-height-default elementor-section-height-default\" data-id=\"7e25a070\" data-element_type=\"section\">\n<div class=\"elementor-container elementor-column-gap-default\">\n<div class=\"elementor-column elementor-col-50 elementor-inner-column elementor-element elementor-element-24f401b5\" data-id=\"24f401b5\" data-element_type=\"column\">\n<div class=\"elementor-widget-wrap elementor-element-populated\">\n<div class=\"elementor-element elementor-element-6b34b66e elementor-share-buttons--view-icon elementor-share-buttons--skin-flat elementor-share-buttons--align-right elementor-share-buttons--shape-square elementor-grid-0 elementor-share-buttons--color-official elementor-widget elementor-widget-share-buttons\" data-id=\"6b34b66e\" data-element_type=\"widget\" data-settings=\"{&quot;share_url&quot;:{&quot;url&quot;:&quot;https:\\\/\\\/blogdomagno.com.br\\\/defesa-de-lulinha-diz-que-direcionamento-de-mendonca-citado-pela-pf-deve-gerar-arquivamento\\\/&quot;,&quot;is_external&quot;:&quot;&quot;,&quot;nofollow&quot;:&quot;&quot;,&quot;custom_attributes&quot;:&quot;&quot;}}\" data-widget_type=\"share-buttons.default\">\n<div class=\"elementor-widget-container\">\n<div class=\"elementor-grid\"><strong>Por Estad\u00e3o Conte\u00fado<\/strong><\/div>\n<\/div>\n<\/div>\n<\/div>\n<\/div>\n<\/div>\n<\/section>\n<div class=\"elementor-element elementor-element-746f5ae4 elementor-widget elementor-widget-theme-post-content\" data-id=\"746f5ae4\" data-element_type=\"widget\" data-widget_type=\"theme-post-content.default\">\n<div class=\"elementor-widget-container\">\n<div id=\"ub-expand-245cd40a-1f91-45d2-acaa-bf2c7084d27d\" class=\"wp-block-ub-expand ub-expand\" data-scroll-type=\"false\" data-scroll-amount=\"\" data-scroll-target=\"\">\n<div id=\"ub-expand-partial-5b3e12e0-4f63-4ce5-81bb-8023b5245762\" class=\"ub-expand-portion ub-expand-partial wp-block-ub-expand-portion\" aria-hidden=\"false\">\n<p class=\"wp-block-paragraph\">A defesa de F\u00e1bio Lu\u00eds Lula da Silva, filho mais velho do presidente Lula, afirmou, em nota divulgada na noite de ontem (4), que o relat\u00f3rio de intelig\u00eancia da Pol\u00edcia Federal que cita direcionamento na atua\u00e7\u00e3o do ministro do Supremo Tribunal Federal (STF) Andr\u00e9 Mendon\u00e7a e da pr\u00f3pria PF corroboram as suspeitas de irregularidades apontadas anteriormente pela defesa e devem resultar no arquivamento das investiga\u00e7\u00f5es contra Lulinha.<\/p>\n<p class=\"wp-block-paragraph\">\u201cEssa contamina\u00e7\u00e3o j\u00e1 era objeto de questionamento pela defesa e foi agora corroborada pelos relat\u00f3rios de intelig\u00eancia da Pol\u00edcia Federal publicizados ontem, contendo apontamentos sobre ilegitimidade, limites e direcionamento de inqu\u00e9ritos, registrados pela pr\u00f3pria estrutura investigativa\u201d, afirmou em nota o advogado Guilherme Suguimori.<\/p>\n<\/div>\n<div id=\"ub-expand-full-5b3e12e0-4f63-4ce5-81bb-8023b5245762\" class=\"ub-expand-portion ub-expand-full wp-block-ub-expand-portion\" aria-hidden=\"false\">\n<p class=\"wp-block-paragraph\">Os relat\u00f3rios foram divulgados pelo ministro Alexandre de Moraes e usados para incluir Mendon\u00e7a no inqu\u00e9rito das Fake News sob acusa\u00e7\u00e3o de conduzir irregularmente as investiga\u00e7\u00f5es do caso Master e da Opera\u00e7\u00e3o Sem Desconto. A a\u00e7\u00e3o acirrou a tens\u00e3o no STF e foi uma rea\u00e7\u00e3o ao fato de Mendon\u00e7a ter divulgado relat\u00f3rio da PF com di\u00e1logos entre o banqueiro Daniel Vorcaro e Moraes.<\/p>\n<p class=\"wp-block-paragraph\">Como mostrou o Estad\u00e3o, os relat\u00f3rios de intelig\u00eancia divulgados s\u00e3o ap\u00f3crifos, sem cabe\u00e7alho, e se definem como \u201csem valor probat\u00f3rio\u201d. As informa\u00e7\u00f5es contidas nele n\u00e3o s\u00e3o acompanhados de elementos de corrobora\u00e7\u00e3o e s\u00e3o seguidas de coment\u00e1rios indicando a \u201cbaixa ou moderada\u201d confiabilidade dos relatos. Os relat\u00f3rios tamb\u00e9m dizem que eles n\u00e3o podem ser usados para imputar infra\u00e7\u00e3o penal ou disciplinar, que foi exatamente a utiliza\u00e7\u00e3o dada por Moraes.<\/p>\n<p class=\"wp-block-paragraph\">Mesmo com todas essas ressalvas, os relat\u00f3rios devem servir para que as defesas dos alvos das duas opera\u00e7\u00f5es solicitem a anula\u00e7\u00e3o das investiga\u00e7\u00f5es.<\/p>\n<p class=\"wp-block-paragraph\">No trecho em que fala de Lulinha, o relat\u00f3rio de intelig\u00eancia faz uma cr\u00edtica \u00e0 atua\u00e7\u00e3o da pr\u00f3pria equipe de investiga\u00e7\u00e3o por ter produzido relat\u00f3rios com men\u00e7\u00f5es ao filho do presidente e aponta uma \u201caus\u00eancia de lastro\u201d para coloc\u00e1-lo como investigado.<\/p>\n<p class=\"wp-block-paragraph\">Com base nisso, a defesa aponta que as informa\u00e7\u00f5es demandam o arquivamento da investiga\u00e7\u00e3o contra ele. \u201cF\u00e1bio Lu\u00eds Lula da Silva permanece \u00e0 disposi\u00e7\u00e3o das autoridades e provar\u00e1 sua inoc\u00eancia nos autos, mas mant\u00e9m a confian\u00e7a de que o poder judici\u00e1rio n\u00e3o fechar\u00e1 os olhos para ilegalidades, parcialidades e direcionamento pol\u00edtico que, sendo confirmados, exigem o arquivamento definitivo das investiga\u00e7\u00f5es\u201d, diz a nota da defesa.<\/p>\n<p class=\"wp-block-paragraph\">Lulinha se tornou alvo das investiga\u00e7\u00f5es depois que a Pol\u00edcia Federal identificou que ele manteve rela\u00e7\u00e3o com o empres\u00e1rio Ant\u00f4nio Camilo Antunes, o Careca do INSS, suspeito de liderar o esquema de desvios. A PF tamb\u00e9m descobriu que o Careca do INSS fez pagamentos \u00e0 lobista Roberta Luchsinger, que \u00e9 amiga de Lulinha, com o objetivo de obter a intermedia\u00e7\u00e3o de neg\u00f3cios no governo federal.<\/p>\n<p class=\"wp-block-paragraph\">Essa investiga\u00e7\u00e3o foi o principal ponto de tens\u00e3o entre a PF e o gabinete de Andr\u00e9 Mendon\u00e7a. As men\u00e7\u00f5es a Lulinha foram identificadas em dezembro do ano passado, mas n\u00e3o houve provid\u00eancias concretas sobre esses fatos at\u00e9 julho deste ano. Por isso, Mendon\u00e7a pediu \u00e0 PF o envio do material bruto com as informa\u00e7\u00f5es encontradas nos celulares e quebras de sigilo e passou a desconfiar de uma blindagem ao filho do presidente.<\/p>\n<p class=\"wp-block-paragraph\">Investigadores, por\u00e9m, vinham dizendo que a equipe policial estava priorizando a conclus\u00e3o dos inqu\u00e9ritos que tinham alvos presos, para permitir o oferecimento de den\u00fancias pelo Minist\u00e9rio P\u00fablico. Diante dessas cobran\u00e7as, a PF pediu abertura de tr\u00eas inqu\u00e9ritos para apurar suspeitas de tr\u00e1fico de influ\u00eancia e outros crimes de Lulinha no governo federal, a partir de conversas encontradas no celular de Roberta Luchsinger sobre a intermedia\u00e7\u00e3o de neg\u00f3cios no Minist\u00e9rio da Sa\u00fade, Dataprev e outros \u00f3rg\u00e3os do governo.<\/p>\n<p class=\"wp-block-paragraph\">Os pedidos de investiga\u00e7\u00e3o, por\u00e9m, tamb\u00e9m geraram atritos porque foram apresentados sem conex\u00e3o direta com o gabinete do ministro Andr\u00e9 Mendon\u00e7a, o que permitiu a distribui\u00e7\u00e3o dos inqu\u00e9ritos por sorteio no STF. Isso gerou uma desconfian\u00e7a do gabinete de que houve uma manobra da PF para tentar tirar Andr\u00e9 Mendon\u00e7a das investiga\u00e7\u00f5es de Lulinha. Dois inqu\u00e9ritos acabaram sendo distribu\u00eddos por sorteio para o pr\u00f3prio Andr\u00e9 Mendon\u00e7a e um terceiro foi enviado para o ministro Fl\u00e1vio Dino.<\/p>\n<\/div>\n<\/div>\n<\/div>\n<\/div>\n","protected":false},"excerpt":{"rendered":"<p>Por Estad\u00e3o Conte\u00fado A defesa de F\u00e1bio Lu\u00eds Lula da Silva, filho mais velho do presidente Lula, afirmou, em nota divulgada na noite de ontem (4), que o relat\u00f3rio de intelig\u00eancia da Pol\u00edcia Federal que cita direcionamento na atua\u00e7\u00e3o do ministro do Supremo Tribunal Federal (STF) Andr\u00e9 Mendon\u00e7a e da pr\u00f3pria PF corroboram as suspeitas [&hellip;]<\/p>\n","protected":false},"author":1,"featured_media":4810,"comment_status":"open","ping_status":"open","sticky":false,"template":"","format":"standard","meta":{"footnotes":"","jetpack_publicize_message":"","jetpack_publicize_feature_enabled":true,"jetpack_social_post_already_shared":true,"jetpack_social_options":{"image_generator_settings":{"template":"highway","default_image_id":0,"font":"","enabled":false},"version":2}},"categories":[37,1,65],"tags":[],"class_list":["post-4809","post","type-post","status-publish","format-standard","has-post-thumbnail","hentry","category-https-gazetapernambucana-com-page_id212","category-https-gazetapernambucana-com-page_id225","category-politica"],"yoast_head":"<!-- This site is optimized with the Yoast SEO plugin v24.5 - https:\/\/yoast.com\/wordpress\/plugins\/seo\/ -->\n<title>Defesa de Lulinha diz que \u2018direcionamento\u2019 de Mendon\u00e7a citado pela PF deve gerar arquivamento -<\/title>\n<meta name=\"robots\" content=\"index, follow, max-snippet:-1, max-image-preview:large, max-video-preview:-1\" \/>\n<link rel=\"canonical\" href=\"https:\/\/gazetapernambucana.com\/?p=4809\" \/>\n<meta property=\"og:locale\" content=\"pt_BR\" \/>\n<meta property=\"og:type\" content=\"article\" \/>\n<meta property=\"og:title\" content=\"Defesa de Lulinha diz que \u2018direcionamento\u2019 de Mendon\u00e7a citado pela PF deve gerar arquivamento -\" \/>\n<meta property=\"og:description\" content=\"Por Estad\u00e3o Conte\u00fado A defesa de F\u00e1bio Lu\u00eds Lula da Silva, filho mais velho do presidente Lula, afirmou, em nota divulgada na noite de ontem (4), que o relat\u00f3rio de intelig\u00eancia da Pol\u00edcia Federal que cita direcionamento na atua\u00e7\u00e3o do ministro do Supremo Tribunal Federal (STF) Andr\u00e9 Mendon\u00e7a e da pr\u00f3pria PF corroboram as suspeitas [&hellip;]\" \/>\n<meta property=\"og:url\" content=\"https:\/\/gazetapernambucana.com\/?p=4809\" \/>\n<meta property=\"article:published_time\" content=\"2026-09-06T03:21:24+00:00\" \/>\n<meta property=\"og:image\" content=\"http:\/\/gazetapernambucana.com\/wp-content\/uploads\/2026\/09\/16661970666350264a385f5_1666197066_3x2_rt1.jpg\" \/>\n\t<meta property=\"og:image:width\" content=\"900\" \/>\n\t<meta property=\"og:image:height\" content=\"600\" \/>\n\t<meta property=\"og:image:type\" content=\"image\/jpeg\" \/>\n<meta name=\"author\" content=\"GP\" \/>\n<meta name=\"twitter:card\" content=\"summary_large_image\" \/>\n<meta name=\"twitter:label1\" content=\"Escrito por\" \/>\n\t<meta name=\"twitter:data1\" content=\"GP\" \/>\n\t<meta name=\"twitter:label2\" content=\"Est. tempo de leitura\" \/>\n\t<meta name=\"twitter:data2\" content=\"4 minutos\" \/>\n<script type=\"application\/ld+json\" class=\"yoast-schema-graph\">{\"@context\":\"https:\/\/schema.org\",\"@graph\":[{\"@type\":\"WebPage\",\"@id\":\"https:\/\/gazetapernambucana.com\/?p=4809\",\"url\":\"https:\/\/gazetapernambucana.com\/?p=4809\",\"name\":\"Defesa de Lulinha diz que \u2018direcionamento\u2019 de Mendon\u00e7a citado pela PF deve gerar arquivamento -\",\"isPartOf\":{\"@id\":\"https:\/\/gazetapernambucana.com\/#website\"},\"primaryImageOfPage\":{\"@id\":\"https:\/\/gazetapernambucana.com\/?p=4809#primaryimage\"},\"image\":{\"@id\":\"https:\/\/gazetapernambucana.com\/?p=4809#primaryimage\"},\"thumbnailUrl\":\"https:\/\/gazetapernambucana.com\/wp-content\/uploads\/2026\/09\/16661970666350264a385f5_1666197066_3x2_rt1.jpg\",\"datePublished\":\"2026-09-06T03:21:24+00:00\",\"author\":{\"@id\":\"https:\/\/gazetapernambucana.com\/#\/schema\/person\/188dc283325181ac2de4db1e9e987427\"},\"breadcrumb\":{\"@id\":\"https:\/\/gazetapernambucana.com\/?p=4809#breadcrumb\"},\"inLanguage\":\"pt-BR\",\"potentialAction\":[{\"@type\":\"ReadAction\",\"target\":[\"https:\/\/gazetapernambucana.com\/?p=4809\"]}]},{\"@type\":\"ImageObject\",\"inLanguage\":\"pt-BR\",\"@id\":\"https:\/\/gazetapernambucana.com\/?p=4809#primaryimage\",\"url\":\"https:\/\/gazetapernambucana.com\/wp-content\/uploads\/2026\/09\/16661970666350264a385f5_1666197066_3x2_rt1.jpg\",\"contentUrl\":\"https:\/\/gazetapernambucana.com\/wp-content\/uploads\/2026\/09\/16661970666350264a385f5_1666197066_3x2_rt1.jpg\",\"width\":900,\"height\":600},{\"@type\":\"BreadcrumbList\",\"@id\":\"https:\/\/gazetapernambucana.com\/?p=4809#breadcrumb\",\"itemListElement\":[{\"@type\":\"ListItem\",\"position\":1,\"name\":\"In\u00edcio\",\"item\":\"https:\/\/gazetapernambucana.com\/\"},{\"@type\":\"ListItem\",\"position\":2,\"name\":\"Defesa de Lulinha diz que \u2018direcionamento\u2019 de Mendon\u00e7a citado pela PF deve gerar arquivamento\"}]},{\"@type\":\"WebSite\",\"@id\":\"https:\/\/gazetapernambucana.com\/#website\",\"url\":\"https:\/\/gazetapernambucana.com\/\",\"name\":\"\",\"description\":\"\",\"potentialAction\":[{\"@type\":\"SearchAction\",\"target\":{\"@type\":\"EntryPoint\",\"urlTemplate\":\"https:\/\/gazetapernambucana.com\/?s={search_term_string}\"},\"query-input\":{\"@type\":\"PropertyValueSpecification\",\"valueRequired\":true,\"valueName\":\"search_term_string\"}}],\"inLanguage\":\"pt-BR\"},{\"@type\":\"Person\",\"@id\":\"https:\/\/gazetapernambucana.com\/#\/schema\/person\/188dc283325181ac2de4db1e9e987427\",\"name\":\"GP\",\"image\":{\"@type\":\"ImageObject\",\"inLanguage\":\"pt-BR\",\"@id\":\"https:\/\/gazetapernambucana.com\/#\/schema\/person\/image\/\",\"url\":\"https:\/\/secure.gravatar.com\/avatar\/9dad78ff9a2d8b5742d11779f8a3f53b052320c550b2e1907882353c067bb111?s=96&d=mm&r=g\",\"contentUrl\":\"https:\/\/secure.gravatar.com\/avatar\/9dad78ff9a2d8b5742d11779f8a3f53b052320c550b2e1907882353c067bb111?s=96&d=mm&r=g\",\"caption\":\"GP\"},\"sameAs\":[\"http:\/\/gazetapernambucana.com\"],\"url\":\"https:\/\/gazetapernambucana.com\/?author=1\"}]}<\/script>\n<!-- \/ Yoast SEO plugin. -->","yoast_head_json":{"title":"Defesa de Lulinha diz que \u2018direcionamento\u2019 de Mendon\u00e7a citado pela PF deve gerar arquivamento -","robots":{"index":"index","follow":"follow","max-snippet":"max-snippet:-1","max-image-preview":"max-image-preview:large","max-video-preview":"max-video-preview:-1"},"canonical":"https:\/\/gazetapernambucana.com\/?p=4809","og_locale":"pt_BR","og_type":"article","og_title":"Defesa de Lulinha diz que \u2018direcionamento\u2019 de Mendon\u00e7a citado pela PF deve gerar arquivamento -","og_description":"Por Estad\u00e3o Conte\u00fado A defesa de F\u00e1bio Lu\u00eds Lula da Silva, filho mais velho do presidente Lula, afirmou, em nota divulgada na noite de ontem (4), que o relat\u00f3rio de intelig\u00eancia da Pol\u00edcia Federal que cita direcionamento na atua\u00e7\u00e3o do ministro do Supremo Tribunal Federal (STF) Andr\u00e9 Mendon\u00e7a e da pr\u00f3pria PF corroboram as suspeitas [&hellip;]","og_url":"https:\/\/gazetapernambucana.com\/?p=4809","article_published_time":"2026-09-06T03:21:24+00:00","og_image":[{"width":900,"height":600,"url":"http:\/\/gazetapernambucana.com\/wp-content\/uploads\/2026\/09\/16661970666350264a385f5_1666197066_3x2_rt1.jpg","type":"image\/jpeg"}],"author":"GP","twitter_card":"summary_large_image","twitter_misc":{"Escrito por":"GP","Est. tempo de leitura":"4 minutos"},"schema":{"@context":"https:\/\/schema.org","@graph":[{"@type":"WebPage","@id":"https:\/\/gazetapernambucana.com\/?p=4809","url":"https:\/\/gazetapernambucana.com\/?p=4809","name":"Defesa de Lulinha diz que \u2018direcionamento\u2019 de Mendon\u00e7a citado pela PF deve gerar arquivamento -","isPartOf":{"@id":"https:\/\/gazetapernambucana.com\/#website"},"primaryImageOfPage":{"@id":"https:\/\/gazetapernambucana.com\/?p=4809#primaryimage"},"image":{"@id":"https:\/\/gazetapernambucana.com\/?p=4809#primaryimage"},"thumbnailUrl":"https:\/\/gazetapernambucana.com\/wp-content\/uploads\/2026\/09\/16661970666350264a385f5_1666197066_3x2_rt1.jpg","datePublished":"2026-09-06T03:21:24+00:00","author":{"@id":"https:\/\/gazetapernambucana.com\/#\/schema\/person\/188dc283325181ac2de4db1e9e987427"},"breadcrumb":{"@id":"https:\/\/gazetapernambucana.com\/?p=4809#breadcrumb"},"inLanguage":"pt-BR","potentialAction":[{"@type":"ReadAction","target":["https:\/\/gazetapernambucana.com\/?p=4809"]}]},{"@type":"ImageObject","inLanguage":"pt-BR","@id":"https:\/\/gazetapernambucana.com\/?p=4809#primaryimage","url":"https:\/\/gazetapernambucana.com\/wp-content\/uploads\/2026\/09\/16661970666350264a385f5_1666197066_3x2_rt1.jpg","contentUrl":"https:\/\/gazetapernambucana.com\/wp-content\/uploads\/2026\/09\/16661970666350264a385f5_1666197066_3x2_rt1.jpg","width":900,"height":600},{"@type":"BreadcrumbList","@id":"https:\/\/gazetapernambucana.com\/?p=4809#breadcrumb","itemListElement":[{"@type":"ListItem","position":1,"name":"In\u00edcio","item":"https:\/\/gazetapernambucana.com\/"},{"@type":"ListItem","position":2,"name":"Defesa de Lulinha diz que \u2018direcionamento\u2019 de Mendon\u00e7a citado pela PF deve gerar arquivamento"}]},{"@type":"WebSite","@id":"https:\/\/gazetapernambucana.com\/#website","url":"https:\/\/gazetapernambucana.com\/","name":"","description":"","potentialAction":[{"@type":"SearchAction","target":{"@type":"EntryPoint","urlTemplate":"https:\/\/gazetapernambucana.com\/?s={search_term_string}"},"query-input":{"@type":"PropertyValueSpecification","valueRequired":true,"valueName":"search_term_string"}}],"inLanguage":"pt-BR"},{"@type":"Person","@id":"https:\/\/gazetapernambucana.com\/#\/schema\/person\/188dc283325181ac2de4db1e9e987427","name":"GP","image":{"@type":"ImageObject","inLanguage":"pt-BR","@id":"https:\/\/gazetapernambucana.com\/#\/schema\/person\/image\/","url":"https:\/\/secure.gravatar.com\/avatar\/9dad78ff9a2d8b5742d11779f8a3f53b052320c550b2e1907882353c067bb111?s=96&d=mm&r=g","contentUrl":"https:\/\/secure.gravatar.com\/avatar\/9dad78ff9a2d8b5742d11779f8a3f53b052320c550b2e1907882353c067bb111?s=96&d=mm&r=g","caption":"GP"},"sameAs":["http:\/\/gazetapernambucana.com"],"url":"https:\/\/gazetapernambucana.com\/?author=1"}]}},"jetpack_publicize_connections":[],"_links":{"self":[{"href":"https:\/\/gazetapernambucana.com\/index.php?rest_route=\/wp\/v2\/posts\/4809","targetHints":{"allow":["GET"]}}],"collection":[{"href":"https:\/\/gazetapernambucana.com\/index.php?rest_route=\/wp\/v2\/posts"}],"about":[{"href":"https:\/\/gazetapernambucana.com\/index.php?rest_route=\/wp\/v2\/types\/post"}],"author":[{"embeddable":true,"href":"https:\/\/gazetapernambucana.com\/index.php?rest_route=\/wp\/v2\/users\/1"}],"replies":[{"embeddable":true,"href":"https:\/\/gazetapernambucana.com\/index.php?rest_route=%2Fwp%2Fv2%2Fcomments&post=4809"}],"version-history":[{"count":1,"href":"https:\/\/gazetapernambucana.com\/index.php?rest_route=\/wp\/v2\/posts\/4809\/revisions"}],"predecessor-version":[{"id":4811,"href":"https:\/\/gazetapernambucana.com\/index.php?rest_route=\/wp\/v2\/posts\/4809\/revisions\/4811"}],"wp:featuredmedia":[{"embeddable":true,"href":"https:\/\/gazetapernambucana.com\/index.php?rest_route=\/wp\/v2\/media\/4810"}],"wp:attachment":[{"href":"https:\/\/gazetapernambucana.com\/index.php?rest_route=%2Fwp%2Fv2%2Fmedia&parent=4809"}],"wp:term":[{"taxonomy":"category","embeddable":true,"href":"https:\/\/gazetapernambucana.com\/index.php?rest_route=%2Fwp%2Fv2%2Fcategories&post=4809"},{"taxonomy":"post_tag","embeddable":true,"href":"https:\/\/gazetapernambucana.com\/index.php?rest_route=%2Fwp%2Fv2%2Ftags&post=4809"}],"curies":[{"name":"wp","href":"https:\/\/api.w.org\/{rel}","templated":true}]}}