{"id":4805,"date":"2026-09-06T00:17:05","date_gmt":"2026-09-06T03:17:05","guid":{"rendered":"https:\/\/gazetapernambucana.com\/?p=4805"},"modified":"2026-09-06T00:17:27","modified_gmt":"2026-09-06T03:17:27","slug":"fachin-indica-intencao-de-levar-ao-plenario-crise-envolvendo-moraes-e-mendonca","status":"publish","type":"post","link":"https:\/\/gazetapernambucana.com\/?p=4805","title":{"rendered":"Fachin indica inten\u00e7\u00e3o de levar ao plen\u00e1rio crise envolvendo Moraes e Mendon\u00e7a"},"content":{"rendered":"<div class=\"elementor-element elementor-element-7d2fc729 titulo-post elementor-widget elementor-widget-theme-post-title elementor-page-title elementor-widget-heading\" data-id=\"7d2fc729\" data-element_type=\"widget\" data-widget_type=\"theme-post-title.default\">\n<div class=\"elementor-widget-container\"><strong>Blog do Valdo Cruz \u2013 do g1<\/strong><\/div>\n<\/div>\n<div class=\"elementor-element elementor-element-746f5ae4 elementor-widget elementor-widget-theme-post-content\" data-id=\"746f5ae4\" data-element_type=\"widget\" data-widget_type=\"theme-post-content.default\">\n<div class=\"elementor-widget-container\">\n<div id=\"ub-expand-a7c49f17-da6e-4914-b993-1e2c795da65d\" class=\"wp-block-ub-expand ub-expand\" data-scroll-type=\"false\" data-scroll-amount=\"\" data-scroll-target=\"\">\n<div id=\"ub-expand-partial-5b3e12e0-4f63-4ce5-81bb-8023b5245762\" class=\"ub-expand-portion ub-expand-partial wp-block-ub-expand-portion\" aria-hidden=\"false\">\n<p class=\"wp-block-paragraph\">O presidente do Supremo Tribunal Federal (STF), Edson Fachin, sinalizou ao presidente Luiz In\u00e1cio Lula da Silva (PT) que pretende levar ao plen\u00e1rio da Corte os desdobramentos da crise envolvendo os ministros Alexandre de Moraes e Andr\u00e9 Mendon\u00e7a.<\/p>\n<p class=\"wp-block-paragraph\">A avalia\u00e7\u00e3o \u00e9 que as acusa\u00e7\u00f5es e questionamentos que vieram \u00e0 tona nos \u00faltimos dias precisam ser analisados pelo conjunto dos ministros, e n\u00e3o apenas por meio de decis\u00f5es individuais. Fachin tamb\u00e9m demonstrou inc\u00f4modo com a forma como os dois lados v\u00eam conduzindo o embate.<\/p>\n<\/div>\n<div id=\"ub-expand-full-5b3e12e0-4f63-4ce5-81bb-8023b5245762\" class=\"ub-expand-portion ub-expand-full wp-block-ub-expand-portion\" aria-hidden=\"false\">\n<p class=\"wp-block-paragraph\">Em discurso ontem (4), o presidente do STF afirmou que nenhuma autoridade est\u00e1 acima da Constitui\u00e7\u00e3o e que resposta a fatos \u201cgraves\u201d ser\u00e1 \u201cfirme\u201d. Ele tamb\u00e9m afirmou que a \u201cgravidade\u201d dos acontecimentos tornados p\u00fablicos nesta semana \u2013 que envolvem rela\u00e7\u00f5es do banqueiro Daniel Vorcaro com ministros da Corte e com o procurador-geral da Rep\u00fablica, Paulo Gonet, e a atua\u00e7\u00e3o de magistrados \u2013 \u201cn\u00e3o autoriza atalhos\u201d.<\/p>\n<p class=\"wp-block-paragraph\">A inten\u00e7\u00e3o, segundo relatos, \u00e9 aguardar as respostas e manifesta\u00e7\u00f5es de Moraes e Mendon\u00e7a sobre os epis\u00f3dios que deram origem \u00e0 crise antes de definir o encaminhamento. Em seguida, submeter aos demais integrantes do tribunal para uma discuss\u00e3o e, posteriormente, levar a um debate em plen\u00e1rio. A expectativa \u00e9 que tanto Moraes quanto Mendon\u00e7a sejam chamados a se declarar impedidos a votar nos julgamentos.<\/p>\n<p class=\"wp-block-paragraph\">Fachin n\u00e3o teria indicado qual ser\u00e1 sua posi\u00e7\u00e3o sobre o m\u00e9rito das acusa\u00e7\u00f5es ou qual resultado considera mais prov\u00e1vel. O encaminhamento defendido, neste momento, \u00e9 ouvir os envolvidos, reunir os elementos necess\u00e1rios e, depois, levar a discuss\u00e3o ao plen\u00e1rio do STF.<\/p>\n<\/div>\n<\/div>\n<\/div>\n<\/div>\n","protected":false},"excerpt":{"rendered":"<p>Blog do Valdo Cruz \u2013 do g1 O presidente do Supremo Tribunal Federal (STF), Edson Fachin, sinalizou ao presidente Luiz In\u00e1cio Lula da Silva (PT) que pretende levar ao plen\u00e1rio da Corte os desdobramentos da crise envolvendo os ministros Alexandre de Moraes e Andr\u00e9 Mendon\u00e7a. A avalia\u00e7\u00e3o \u00e9 que as acusa\u00e7\u00f5es e questionamentos que vieram [&hellip;]<\/p>\n","protected":false},"author":1,"featured_media":4806,"comment_status":"open","ping_status":"open","sticky":false,"template":"","format":"standard","meta":{"footnotes":"","jetpack_publicize_message":"","jetpack_publicize_feature_enabled":true,"jetpack_social_post_already_shared":true,"jetpack_social_options":{"image_generator_settings":{"template":"highway","default_image_id":0,"font":"","enabled":false},"version":2}},"categories":[37,1,65],"tags":[],"class_list":["post-4805","post","type-post","status-publish","format-standard","has-post-thumbnail","hentry","category-https-gazetapernambucana-com-page_id212","category-https-gazetapernambucana-com-page_id225","category-politica"],"yoast_head":"<!-- This site is optimized with the Yoast SEO plugin v24.5 - https:\/\/yoast.com\/wordpress\/plugins\/seo\/ -->\n<title>Fachin indica inten\u00e7\u00e3o de levar ao plen\u00e1rio crise envolvendo Moraes e Mendon\u00e7a -<\/title>\n<meta name=\"robots\" content=\"index, follow, max-snippet:-1, max-image-preview:large, max-video-preview:-1\" \/>\n<link rel=\"canonical\" href=\"https:\/\/gazetapernambucana.com\/?p=4805\" \/>\n<meta property=\"og:locale\" content=\"pt_BR\" \/>\n<meta property=\"og:type\" content=\"article\" \/>\n<meta property=\"og:title\" content=\"Fachin indica inten\u00e7\u00e3o de levar ao plen\u00e1rio crise envolvendo Moraes e Mendon\u00e7a -\" \/>\n<meta property=\"og:description\" content=\"Blog do Valdo Cruz \u2013 do g1 O presidente do Supremo Tribunal Federal (STF), Edson Fachin, sinalizou ao presidente Luiz In\u00e1cio Lula da Silva (PT) que pretende levar ao plen\u00e1rio da Corte os desdobramentos da crise envolvendo os ministros Alexandre de Moraes e Andr\u00e9 Mendon\u00e7a. A avalia\u00e7\u00e3o \u00e9 que as acusa\u00e7\u00f5es e questionamentos que vieram [&hellip;]\" \/>\n<meta property=\"og:url\" content=\"https:\/\/gazetapernambucana.com\/?p=4805\" \/>\n<meta property=\"article:published_time\" content=\"2026-09-06T03:17:05+00:00\" \/>\n<meta property=\"article:modified_time\" content=\"2026-09-06T03:17:27+00:00\" \/>\n<meta property=\"og:image\" content=\"http:\/\/gazetapernambucana.com\/wp-content\/uploads\/2026\/09\/image_processing20220221-11373-1llujyl.jpeg\" \/>\n\t<meta property=\"og:image:width\" content=\"800\" \/>\n\t<meta property=\"og:image:height\" content=\"480\" \/>\n\t<meta property=\"og:image:type\" content=\"image\/jpeg\" \/>\n<meta name=\"author\" content=\"GP\" \/>\n<meta name=\"twitter:card\" content=\"summary_large_image\" \/>\n<meta name=\"twitter:label1\" content=\"Escrito por\" \/>\n\t<meta name=\"twitter:data1\" content=\"GP\" \/>\n\t<meta name=\"twitter:label2\" content=\"Est. tempo de leitura\" \/>\n\t<meta name=\"twitter:data2\" content=\"2 minutos\" \/>\n<script type=\"application\/ld+json\" class=\"yoast-schema-graph\">{\"@context\":\"https:\/\/schema.org\",\"@graph\":[{\"@type\":\"WebPage\",\"@id\":\"https:\/\/gazetapernambucana.com\/?p=4805\",\"url\":\"https:\/\/gazetapernambucana.com\/?p=4805\",\"name\":\"Fachin indica inten\u00e7\u00e3o de levar ao plen\u00e1rio crise envolvendo Moraes e Mendon\u00e7a -\",\"isPartOf\":{\"@id\":\"https:\/\/gazetapernambucana.com\/#website\"},\"primaryImageOfPage\":{\"@id\":\"https:\/\/gazetapernambucana.com\/?p=4805#primaryimage\"},\"image\":{\"@id\":\"https:\/\/gazetapernambucana.com\/?p=4805#primaryimage\"},\"thumbnailUrl\":\"https:\/\/gazetapernambucana.com\/wp-content\/uploads\/2026\/09\/image_processing20220221-11373-1llujyl.jpeg\",\"datePublished\":\"2026-09-06T03:17:05+00:00\",\"dateModified\":\"2026-09-06T03:17:27+00:00\",\"author\":{\"@id\":\"https:\/\/gazetapernambucana.com\/#\/schema\/person\/188dc283325181ac2de4db1e9e987427\"},\"breadcrumb\":{\"@id\":\"https:\/\/gazetapernambucana.com\/?p=4805#breadcrumb\"},\"inLanguage\":\"pt-BR\",\"potentialAction\":[{\"@type\":\"ReadAction\",\"target\":[\"https:\/\/gazetapernambucana.com\/?p=4805\"]}]},{\"@type\":\"ImageObject\",\"inLanguage\":\"pt-BR\",\"@id\":\"https:\/\/gazetapernambucana.com\/?p=4805#primaryimage\",\"url\":\"https:\/\/gazetapernambucana.com\/wp-content\/uploads\/2026\/09\/image_processing20220221-11373-1llujyl.jpeg\",\"contentUrl\":\"https:\/\/gazetapernambucana.com\/wp-content\/uploads\/2026\/09\/image_processing20220221-11373-1llujyl.jpeg\",\"width\":800,\"height\":480},{\"@type\":\"BreadcrumbList\",\"@id\":\"https:\/\/gazetapernambucana.com\/?p=4805#breadcrumb\",\"itemListElement\":[{\"@type\":\"ListItem\",\"position\":1,\"name\":\"In\u00edcio\",\"item\":\"https:\/\/gazetapernambucana.com\/\"},{\"@type\":\"ListItem\",\"position\":2,\"name\":\"Fachin indica inten\u00e7\u00e3o de levar ao plen\u00e1rio crise envolvendo Moraes e Mendon\u00e7a\"}]},{\"@type\":\"WebSite\",\"@id\":\"https:\/\/gazetapernambucana.com\/#website\",\"url\":\"https:\/\/gazetapernambucana.com\/\",\"name\":\"\",\"description\":\"\",\"potentialAction\":[{\"@type\":\"SearchAction\",\"target\":{\"@type\":\"EntryPoint\",\"urlTemplate\":\"https:\/\/gazetapernambucana.com\/?s={search_term_string}\"},\"query-input\":{\"@type\":\"PropertyValueSpecification\",\"valueRequired\":true,\"valueName\":\"search_term_string\"}}],\"inLanguage\":\"pt-BR\"},{\"@type\":\"Person\",\"@id\":\"https:\/\/gazetapernambucana.com\/#\/schema\/person\/188dc283325181ac2de4db1e9e987427\",\"name\":\"GP\",\"image\":{\"@type\":\"ImageObject\",\"inLanguage\":\"pt-BR\",\"@id\":\"https:\/\/gazetapernambucana.com\/#\/schema\/person\/image\/\",\"url\":\"https:\/\/secure.gravatar.com\/avatar\/9dad78ff9a2d8b5742d11779f8a3f53b052320c550b2e1907882353c067bb111?s=96&d=mm&r=g\",\"contentUrl\":\"https:\/\/secure.gravatar.com\/avatar\/9dad78ff9a2d8b5742d11779f8a3f53b052320c550b2e1907882353c067bb111?s=96&d=mm&r=g\",\"caption\":\"GP\"},\"sameAs\":[\"http:\/\/gazetapernambucana.com\"],\"url\":\"https:\/\/gazetapernambucana.com\/?author=1\"}]}<\/script>\n<!-- \/ Yoast SEO plugin. -->","yoast_head_json":{"title":"Fachin indica inten\u00e7\u00e3o de levar ao plen\u00e1rio crise envolvendo Moraes e Mendon\u00e7a -","robots":{"index":"index","follow":"follow","max-snippet":"max-snippet:-1","max-image-preview":"max-image-preview:large","max-video-preview":"max-video-preview:-1"},"canonical":"https:\/\/gazetapernambucana.com\/?p=4805","og_locale":"pt_BR","og_type":"article","og_title":"Fachin indica inten\u00e7\u00e3o de levar ao plen\u00e1rio crise envolvendo Moraes e Mendon\u00e7a -","og_description":"Blog do Valdo Cruz \u2013 do g1 O presidente do Supremo Tribunal Federal (STF), Edson Fachin, sinalizou ao presidente Luiz In\u00e1cio Lula da Silva (PT) que pretende levar ao plen\u00e1rio da Corte os desdobramentos da crise envolvendo os ministros Alexandre de Moraes e Andr\u00e9 Mendon\u00e7a. A avalia\u00e7\u00e3o \u00e9 que as acusa\u00e7\u00f5es e questionamentos que vieram [&hellip;]","og_url":"https:\/\/gazetapernambucana.com\/?p=4805","article_published_time":"2026-09-06T03:17:05+00:00","article_modified_time":"2026-09-06T03:17:27+00:00","og_image":[{"width":800,"height":480,"url":"http:\/\/gazetapernambucana.com\/wp-content\/uploads\/2026\/09\/image_processing20220221-11373-1llujyl.jpeg","type":"image\/jpeg"}],"author":"GP","twitter_card":"summary_large_image","twitter_misc":{"Escrito por":"GP","Est. tempo de leitura":"2 minutos"},"schema":{"@context":"https:\/\/schema.org","@graph":[{"@type":"WebPage","@id":"https:\/\/gazetapernambucana.com\/?p=4805","url":"https:\/\/gazetapernambucana.com\/?p=4805","name":"Fachin indica inten\u00e7\u00e3o de levar ao plen\u00e1rio crise envolvendo Moraes e Mendon\u00e7a -","isPartOf":{"@id":"https:\/\/gazetapernambucana.com\/#website"},"primaryImageOfPage":{"@id":"https:\/\/gazetapernambucana.com\/?p=4805#primaryimage"},"image":{"@id":"https:\/\/gazetapernambucana.com\/?p=4805#primaryimage"},"thumbnailUrl":"https:\/\/gazetapernambucana.com\/wp-content\/uploads\/2026\/09\/image_processing20220221-11373-1llujyl.jpeg","datePublished":"2026-09-06T03:17:05+00:00","dateModified":"2026-09-06T03:17:27+00:00","author":{"@id":"https:\/\/gazetapernambucana.com\/#\/schema\/person\/188dc283325181ac2de4db1e9e987427"},"breadcrumb":{"@id":"https:\/\/gazetapernambucana.com\/?p=4805#breadcrumb"},"inLanguage":"pt-BR","potentialAction":[{"@type":"ReadAction","target":["https:\/\/gazetapernambucana.com\/?p=4805"]}]},{"@type":"ImageObject","inLanguage":"pt-BR","@id":"https:\/\/gazetapernambucana.com\/?p=4805#primaryimage","url":"https:\/\/gazetapernambucana.com\/wp-content\/uploads\/2026\/09\/image_processing20220221-11373-1llujyl.jpeg","contentUrl":"https:\/\/gazetapernambucana.com\/wp-content\/uploads\/2026\/09\/image_processing20220221-11373-1llujyl.jpeg","width":800,"height":480},{"@type":"BreadcrumbList","@id":"https:\/\/gazetapernambucana.com\/?p=4805#breadcrumb","itemListElement":[{"@type":"ListItem","position":1,"name":"In\u00edcio","item":"https:\/\/gazetapernambucana.com\/"},{"@type":"ListItem","position":2,"name":"Fachin indica inten\u00e7\u00e3o de levar ao plen\u00e1rio crise envolvendo Moraes e Mendon\u00e7a"}]},{"@type":"WebSite","@id":"https:\/\/gazetapernambucana.com\/#website","url":"https:\/\/gazetapernambucana.com\/","name":"","description":"","potentialAction":[{"@type":"SearchAction","target":{"@type":"EntryPoint","urlTemplate":"https:\/\/gazetapernambucana.com\/?s={search_term_string}"},"query-input":{"@type":"PropertyValueSpecification","valueRequired":true,"valueName":"search_term_string"}}],"inLanguage":"pt-BR"},{"@type":"Person","@id":"https:\/\/gazetapernambucana.com\/#\/schema\/person\/188dc283325181ac2de4db1e9e987427","name":"GP","image":{"@type":"ImageObject","inLanguage":"pt-BR","@id":"https:\/\/gazetapernambucana.com\/#\/schema\/person\/image\/","url":"https:\/\/secure.gravatar.com\/avatar\/9dad78ff9a2d8b5742d11779f8a3f53b052320c550b2e1907882353c067bb111?s=96&d=mm&r=g","contentUrl":"https:\/\/secure.gravatar.com\/avatar\/9dad78ff9a2d8b5742d11779f8a3f53b052320c550b2e1907882353c067bb111?s=96&d=mm&r=g","caption":"GP"},"sameAs":["http:\/\/gazetapernambucana.com"],"url":"https:\/\/gazetapernambucana.com\/?author=1"}]}},"jetpack_publicize_connections":[],"_links":{"self":[{"href":"https:\/\/gazetapernambucana.com\/index.php?rest_route=\/wp\/v2\/posts\/4805","targetHints":{"allow":["GET"]}}],"collection":[{"href":"https:\/\/gazetapernambucana.com\/index.php?rest_route=\/wp\/v2\/posts"}],"about":[{"href":"https:\/\/gazetapernambucana.com\/index.php?rest_route=\/wp\/v2\/types\/post"}],"author":[{"embeddable":true,"href":"https:\/\/gazetapernambucana.com\/index.php?rest_route=\/wp\/v2\/users\/1"}],"replies":[{"embeddable":true,"href":"https:\/\/gazetapernambucana.com\/index.php?rest_route=%2Fwp%2Fv2%2Fcomments&post=4805"}],"version-history":[{"count":2,"href":"https:\/\/gazetapernambucana.com\/index.php?rest_route=\/wp\/v2\/posts\/4805\/revisions"}],"predecessor-version":[{"id":4808,"href":"https:\/\/gazetapernambucana.com\/index.php?rest_route=\/wp\/v2\/posts\/4805\/revisions\/4808"}],"wp:featuredmedia":[{"embeddable":true,"href":"https:\/\/gazetapernambucana.com\/index.php?rest_route=\/wp\/v2\/media\/4806"}],"wp:attachment":[{"href":"https:\/\/gazetapernambucana.com\/index.php?rest_route=%2Fwp%2Fv2%2Fmedia&parent=4805"}],"wp:term":[{"taxonomy":"category","embeddable":true,"href":"https:\/\/gazetapernambucana.com\/index.php?rest_route=%2Fwp%2Fv2%2Fcategories&post=4805"},{"taxonomy":"post_tag","embeddable":true,"href":"https:\/\/gazetapernambucana.com\/index.php?rest_route=%2Fwp%2Fv2%2Ftags&post=4805"}],"curies":[{"name":"wp","href":"https:\/\/api.w.org\/{rel}","templated":true}]}}