{"id":4799,"date":"2026-09-06T00:09:00","date_gmt":"2026-09-06T03:09:00","guid":{"rendered":"https:\/\/gazetapernambucana.com\/?p=4799"},"modified":"2026-09-06T00:09:00","modified_gmt":"2026-09-06T03:09:00","slug":"em-garanhuns-raquel-lyra-menciona-obras-executadas-na-cidade-e-agradece-a-lula-por-parceria","status":"publish","type":"post","link":"https:\/\/gazetapernambucana.com\/?p=4799","title":{"rendered":"Em Garanhuns, Raquel Lyra menciona obras executadas na cidade e agradece a Lula por parceria"},"content":{"rendered":"<div class=\"elementor-element elementor-element-7f30e03 elementor-widget elementor-widget-image\" data-id=\"7f30e03\" data-element_type=\"widget\" data-widget_type=\"image.default\">\n<div class=\"elementor-widget-container\"><strong>Do Blog da Folha<\/strong><\/div>\n<\/div>\n<div class=\"elementor-element elementor-element-746f5ae4 elementor-widget elementor-widget-theme-post-content\" data-id=\"746f5ae4\" data-element_type=\"widget\" data-widget_type=\"theme-post-content.default\">\n<div class=\"elementor-widget-container\">\n<div id=\"ub-expand-1698f94e-fde6-440a-8172-7e4b3a230700\" class=\"wp-block-ub-expand ub-expand\" data-scroll-type=\"false\" data-scroll-amount=\"\" data-scroll-target=\"\">\n<div id=\"ub-expand-partial-5b3e12e0-4f63-4ce5-81bb-8023b5245762\" class=\"ub-expand-portion ub-expand-partial wp-block-ub-expand-portion\" aria-hidden=\"false\">\n<p class=\"wp-block-paragraph\">A governadora e candidata \u00e0 reelei\u00e7\u00e3o pelo PSD, Raquel Lyra, realizou, neste s\u00e1bado (5), uma caminhada em Garanhuns, no Agreste de Pernambuco, ao lado da vice-governadora e candidata \u00e0 reelei\u00e7\u00e3o, Priscila Krause (PSD), e dos candidatos ao Senado na chapa governista, os deputados federais T\u00falio Gad\u00ealha (PSD) e Eduardo da Fonte (PP).<\/p>\n<p class=\"wp-block-paragraph\">No ato de campanha na cidade administrada pelo prefeito Sivaldo Albino (PSB), aliado do candidato do PSB e advers\u00e1rio da chefe do Executivo estadual na disputa pelo governo, Jo\u00e3o Campos, Raquel discursou sobre entregas e a\u00e7\u00f5es no munic\u00edpio.<\/p>\n<\/div>\n<div id=\"ub-expand-full-5b3e12e0-4f63-4ce5-81bb-8023b5245762\" class=\"ub-expand-portion ub-expand-full wp-block-ub-expand-portion\" aria-hidden=\"false\">\n<p class=\"wp-block-paragraph\">\u201cEssa onda de amor, a nossa onda cabe todas as cores. A gente acredita na pot\u00eancia do nosso estado, na for\u00e7a da uni\u00e3o sem querer separar ningu\u00e9m. Estamos aqui pelo amor a Pernambuco. Eu sou filha desse interior e eu sei o quanto nos custou n\u00e3o ter um governo que enxergasse quem vive aqui e \u00e9 por isso que voc\u00eas me levaram para o Pal\u00e1cio do Campo das Princesas. A gente j\u00e1, j\u00e1 vai ter o Hospital Mestre Dominguinhos pronto, j\u00e1, j\u00e1 n\u00f3s vamos ter o Hospital da Mulher pronto, o IML est\u00e1 na reta final da obra, tem novas creches, tem mais estrada, tem mais \u00e1gua. Pernambuco voltou!\u201d, disse Raquel.<\/p>\n<p class=\"wp-block-paragraph\">Segundo Raquel, a administra\u00e7\u00e3o dela destinou ao Hospital Mestre Dominguinhos R$ 125,8 milh\u00f5es e mais R$ 39,6 milh\u00f5es estimados para a equipagem da unidade. Tamb\u00e9m no ato, a governadora destacou a parceria com o governo federal e com o presidente Luiz In\u00e1cio Lula da Silva (PT) para a constru\u00e7\u00e3o da maternidade no munic\u00edpio, a duplica\u00e7\u00e3o da BR-423 e a retomada da Transnordestina e real\u00e7ou a articula\u00e7\u00e3o dela para viabilizar essas e outras a\u00e7\u00f5es com a gest\u00e3o federal como parceira.<\/p>\n<p class=\"wp-block-paragraph\">\u201cEu quero aqui fazer um agradecimento especial \u00e0 parceria com o presidente Lula. A maternidade de Garanhuns \u00e9 uma parceria com o governo federal, mas foi mainha que foi buscar o dinheiro l\u00e1. A BR-423 est\u00e1 em obra, estamos acompanhando de perto, a Transnordestina voltou e n\u00e3o vamos parar por a\u00ed\u201d, afirmou a chefe do Executivo pernambucano.<\/p>\n<p class=\"wp-block-paragraph\">Acompanharam Raquel os prefeitos de Salo\u00e1, J\u00fanior de Rivaldo; de \u00c1guas Belas, Dr. Elton Martins; de Bom Conselho, Ed\u00e9zio Ferreira Filho; de Terezinha, Arn\u00f3bio Gomes; de Jurema, Branco de Geraldo; de Palmares, J\u00fanior de Beto; de S\u00e3o Jo\u00e3o, Wilson Lima; de Capoeiras, Nego do Mercado; e de Lagoa dos Gatos, St\u00eanio Fernandes; al\u00e9m de parlamentares e outras lideran\u00e7as.<\/p>\n<\/div>\n<\/div>\n<\/div>\n<\/div>\n","protected":false},"excerpt":{"rendered":"<p>Do Blog da Folha A governadora e candidata \u00e0 reelei\u00e7\u00e3o pelo PSD, Raquel Lyra, realizou, neste s\u00e1bado (5), uma caminhada em Garanhuns, no Agreste de Pernambuco, ao lado da vice-governadora e candidata \u00e0 reelei\u00e7\u00e3o, Priscila Krause (PSD), e dos candidatos ao Senado na chapa governista, os deputados federais T\u00falio Gad\u00ealha (PSD) e Eduardo da Fonte [&hellip;]<\/p>\n","protected":false},"author":1,"featured_media":4800,"comment_status":"open","ping_status":"open","sticky":false,"template":"","format":"standard","meta":{"footnotes":"","jetpack_publicize_message":"","jetpack_publicize_feature_enabled":true,"jetpack_social_post_already_shared":true,"jetpack_social_options":{"image_generator_settings":{"template":"highway","default_image_id":0,"font":"","enabled":false},"version":2}},"categories":[66,1,65],"tags":[],"class_list":["post-4799","post","type-post","status-publish","format-standard","has-post-thumbnail","hentry","category-cidades","category-https-gazetapernambucana-com-page_id225","category-politica"],"yoast_head":"<!-- This site is optimized with the Yoast SEO plugin v24.5 - https:\/\/yoast.com\/wordpress\/plugins\/seo\/ -->\n<title>Em Garanhuns, Raquel Lyra menciona obras executadas na cidade e agradece a Lula por parceria -<\/title>\n<meta name=\"robots\" content=\"index, follow, max-snippet:-1, max-image-preview:large, max-video-preview:-1\" \/>\n<link rel=\"canonical\" href=\"https:\/\/gazetapernambucana.com\/?p=4799\" \/>\n<meta property=\"og:locale\" content=\"pt_BR\" \/>\n<meta property=\"og:type\" content=\"article\" \/>\n<meta property=\"og:title\" content=\"Em Garanhuns, Raquel Lyra menciona obras executadas na cidade e agradece a Lula por parceria -\" \/>\n<meta property=\"og:description\" content=\"Do Blog da Folha A governadora e candidata \u00e0 reelei\u00e7\u00e3o pelo PSD, Raquel Lyra, realizou, neste s\u00e1bado (5), uma caminhada em Garanhuns, no Agreste de Pernambuco, ao lado da vice-governadora e candidata \u00e0 reelei\u00e7\u00e3o, Priscila Krause (PSD), e dos candidatos ao Senado na chapa governista, os deputados federais T\u00falio Gad\u00ealha (PSD) e Eduardo da Fonte [&hellip;]\" \/>\n<meta property=\"og:url\" content=\"https:\/\/gazetapernambucana.com\/?p=4799\" \/>\n<meta property=\"article:published_time\" content=\"2026-09-06T03:09:00+00:00\" \/>\n<meta property=\"og:image\" content=\"http:\/\/gazetapernambucana.com\/wp-content\/uploads\/2026\/09\/whatsapp-image-2026-09-05-at-160730-1024x683-1.jpeg\" \/>\n\t<meta property=\"og:image:width\" content=\"1024\" \/>\n\t<meta property=\"og:image:height\" content=\"683\" \/>\n\t<meta property=\"og:image:type\" content=\"image\/jpeg\" \/>\n<meta name=\"author\" content=\"GP\" \/>\n<meta name=\"twitter:card\" content=\"summary_large_image\" \/>\n<meta name=\"twitter:label1\" content=\"Escrito por\" \/>\n\t<meta name=\"twitter:data1\" content=\"GP\" \/>\n\t<meta name=\"twitter:label2\" content=\"Est. tempo de leitura\" \/>\n\t<meta name=\"twitter:data2\" content=\"3 minutos\" \/>\n<script type=\"application\/ld+json\" class=\"yoast-schema-graph\">{\"@context\":\"https:\/\/schema.org\",\"@graph\":[{\"@type\":\"WebPage\",\"@id\":\"https:\/\/gazetapernambucana.com\/?p=4799\",\"url\":\"https:\/\/gazetapernambucana.com\/?p=4799\",\"name\":\"Em Garanhuns, Raquel Lyra menciona obras executadas na cidade e agradece a Lula por parceria -\",\"isPartOf\":{\"@id\":\"https:\/\/gazetapernambucana.com\/#website\"},\"primaryImageOfPage\":{\"@id\":\"https:\/\/gazetapernambucana.com\/?p=4799#primaryimage\"},\"image\":{\"@id\":\"https:\/\/gazetapernambucana.com\/?p=4799#primaryimage\"},\"thumbnailUrl\":\"https:\/\/gazetapernambucana.com\/wp-content\/uploads\/2026\/09\/whatsapp-image-2026-09-05-at-160730-1024x683-1.jpeg\",\"datePublished\":\"2026-09-06T03:09:00+00:00\",\"author\":{\"@id\":\"https:\/\/gazetapernambucana.com\/#\/schema\/person\/188dc283325181ac2de4db1e9e987427\"},\"breadcrumb\":{\"@id\":\"https:\/\/gazetapernambucana.com\/?p=4799#breadcrumb\"},\"inLanguage\":\"pt-BR\",\"potentialAction\":[{\"@type\":\"ReadAction\",\"target\":[\"https:\/\/gazetapernambucana.com\/?p=4799\"]}]},{\"@type\":\"ImageObject\",\"inLanguage\":\"pt-BR\",\"@id\":\"https:\/\/gazetapernambucana.com\/?p=4799#primaryimage\",\"url\":\"https:\/\/gazetapernambucana.com\/wp-content\/uploads\/2026\/09\/whatsapp-image-2026-09-05-at-160730-1024x683-1.jpeg\",\"contentUrl\":\"https:\/\/gazetapernambucana.com\/wp-content\/uploads\/2026\/09\/whatsapp-image-2026-09-05-at-160730-1024x683-1.jpeg\",\"width\":1024,\"height\":683},{\"@type\":\"BreadcrumbList\",\"@id\":\"https:\/\/gazetapernambucana.com\/?p=4799#breadcrumb\",\"itemListElement\":[{\"@type\":\"ListItem\",\"position\":1,\"name\":\"In\u00edcio\",\"item\":\"https:\/\/gazetapernambucana.com\/\"},{\"@type\":\"ListItem\",\"position\":2,\"name\":\"Em Garanhuns, Raquel Lyra menciona obras executadas na cidade e agradece a Lula por parceria\"}]},{\"@type\":\"WebSite\",\"@id\":\"https:\/\/gazetapernambucana.com\/#website\",\"url\":\"https:\/\/gazetapernambucana.com\/\",\"name\":\"\",\"description\":\"\",\"potentialAction\":[{\"@type\":\"SearchAction\",\"target\":{\"@type\":\"EntryPoint\",\"urlTemplate\":\"https:\/\/gazetapernambucana.com\/?s={search_term_string}\"},\"query-input\":{\"@type\":\"PropertyValueSpecification\",\"valueRequired\":true,\"valueName\":\"search_term_string\"}}],\"inLanguage\":\"pt-BR\"},{\"@type\":\"Person\",\"@id\":\"https:\/\/gazetapernambucana.com\/#\/schema\/person\/188dc283325181ac2de4db1e9e987427\",\"name\":\"GP\",\"image\":{\"@type\":\"ImageObject\",\"inLanguage\":\"pt-BR\",\"@id\":\"https:\/\/gazetapernambucana.com\/#\/schema\/person\/image\/\",\"url\":\"https:\/\/secure.gravatar.com\/avatar\/9dad78ff9a2d8b5742d11779f8a3f53b052320c550b2e1907882353c067bb111?s=96&d=mm&r=g\",\"contentUrl\":\"https:\/\/secure.gravatar.com\/avatar\/9dad78ff9a2d8b5742d11779f8a3f53b052320c550b2e1907882353c067bb111?s=96&d=mm&r=g\",\"caption\":\"GP\"},\"sameAs\":[\"http:\/\/gazetapernambucana.com\"],\"url\":\"https:\/\/gazetapernambucana.com\/?author=1\"}]}<\/script>\n<!-- \/ Yoast SEO plugin. -->","yoast_head_json":{"title":"Em Garanhuns, Raquel Lyra menciona obras executadas na cidade e agradece a Lula por parceria -","robots":{"index":"index","follow":"follow","max-snippet":"max-snippet:-1","max-image-preview":"max-image-preview:large","max-video-preview":"max-video-preview:-1"},"canonical":"https:\/\/gazetapernambucana.com\/?p=4799","og_locale":"pt_BR","og_type":"article","og_title":"Em Garanhuns, Raquel Lyra menciona obras executadas na cidade e agradece a Lula por parceria -","og_description":"Do Blog da Folha A governadora e candidata \u00e0 reelei\u00e7\u00e3o pelo PSD, Raquel Lyra, realizou, neste s\u00e1bado (5), uma caminhada em Garanhuns, no Agreste de Pernambuco, ao lado da vice-governadora e candidata \u00e0 reelei\u00e7\u00e3o, Priscila Krause (PSD), e dos candidatos ao Senado na chapa governista, os deputados federais T\u00falio Gad\u00ealha (PSD) e Eduardo da Fonte [&hellip;]","og_url":"https:\/\/gazetapernambucana.com\/?p=4799","article_published_time":"2026-09-06T03:09:00+00:00","og_image":[{"width":1024,"height":683,"url":"http:\/\/gazetapernambucana.com\/wp-content\/uploads\/2026\/09\/whatsapp-image-2026-09-05-at-160730-1024x683-1.jpeg","type":"image\/jpeg"}],"author":"GP","twitter_card":"summary_large_image","twitter_misc":{"Escrito por":"GP","Est. tempo de leitura":"3 minutos"},"schema":{"@context":"https:\/\/schema.org","@graph":[{"@type":"WebPage","@id":"https:\/\/gazetapernambucana.com\/?p=4799","url":"https:\/\/gazetapernambucana.com\/?p=4799","name":"Em Garanhuns, Raquel Lyra menciona obras executadas na cidade e agradece a Lula por parceria -","isPartOf":{"@id":"https:\/\/gazetapernambucana.com\/#website"},"primaryImageOfPage":{"@id":"https:\/\/gazetapernambucana.com\/?p=4799#primaryimage"},"image":{"@id":"https:\/\/gazetapernambucana.com\/?p=4799#primaryimage"},"thumbnailUrl":"https:\/\/gazetapernambucana.com\/wp-content\/uploads\/2026\/09\/whatsapp-image-2026-09-05-at-160730-1024x683-1.jpeg","datePublished":"2026-09-06T03:09:00+00:00","author":{"@id":"https:\/\/gazetapernambucana.com\/#\/schema\/person\/188dc283325181ac2de4db1e9e987427"},"breadcrumb":{"@id":"https:\/\/gazetapernambucana.com\/?p=4799#breadcrumb"},"inLanguage":"pt-BR","potentialAction":[{"@type":"ReadAction","target":["https:\/\/gazetapernambucana.com\/?p=4799"]}]},{"@type":"ImageObject","inLanguage":"pt-BR","@id":"https:\/\/gazetapernambucana.com\/?p=4799#primaryimage","url":"https:\/\/gazetapernambucana.com\/wp-content\/uploads\/2026\/09\/whatsapp-image-2026-09-05-at-160730-1024x683-1.jpeg","contentUrl":"https:\/\/gazetapernambucana.com\/wp-content\/uploads\/2026\/09\/whatsapp-image-2026-09-05-at-160730-1024x683-1.jpeg","width":1024,"height":683},{"@type":"BreadcrumbList","@id":"https:\/\/gazetapernambucana.com\/?p=4799#breadcrumb","itemListElement":[{"@type":"ListItem","position":1,"name":"In\u00edcio","item":"https:\/\/gazetapernambucana.com\/"},{"@type":"ListItem","position":2,"name":"Em Garanhuns, Raquel Lyra menciona obras executadas na cidade e agradece a Lula por parceria"}]},{"@type":"WebSite","@id":"https:\/\/gazetapernambucana.com\/#website","url":"https:\/\/gazetapernambucana.com\/","name":"","description":"","potentialAction":[{"@type":"SearchAction","target":{"@type":"EntryPoint","urlTemplate":"https:\/\/gazetapernambucana.com\/?s={search_term_string}"},"query-input":{"@type":"PropertyValueSpecification","valueRequired":true,"valueName":"search_term_string"}}],"inLanguage":"pt-BR"},{"@type":"Person","@id":"https:\/\/gazetapernambucana.com\/#\/schema\/person\/188dc283325181ac2de4db1e9e987427","name":"GP","image":{"@type":"ImageObject","inLanguage":"pt-BR","@id":"https:\/\/gazetapernambucana.com\/#\/schema\/person\/image\/","url":"https:\/\/secure.gravatar.com\/avatar\/9dad78ff9a2d8b5742d11779f8a3f53b052320c550b2e1907882353c067bb111?s=96&d=mm&r=g","contentUrl":"https:\/\/secure.gravatar.com\/avatar\/9dad78ff9a2d8b5742d11779f8a3f53b052320c550b2e1907882353c067bb111?s=96&d=mm&r=g","caption":"GP"},"sameAs":["http:\/\/gazetapernambucana.com"],"url":"https:\/\/gazetapernambucana.com\/?author=1"}]}},"jetpack_publicize_connections":[],"_links":{"self":[{"href":"https:\/\/gazetapernambucana.com\/index.php?rest_route=\/wp\/v2\/posts\/4799","targetHints":{"allow":["GET"]}}],"collection":[{"href":"https:\/\/gazetapernambucana.com\/index.php?rest_route=\/wp\/v2\/posts"}],"about":[{"href":"https:\/\/gazetapernambucana.com\/index.php?rest_route=\/wp\/v2\/types\/post"}],"author":[{"embeddable":true,"href":"https:\/\/gazetapernambucana.com\/index.php?rest_route=\/wp\/v2\/users\/1"}],"replies":[{"embeddable":true,"href":"https:\/\/gazetapernambucana.com\/index.php?rest_route=%2Fwp%2Fv2%2Fcomments&post=4799"}],"version-history":[{"count":1,"href":"https:\/\/gazetapernambucana.com\/index.php?rest_route=\/wp\/v2\/posts\/4799\/revisions"}],"predecessor-version":[{"id":4801,"href":"https:\/\/gazetapernambucana.com\/index.php?rest_route=\/wp\/v2\/posts\/4799\/revisions\/4801"}],"wp:featuredmedia":[{"embeddable":true,"href":"https:\/\/gazetapernambucana.com\/index.php?rest_route=\/wp\/v2\/media\/4800"}],"wp:attachment":[{"href":"https:\/\/gazetapernambucana.com\/index.php?rest_route=%2Fwp%2Fv2%2Fmedia&parent=4799"}],"wp:term":[{"taxonomy":"category","embeddable":true,"href":"https:\/\/gazetapernambucana.com\/index.php?rest_route=%2Fwp%2Fv2%2Fcategories&post=4799"},{"taxonomy":"post_tag","embeddable":true,"href":"https:\/\/gazetapernambucana.com\/index.php?rest_route=%2Fwp%2Fv2%2Ftags&post=4799"}],"curies":[{"name":"wp","href":"https:\/\/api.w.org\/{rel}","templated":true}]}}