{"id":4796,"date":"2026-09-06T00:06:28","date_gmt":"2026-09-06T03:06:28","guid":{"rendered":"https:\/\/gazetapernambucana.com\/?p=4796"},"modified":"2026-09-06T00:06:28","modified_gmt":"2026-09-06T03:06:28","slug":"lula-nao-quero-depender-da-china-e-dos-eua-queremos-inteligencia-artificial-em-portugues","status":"publish","type":"post","link":"https:\/\/gazetapernambucana.com\/?p=4796","title":{"rendered":"Lula: n\u00e3o quero depender da China e dos EUA, queremos intelig\u00eancia artificial em portugu\u00eas"},"content":{"rendered":"<div class=\"elementor-element elementor-element-7f30e03 elementor-widget elementor-widget-image\" data-id=\"7f30e03\" data-element_type=\"widget\" data-widget_type=\"image.default\">\n<div class=\"elementor-widget-container\"><strong>Por Estad\u00e3o Conte\u00fado<\/strong><\/div>\n<\/div>\n<div class=\"elementor-element elementor-element-746f5ae4 elementor-widget elementor-widget-theme-post-content\" data-id=\"746f5ae4\" data-element_type=\"widget\" data-widget_type=\"theme-post-content.default\">\n<div class=\"elementor-widget-container\">\n<div id=\"ub-expand-be062462-2df8-40a9-83c9-366491b3b564\" class=\"wp-block-ub-expand ub-expand\" data-scroll-type=\"false\" data-scroll-amount=\"\" data-scroll-target=\"\">\n<div id=\"ub-expand-partial-1b453f89-af8c-47d8-b857-ff4507e9bf61\" class=\"ub-expand-portion ub-expand-partial wp-block-ub-expand-portion\" aria-hidden=\"false\">\n<p class=\"wp-block-paragraph\">O presidente da Rep\u00fablica e candidato \u00e0 reelei\u00e7\u00e3o, Luiz In\u00e1cio Lula da Silva (PT), afirmou, neste s\u00e1bado (5), que o Brasil n\u00e3o quer depender da China ou dos Estados Unidos no desenvolvimento de intelig\u00eancia artificial e defendeu uma tecnologia produzida em portugu\u00eas.<\/p>\n<p class=\"wp-block-paragraph\">Durante com\u00edcio em S\u00e3o Jos\u00e9 do Rio Preto (SP), Lula tamb\u00e9m destacou o uso do gov.br e afirmou que 178 milh\u00f5es de pessoas se conectam ao governo pela plataforma.<\/p>\n<\/div>\n<div id=\"ub-expand-full-1b453f89-af8c-47d8-b857-ff4507e9bf61\" class=\"ub-expand-portion ub-expand-full wp-block-ub-expand-portion\" aria-hidden=\"false\">\n<p class=\"wp-block-paragraph\">O petista vinculou esse avan\u00e7o \u00e0 estrat\u00e9gia de ampliar a infraestrutura tecnol\u00f3gica no Pa\u00eds. Segundo ele, a aprova\u00e7\u00e3o do Redata pelo Senado abre possibilidade de atrair R$ 500 bilh\u00f5es em investimentos para data centers no Brasil.<\/p>\n<p class=\"wp-block-paragraph\">\u201cQuem vier produzir aqui data center vai ter que produzir sua pr\u00f3pria energia\u201d, afirmou. Ele disse ainda que o objetivo \u00e9 aproveitar a disponibilidade de energia barata no Pa\u00eds para atrair novos projetos e ampliar a capacidade tecnol\u00f3gica brasileira.<\/p>\n<p class=\"wp-block-paragraph\"><strong>\u2018Pensar o futuro \u00e9 aumentar o sal\u00e1rio m\u00ednimo acima da infla\u00e7\u00e3o\u2019<\/strong><\/p>\n<p class=\"wp-block-paragraph\">Lula tamb\u00e9m afirmou neste s\u00e1bado que \u201cpensar o futuro\u201d passa por aumentar o sal\u00e1rio m\u00ednimo acima da infla\u00e7\u00e3o e rebateu cr\u00edticas do advers\u00e1rio Fl\u00e1vio Bolsonaro sobre o custo de vida no Pa\u00eds. \u201cPensar no futuro \u00e9 acabar com a fila do INSS. Pensar no futuro \u00e9 ter o menor \u00edndice de desemprego na hist\u00f3ria desse pa\u00eds\u201d, complementou Lula durante com\u00edcio em S\u00e3o Jos\u00e9 do Rio Preto (SP).<\/p>\n<p class=\"wp-block-paragraph\">O petista afirmou que a infla\u00e7\u00e3o de alimentos foi de 56,17% nos quatro anos do governo anterior, ante 13,6% durante os quatro anos de sua gest\u00e3o. O IPCA, \u00edndice oficial de infla\u00e7\u00e3o do Pa\u00eds, acumulava alta de 4,64% em 12 meses at\u00e9 junho de 2026. No m\u00eas, o grupo Alimenta\u00e7\u00e3o e Bebidas recuou 0,24%, segundo o IBGE.<\/p>\n<p class=\"wp-block-paragraph\">Lula tamb\u00e9m afirmou que n\u00e3o pretende entrar em uma disputa eleitoral baseada apenas em acusa\u00e7\u00f5es. \u201cSe a gente for entrar na briga pol\u00edtica das mentiras, ficar acusando, a gente vai se igualar a eles\u201d, disse.<\/p>\n<p class=\"wp-block-paragraph\">As declara\u00e7\u00f5es ocorreram durante com\u00edcio, ao lado do candidato a governador de S\u00e3o Paulo pelo PT, Fernando Haddad, e das candidatas ao Senado Federal pela chapa governista, Marina Silva e Simone Tebet.<\/p>\n<p class=\"wp-block-paragraph\">Ap\u00f3s o ato, Lula realiza uma visita ao campus da Universidade Federal de S\u00e3o Carlos (UFSCar) no munic\u00edpio. Mais cedo, o candidato esteve no Hospital de Amor de Barretos (SP). No fim da tarde, o petista volta a Bras\u00edlia.<\/p>\n<\/div>\n<\/div>\n<\/div>\n<\/div>\n","protected":false},"excerpt":{"rendered":"<p>Por Estad\u00e3o Conte\u00fado O presidente da Rep\u00fablica e candidato \u00e0 reelei\u00e7\u00e3o, Luiz In\u00e1cio Lula da Silva (PT), afirmou, neste s\u00e1bado (5), que o Brasil n\u00e3o quer depender da China ou dos Estados Unidos no desenvolvimento de intelig\u00eancia artificial e defendeu uma tecnologia produzida em portugu\u00eas. Durante com\u00edcio em S\u00e3o Jos\u00e9 do Rio Preto (SP), Lula [&hellip;]<\/p>\n","protected":false},"author":1,"featured_media":4797,"comment_status":"open","ping_status":"open","sticky":false,"template":"","format":"standard","meta":{"footnotes":"","jetpack_publicize_message":"","jetpack_publicize_feature_enabled":true,"jetpack_social_post_already_shared":true,"jetpack_social_options":{"image_generator_settings":{"template":"highway","default_image_id":0,"font":"","enabled":false},"version":2}},"categories":[37,1,65],"tags":[],"class_list":["post-4796","post","type-post","status-publish","format-standard","has-post-thumbnail","hentry","category-https-gazetapernambucana-com-page_id212","category-https-gazetapernambucana-com-page_id225","category-politica"],"yoast_head":"<!-- This site is optimized with the Yoast SEO plugin v24.5 - https:\/\/yoast.com\/wordpress\/plugins\/seo\/ -->\n<title>Lula: n\u00e3o quero depender da China e dos EUA, queremos intelig\u00eancia artificial em portugu\u00eas -<\/title>\n<meta name=\"robots\" content=\"index, follow, max-snippet:-1, max-image-preview:large, max-video-preview:-1\" \/>\n<link rel=\"canonical\" href=\"https:\/\/gazetapernambucana.com\/?p=4796\" \/>\n<meta property=\"og:locale\" content=\"pt_BR\" \/>\n<meta property=\"og:type\" content=\"article\" \/>\n<meta property=\"og:title\" content=\"Lula: n\u00e3o quero depender da China e dos EUA, queremos intelig\u00eancia artificial em portugu\u00eas -\" \/>\n<meta property=\"og:description\" content=\"Por Estad\u00e3o Conte\u00fado O presidente da Rep\u00fablica e candidato \u00e0 reelei\u00e7\u00e3o, Luiz In\u00e1cio Lula da Silva (PT), afirmou, neste s\u00e1bado (5), que o Brasil n\u00e3o quer depender da China ou dos Estados Unidos no desenvolvimento de intelig\u00eancia artificial e defendeu uma tecnologia produzida em portugu\u00eas. Durante com\u00edcio em S\u00e3o Jos\u00e9 do Rio Preto (SP), Lula [&hellip;]\" \/>\n<meta property=\"og:url\" content=\"https:\/\/gazetapernambucana.com\/?p=4796\" \/>\n<meta property=\"article:published_time\" content=\"2026-09-06T03:06:28+00:00\" \/>\n<meta property=\"og:image\" content=\"http:\/\/gazetapernambucana.com\/wp-content\/uploads\/2026\/09\/lula.jpeg\" \/>\n\t<meta property=\"og:image:width\" content=\"888\" \/>\n\t<meta property=\"og:image:height\" content=\"592\" \/>\n\t<meta property=\"og:image:type\" content=\"image\/jpeg\" \/>\n<meta name=\"author\" content=\"GP\" \/>\n<meta name=\"twitter:card\" content=\"summary_large_image\" \/>\n<meta name=\"twitter:label1\" content=\"Escrito por\" \/>\n\t<meta name=\"twitter:data1\" content=\"GP\" \/>\n\t<meta name=\"twitter:label2\" content=\"Est. tempo de leitura\" \/>\n\t<meta name=\"twitter:data2\" content=\"3 minutos\" \/>\n<script type=\"application\/ld+json\" class=\"yoast-schema-graph\">{\"@context\":\"https:\/\/schema.org\",\"@graph\":[{\"@type\":\"WebPage\",\"@id\":\"https:\/\/gazetapernambucana.com\/?p=4796\",\"url\":\"https:\/\/gazetapernambucana.com\/?p=4796\",\"name\":\"Lula: n\u00e3o quero depender da China e dos EUA, queremos intelig\u00eancia artificial em portugu\u00eas -\",\"isPartOf\":{\"@id\":\"https:\/\/gazetapernambucana.com\/#website\"},\"primaryImageOfPage\":{\"@id\":\"https:\/\/gazetapernambucana.com\/?p=4796#primaryimage\"},\"image\":{\"@id\":\"https:\/\/gazetapernambucana.com\/?p=4796#primaryimage\"},\"thumbnailUrl\":\"https:\/\/gazetapernambucana.com\/wp-content\/uploads\/2026\/09\/lula.jpeg\",\"datePublished\":\"2026-09-06T03:06:28+00:00\",\"author\":{\"@id\":\"https:\/\/gazetapernambucana.com\/#\/schema\/person\/188dc283325181ac2de4db1e9e987427\"},\"breadcrumb\":{\"@id\":\"https:\/\/gazetapernambucana.com\/?p=4796#breadcrumb\"},\"inLanguage\":\"pt-BR\",\"potentialAction\":[{\"@type\":\"ReadAction\",\"target\":[\"https:\/\/gazetapernambucana.com\/?p=4796\"]}]},{\"@type\":\"ImageObject\",\"inLanguage\":\"pt-BR\",\"@id\":\"https:\/\/gazetapernambucana.com\/?p=4796#primaryimage\",\"url\":\"https:\/\/gazetapernambucana.com\/wp-content\/uploads\/2026\/09\/lula.jpeg\",\"contentUrl\":\"https:\/\/gazetapernambucana.com\/wp-content\/uploads\/2026\/09\/lula.jpeg\",\"width\":888,\"height\":592},{\"@type\":\"BreadcrumbList\",\"@id\":\"https:\/\/gazetapernambucana.com\/?p=4796#breadcrumb\",\"itemListElement\":[{\"@type\":\"ListItem\",\"position\":1,\"name\":\"In\u00edcio\",\"item\":\"https:\/\/gazetapernambucana.com\/\"},{\"@type\":\"ListItem\",\"position\":2,\"name\":\"Lula: n\u00e3o quero depender da China e dos EUA, queremos intelig\u00eancia artificial em portugu\u00eas\"}]},{\"@type\":\"WebSite\",\"@id\":\"https:\/\/gazetapernambucana.com\/#website\",\"url\":\"https:\/\/gazetapernambucana.com\/\",\"name\":\"\",\"description\":\"\",\"potentialAction\":[{\"@type\":\"SearchAction\",\"target\":{\"@type\":\"EntryPoint\",\"urlTemplate\":\"https:\/\/gazetapernambucana.com\/?s={search_term_string}\"},\"query-input\":{\"@type\":\"PropertyValueSpecification\",\"valueRequired\":true,\"valueName\":\"search_term_string\"}}],\"inLanguage\":\"pt-BR\"},{\"@type\":\"Person\",\"@id\":\"https:\/\/gazetapernambucana.com\/#\/schema\/person\/188dc283325181ac2de4db1e9e987427\",\"name\":\"GP\",\"image\":{\"@type\":\"ImageObject\",\"inLanguage\":\"pt-BR\",\"@id\":\"https:\/\/gazetapernambucana.com\/#\/schema\/person\/image\/\",\"url\":\"https:\/\/secure.gravatar.com\/avatar\/9dad78ff9a2d8b5742d11779f8a3f53b052320c550b2e1907882353c067bb111?s=96&d=mm&r=g\",\"contentUrl\":\"https:\/\/secure.gravatar.com\/avatar\/9dad78ff9a2d8b5742d11779f8a3f53b052320c550b2e1907882353c067bb111?s=96&d=mm&r=g\",\"caption\":\"GP\"},\"sameAs\":[\"http:\/\/gazetapernambucana.com\"],\"url\":\"https:\/\/gazetapernambucana.com\/?author=1\"}]}<\/script>\n<!-- \/ Yoast SEO plugin. -->","yoast_head_json":{"title":"Lula: n\u00e3o quero depender da China e dos EUA, queremos intelig\u00eancia artificial em portugu\u00eas -","robots":{"index":"index","follow":"follow","max-snippet":"max-snippet:-1","max-image-preview":"max-image-preview:large","max-video-preview":"max-video-preview:-1"},"canonical":"https:\/\/gazetapernambucana.com\/?p=4796","og_locale":"pt_BR","og_type":"article","og_title":"Lula: n\u00e3o quero depender da China e dos EUA, queremos intelig\u00eancia artificial em portugu\u00eas -","og_description":"Por Estad\u00e3o Conte\u00fado O presidente da Rep\u00fablica e candidato \u00e0 reelei\u00e7\u00e3o, Luiz In\u00e1cio Lula da Silva (PT), afirmou, neste s\u00e1bado (5), que o Brasil n\u00e3o quer depender da China ou dos Estados Unidos no desenvolvimento de intelig\u00eancia artificial e defendeu uma tecnologia produzida em portugu\u00eas. Durante com\u00edcio em S\u00e3o Jos\u00e9 do Rio Preto (SP), Lula [&hellip;]","og_url":"https:\/\/gazetapernambucana.com\/?p=4796","article_published_time":"2026-09-06T03:06:28+00:00","og_image":[{"width":888,"height":592,"url":"http:\/\/gazetapernambucana.com\/wp-content\/uploads\/2026\/09\/lula.jpeg","type":"image\/jpeg"}],"author":"GP","twitter_card":"summary_large_image","twitter_misc":{"Escrito por":"GP","Est. tempo de leitura":"3 minutos"},"schema":{"@context":"https:\/\/schema.org","@graph":[{"@type":"WebPage","@id":"https:\/\/gazetapernambucana.com\/?p=4796","url":"https:\/\/gazetapernambucana.com\/?p=4796","name":"Lula: n\u00e3o quero depender da China e dos EUA, queremos intelig\u00eancia artificial em portugu\u00eas -","isPartOf":{"@id":"https:\/\/gazetapernambucana.com\/#website"},"primaryImageOfPage":{"@id":"https:\/\/gazetapernambucana.com\/?p=4796#primaryimage"},"image":{"@id":"https:\/\/gazetapernambucana.com\/?p=4796#primaryimage"},"thumbnailUrl":"https:\/\/gazetapernambucana.com\/wp-content\/uploads\/2026\/09\/lula.jpeg","datePublished":"2026-09-06T03:06:28+00:00","author":{"@id":"https:\/\/gazetapernambucana.com\/#\/schema\/person\/188dc283325181ac2de4db1e9e987427"},"breadcrumb":{"@id":"https:\/\/gazetapernambucana.com\/?p=4796#breadcrumb"},"inLanguage":"pt-BR","potentialAction":[{"@type":"ReadAction","target":["https:\/\/gazetapernambucana.com\/?p=4796"]}]},{"@type":"ImageObject","inLanguage":"pt-BR","@id":"https:\/\/gazetapernambucana.com\/?p=4796#primaryimage","url":"https:\/\/gazetapernambucana.com\/wp-content\/uploads\/2026\/09\/lula.jpeg","contentUrl":"https:\/\/gazetapernambucana.com\/wp-content\/uploads\/2026\/09\/lula.jpeg","width":888,"height":592},{"@type":"BreadcrumbList","@id":"https:\/\/gazetapernambucana.com\/?p=4796#breadcrumb","itemListElement":[{"@type":"ListItem","position":1,"name":"In\u00edcio","item":"https:\/\/gazetapernambucana.com\/"},{"@type":"ListItem","position":2,"name":"Lula: n\u00e3o quero depender da China e dos EUA, queremos intelig\u00eancia artificial em portugu\u00eas"}]},{"@type":"WebSite","@id":"https:\/\/gazetapernambucana.com\/#website","url":"https:\/\/gazetapernambucana.com\/","name":"","description":"","potentialAction":[{"@type":"SearchAction","target":{"@type":"EntryPoint","urlTemplate":"https:\/\/gazetapernambucana.com\/?s={search_term_string}"},"query-input":{"@type":"PropertyValueSpecification","valueRequired":true,"valueName":"search_term_string"}}],"inLanguage":"pt-BR"},{"@type":"Person","@id":"https:\/\/gazetapernambucana.com\/#\/schema\/person\/188dc283325181ac2de4db1e9e987427","name":"GP","image":{"@type":"ImageObject","inLanguage":"pt-BR","@id":"https:\/\/gazetapernambucana.com\/#\/schema\/person\/image\/","url":"https:\/\/secure.gravatar.com\/avatar\/9dad78ff9a2d8b5742d11779f8a3f53b052320c550b2e1907882353c067bb111?s=96&d=mm&r=g","contentUrl":"https:\/\/secure.gravatar.com\/avatar\/9dad78ff9a2d8b5742d11779f8a3f53b052320c550b2e1907882353c067bb111?s=96&d=mm&r=g","caption":"GP"},"sameAs":["http:\/\/gazetapernambucana.com"],"url":"https:\/\/gazetapernambucana.com\/?author=1"}]}},"jetpack_publicize_connections":[],"_links":{"self":[{"href":"https:\/\/gazetapernambucana.com\/index.php?rest_route=\/wp\/v2\/posts\/4796","targetHints":{"allow":["GET"]}}],"collection":[{"href":"https:\/\/gazetapernambucana.com\/index.php?rest_route=\/wp\/v2\/posts"}],"about":[{"href":"https:\/\/gazetapernambucana.com\/index.php?rest_route=\/wp\/v2\/types\/post"}],"author":[{"embeddable":true,"href":"https:\/\/gazetapernambucana.com\/index.php?rest_route=\/wp\/v2\/users\/1"}],"replies":[{"embeddable":true,"href":"https:\/\/gazetapernambucana.com\/index.php?rest_route=%2Fwp%2Fv2%2Fcomments&post=4796"}],"version-history":[{"count":1,"href":"https:\/\/gazetapernambucana.com\/index.php?rest_route=\/wp\/v2\/posts\/4796\/revisions"}],"predecessor-version":[{"id":4798,"href":"https:\/\/gazetapernambucana.com\/index.php?rest_route=\/wp\/v2\/posts\/4796\/revisions\/4798"}],"wp:featuredmedia":[{"embeddable":true,"href":"https:\/\/gazetapernambucana.com\/index.php?rest_route=\/wp\/v2\/media\/4797"}],"wp:attachment":[{"href":"https:\/\/gazetapernambucana.com\/index.php?rest_route=%2Fwp%2Fv2%2Fmedia&parent=4796"}],"wp:term":[{"taxonomy":"category","embeddable":true,"href":"https:\/\/gazetapernambucana.com\/index.php?rest_route=%2Fwp%2Fv2%2Fcategories&post=4796"},{"taxonomy":"post_tag","embeddable":true,"href":"https:\/\/gazetapernambucana.com\/index.php?rest_route=%2Fwp%2Fv2%2Ftags&post=4796"}],"curies":[{"name":"wp","href":"https:\/\/api.w.org\/{rel}","templated":true}]}}