{"id":4790,"date":"2026-09-05T23:17:48","date_gmt":"2026-09-06T02:17:48","guid":{"rendered":"https:\/\/gazetapernambucana.com\/?p=4790"},"modified":"2026-09-05T23:17:48","modified_gmt":"2026-09-06T02:17:48","slug":"tulio-gadelha-e-raquel-lyra-uma-parceria-que-transforma-pernambuco","status":"publish","type":"post","link":"https:\/\/gazetapernambucana.com\/?p=4790","title":{"rendered":"T\u00falio Gadelha e Raquel Lyra: uma parceria que transforma Pernambuco"},"content":{"rendered":"<p class=\"ds-markdown-paragraph\"><strong><span class=\"\">Deputado federal e candidato ao Senado refor\u00e7a compromisso com as grandes obras do estado ao lado da governadora<\/span><\/strong><\/p>\n<p class=\"ds-markdown-paragraph\"><span class=\"\">Pernambuco vive um momento de retomada. Grandes obras de infraestrutura, mobilidade e desenvolvimento social est\u00e3o transformando a realidade da popula\u00e7\u00e3o em todas as regi\u00f5es do estado. E no centro desse processo est\u00e1 uma parceria que vem dando resultado: a da governadora Raquel Lyra (PSD) com o deputado federal e candidato ao Senado T\u00falio Gadelha (PSD).<\/span><\/p>\n<p class=\"ds-markdown-paragraph\"><span class=\"\">Em publica\u00e7\u00e3o recente em suas redes sociais, T\u00falio Gadelha deixou clara sua miss\u00e3o:\u00a0<\/span><em><span class=\"\">&#8220;Nosso estado precisa de parcerias para continuar as grandes obras que transformam a vida das pessoas. Por isso, serei seu novo Senador, trabalhando junto com Raquel para levar Pernambuco ainda mais longe.&#8221;<\/span><\/em><span class=\"\">\u00a0A mensagem, acompanhada de um v\u00eddeo que mostra de perto o trabalho conjunto e as obras em andamento, traduz o esp\u00edrito de uma campanha constru\u00edda sobre realiza\u00e7\u00f5es concretas.<\/span><\/p>\n<h2><span class=\"\">Uma trajet\u00f3ria de luta e representatividade<\/span><\/h2>\n<p class=\"ds-markdown-paragraph\"><span class=\"\">Natural do Recife, nascido em 12 de novembro de 1987, T\u00falio Gad\u00ealha Sales de Melo \u00e9 formado em Direito e iniciou sua vida p\u00fablica como militante estudantil<\/span><span class=\"\">. Eleito deputado federal em 2018 e reeleito em 2022, consolidou-se como uma das principais vozes progressistas de Pernambuco<\/span><span class=\"\">. Agora, filiado ao PSD, foi convidado pela governadora Raquel Lyra e pelo presidente nacional do partido, Gilberto Kassab, para disputar uma vaga ao Senado Federal na chapa governista<\/span><span class=\"\">.<\/span><\/p>\n<p class=\"ds-markdown-paragraph\"><span class=\"\">Sua trajet\u00f3ria \u00e9 marcada pelo compromisso com a educa\u00e7\u00e3o, os direitos humanos e a pol\u00edtica participativa<\/span><span class=\"\">. Mas \u00e9 na defesa das obras estruturantes para o estado que T\u00falio tem se destacado nos \u00faltimos anos.<\/span><\/p>\n<h2><span class=\"\">Obras que chegam a todas as regi\u00f5es<\/span><\/h2>\n<p class=\"ds-markdown-paragraph\"><span class=\"\">A parceria entre T\u00falio Gadelha e Raquel Lyra j\u00e1 entregou resultados expressivos. Um dos exemplos mais recentes foi a requalifica\u00e7\u00e3o da PE-130, em Taquaritinga do Norte. Com 19,5 quil\u00f4metros de extens\u00e3o e mais de R$ 20 milh\u00f5es em investimentos, a obra fortalece a mobilidade e impulsiona o desenvolvimento do Polo T\u00eaxtil do Agreste, beneficiando diretamente mais de 48 mil pessoas<\/span><span class=\"\">.<\/span><\/p>\n<p class=\"ds-markdown-paragraph\"><span class=\"\">O trabalho conjunto tamb\u00e9m se estende a outras frentes. T\u00falio acompanhou a governadora em agendas de obras em Palmares, na Zona da Mata Sul<\/span><span class=\"\">, e esteve presente na entrega das obras de duplica\u00e7\u00e3o e restaura\u00e7\u00e3o da BR-104\/PE, em Toritama<\/span><span class=\"\">. O deputado tem destacado que a parceria entre os governos estadual e federal tem resultado em avan\u00e7os concretos para a popula\u00e7\u00e3o<\/span><span class=\"\">.<\/span><\/p>\n<p class=\"ds-markdown-paragraph\"><span class=\"\">Em 2026, T\u00falio tamb\u00e9m anunciou uma emenda participativa de R$ 400 mil para o cal\u00e7amento da Ladeira do Barro Branco, no Territ\u00f3rio Pankararu, no Sert\u00e3o de Pernambuco \u2014 uma demanda hist\u00f3rica das comunidades ind\u00edgenas da regi\u00e3o<\/span><span class=\"\">. A obra garante mais seguran\u00e7a, acessibilidade e dignidade \u00e0 popula\u00e7\u00e3o local<\/span><span class=\"\">.<\/span><\/p>\n<h2><span class=\"\">O que T\u00falio Gadelha promete para o Senado<\/span><\/h2>\n<p class=\"ds-markdown-paragraph\"><span class=\"\">Caso eleito, T\u00falio Gadelha afirma que vai trabalhar para acelerar a entrega de obras de infraestrutura em Pernambuco<\/span><span class=\"\">. Entre as prioridades est\u00e3o projetos estruturantes como a Transnordestina e o Canal do Sert\u00e3o, que vai levar \u00e1gua para o Sert\u00e3o do Araripe \u2014 projeto que ele j\u00e1 entregou pessoalmente ao presidente Lula<\/span><span class=\"\">.<\/span><\/p>\n<p class=\"ds-markdown-paragraph\"><em><span class=\"\">&#8220;Come\u00e7ar o mandato em 2027 trabalhando para ajudar a caminhar obras estruturantes&#8221;<\/span><\/em><span class=\"\">\u00a0\u00e9 o compromisso do candidato<\/span><span class=\"\">. Ele tamb\u00e9m defende pautas como o fim da escala 6&#215;1 e a melhoria do parque tecnol\u00f3gico de Pernambuco<\/span><span class=\"\">.<\/span><\/p>\n<p class=\"ds-markdown-paragraph\"><span class=\"\">Para T\u00falio, o Senado ser\u00e1 um espa\u00e7o estrat\u00e9gico para articular pautas junto ao governo federal e transformar as demandas da popula\u00e7\u00e3o em a\u00e7\u00f5es concretas<\/span><span class=\"\">.\u00a0<\/span><em><span class=\"\">&#8220;O Executivo sempre ser\u00e1 o protagonista, mas o Legislativo d\u00e1 a estrutura para que isso possa acontecer&#8221;<\/span><\/em><span class=\"\">, ressaltou<\/span><span class=\"\">.<\/span><\/p>\n<h2><span class=\"\">A for\u00e7a da chapa com Raquel Lyra<\/span><\/h2>\n<p class=\"ds-markdown-paragraph\"><span class=\"\">A governadora Raquel Lyra, candidata \u00e0 reelei\u00e7\u00e3o, tem sido uma parceira constante de T\u00falio Gadelha nas agendas pelo estado<\/span><span class=\"\">. Juntos, eles t\u00eam percorrido cidades como Caruaru<\/span><span class=\"\">, Garanhuns<\/span><span class=\"\">\u00a0e Palmares<\/span><span class=\"\">, apresentando \u00e0 popula\u00e7\u00e3o os investimentos realizados e as obras em andamento.<\/span><\/p>\n<p class=\"ds-markdown-paragraph\"><span class=\"\">Sob a gest\u00e3o de Raquel, Pernambuco j\u00e1 soma R<\/span><span class=\"katex\"><span class=\"katex-mathml\">26bilho~esemobras[reference:22],comdestaqueparaarequalificac\\ca~odemaisde100rodovias[reference:23],aconstruc\\ca~odenovoshospitais,crecheseaampliac\\ca~odaofertadea\u02cagua[reference:24].Agovernadoratambe\u02camanunciourecentementeumpacotedeR<\/span><span class=\"katex-html\" aria-hidden=\"true\"><span class=\"base\"><span class=\"mord\">26<\/span><span class=\"mord mathnormal\">bi<\/span><span class=\"mord mathnormal\">l<\/span><span class=\"mord mathnormal\">h<\/span><span class=\"mord accent\"><span class=\"vlist-t\"><span class=\"vlist-r\"><span class=\"vlist\"><span class=\"mord mathnormal\">o<\/span><span class=\"accent-body\"><span class=\"mord\">~<\/span><\/span><\/span><\/span><\/span><\/span><span class=\"mord mathnormal\">ese<\/span><span class=\"mord mathnormal\">m<\/span><span class=\"mord mathnormal\">o<\/span><span class=\"mord mathnormal\">b<\/span><span class=\"mord mathnormal\">r<\/span><span class=\"mord mathnormal\">a<\/span><span class=\"mord mathnormal\">s<\/span><span class=\"mopen\">[<\/span><span class=\"mord mathnormal\">re<\/span><span class=\"mord mathnormal\">f<\/span><span class=\"mord mathnormal\">ere<\/span><span class=\"mord mathnormal\">n<\/span><span class=\"mord mathnormal\">ce<\/span><span class=\"mrel\">:<\/span><\/span><span class=\"base\"><span class=\"mord\">22<\/span><span class=\"mclose\">]<\/span><span class=\"mpunct\">,<\/span><span class=\"mord mathnormal\">co<\/span><span class=\"mord mathnormal\">m<\/span><span class=\"mord mathnormal\">d<\/span><span class=\"mord mathnormal\">es<\/span><span class=\"mord mathnormal\">t<\/span><span class=\"mord mathnormal\">a<\/span><span class=\"mord mathnormal\">q<\/span><span class=\"mord mathnormal\">u<\/span><span class=\"mord mathnormal\">e<\/span><span class=\"mord mathnormal\">p<\/span><span class=\"mord mathnormal\">a<\/span><span class=\"mord mathnormal\">r<\/span><span class=\"mord mathnormal\">aa<\/span><span class=\"mord mathnormal\">re<\/span><span class=\"mord mathnormal\">q<\/span><span class=\"mord mathnormal\">u<\/span><span class=\"mord mathnormal\">a<\/span><span class=\"mord mathnormal\">l<\/span><span class=\"mord mathnormal\">i<\/span><span class=\"mord mathnormal\">f<\/span><span class=\"mord mathnormal\">i<\/span><span class=\"mord mathnormal\">c<\/span><span class=\"mord mathnormal\">a<\/span><span class=\"mord accent\"><span class=\"vlist-t vlist-t2\"><span class=\"vlist-r\"><span class=\"vlist\"><span class=\"mord mathnormal\">c<\/span><span class=\"accent-body\"><span class=\"mord\">\\c<\/span><\/span><\/span><span class=\"vlist-s\">\u200b<\/span><\/span><\/span><\/span><span class=\"mord accent\"><span class=\"vlist-t\"><span class=\"vlist-r\"><span class=\"vlist\"><span class=\"mord mathnormal\">a<\/span><span class=\"accent-body\"><span class=\"mord\">~<\/span><\/span><\/span><\/span><\/span><\/span><span class=\"mord mathnormal\">o<\/span><span class=\"mord mathnormal\">d<\/span><span class=\"mord mathnormal\">e<\/span><span class=\"mord mathnormal\">mai<\/span><span class=\"mord mathnormal\">s<\/span><span class=\"mord mathnormal\">d<\/span><span class=\"mord mathnormal\">e<\/span><span class=\"mord\">100<\/span><span class=\"mord mathnormal\">ro<\/span><span class=\"mord mathnormal\">d<\/span><span class=\"mord mathnormal\">o<\/span><span class=\"mord mathnormal\">v<\/span><span class=\"mord mathnormal\">ia<\/span><span class=\"mord mathnormal\">s<\/span><span class=\"mopen\">[<\/span><span class=\"mord mathnormal\">re<\/span><span class=\"mord mathnormal\">f<\/span><span class=\"mord mathnormal\">ere<\/span><span class=\"mord mathnormal\">n<\/span><span class=\"mord mathnormal\">ce<\/span><span class=\"mrel\">:<\/span><\/span><span class=\"base\"><span class=\"mord\">23<\/span><span class=\"mclose\">]<\/span><span class=\"mpunct\">,<\/span><span class=\"mord mathnormal\">a<\/span><span class=\"mord mathnormal\">co<\/span><span class=\"mord mathnormal\">n<\/span><span class=\"mord mathnormal\">s<\/span><span class=\"mord mathnormal\">t<\/span><span class=\"mord mathnormal\">r<\/span><span class=\"mord mathnormal\">u<\/span><span class=\"mord accent\"><span class=\"vlist-t vlist-t2\"><span class=\"vlist-r\"><span class=\"vlist\"><span class=\"mord mathnormal\">c<\/span><span class=\"accent-body\"><span class=\"mord\">\\c<\/span><\/span><\/span><span class=\"vlist-s\">\u200b<\/span><\/span><\/span><\/span><span class=\"mord accent\"><span class=\"vlist-t\"><span class=\"vlist-r\"><span class=\"vlist\"><span class=\"mord mathnormal\">a<\/span><span class=\"accent-body\"><span class=\"mord\">~<\/span><\/span><\/span><\/span><\/span><\/span><span class=\"mord mathnormal\">o<\/span><span class=\"mord mathnormal\">d<\/span><span class=\"mord mathnormal\">e<\/span><span class=\"mord mathnormal\">n<\/span><span class=\"mord mathnormal\">o<\/span><span class=\"mord mathnormal\">v<\/span><span class=\"mord mathnormal\">os<\/span><span class=\"mord mathnormal\">h<\/span><span class=\"mord mathnormal\">os<\/span><span class=\"mord mathnormal\">p<\/span><span class=\"mord mathnormal\">i<\/span><span class=\"mord mathnormal\">t<\/span><span class=\"mord mathnormal\">ai<\/span><span class=\"mord mathnormal\">s<\/span><span class=\"mpunct\">,<\/span><span class=\"mord mathnormal\">crec<\/span><span class=\"mord mathnormal\">h<\/span><span class=\"mord mathnormal\">ese<\/span><span class=\"mord mathnormal\">aam<\/span><span class=\"mord mathnormal\">pl<\/span><span class=\"mord mathnormal\">ia<\/span><span class=\"mord accent\"><span class=\"vlist-t vlist-t2\"><span class=\"vlist-r\"><span class=\"vlist\"><span class=\"mord mathnormal\">c<\/span><span class=\"accent-body\"><span class=\"mord\">\\c<\/span><\/span><\/span><span class=\"vlist-s\">\u200b<\/span><\/span><\/span><\/span><span class=\"mord accent\"><span class=\"vlist-t\"><span class=\"vlist-r\"><span class=\"vlist\"><span class=\"mord mathnormal\">a<\/span><span class=\"accent-body\"><span class=\"mord\">~<\/span><\/span><\/span><\/span><\/span><\/span><span class=\"mord mathnormal\">o<\/span><span class=\"mord mathnormal\">d<\/span><span class=\"mord mathnormal\">a<\/span><span class=\"mord mathnormal\">o<\/span><span class=\"mord mathnormal\">f<\/span><span class=\"mord mathnormal\">er<\/span><span class=\"mord mathnormal\">t<\/span><span class=\"mord mathnormal\">a<\/span><span class=\"mord mathnormal\">d<\/span><span class=\"mord mathnormal\">e<\/span><span class=\"mord accent\"><span class=\"vlist-t\"><span class=\"vlist-r\"><span class=\"vlist\"><span class=\"mord mathnormal\">a<\/span><span class=\"accent-body\"><span class=\"mord\">\u02ca<\/span><\/span><\/span><\/span><\/span><\/span><span class=\"mord mathnormal\">gu<\/span><span class=\"mord mathnormal\">a<\/span><span class=\"mopen\">[<\/span><span class=\"mord mathnormal\">re<\/span><span class=\"mord mathnormal\">f<\/span><span class=\"mord mathnormal\">ere<\/span><span class=\"mord mathnormal\">n<\/span><span class=\"mord mathnormal\">ce<\/span><span class=\"mrel\">:<\/span><\/span><span class=\"base\"><span class=\"mord\">24<\/span><span class=\"mclose\">]<\/span><span class=\"mord\">.<\/span><span class=\"mord mathnormal\">A<\/span><span class=\"mord mathnormal\">g<\/span><span class=\"mord mathnormal\">o<\/span><span class=\"mord mathnormal\">v<\/span><span class=\"mord mathnormal\">er<\/span><span class=\"mord mathnormal\">na<\/span><span class=\"mord mathnormal\">d<\/span><span class=\"mord mathnormal\">or<\/span><span class=\"mord mathnormal\">a<\/span><span class=\"mord mathnormal\">t<\/span><span class=\"mord mathnormal\">amb<\/span><span class=\"mord accent\"><span class=\"vlist-t\"><span class=\"vlist-r\"><span class=\"vlist\"><span class=\"mord mathnormal\">e<\/span><span class=\"accent-body\"><span class=\"mord\">\u02ca<\/span><\/span><\/span><\/span><\/span><\/span><span class=\"mord mathnormal\">man<\/span><span class=\"mord mathnormal\">u<\/span><span class=\"mord mathnormal\">n<\/span><span class=\"mord mathnormal\">c<\/span><span class=\"mord mathnormal\">i<\/span><span class=\"mord mathnormal\">o<\/span><span class=\"mord mathnormal\">u<\/span><span class=\"mord mathnormal\">rece<\/span><span class=\"mord mathnormal\">n<\/span><span class=\"mord mathnormal\">t<\/span><span class=\"mord mathnormal\">e<\/span><span class=\"mord mathnormal\">m<\/span><span class=\"mord mathnormal\">e<\/span><span class=\"mord mathnormal\">n<\/span><span class=\"mord mathnormal\">t<\/span><span class=\"mord mathnormal\">e<\/span><span class=\"mord mathnormal\">u<\/span><span class=\"mord mathnormal\">m<\/span><span class=\"mord mathnormal\">p<\/span><span class=\"mord mathnormal\">a<\/span><span class=\"mord mathnormal\">co<\/span><span class=\"mord mathnormal\">t<\/span><span class=\"mord mathnormal\">e<\/span><span class=\"mord mathnormal\">d<\/span><span class=\"mord mathnormal\">e<\/span><span class=\"mord mathnormal\">R<\/span><\/span><\/span><\/span><span class=\"\">\u00a02,6 bilh\u00f5es em investimentos<\/span><span class=\"\">.<\/span><\/p>\n<p class=\"ds-markdown-paragraph\"><span class=\"\">T\u00falio n\u00e3o esconde sua admira\u00e7\u00e3o pela gestora.\u00a0<\/span><em><span class=\"\">&#8220;Sempre achei Raquel preparada e pronta para governar Pernambuco&#8221;<\/span><\/em><span class=\"\">, afirmou<\/span><span class=\"\">. E completa:\u00a0<\/span><em><span class=\"\">&#8220;Ter governantes com esse olhar e essa sensibilidade \u00e9 muito importante&#8221;<\/span><\/em><span class=\"\">.<\/span><\/p>\n<h2><span class=\"\">Pernambuco no rumo certo<\/span><\/h2>\n<p class=\"ds-markdown-paragraph\"><span class=\"\">A mensagem de T\u00falio Gadelha \u00e9 clara: Pernambuco precisa de continuidade. Precisa de quem conhece as demandas do estado, de quem j\u00e1 mostrou trabalho e de quem tem a disposi\u00e7\u00e3o de lutar no Senado para trazer mais recursos e acelerar as obras que mudam a vida das pessoas.<\/span><\/p>\n<p class=\"ds-markdown-paragraph\"><em><span class=\"\">&#8220;Tenho certeza que elegeremos em Pernambuco dois senadores progressistas que v\u00e3o ajudar o presidente Lula, que v\u00e3o fazer grandes debates no Senado e que v\u00e3o, sobretudo, trazer mais investimentos para as grandes obras de Pernambuco&#8221;<\/span><\/em><span class=\"\">, declarou o candidato<\/span><span class=\"\">.<\/span><\/p>\n<p class=\"ds-markdown-paragraph\"><span class=\"\">Com a experi\u00eancia de duas legislaturas na C\u00e2mara dos Deputados, a articula\u00e7\u00e3o pol\u00edtica e a parceria consolidada com Raquel Lyra, T\u00falio Gadelha se apresenta ao eleitor pernambucano como o nome certo para representar o estado no Senado e continuar o trabalho de transforma\u00e7\u00e3o que j\u00e1 est\u00e1 em curso.<\/span><\/p>\n<p class=\"ds-markdown-paragraph\"><span class=\"\">Pernambuco avan\u00e7a. E, na chapa de Raquel Lyra, T\u00falio Gadelha quer ser o motor dessa transforma\u00e7\u00e3o no Congresso Nacional.<\/span><\/p>\n","protected":false},"excerpt":{"rendered":"<p>Deputado federal e candidato ao Senado refor\u00e7a compromisso com as grandes obras do estado ao lado da governadora Pernambuco vive um momento de retomada. Grandes obras de infraestrutura, mobilidade e desenvolvimento social est\u00e3o transformando a realidade da popula\u00e7\u00e3o em todas as regi\u00f5es do estado. E no centro desse processo est\u00e1 uma parceria que vem dando [&hellip;]<\/p>\n","protected":false},"author":1,"featured_media":4791,"comment_status":"open","ping_status":"open","sticky":false,"template":"","format":"standard","meta":{"footnotes":"","jetpack_publicize_message":"","jetpack_publicize_feature_enabled":true,"jetpack_social_post_already_shared":true,"jetpack_social_options":{"image_generator_settings":{"template":"highway","default_image_id":0,"font":"","enabled":false},"version":2}},"categories":[66,1,38,65],"tags":[],"class_list":["post-4790","post","type-post","status-publish","format-standard","has-post-thumbnail","hentry","category-cidades","category-https-gazetapernambucana-com-page_id225","category-https-gazetapernambucana-com-page_id215","category-politica"],"yoast_head":"<!-- This site is optimized with the Yoast SEO plugin v24.5 - https:\/\/yoast.com\/wordpress\/plugins\/seo\/ -->\n<title>T\u00falio Gadelha e Raquel Lyra: uma parceria que transforma Pernambuco -<\/title>\n<meta name=\"robots\" content=\"index, follow, max-snippet:-1, max-image-preview:large, max-video-preview:-1\" \/>\n<link rel=\"canonical\" href=\"https:\/\/gazetapernambucana.com\/?p=4790\" \/>\n<meta property=\"og:locale\" content=\"pt_BR\" \/>\n<meta property=\"og:type\" content=\"article\" \/>\n<meta property=\"og:title\" content=\"T\u00falio Gadelha e Raquel Lyra: uma parceria que transforma Pernambuco -\" \/>\n<meta property=\"og:description\" content=\"Deputado federal e candidato ao Senado refor\u00e7a compromisso com as grandes obras do estado ao lado da governadora Pernambuco vive um momento de retomada. Grandes obras de infraestrutura, mobilidade e desenvolvimento social est\u00e3o transformando a realidade da popula\u00e7\u00e3o em todas as regi\u00f5es do estado. E no centro desse processo est\u00e1 uma parceria que vem dando [&hellip;]\" \/>\n<meta property=\"og:url\" content=\"https:\/\/gazetapernambucana.com\/?p=4790\" \/>\n<meta property=\"article:published_time\" content=\"2026-09-06T02:17:48+00:00\" \/>\n<meta property=\"og:image\" content=\"http:\/\/gazetapernambucana.com\/wp-content\/uploads\/2026\/09\/images-5.jpg\" \/>\n\t<meta property=\"og:image:width\" content=\"399\" \/>\n\t<meta property=\"og:image:height\" content=\"501\" \/>\n\t<meta property=\"og:image:type\" content=\"image\/jpeg\" \/>\n<meta name=\"author\" content=\"GP\" \/>\n<meta name=\"twitter:card\" content=\"summary_large_image\" \/>\n<meta name=\"twitter:label1\" content=\"Escrito por\" \/>\n\t<meta name=\"twitter:data1\" content=\"GP\" \/>\n\t<meta name=\"twitter:label2\" content=\"Est. tempo de leitura\" \/>\n\t<meta name=\"twitter:data2\" content=\"6 minutos\" \/>\n<script type=\"application\/ld+json\" class=\"yoast-schema-graph\">{\"@context\":\"https:\/\/schema.org\",\"@graph\":[{\"@type\":\"WebPage\",\"@id\":\"https:\/\/gazetapernambucana.com\/?p=4790\",\"url\":\"https:\/\/gazetapernambucana.com\/?p=4790\",\"name\":\"T\u00falio Gadelha e Raquel Lyra: uma parceria que transforma Pernambuco -\",\"isPartOf\":{\"@id\":\"https:\/\/gazetapernambucana.com\/#website\"},\"primaryImageOfPage\":{\"@id\":\"https:\/\/gazetapernambucana.com\/?p=4790#primaryimage\"},\"image\":{\"@id\":\"https:\/\/gazetapernambucana.com\/?p=4790#primaryimage\"},\"thumbnailUrl\":\"https:\/\/gazetapernambucana.com\/wp-content\/uploads\/2026\/09\/images-5.jpg\",\"datePublished\":\"2026-09-06T02:17:48+00:00\",\"author\":{\"@id\":\"https:\/\/gazetapernambucana.com\/#\/schema\/person\/188dc283325181ac2de4db1e9e987427\"},\"breadcrumb\":{\"@id\":\"https:\/\/gazetapernambucana.com\/?p=4790#breadcrumb\"},\"inLanguage\":\"pt-BR\",\"potentialAction\":[{\"@type\":\"ReadAction\",\"target\":[\"https:\/\/gazetapernambucana.com\/?p=4790\"]}]},{\"@type\":\"ImageObject\",\"inLanguage\":\"pt-BR\",\"@id\":\"https:\/\/gazetapernambucana.com\/?p=4790#primaryimage\",\"url\":\"https:\/\/gazetapernambucana.com\/wp-content\/uploads\/2026\/09\/images-5.jpg\",\"contentUrl\":\"https:\/\/gazetapernambucana.com\/wp-content\/uploads\/2026\/09\/images-5.jpg\",\"width\":399,\"height\":501},{\"@type\":\"BreadcrumbList\",\"@id\":\"https:\/\/gazetapernambucana.com\/?p=4790#breadcrumb\",\"itemListElement\":[{\"@type\":\"ListItem\",\"position\":1,\"name\":\"In\u00edcio\",\"item\":\"https:\/\/gazetapernambucana.com\/\"},{\"@type\":\"ListItem\",\"position\":2,\"name\":\"T\u00falio Gadelha e Raquel Lyra: uma parceria que transforma Pernambuco\"}]},{\"@type\":\"WebSite\",\"@id\":\"https:\/\/gazetapernambucana.com\/#website\",\"url\":\"https:\/\/gazetapernambucana.com\/\",\"name\":\"\",\"description\":\"\",\"potentialAction\":[{\"@type\":\"SearchAction\",\"target\":{\"@type\":\"EntryPoint\",\"urlTemplate\":\"https:\/\/gazetapernambucana.com\/?s={search_term_string}\"},\"query-input\":{\"@type\":\"PropertyValueSpecification\",\"valueRequired\":true,\"valueName\":\"search_term_string\"}}],\"inLanguage\":\"pt-BR\"},{\"@type\":\"Person\",\"@id\":\"https:\/\/gazetapernambucana.com\/#\/schema\/person\/188dc283325181ac2de4db1e9e987427\",\"name\":\"GP\",\"image\":{\"@type\":\"ImageObject\",\"inLanguage\":\"pt-BR\",\"@id\":\"https:\/\/gazetapernambucana.com\/#\/schema\/person\/image\/\",\"url\":\"https:\/\/secure.gravatar.com\/avatar\/9dad78ff9a2d8b5742d11779f8a3f53b052320c550b2e1907882353c067bb111?s=96&d=mm&r=g\",\"contentUrl\":\"https:\/\/secure.gravatar.com\/avatar\/9dad78ff9a2d8b5742d11779f8a3f53b052320c550b2e1907882353c067bb111?s=96&d=mm&r=g\",\"caption\":\"GP\"},\"sameAs\":[\"http:\/\/gazetapernambucana.com\"],\"url\":\"https:\/\/gazetapernambucana.com\/?author=1\"}]}<\/script>\n<!-- \/ Yoast SEO plugin. -->","yoast_head_json":{"title":"T\u00falio Gadelha e Raquel Lyra: uma parceria que transforma Pernambuco -","robots":{"index":"index","follow":"follow","max-snippet":"max-snippet:-1","max-image-preview":"max-image-preview:large","max-video-preview":"max-video-preview:-1"},"canonical":"https:\/\/gazetapernambucana.com\/?p=4790","og_locale":"pt_BR","og_type":"article","og_title":"T\u00falio Gadelha e Raquel Lyra: uma parceria que transforma Pernambuco -","og_description":"Deputado federal e candidato ao Senado refor\u00e7a compromisso com as grandes obras do estado ao lado da governadora Pernambuco vive um momento de retomada. Grandes obras de infraestrutura, mobilidade e desenvolvimento social est\u00e3o transformando a realidade da popula\u00e7\u00e3o em todas as regi\u00f5es do estado. E no centro desse processo est\u00e1 uma parceria que vem dando [&hellip;]","og_url":"https:\/\/gazetapernambucana.com\/?p=4790","article_published_time":"2026-09-06T02:17:48+00:00","og_image":[{"width":399,"height":501,"url":"http:\/\/gazetapernambucana.com\/wp-content\/uploads\/2026\/09\/images-5.jpg","type":"image\/jpeg"}],"author":"GP","twitter_card":"summary_large_image","twitter_misc":{"Escrito por":"GP","Est. tempo de leitura":"6 minutos"},"schema":{"@context":"https:\/\/schema.org","@graph":[{"@type":"WebPage","@id":"https:\/\/gazetapernambucana.com\/?p=4790","url":"https:\/\/gazetapernambucana.com\/?p=4790","name":"T\u00falio Gadelha e Raquel Lyra: uma parceria que transforma Pernambuco -","isPartOf":{"@id":"https:\/\/gazetapernambucana.com\/#website"},"primaryImageOfPage":{"@id":"https:\/\/gazetapernambucana.com\/?p=4790#primaryimage"},"image":{"@id":"https:\/\/gazetapernambucana.com\/?p=4790#primaryimage"},"thumbnailUrl":"https:\/\/gazetapernambucana.com\/wp-content\/uploads\/2026\/09\/images-5.jpg","datePublished":"2026-09-06T02:17:48+00:00","author":{"@id":"https:\/\/gazetapernambucana.com\/#\/schema\/person\/188dc283325181ac2de4db1e9e987427"},"breadcrumb":{"@id":"https:\/\/gazetapernambucana.com\/?p=4790#breadcrumb"},"inLanguage":"pt-BR","potentialAction":[{"@type":"ReadAction","target":["https:\/\/gazetapernambucana.com\/?p=4790"]}]},{"@type":"ImageObject","inLanguage":"pt-BR","@id":"https:\/\/gazetapernambucana.com\/?p=4790#primaryimage","url":"https:\/\/gazetapernambucana.com\/wp-content\/uploads\/2026\/09\/images-5.jpg","contentUrl":"https:\/\/gazetapernambucana.com\/wp-content\/uploads\/2026\/09\/images-5.jpg","width":399,"height":501},{"@type":"BreadcrumbList","@id":"https:\/\/gazetapernambucana.com\/?p=4790#breadcrumb","itemListElement":[{"@type":"ListItem","position":1,"name":"In\u00edcio","item":"https:\/\/gazetapernambucana.com\/"},{"@type":"ListItem","position":2,"name":"T\u00falio Gadelha e Raquel Lyra: uma parceria que transforma Pernambuco"}]},{"@type":"WebSite","@id":"https:\/\/gazetapernambucana.com\/#website","url":"https:\/\/gazetapernambucana.com\/","name":"","description":"","potentialAction":[{"@type":"SearchAction","target":{"@type":"EntryPoint","urlTemplate":"https:\/\/gazetapernambucana.com\/?s={search_term_string}"},"query-input":{"@type":"PropertyValueSpecification","valueRequired":true,"valueName":"search_term_string"}}],"inLanguage":"pt-BR"},{"@type":"Person","@id":"https:\/\/gazetapernambucana.com\/#\/schema\/person\/188dc283325181ac2de4db1e9e987427","name":"GP","image":{"@type":"ImageObject","inLanguage":"pt-BR","@id":"https:\/\/gazetapernambucana.com\/#\/schema\/person\/image\/","url":"https:\/\/secure.gravatar.com\/avatar\/9dad78ff9a2d8b5742d11779f8a3f53b052320c550b2e1907882353c067bb111?s=96&d=mm&r=g","contentUrl":"https:\/\/secure.gravatar.com\/avatar\/9dad78ff9a2d8b5742d11779f8a3f53b052320c550b2e1907882353c067bb111?s=96&d=mm&r=g","caption":"GP"},"sameAs":["http:\/\/gazetapernambucana.com"],"url":"https:\/\/gazetapernambucana.com\/?author=1"}]}},"jetpack_publicize_connections":[],"_links":{"self":[{"href":"https:\/\/gazetapernambucana.com\/index.php?rest_route=\/wp\/v2\/posts\/4790","targetHints":{"allow":["GET"]}}],"collection":[{"href":"https:\/\/gazetapernambucana.com\/index.php?rest_route=\/wp\/v2\/posts"}],"about":[{"href":"https:\/\/gazetapernambucana.com\/index.php?rest_route=\/wp\/v2\/types\/post"}],"author":[{"embeddable":true,"href":"https:\/\/gazetapernambucana.com\/index.php?rest_route=\/wp\/v2\/users\/1"}],"replies":[{"embeddable":true,"href":"https:\/\/gazetapernambucana.com\/index.php?rest_route=%2Fwp%2Fv2%2Fcomments&post=4790"}],"version-history":[{"count":1,"href":"https:\/\/gazetapernambucana.com\/index.php?rest_route=\/wp\/v2\/posts\/4790\/revisions"}],"predecessor-version":[{"id":4792,"href":"https:\/\/gazetapernambucana.com\/index.php?rest_route=\/wp\/v2\/posts\/4790\/revisions\/4792"}],"wp:featuredmedia":[{"embeddable":true,"href":"https:\/\/gazetapernambucana.com\/index.php?rest_route=\/wp\/v2\/media\/4791"}],"wp:attachment":[{"href":"https:\/\/gazetapernambucana.com\/index.php?rest_route=%2Fwp%2Fv2%2Fmedia&parent=4790"}],"wp:term":[{"taxonomy":"category","embeddable":true,"href":"https:\/\/gazetapernambucana.com\/index.php?rest_route=%2Fwp%2Fv2%2Fcategories&post=4790"},{"taxonomy":"post_tag","embeddable":true,"href":"https:\/\/gazetapernambucana.com\/index.php?rest_route=%2Fwp%2Fv2%2Ftags&post=4790"}],"curies":[{"name":"wp","href":"https:\/\/api.w.org\/{rel}","templated":true}]}}