{"id":4788,"date":"2026-09-05T21:04:09","date_gmt":"2026-09-06T00:04:09","guid":{"rendered":"https:\/\/gazetapernambucana.com\/?p=4788"},"modified":"2026-09-05T21:04:09","modified_gmt":"2026-09-06T00:04:09","slug":"vergonha-suprema-por-jose-paulo-cavalcanti-filho","status":"publish","type":"post","link":"https:\/\/gazetapernambucana.com\/?p=4788","title":{"rendered":"Vergonha suprema. Por Jos\u00e9 Paulo Cavalcanti Filho"},"content":{"rendered":"<p><strong><em>Por Jos\u00e9 Paulo Cavalcanti Filho \u00a0\u2013 \u00a0Escritor, poeta, membro das Academias Pernambucana de Letras, Brasileira de Letras e Portuguesa de Letras. \u00c9\u00a0 um dos maiores conhecedores da obra de Fernando Pessoa. Integrou a Comiss\u00e3o da Verdade\u00a0 \u2013\u00a0 \u00a0<\/em><\/strong>O amigo Millor Fernandes foi prof\u00e9tico ao definir bem, na sua <em>B\u00edblia do caos,\u00a0<\/em>o barulho do Supremo nesta semana: \u201cPelo que vemos nos jornais, ningu\u00e9m mais tem vergonha na cara\u201d. Em Bras\u00edlia, pelo menos.<\/p>\n<p>Vale a pena explicar, com calma, esse caso do Vorcaro, escancarado quando o ministro Andr\u00e9 Mendon\u00e7a tornou p\u00fablicas as 218 p\u00e1ginas que recebeu da Pol\u00edcia Federal. Para come\u00e7ar, bom lembrar que ministros do Supremo e Procurador Geral da Rep\u00fablica podem ser julgados em dois espa\u00e7os.<\/p>\n<p>Primeiro \u00e9 o Senado (art. 52, II, da Constitui\u00e7\u00e3o), por votos de 2\/3 de seus membros (par. \u00fanico), em sess\u00e3o comandada pelo Presidente do Supremo. O outro \u00e9 o pr\u00f3prio Supremo (art. 102, I, b), a quem cabe \u201cprocessar e julgar, originalmente, seus pr\u00f3prios ministros e o Procurador Geral da Rep\u00fablica\u201d. Ser\u00e3o mesmo processados?, a ver.<\/p>\n<p>Isso posto, vale perguntar, agiu bem o Procurador Geral ao declarar nulo todo o inqu\u00e9rito da Pol\u00edcia Federal? E a resposta \u00e9 um sonoro\u00a0<strong>N\u00c3O<\/strong>!!!<\/p>\n<p>Porque o ministro Andr\u00e9 Mendon\u00e7a n\u00e3o investigou ningu\u00e9m. Apenas pediu, \u00e0 Pol\u00edcia Federal, que informasse o nome de autoridades eventualmente comprometidos no caso Vorcaro. Sem sequer saber se haveria, entre os nomes, algum ministro do Supremo, ou o Procurador Geral da Rep\u00fablica.<\/p>\n<p>Recebendo esse Relat\u00f3rio, verificou l\u00e1 estarem as duas autoridades. Pediu, ao Procurador Geral, se pronunciasse. E este respondeu, apressado, declarando nulas todas as provas contra seu coleguinha Moraes. Reproduzindo o que j\u00e1 ocorreu antes, no mesmo Supremo, pouco tempo faz. O Sistema \u00e9 poderoso.<\/p>\n<p>Quando a resposta certa, e decente, seria outra. Primeiro deveria dizer que, como seu nome estava tamb\u00e9m implicado nas grava\u00e7\u00f5es do banqueiro, n\u00e3o poderia se pronunciar. Por vir a ser, eventualmente, um dos investigados pelo Supremo. Devendo transferir o caso para seu vice. A quem caberia informar, ao ministro, t\u00e3o somente que deveria passar o caso ao Presidente do Supremo. Sem a aud\u00e1cia de declarar nulas todas essas provas hoje \u00e0 disposi\u00e7\u00e3o do p\u00fablico.<\/p>\n<p>Mas o sonho de proteger os que com eles est\u00e3o nessa empreitada falou mais alto. O pr\u00f3prio Moraes conduz, faz quase 8 anos, um inqu\u00e9rito (o do \u201cFim do Mundo\u201d) absolutamente ilegal. Porque investiga\u00e7\u00f5es cabem (art. 129), unicamente, ao Minist\u00e9rio P\u00fablico. Mas lhes falta coragem, para ir contra algu\u00e9m que lhe \u00e9 t\u00e3o pr\u00f3ximo. E prefere o papel de c\u00famplice.<\/p>\n<p>Segue pois o Supremo, em sua sina melanc\u00f3lica. A de abandonar seu nobre papel de Guardi\u00e3o da Constitui\u00e7\u00e3o para ser uma casa em que (alguns de) seus membros preferem s\u00f3 enriquecer.<\/p>\n<p>Como dizia o ministro da Suprema Corte americana Louis Brandeis, \u201cA luz do sol \u00e9 o melhor desinfetante\u201d. Numa entrevista, em 1913, ao\u00a0<em>Harper\u2019s Weekly<\/em>. Em verdade a frase continua, \u201ce a luz el\u00e9trica o policial mais eficiente\u201d. Mas, em se tratando do Supremo, creio que \u00e9 suficiente falar em desinfetantes.<\/p>\n<p>Num texto sem t\u00edtulo e sem data, Fernando Pessoa (\u00c1lvaro de Campos) diz:\u00a0<em>\u201cN\u00e3o ser Juiz do Supremo, empregado certo, prostituta\/ Que se revoltam contra a vida porque t\u00eam raz\u00e3o para isso supor\u201d<\/em>. N\u00e3o o caso do ministro Moraes e do Procurador Geral, hoje de bem com a vida, com bolsos cheias de grana, e certos de que mais uma vez escapar\u00e3o. Por se considerarem semi-deuses perfeitos, castos e puros. Sair\u00e3o disso impunes?, eis a quest\u00e3o.<\/p>\n<p>O povo brasileiro espera que n\u00e3o.<\/p>\n","protected":false},"excerpt":{"rendered":"<p>Por Jos\u00e9 Paulo Cavalcanti Filho \u00a0\u2013 \u00a0Escritor, poeta, membro das Academias Pernambucana de Letras, Brasileira de Letras e Portuguesa de Letras. \u00c9\u00a0 um dos maiores conhecedores da obra de Fernando Pessoa. Integrou a Comiss\u00e3o da Verdade\u00a0 \u2013\u00a0 \u00a0O amigo Millor Fernandes foi prof\u00e9tico ao definir bem, na sua B\u00edblia do caos,\u00a0o barulho do Supremo nesta [&hellip;]<\/p>\n","protected":false},"author":1,"featured_media":4457,"comment_status":"open","ping_status":"open","sticky":false,"template":"","format":"standard","meta":{"footnotes":"","jetpack_publicize_message":"","jetpack_publicize_feature_enabled":true,"jetpack_social_post_already_shared":true,"jetpack_social_options":{"image_generator_settings":{"template":"highway","default_image_id":0,"font":"","enabled":false},"version":2}},"categories":[1,35,46],"tags":[],"class_list":["post-4788","post","type-post","status-publish","format-standard","has-post-thumbnail","hentry","category-https-gazetapernambucana-com-page_id225","category-https-gazetapernambucana-com-page_id218","category-literatura"],"yoast_head":"<!-- This site is optimized with the Yoast SEO plugin v24.5 - https:\/\/yoast.com\/wordpress\/plugins\/seo\/ -->\n<title>Vergonha suprema. Por Jos\u00e9 Paulo Cavalcanti Filho -<\/title>\n<meta name=\"robots\" content=\"index, follow, max-snippet:-1, max-image-preview:large, max-video-preview:-1\" \/>\n<link rel=\"canonical\" href=\"https:\/\/gazetapernambucana.com\/?p=4788\" \/>\n<meta property=\"og:locale\" content=\"pt_BR\" \/>\n<meta property=\"og:type\" content=\"article\" \/>\n<meta property=\"og:title\" content=\"Vergonha suprema. Por Jos\u00e9 Paulo Cavalcanti Filho -\" \/>\n<meta property=\"og:description\" content=\"Por Jos\u00e9 Paulo Cavalcanti Filho \u00a0\u2013 \u00a0Escritor, poeta, membro das Academias Pernambucana de Letras, Brasileira de Letras e Portuguesa de Letras. \u00c9\u00a0 um dos maiores conhecedores da obra de Fernando Pessoa. Integrou a Comiss\u00e3o da Verdade\u00a0 \u2013\u00a0 \u00a0O amigo Millor Fernandes foi prof\u00e9tico ao definir bem, na sua B\u00edblia do caos,\u00a0o barulho do Supremo nesta [&hellip;]\" \/>\n<meta property=\"og:url\" content=\"https:\/\/gazetapernambucana.com\/?p=4788\" \/>\n<meta property=\"article:published_time\" content=\"2026-09-06T00:04:09+00:00\" \/>\n<meta property=\"og:image\" content=\"http:\/\/gazetapernambucana.com\/wp-content\/uploads\/2026\/08\/11f77e6d8a8e346bc312bf2719fc2e63-2-300x147-1-150x147-1.webp\" \/>\n\t<meta property=\"og:image:width\" content=\"150\" \/>\n\t<meta property=\"og:image:height\" content=\"147\" \/>\n\t<meta property=\"og:image:type\" content=\"image\/webp\" \/>\n<meta name=\"author\" content=\"GP\" \/>\n<meta name=\"twitter:card\" content=\"summary_large_image\" \/>\n<meta name=\"twitter:label1\" content=\"Escrito por\" \/>\n\t<meta name=\"twitter:data1\" content=\"GP\" \/>\n\t<meta name=\"twitter:label2\" content=\"Est. tempo de leitura\" \/>\n\t<meta name=\"twitter:data2\" content=\"4 minutos\" \/>\n<script type=\"application\/ld+json\" class=\"yoast-schema-graph\">{\"@context\":\"https:\/\/schema.org\",\"@graph\":[{\"@type\":\"WebPage\",\"@id\":\"https:\/\/gazetapernambucana.com\/?p=4788\",\"url\":\"https:\/\/gazetapernambucana.com\/?p=4788\",\"name\":\"Vergonha suprema. Por Jos\u00e9 Paulo Cavalcanti Filho -\",\"isPartOf\":{\"@id\":\"https:\/\/gazetapernambucana.com\/#website\"},\"primaryImageOfPage\":{\"@id\":\"https:\/\/gazetapernambucana.com\/?p=4788#primaryimage\"},\"image\":{\"@id\":\"https:\/\/gazetapernambucana.com\/?p=4788#primaryimage\"},\"thumbnailUrl\":\"https:\/\/gazetapernambucana.com\/wp-content\/uploads\/2026\/08\/11f77e6d8a8e346bc312bf2719fc2e63-2-300x147-1-150x147-1.webp\",\"datePublished\":\"2026-09-06T00:04:09+00:00\",\"author\":{\"@id\":\"https:\/\/gazetapernambucana.com\/#\/schema\/person\/188dc283325181ac2de4db1e9e987427\"},\"breadcrumb\":{\"@id\":\"https:\/\/gazetapernambucana.com\/?p=4788#breadcrumb\"},\"inLanguage\":\"pt-BR\",\"potentialAction\":[{\"@type\":\"ReadAction\",\"target\":[\"https:\/\/gazetapernambucana.com\/?p=4788\"]}]},{\"@type\":\"ImageObject\",\"inLanguage\":\"pt-BR\",\"@id\":\"https:\/\/gazetapernambucana.com\/?p=4788#primaryimage\",\"url\":\"https:\/\/gazetapernambucana.com\/wp-content\/uploads\/2026\/08\/11f77e6d8a8e346bc312bf2719fc2e63-2-300x147-1-150x147-1.webp\",\"contentUrl\":\"https:\/\/gazetapernambucana.com\/wp-content\/uploads\/2026\/08\/11f77e6d8a8e346bc312bf2719fc2e63-2-300x147-1-150x147-1.webp\",\"width\":150,\"height\":147},{\"@type\":\"BreadcrumbList\",\"@id\":\"https:\/\/gazetapernambucana.com\/?p=4788#breadcrumb\",\"itemListElement\":[{\"@type\":\"ListItem\",\"position\":1,\"name\":\"In\u00edcio\",\"item\":\"https:\/\/gazetapernambucana.com\/\"},{\"@type\":\"ListItem\",\"position\":2,\"name\":\"Vergonha suprema. Por Jos\u00e9 Paulo Cavalcanti Filho\"}]},{\"@type\":\"WebSite\",\"@id\":\"https:\/\/gazetapernambucana.com\/#website\",\"url\":\"https:\/\/gazetapernambucana.com\/\",\"name\":\"\",\"description\":\"\",\"potentialAction\":[{\"@type\":\"SearchAction\",\"target\":{\"@type\":\"EntryPoint\",\"urlTemplate\":\"https:\/\/gazetapernambucana.com\/?s={search_term_string}\"},\"query-input\":{\"@type\":\"PropertyValueSpecification\",\"valueRequired\":true,\"valueName\":\"search_term_string\"}}],\"inLanguage\":\"pt-BR\"},{\"@type\":\"Person\",\"@id\":\"https:\/\/gazetapernambucana.com\/#\/schema\/person\/188dc283325181ac2de4db1e9e987427\",\"name\":\"GP\",\"image\":{\"@type\":\"ImageObject\",\"inLanguage\":\"pt-BR\",\"@id\":\"https:\/\/gazetapernambucana.com\/#\/schema\/person\/image\/\",\"url\":\"https:\/\/secure.gravatar.com\/avatar\/9dad78ff9a2d8b5742d11779f8a3f53b052320c550b2e1907882353c067bb111?s=96&d=mm&r=g\",\"contentUrl\":\"https:\/\/secure.gravatar.com\/avatar\/9dad78ff9a2d8b5742d11779f8a3f53b052320c550b2e1907882353c067bb111?s=96&d=mm&r=g\",\"caption\":\"GP\"},\"sameAs\":[\"http:\/\/gazetapernambucana.com\"],\"url\":\"https:\/\/gazetapernambucana.com\/?author=1\"}]}<\/script>\n<!-- \/ Yoast SEO plugin. -->","yoast_head_json":{"title":"Vergonha suprema. Por Jos\u00e9 Paulo Cavalcanti Filho -","robots":{"index":"index","follow":"follow","max-snippet":"max-snippet:-1","max-image-preview":"max-image-preview:large","max-video-preview":"max-video-preview:-1"},"canonical":"https:\/\/gazetapernambucana.com\/?p=4788","og_locale":"pt_BR","og_type":"article","og_title":"Vergonha suprema. Por Jos\u00e9 Paulo Cavalcanti Filho -","og_description":"Por Jos\u00e9 Paulo Cavalcanti Filho \u00a0\u2013 \u00a0Escritor, poeta, membro das Academias Pernambucana de Letras, Brasileira de Letras e Portuguesa de Letras. \u00c9\u00a0 um dos maiores conhecedores da obra de Fernando Pessoa. Integrou a Comiss\u00e3o da Verdade\u00a0 \u2013\u00a0 \u00a0O amigo Millor Fernandes foi prof\u00e9tico ao definir bem, na sua B\u00edblia do caos,\u00a0o barulho do Supremo nesta [&hellip;]","og_url":"https:\/\/gazetapernambucana.com\/?p=4788","article_published_time":"2026-09-06T00:04:09+00:00","og_image":[{"width":150,"height":147,"url":"http:\/\/gazetapernambucana.com\/wp-content\/uploads\/2026\/08\/11f77e6d8a8e346bc312bf2719fc2e63-2-300x147-1-150x147-1.webp","type":"image\/webp"}],"author":"GP","twitter_card":"summary_large_image","twitter_misc":{"Escrito por":"GP","Est. tempo de leitura":"4 minutos"},"schema":{"@context":"https:\/\/schema.org","@graph":[{"@type":"WebPage","@id":"https:\/\/gazetapernambucana.com\/?p=4788","url":"https:\/\/gazetapernambucana.com\/?p=4788","name":"Vergonha suprema. Por Jos\u00e9 Paulo Cavalcanti Filho -","isPartOf":{"@id":"https:\/\/gazetapernambucana.com\/#website"},"primaryImageOfPage":{"@id":"https:\/\/gazetapernambucana.com\/?p=4788#primaryimage"},"image":{"@id":"https:\/\/gazetapernambucana.com\/?p=4788#primaryimage"},"thumbnailUrl":"https:\/\/gazetapernambucana.com\/wp-content\/uploads\/2026\/08\/11f77e6d8a8e346bc312bf2719fc2e63-2-300x147-1-150x147-1.webp","datePublished":"2026-09-06T00:04:09+00:00","author":{"@id":"https:\/\/gazetapernambucana.com\/#\/schema\/person\/188dc283325181ac2de4db1e9e987427"},"breadcrumb":{"@id":"https:\/\/gazetapernambucana.com\/?p=4788#breadcrumb"},"inLanguage":"pt-BR","potentialAction":[{"@type":"ReadAction","target":["https:\/\/gazetapernambucana.com\/?p=4788"]}]},{"@type":"ImageObject","inLanguage":"pt-BR","@id":"https:\/\/gazetapernambucana.com\/?p=4788#primaryimage","url":"https:\/\/gazetapernambucana.com\/wp-content\/uploads\/2026\/08\/11f77e6d8a8e346bc312bf2719fc2e63-2-300x147-1-150x147-1.webp","contentUrl":"https:\/\/gazetapernambucana.com\/wp-content\/uploads\/2026\/08\/11f77e6d8a8e346bc312bf2719fc2e63-2-300x147-1-150x147-1.webp","width":150,"height":147},{"@type":"BreadcrumbList","@id":"https:\/\/gazetapernambucana.com\/?p=4788#breadcrumb","itemListElement":[{"@type":"ListItem","position":1,"name":"In\u00edcio","item":"https:\/\/gazetapernambucana.com\/"},{"@type":"ListItem","position":2,"name":"Vergonha suprema. Por Jos\u00e9 Paulo Cavalcanti Filho"}]},{"@type":"WebSite","@id":"https:\/\/gazetapernambucana.com\/#website","url":"https:\/\/gazetapernambucana.com\/","name":"","description":"","potentialAction":[{"@type":"SearchAction","target":{"@type":"EntryPoint","urlTemplate":"https:\/\/gazetapernambucana.com\/?s={search_term_string}"},"query-input":{"@type":"PropertyValueSpecification","valueRequired":true,"valueName":"search_term_string"}}],"inLanguage":"pt-BR"},{"@type":"Person","@id":"https:\/\/gazetapernambucana.com\/#\/schema\/person\/188dc283325181ac2de4db1e9e987427","name":"GP","image":{"@type":"ImageObject","inLanguage":"pt-BR","@id":"https:\/\/gazetapernambucana.com\/#\/schema\/person\/image\/","url":"https:\/\/secure.gravatar.com\/avatar\/9dad78ff9a2d8b5742d11779f8a3f53b052320c550b2e1907882353c067bb111?s=96&d=mm&r=g","contentUrl":"https:\/\/secure.gravatar.com\/avatar\/9dad78ff9a2d8b5742d11779f8a3f53b052320c550b2e1907882353c067bb111?s=96&d=mm&r=g","caption":"GP"},"sameAs":["http:\/\/gazetapernambucana.com"],"url":"https:\/\/gazetapernambucana.com\/?author=1"}]}},"jetpack_publicize_connections":[],"_links":{"self":[{"href":"https:\/\/gazetapernambucana.com\/index.php?rest_route=\/wp\/v2\/posts\/4788","targetHints":{"allow":["GET"]}}],"collection":[{"href":"https:\/\/gazetapernambucana.com\/index.php?rest_route=\/wp\/v2\/posts"}],"about":[{"href":"https:\/\/gazetapernambucana.com\/index.php?rest_route=\/wp\/v2\/types\/post"}],"author":[{"embeddable":true,"href":"https:\/\/gazetapernambucana.com\/index.php?rest_route=\/wp\/v2\/users\/1"}],"replies":[{"embeddable":true,"href":"https:\/\/gazetapernambucana.com\/index.php?rest_route=%2Fwp%2Fv2%2Fcomments&post=4788"}],"version-history":[{"count":1,"href":"https:\/\/gazetapernambucana.com\/index.php?rest_route=\/wp\/v2\/posts\/4788\/revisions"}],"predecessor-version":[{"id":4789,"href":"https:\/\/gazetapernambucana.com\/index.php?rest_route=\/wp\/v2\/posts\/4788\/revisions\/4789"}],"wp:featuredmedia":[{"embeddable":true,"href":"https:\/\/gazetapernambucana.com\/index.php?rest_route=\/wp\/v2\/media\/4457"}],"wp:attachment":[{"href":"https:\/\/gazetapernambucana.com\/index.php?rest_route=%2Fwp%2Fv2%2Fmedia&parent=4788"}],"wp:term":[{"taxonomy":"category","embeddable":true,"href":"https:\/\/gazetapernambucana.com\/index.php?rest_route=%2Fwp%2Fv2%2Fcategories&post=4788"},{"taxonomy":"post_tag","embeddable":true,"href":"https:\/\/gazetapernambucana.com\/index.php?rest_route=%2Fwp%2Fv2%2Ftags&post=4788"}],"curies":[{"name":"wp","href":"https:\/\/api.w.org\/{rel}","templated":true}]}}