{"id":4781,"date":"2026-09-04T00:58:25","date_gmt":"2026-09-04T03:58:25","guid":{"rendered":"https:\/\/gazetapernambucana.com\/?p=4781"},"modified":"2026-09-04T00:58:25","modified_gmt":"2026-09-04T03:58:25","slug":"presenca-de-tulio-gadelha-marca-inauguracao-de-comite-de-antonio-moraes-e-fortalece-chapa-ao-senado","status":"publish","type":"post","link":"https:\/\/gazetapernambucana.com\/?p=4781","title":{"rendered":"Presen\u00e7a de T\u00falio Gad\u00ealha marca inaugura\u00e7\u00e3o de comit\u00ea de Ant\u00f4nio Moraes e fortalece chapa ao Senado"},"content":{"rendered":"<p class=\"ds-markdown-paragraph\"><strong><span class=\"\">Deputado federal e candidato ao Senado foi destaque em noite de alian\u00e7as e reafirma\u00e7\u00e3o de compromisso com Pernambuco<\/span><\/strong><\/p>\n<p class=\"ds-markdown-paragraph\"><span class=\"\">A noite da \u00faltima quarta-feira (2) foi marcada por um grande encontro pol\u00edtico no Recife, com a inaugura\u00e7\u00e3o do comit\u00ea de campanha do deputado estadual Ant\u00f4nio Moraes (PSD), que busca a reelei\u00e7\u00e3o para o oitavo mandato na Assembleia Legislativa de Pernambuco (Alepe). Realizado no bairro do Pina, o evento reuniu uma expressiva multid\u00e3o e diversas lideran\u00e7as estaduais, consolidando o apoio ao projeto pol\u00edtico do parlamentar.<\/span><\/p>\n<p class=\"ds-markdown-paragraph\"><span class=\"\">Entre os principais nomes presentes, destacou-se a participa\u00e7\u00e3o do deputado federal e candidato ao Senado, T\u00falio Gad\u00ealha (PSD). Sua presen\u00e7a no ato refor\u00e7ou a alian\u00e7a pol\u00edtica constru\u00edda com Moraes, baseada em di\u00e1logo, respeito e compromisso com o estado. O candidato ao Senado viveu de perto o in\u00edcio dessa nova caminhada do aliado, em uma noite de reencontros e boas conversas, conforme registrado em suas redes sociais.<\/span><\/p>\n<p class=\"ds-markdown-paragraph\"><span class=\"\">O lan\u00e7amento da campanha de Ant\u00f4nio Moraes contou ainda com a vice-governadora e candidata \u00e0 reelei\u00e7\u00e3o, Priscila Krause, e o candidato a deputado federal Daniel Coelho. Em seu discurso, Moraes fez quest\u00e3o de convocar todos os presentes a apoiarem a chapa majorit\u00e1ria governista, citando nominalmente T\u00falio Gad\u00ealha e Eduardo da Fonte (PP) como os postulantes ao Senado, demonstrando a for\u00e7a do grupo.<\/span><\/p>\n<p class=\"ds-markdown-paragraph\"><span class=\"\">Mais do que um gesto de apoio a um aliado hist\u00f3rico, a presen\u00e7a de Gad\u00ealha reafirmou sua posi\u00e7\u00e3o como pe\u00e7a-chave na chapa que busca a reelei\u00e7\u00e3o da governadora Raquel Lyra. Sua candidatura ao Senado \u00e9 vista como um dos principais trunfos do grupo para as elei\u00e7\u00f5es de 2026. Com uma trajet\u00f3ria marcada por posi\u00e7\u00f5es firmes em debates nacionais, Gad\u00ealha tem se destacado como o \u00fanico candidato ao Senado que votou contra a PEC da Blindagem, proposta que, segundo ele, dificultaria o combate ao crime organizado.<\/span><\/p>\n<p class=\"ds-markdown-paragraph\"><span class=\"\">O cen\u00e1rio atual das pesquisas tamb\u00e9m coloca Gad\u00ealha em posi\u00e7\u00e3o competitiva. Levantamentos recentes apontam o deputado com cerca de 12% das inten\u00e7\u00f5es de voto, empatado tecnicamente com o segundo colocado, o que indica que sua campanha tem potencial para crescer e brigar por uma das duas vagas na disputa.<\/span><\/p>\n<p class=\"ds-markdown-paragraph\"><span class=\"\">Sua alian\u00e7a com Ant\u00f4nio Moraes e a presen\u00e7a na inaugura\u00e7\u00e3o do comit\u00ea refletem o estilo de campanha de T\u00falio Gad\u00ealha, baseado no di\u00e1logo e no contato direto com a popula\u00e7\u00e3o. O pr\u00f3prio candidato j\u00e1 declarou que &#8220;o Senado n\u00e3o se ganha nos gabinetes, ganha-se nas ruas&#8221;, filosofia que tem colocado em pr\u00e1tica com uma agenda intensa de eventos.<\/span><\/p>\n<p class=\"ds-markdown-paragraph\"><span class=\"\">Com uma base s\u00f3lida de apoio, propostas claras e destaque nos eventos-chave da campanha, T\u00falio Gad\u00ealha se firma como um dos principais nomes na corrida pelo Senado, pronto para representar Pernambuco com a mesma energia e compromisso demonstrados ao lado de Ant\u00f4nio Moraes.<\/span><\/p>\n<p><strong>V\u00cdDEO:<\/strong><\/p>\n<div style=\"width: 640px;\" class=\"wp-video\"><video class=\"wp-video-shortcode\" id=\"video-4781-1\" width=\"640\" height=\"1138\" preload=\"metadata\" controls=\"controls\"><source type=\"video\/mp4\" src=\"http:\/\/gazetapernambucana.com\/wp-content\/uploads\/2026\/09\/SnapInsta.to_AQPPLpI3jQwm6stCpEKNcauHB13IUyh94V5l9hqgyUnt2Q2aOdl31knwmT8tqaT7aaNnqBvjVisDooQxLIR4t9nrRgDucJw6i1TtD68-3.mp4?_=1\" \/><a href=\"http:\/\/gazetapernambucana.com\/wp-content\/uploads\/2026\/09\/SnapInsta.to_AQPPLpI3jQwm6stCpEKNcauHB13IUyh94V5l9hqgyUnt2Q2aOdl31knwmT8tqaT7aaNnqBvjVisDooQxLIR4t9nrRgDucJw6i1TtD68-3.mp4\">http:\/\/gazetapernambucana.com\/wp-content\/uploads\/2026\/09\/SnapInsta.to_AQPPLpI3jQwm6stCpEKNcauHB13IUyh94V5l9hqgyUnt2Q2aOdl31knwmT8tqaT7aaNnqBvjVisDooQxLIR4t9nrRgDucJw6i1TtD68-3.mp4<\/a><\/video><\/div>\n","protected":false},"excerpt":{"rendered":"<p>Deputado federal e candidato ao Senado foi destaque em noite de alian\u00e7as e reafirma\u00e7\u00e3o de compromisso com Pernambuco A noite da \u00faltima quarta-feira (2) foi marcada por um grande encontro pol\u00edtico no Recife, com a inaugura\u00e7\u00e3o do comit\u00ea de campanha do deputado estadual Ant\u00f4nio Moraes (PSD), que busca a reelei\u00e7\u00e3o para o oitavo mandato na [&hellip;]<\/p>\n","protected":false},"author":1,"featured_media":4783,"comment_status":"open","ping_status":"open","sticky":false,"template":"","format":"standard","meta":{"footnotes":"","jetpack_publicize_message":"","jetpack_publicize_feature_enabled":true,"jetpack_social_post_already_shared":true,"jetpack_social_options":{"image_generator_settings":{"template":"highway","default_image_id":0,"font":"","enabled":false},"version":2}},"categories":[66,1,65],"tags":[],"class_list":["post-4781","post","type-post","status-publish","format-standard","has-post-thumbnail","hentry","category-cidades","category-https-gazetapernambucana-com-page_id225","category-politica"],"yoast_head":"<!-- This site is optimized with the Yoast SEO plugin v24.5 - https:\/\/yoast.com\/wordpress\/plugins\/seo\/ -->\n<title>Presen\u00e7a de T\u00falio Gad\u00ealha marca inaugura\u00e7\u00e3o de comit\u00ea de Ant\u00f4nio Moraes e fortalece chapa ao Senado -<\/title>\n<meta name=\"robots\" content=\"index, follow, max-snippet:-1, max-image-preview:large, max-video-preview:-1\" \/>\n<link rel=\"canonical\" href=\"https:\/\/gazetapernambucana.com\/?p=4781\" \/>\n<meta property=\"og:locale\" content=\"pt_BR\" \/>\n<meta property=\"og:type\" content=\"article\" \/>\n<meta property=\"og:title\" content=\"Presen\u00e7a de T\u00falio Gad\u00ealha marca inaugura\u00e7\u00e3o de comit\u00ea de Ant\u00f4nio Moraes e fortalece chapa ao Senado -\" \/>\n<meta property=\"og:description\" content=\"Deputado federal e candidato ao Senado foi destaque em noite de alian\u00e7as e reafirma\u00e7\u00e3o de compromisso com Pernambuco A noite da \u00faltima quarta-feira (2) foi marcada por um grande encontro pol\u00edtico no Recife, com a inaugura\u00e7\u00e3o do comit\u00ea de campanha do deputado estadual Ant\u00f4nio Moraes (PSD), que busca a reelei\u00e7\u00e3o para o oitavo mandato na [&hellip;]\" \/>\n<meta property=\"og:url\" content=\"https:\/\/gazetapernambucana.com\/?p=4781\" \/>\n<meta property=\"article:published_time\" content=\"2026-09-04T03:58:25+00:00\" \/>\n<meta property=\"og:image\" content=\"http:\/\/gazetapernambucana.com\/wp-content\/uploads\/2026\/09\/download-31.jpg\" \/>\n\t<meta property=\"og:image:width\" content=\"720\" \/>\n\t<meta property=\"og:image:height\" content=\"1210\" \/>\n\t<meta property=\"og:image:type\" content=\"image\/jpeg\" \/>\n<meta name=\"author\" content=\"GP\" \/>\n<meta name=\"twitter:card\" content=\"summary_large_image\" \/>\n<meta name=\"twitter:label1\" content=\"Escrito por\" \/>\n\t<meta name=\"twitter:data1\" content=\"GP\" \/>\n\t<meta name=\"twitter:label2\" content=\"Est. tempo de leitura\" \/>\n\t<meta name=\"twitter:data2\" content=\"3 minutos\" \/>\n<script type=\"application\/ld+json\" class=\"yoast-schema-graph\">{\"@context\":\"https:\/\/schema.org\",\"@graph\":[{\"@type\":\"WebPage\",\"@id\":\"https:\/\/gazetapernambucana.com\/?p=4781\",\"url\":\"https:\/\/gazetapernambucana.com\/?p=4781\",\"name\":\"Presen\u00e7a de T\u00falio Gad\u00ealha marca inaugura\u00e7\u00e3o de comit\u00ea de Ant\u00f4nio Moraes e fortalece chapa ao Senado -\",\"isPartOf\":{\"@id\":\"https:\/\/gazetapernambucana.com\/#website\"},\"primaryImageOfPage\":{\"@id\":\"https:\/\/gazetapernambucana.com\/?p=4781#primaryimage\"},\"image\":{\"@id\":\"https:\/\/gazetapernambucana.com\/?p=4781#primaryimage\"},\"thumbnailUrl\":\"https:\/\/gazetapernambucana.com\/wp-content\/uploads\/2026\/09\/download-31.jpg\",\"datePublished\":\"2026-09-04T03:58:25+00:00\",\"author\":{\"@id\":\"https:\/\/gazetapernambucana.com\/#\/schema\/person\/188dc283325181ac2de4db1e9e987427\"},\"breadcrumb\":{\"@id\":\"https:\/\/gazetapernambucana.com\/?p=4781#breadcrumb\"},\"inLanguage\":\"pt-BR\",\"potentialAction\":[{\"@type\":\"ReadAction\",\"target\":[\"https:\/\/gazetapernambucana.com\/?p=4781\"]}]},{\"@type\":\"ImageObject\",\"inLanguage\":\"pt-BR\",\"@id\":\"https:\/\/gazetapernambucana.com\/?p=4781#primaryimage\",\"url\":\"https:\/\/gazetapernambucana.com\/wp-content\/uploads\/2026\/09\/download-31.jpg\",\"contentUrl\":\"https:\/\/gazetapernambucana.com\/wp-content\/uploads\/2026\/09\/download-31.jpg\",\"width\":720,\"height\":1210},{\"@type\":\"BreadcrumbList\",\"@id\":\"https:\/\/gazetapernambucana.com\/?p=4781#breadcrumb\",\"itemListElement\":[{\"@type\":\"ListItem\",\"position\":1,\"name\":\"In\u00edcio\",\"item\":\"https:\/\/gazetapernambucana.com\/\"},{\"@type\":\"ListItem\",\"position\":2,\"name\":\"Presen\u00e7a de T\u00falio Gad\u00ealha marca inaugura\u00e7\u00e3o de comit\u00ea de Ant\u00f4nio Moraes e fortalece chapa ao Senado\"}]},{\"@type\":\"WebSite\",\"@id\":\"https:\/\/gazetapernambucana.com\/#website\",\"url\":\"https:\/\/gazetapernambucana.com\/\",\"name\":\"\",\"description\":\"\",\"potentialAction\":[{\"@type\":\"SearchAction\",\"target\":{\"@type\":\"EntryPoint\",\"urlTemplate\":\"https:\/\/gazetapernambucana.com\/?s={search_term_string}\"},\"query-input\":{\"@type\":\"PropertyValueSpecification\",\"valueRequired\":true,\"valueName\":\"search_term_string\"}}],\"inLanguage\":\"pt-BR\"},{\"@type\":\"Person\",\"@id\":\"https:\/\/gazetapernambucana.com\/#\/schema\/person\/188dc283325181ac2de4db1e9e987427\",\"name\":\"GP\",\"image\":{\"@type\":\"ImageObject\",\"inLanguage\":\"pt-BR\",\"@id\":\"https:\/\/gazetapernambucana.com\/#\/schema\/person\/image\/\",\"url\":\"https:\/\/secure.gravatar.com\/avatar\/9dad78ff9a2d8b5742d11779f8a3f53b052320c550b2e1907882353c067bb111?s=96&d=mm&r=g\",\"contentUrl\":\"https:\/\/secure.gravatar.com\/avatar\/9dad78ff9a2d8b5742d11779f8a3f53b052320c550b2e1907882353c067bb111?s=96&d=mm&r=g\",\"caption\":\"GP\"},\"sameAs\":[\"http:\/\/gazetapernambucana.com\"],\"url\":\"https:\/\/gazetapernambucana.com\/?author=1\"}]}<\/script>\n<!-- \/ Yoast SEO plugin. -->","yoast_head_json":{"title":"Presen\u00e7a de T\u00falio Gad\u00ealha marca inaugura\u00e7\u00e3o de comit\u00ea de Ant\u00f4nio Moraes e fortalece chapa ao Senado -","robots":{"index":"index","follow":"follow","max-snippet":"max-snippet:-1","max-image-preview":"max-image-preview:large","max-video-preview":"max-video-preview:-1"},"canonical":"https:\/\/gazetapernambucana.com\/?p=4781","og_locale":"pt_BR","og_type":"article","og_title":"Presen\u00e7a de T\u00falio Gad\u00ealha marca inaugura\u00e7\u00e3o de comit\u00ea de Ant\u00f4nio Moraes e fortalece chapa ao Senado -","og_description":"Deputado federal e candidato ao Senado foi destaque em noite de alian\u00e7as e reafirma\u00e7\u00e3o de compromisso com Pernambuco A noite da \u00faltima quarta-feira (2) foi marcada por um grande encontro pol\u00edtico no Recife, com a inaugura\u00e7\u00e3o do comit\u00ea de campanha do deputado estadual Ant\u00f4nio Moraes (PSD), que busca a reelei\u00e7\u00e3o para o oitavo mandato na [&hellip;]","og_url":"https:\/\/gazetapernambucana.com\/?p=4781","article_published_time":"2026-09-04T03:58:25+00:00","og_image":[{"width":720,"height":1210,"url":"http:\/\/gazetapernambucana.com\/wp-content\/uploads\/2026\/09\/download-31.jpg","type":"image\/jpeg"}],"author":"GP","twitter_card":"summary_large_image","twitter_misc":{"Escrito por":"GP","Est. tempo de leitura":"3 minutos"},"schema":{"@context":"https:\/\/schema.org","@graph":[{"@type":"WebPage","@id":"https:\/\/gazetapernambucana.com\/?p=4781","url":"https:\/\/gazetapernambucana.com\/?p=4781","name":"Presen\u00e7a de T\u00falio Gad\u00ealha marca inaugura\u00e7\u00e3o de comit\u00ea de Ant\u00f4nio Moraes e fortalece chapa ao Senado -","isPartOf":{"@id":"https:\/\/gazetapernambucana.com\/#website"},"primaryImageOfPage":{"@id":"https:\/\/gazetapernambucana.com\/?p=4781#primaryimage"},"image":{"@id":"https:\/\/gazetapernambucana.com\/?p=4781#primaryimage"},"thumbnailUrl":"https:\/\/gazetapernambucana.com\/wp-content\/uploads\/2026\/09\/download-31.jpg","datePublished":"2026-09-04T03:58:25+00:00","author":{"@id":"https:\/\/gazetapernambucana.com\/#\/schema\/person\/188dc283325181ac2de4db1e9e987427"},"breadcrumb":{"@id":"https:\/\/gazetapernambucana.com\/?p=4781#breadcrumb"},"inLanguage":"pt-BR","potentialAction":[{"@type":"ReadAction","target":["https:\/\/gazetapernambucana.com\/?p=4781"]}]},{"@type":"ImageObject","inLanguage":"pt-BR","@id":"https:\/\/gazetapernambucana.com\/?p=4781#primaryimage","url":"https:\/\/gazetapernambucana.com\/wp-content\/uploads\/2026\/09\/download-31.jpg","contentUrl":"https:\/\/gazetapernambucana.com\/wp-content\/uploads\/2026\/09\/download-31.jpg","width":720,"height":1210},{"@type":"BreadcrumbList","@id":"https:\/\/gazetapernambucana.com\/?p=4781#breadcrumb","itemListElement":[{"@type":"ListItem","position":1,"name":"In\u00edcio","item":"https:\/\/gazetapernambucana.com\/"},{"@type":"ListItem","position":2,"name":"Presen\u00e7a de T\u00falio Gad\u00ealha marca inaugura\u00e7\u00e3o de comit\u00ea de Ant\u00f4nio Moraes e fortalece chapa ao Senado"}]},{"@type":"WebSite","@id":"https:\/\/gazetapernambucana.com\/#website","url":"https:\/\/gazetapernambucana.com\/","name":"","description":"","potentialAction":[{"@type":"SearchAction","target":{"@type":"EntryPoint","urlTemplate":"https:\/\/gazetapernambucana.com\/?s={search_term_string}"},"query-input":{"@type":"PropertyValueSpecification","valueRequired":true,"valueName":"search_term_string"}}],"inLanguage":"pt-BR"},{"@type":"Person","@id":"https:\/\/gazetapernambucana.com\/#\/schema\/person\/188dc283325181ac2de4db1e9e987427","name":"GP","image":{"@type":"ImageObject","inLanguage":"pt-BR","@id":"https:\/\/gazetapernambucana.com\/#\/schema\/person\/image\/","url":"https:\/\/secure.gravatar.com\/avatar\/9dad78ff9a2d8b5742d11779f8a3f53b052320c550b2e1907882353c067bb111?s=96&d=mm&r=g","contentUrl":"https:\/\/secure.gravatar.com\/avatar\/9dad78ff9a2d8b5742d11779f8a3f53b052320c550b2e1907882353c067bb111?s=96&d=mm&r=g","caption":"GP"},"sameAs":["http:\/\/gazetapernambucana.com"],"url":"https:\/\/gazetapernambucana.com\/?author=1"}]}},"jetpack_publicize_connections":[],"_links":{"self":[{"href":"https:\/\/gazetapernambucana.com\/index.php?rest_route=\/wp\/v2\/posts\/4781","targetHints":{"allow":["GET"]}}],"collection":[{"href":"https:\/\/gazetapernambucana.com\/index.php?rest_route=\/wp\/v2\/posts"}],"about":[{"href":"https:\/\/gazetapernambucana.com\/index.php?rest_route=\/wp\/v2\/types\/post"}],"author":[{"embeddable":true,"href":"https:\/\/gazetapernambucana.com\/index.php?rest_route=\/wp\/v2\/users\/1"}],"replies":[{"embeddable":true,"href":"https:\/\/gazetapernambucana.com\/index.php?rest_route=%2Fwp%2Fv2%2Fcomments&post=4781"}],"version-history":[{"count":1,"href":"https:\/\/gazetapernambucana.com\/index.php?rest_route=\/wp\/v2\/posts\/4781\/revisions"}],"predecessor-version":[{"id":4784,"href":"https:\/\/gazetapernambucana.com\/index.php?rest_route=\/wp\/v2\/posts\/4781\/revisions\/4784"}],"wp:featuredmedia":[{"embeddable":true,"href":"https:\/\/gazetapernambucana.com\/index.php?rest_route=\/wp\/v2\/media\/4783"}],"wp:attachment":[{"href":"https:\/\/gazetapernambucana.com\/index.php?rest_route=%2Fwp%2Fv2%2Fmedia&parent=4781"}],"wp:term":[{"taxonomy":"category","embeddable":true,"href":"https:\/\/gazetapernambucana.com\/index.php?rest_route=%2Fwp%2Fv2%2Fcategories&post=4781"},{"taxonomy":"post_tag","embeddable":true,"href":"https:\/\/gazetapernambucana.com\/index.php?rest_route=%2Fwp%2Fv2%2Ftags&post=4781"}],"curies":[{"name":"wp","href":"https:\/\/api.w.org\/{rel}","templated":true}]}}