{"id":4777,"date":"2026-09-03T19:20:19","date_gmt":"2026-09-03T22:20:19","guid":{"rendered":"https:\/\/gazetapernambucana.com\/?p=4777"},"modified":"2026-09-03T19:20:41","modified_gmt":"2026-09-03T22:20:41","slug":"mendonca-pede-que-judiciario-honre-a-confianca-do-povo","status":"publish","type":"post","link":"https:\/\/gazetapernambucana.com\/?p=4777","title":{"rendered":"Andr\u00e9 Mendon\u00e7a pede que Judici\u00e1rio \u201chonre a confian\u00e7a\u201d do povo"},"content":{"rendered":"<div class=\"p-3\">\n<div class=\"mt-1 ta-9 strong\">Em meio \u00e0 nova crise no Supremo Tribunal Federal, o ministro Andr\u00e9 Mendon\u00e7a fez uma refer\u00eancia religiosa nesta quinta-feira (3) e pediu que Deus aben\u00e7oe os integrantes do Judici\u00e1rio para que possam \u201chonrar a confian\u00e7a\u201d da popula\u00e7\u00e3o.<\/div>\n<div class=\"mt-2 texto\">\n<p>A declara\u00e7\u00e3o ocorreu durante cerim\u00f4nia no Tribunal Superior Eleitoral (TSE), que marcou a assinatura de um pacto com organiza\u00e7\u00f5es religiosas voltado \u00e0 promo\u00e7\u00e3o da \u201cpaz e toler\u00e2ncia\u201d durante as elei\u00e7\u00f5es.<\/p>\n<p>Em seu discurso, Mendon\u00e7a destacou a influ\u00eancia de l\u00edderes religiosos sobre os eleitores e defendeu que eles contribuam para transmitir seguran\u00e7a \u00e0 popula\u00e7\u00e3o, al\u00e9m de refor\u00e7ar a import\u00e2ncia do voto e da participa\u00e7\u00e3o social. O ministro afirmou que o per\u00edodo eleitoral deve refor\u00e7ar a igualdade, independentemente de condi\u00e7\u00e3o econ\u00f4mica, ra\u00e7a, f\u00e9 ou sexo.<\/p>\n<p>\u201cQue Deus os aben\u00e7oe nessa miss\u00e3o e nos aben\u00e7oe, desse lado da mesa, a todos que representam o Poder Judici\u00e1rio e o sistema de Justi\u00e7a. Que n\u00f3s possamos honrar a confian\u00e7a que o povo, o cidad\u00e3o, deposita em n\u00f3s e em cada um dos senhores\u201d, afirmou.<\/p>\n<p>A manifesta\u00e7\u00e3o ocorreu dias ap\u00f3s Mendon\u00e7a retirar o sigilo de um relat\u00f3rio da Pol\u00edcia Federal que re\u00fane mensagens trocadas entre o ministro Alexandre de Moraes e o ex-banqueiro Daniel Vorcaro, do Banco Master. Segundo o relat\u00f3rio, Vorcaro teria solicitado a Moraes que atuasse junto ao diretor-geral da Pol\u00edcia Federal, Andrei Rodrigues, e ao procurador-geral da Rep\u00fablica, Paulo Gonet, para conter o avan\u00e7o das investiga\u00e7\u00f5es.<\/p>\n<\/div>\n<\/div>\n","protected":false},"excerpt":{"rendered":"<p>Em meio \u00e0 nova crise no Supremo Tribunal Federal, o ministro Andr\u00e9 Mendon\u00e7a fez uma refer\u00eancia religiosa nesta quinta-feira (3) e pediu que Deus aben\u00e7oe os integrantes do Judici\u00e1rio para que possam \u201chonrar a confian\u00e7a\u201d da popula\u00e7\u00e3o. A declara\u00e7\u00e3o ocorreu durante cerim\u00f4nia no Tribunal Superior Eleitoral (TSE), que marcou a assinatura de um pacto com [&hellip;]<\/p>\n","protected":false},"author":1,"featured_media":4778,"comment_status":"open","ping_status":"open","sticky":false,"template":"","format":"standard","meta":{"footnotes":"","jetpack_publicize_message":"","jetpack_publicize_feature_enabled":true,"jetpack_social_post_already_shared":true,"jetpack_social_options":{"image_generator_settings":{"template":"highway","default_image_id":0,"font":"","enabled":false},"version":2}},"categories":[37,1,65],"tags":[],"class_list":["post-4777","post","type-post","status-publish","format-standard","has-post-thumbnail","hentry","category-https-gazetapernambucana-com-page_id212","category-https-gazetapernambucana-com-page_id225","category-politica"],"yoast_head":"<!-- This site is optimized with the Yoast SEO plugin v24.5 - https:\/\/yoast.com\/wordpress\/plugins\/seo\/ -->\n<title>Andr\u00e9 Mendon\u00e7a pede que Judici\u00e1rio \u201chonre a confian\u00e7a\u201d do povo -<\/title>\n<meta name=\"robots\" content=\"index, follow, max-snippet:-1, max-image-preview:large, max-video-preview:-1\" \/>\n<link rel=\"canonical\" href=\"https:\/\/gazetapernambucana.com\/?p=4777\" \/>\n<meta property=\"og:locale\" content=\"pt_BR\" \/>\n<meta property=\"og:type\" content=\"article\" \/>\n<meta property=\"og:title\" content=\"Andr\u00e9 Mendon\u00e7a pede que Judici\u00e1rio \u201chonre a confian\u00e7a\u201d do povo -\" \/>\n<meta property=\"og:description\" content=\"Em meio \u00e0 nova crise no Supremo Tribunal Federal, o ministro Andr\u00e9 Mendon\u00e7a fez uma refer\u00eancia religiosa nesta quinta-feira (3) e pediu que Deus aben\u00e7oe os integrantes do Judici\u00e1rio para que possam \u201chonrar a confian\u00e7a\u201d da popula\u00e7\u00e3o. A declara\u00e7\u00e3o ocorreu durante cerim\u00f4nia no Tribunal Superior Eleitoral (TSE), que marcou a assinatura de um pacto com [&hellip;]\" \/>\n<meta property=\"og:url\" content=\"https:\/\/gazetapernambucana.com\/?p=4777\" \/>\n<meta property=\"article:published_time\" content=\"2026-09-03T22:20:19+00:00\" \/>\n<meta property=\"article:modified_time\" content=\"2026-09-03T22:20:41+00:00\" \/>\n<meta property=\"og:image\" content=\"http:\/\/gazetapernambucana.com\/wp-content\/uploads\/2026\/09\/1200x_0.493796001788471334.jpg\" \/>\n\t<meta property=\"og:image:width\" content=\"1200\" \/>\n\t<meta property=\"og:image:height\" content=\"675\" \/>\n\t<meta property=\"og:image:type\" content=\"image\/jpeg\" \/>\n<meta name=\"author\" content=\"GP\" \/>\n<meta name=\"twitter:card\" content=\"summary_large_image\" \/>\n<meta name=\"twitter:label1\" content=\"Escrito por\" \/>\n\t<meta name=\"twitter:data1\" content=\"GP\" \/>\n\t<meta name=\"twitter:label2\" content=\"Est. tempo de leitura\" \/>\n\t<meta name=\"twitter:data2\" content=\"2 minutos\" \/>\n<script type=\"application\/ld+json\" class=\"yoast-schema-graph\">{\"@context\":\"https:\/\/schema.org\",\"@graph\":[{\"@type\":\"WebPage\",\"@id\":\"https:\/\/gazetapernambucana.com\/?p=4777\",\"url\":\"https:\/\/gazetapernambucana.com\/?p=4777\",\"name\":\"Andr\u00e9 Mendon\u00e7a pede que Judici\u00e1rio \u201chonre a confian\u00e7a\u201d do povo -\",\"isPartOf\":{\"@id\":\"https:\/\/gazetapernambucana.com\/#website\"},\"primaryImageOfPage\":{\"@id\":\"https:\/\/gazetapernambucana.com\/?p=4777#primaryimage\"},\"image\":{\"@id\":\"https:\/\/gazetapernambucana.com\/?p=4777#primaryimage\"},\"thumbnailUrl\":\"https:\/\/gazetapernambucana.com\/wp-content\/uploads\/2026\/09\/1200x_0.493796001788471334.jpg\",\"datePublished\":\"2026-09-03T22:20:19+00:00\",\"dateModified\":\"2026-09-03T22:20:41+00:00\",\"author\":{\"@id\":\"https:\/\/gazetapernambucana.com\/#\/schema\/person\/188dc283325181ac2de4db1e9e987427\"},\"breadcrumb\":{\"@id\":\"https:\/\/gazetapernambucana.com\/?p=4777#breadcrumb\"},\"inLanguage\":\"pt-BR\",\"potentialAction\":[{\"@type\":\"ReadAction\",\"target\":[\"https:\/\/gazetapernambucana.com\/?p=4777\"]}]},{\"@type\":\"ImageObject\",\"inLanguage\":\"pt-BR\",\"@id\":\"https:\/\/gazetapernambucana.com\/?p=4777#primaryimage\",\"url\":\"https:\/\/gazetapernambucana.com\/wp-content\/uploads\/2026\/09\/1200x_0.493796001788471334.jpg\",\"contentUrl\":\"https:\/\/gazetapernambucana.com\/wp-content\/uploads\/2026\/09\/1200x_0.493796001788471334.jpg\",\"width\":1200,\"height\":675},{\"@type\":\"BreadcrumbList\",\"@id\":\"https:\/\/gazetapernambucana.com\/?p=4777#breadcrumb\",\"itemListElement\":[{\"@type\":\"ListItem\",\"position\":1,\"name\":\"In\u00edcio\",\"item\":\"https:\/\/gazetapernambucana.com\/\"},{\"@type\":\"ListItem\",\"position\":2,\"name\":\"Andr\u00e9 Mendon\u00e7a pede que Judici\u00e1rio \u201chonre a confian\u00e7a\u201d do povo\"}]},{\"@type\":\"WebSite\",\"@id\":\"https:\/\/gazetapernambucana.com\/#website\",\"url\":\"https:\/\/gazetapernambucana.com\/\",\"name\":\"\",\"description\":\"\",\"potentialAction\":[{\"@type\":\"SearchAction\",\"target\":{\"@type\":\"EntryPoint\",\"urlTemplate\":\"https:\/\/gazetapernambucana.com\/?s={search_term_string}\"},\"query-input\":{\"@type\":\"PropertyValueSpecification\",\"valueRequired\":true,\"valueName\":\"search_term_string\"}}],\"inLanguage\":\"pt-BR\"},{\"@type\":\"Person\",\"@id\":\"https:\/\/gazetapernambucana.com\/#\/schema\/person\/188dc283325181ac2de4db1e9e987427\",\"name\":\"GP\",\"image\":{\"@type\":\"ImageObject\",\"inLanguage\":\"pt-BR\",\"@id\":\"https:\/\/gazetapernambucana.com\/#\/schema\/person\/image\/\",\"url\":\"https:\/\/secure.gravatar.com\/avatar\/9dad78ff9a2d8b5742d11779f8a3f53b052320c550b2e1907882353c067bb111?s=96&d=mm&r=g\",\"contentUrl\":\"https:\/\/secure.gravatar.com\/avatar\/9dad78ff9a2d8b5742d11779f8a3f53b052320c550b2e1907882353c067bb111?s=96&d=mm&r=g\",\"caption\":\"GP\"},\"sameAs\":[\"http:\/\/gazetapernambucana.com\"],\"url\":\"https:\/\/gazetapernambucana.com\/?author=1\"}]}<\/script>\n<!-- \/ Yoast SEO plugin. -->","yoast_head_json":{"title":"Andr\u00e9 Mendon\u00e7a pede que Judici\u00e1rio \u201chonre a confian\u00e7a\u201d do povo -","robots":{"index":"index","follow":"follow","max-snippet":"max-snippet:-1","max-image-preview":"max-image-preview:large","max-video-preview":"max-video-preview:-1"},"canonical":"https:\/\/gazetapernambucana.com\/?p=4777","og_locale":"pt_BR","og_type":"article","og_title":"Andr\u00e9 Mendon\u00e7a pede que Judici\u00e1rio \u201chonre a confian\u00e7a\u201d do povo -","og_description":"Em meio \u00e0 nova crise no Supremo Tribunal Federal, o ministro Andr\u00e9 Mendon\u00e7a fez uma refer\u00eancia religiosa nesta quinta-feira (3) e pediu que Deus aben\u00e7oe os integrantes do Judici\u00e1rio para que possam \u201chonrar a confian\u00e7a\u201d da popula\u00e7\u00e3o. A declara\u00e7\u00e3o ocorreu durante cerim\u00f4nia no Tribunal Superior Eleitoral (TSE), que marcou a assinatura de um pacto com [&hellip;]","og_url":"https:\/\/gazetapernambucana.com\/?p=4777","article_published_time":"2026-09-03T22:20:19+00:00","article_modified_time":"2026-09-03T22:20:41+00:00","og_image":[{"width":1200,"height":675,"url":"http:\/\/gazetapernambucana.com\/wp-content\/uploads\/2026\/09\/1200x_0.493796001788471334.jpg","type":"image\/jpeg"}],"author":"GP","twitter_card":"summary_large_image","twitter_misc":{"Escrito por":"GP","Est. tempo de leitura":"2 minutos"},"schema":{"@context":"https:\/\/schema.org","@graph":[{"@type":"WebPage","@id":"https:\/\/gazetapernambucana.com\/?p=4777","url":"https:\/\/gazetapernambucana.com\/?p=4777","name":"Andr\u00e9 Mendon\u00e7a pede que Judici\u00e1rio \u201chonre a confian\u00e7a\u201d do povo -","isPartOf":{"@id":"https:\/\/gazetapernambucana.com\/#website"},"primaryImageOfPage":{"@id":"https:\/\/gazetapernambucana.com\/?p=4777#primaryimage"},"image":{"@id":"https:\/\/gazetapernambucana.com\/?p=4777#primaryimage"},"thumbnailUrl":"https:\/\/gazetapernambucana.com\/wp-content\/uploads\/2026\/09\/1200x_0.493796001788471334.jpg","datePublished":"2026-09-03T22:20:19+00:00","dateModified":"2026-09-03T22:20:41+00:00","author":{"@id":"https:\/\/gazetapernambucana.com\/#\/schema\/person\/188dc283325181ac2de4db1e9e987427"},"breadcrumb":{"@id":"https:\/\/gazetapernambucana.com\/?p=4777#breadcrumb"},"inLanguage":"pt-BR","potentialAction":[{"@type":"ReadAction","target":["https:\/\/gazetapernambucana.com\/?p=4777"]}]},{"@type":"ImageObject","inLanguage":"pt-BR","@id":"https:\/\/gazetapernambucana.com\/?p=4777#primaryimage","url":"https:\/\/gazetapernambucana.com\/wp-content\/uploads\/2026\/09\/1200x_0.493796001788471334.jpg","contentUrl":"https:\/\/gazetapernambucana.com\/wp-content\/uploads\/2026\/09\/1200x_0.493796001788471334.jpg","width":1200,"height":675},{"@type":"BreadcrumbList","@id":"https:\/\/gazetapernambucana.com\/?p=4777#breadcrumb","itemListElement":[{"@type":"ListItem","position":1,"name":"In\u00edcio","item":"https:\/\/gazetapernambucana.com\/"},{"@type":"ListItem","position":2,"name":"Andr\u00e9 Mendon\u00e7a pede que Judici\u00e1rio \u201chonre a confian\u00e7a\u201d do povo"}]},{"@type":"WebSite","@id":"https:\/\/gazetapernambucana.com\/#website","url":"https:\/\/gazetapernambucana.com\/","name":"","description":"","potentialAction":[{"@type":"SearchAction","target":{"@type":"EntryPoint","urlTemplate":"https:\/\/gazetapernambucana.com\/?s={search_term_string}"},"query-input":{"@type":"PropertyValueSpecification","valueRequired":true,"valueName":"search_term_string"}}],"inLanguage":"pt-BR"},{"@type":"Person","@id":"https:\/\/gazetapernambucana.com\/#\/schema\/person\/188dc283325181ac2de4db1e9e987427","name":"GP","image":{"@type":"ImageObject","inLanguage":"pt-BR","@id":"https:\/\/gazetapernambucana.com\/#\/schema\/person\/image\/","url":"https:\/\/secure.gravatar.com\/avatar\/9dad78ff9a2d8b5742d11779f8a3f53b052320c550b2e1907882353c067bb111?s=96&d=mm&r=g","contentUrl":"https:\/\/secure.gravatar.com\/avatar\/9dad78ff9a2d8b5742d11779f8a3f53b052320c550b2e1907882353c067bb111?s=96&d=mm&r=g","caption":"GP"},"sameAs":["http:\/\/gazetapernambucana.com"],"url":"https:\/\/gazetapernambucana.com\/?author=1"}]}},"jetpack_publicize_connections":[],"_links":{"self":[{"href":"https:\/\/gazetapernambucana.com\/index.php?rest_route=\/wp\/v2\/posts\/4777","targetHints":{"allow":["GET"]}}],"collection":[{"href":"https:\/\/gazetapernambucana.com\/index.php?rest_route=\/wp\/v2\/posts"}],"about":[{"href":"https:\/\/gazetapernambucana.com\/index.php?rest_route=\/wp\/v2\/types\/post"}],"author":[{"embeddable":true,"href":"https:\/\/gazetapernambucana.com\/index.php?rest_route=\/wp\/v2\/users\/1"}],"replies":[{"embeddable":true,"href":"https:\/\/gazetapernambucana.com\/index.php?rest_route=%2Fwp%2Fv2%2Fcomments&post=4777"}],"version-history":[{"count":2,"href":"https:\/\/gazetapernambucana.com\/index.php?rest_route=\/wp\/v2\/posts\/4777\/revisions"}],"predecessor-version":[{"id":4780,"href":"https:\/\/gazetapernambucana.com\/index.php?rest_route=\/wp\/v2\/posts\/4777\/revisions\/4780"}],"wp:featuredmedia":[{"embeddable":true,"href":"https:\/\/gazetapernambucana.com\/index.php?rest_route=\/wp\/v2\/media\/4778"}],"wp:attachment":[{"href":"https:\/\/gazetapernambucana.com\/index.php?rest_route=%2Fwp%2Fv2%2Fmedia&parent=4777"}],"wp:term":[{"taxonomy":"category","embeddable":true,"href":"https:\/\/gazetapernambucana.com\/index.php?rest_route=%2Fwp%2Fv2%2Fcategories&post=4777"},{"taxonomy":"post_tag","embeddable":true,"href":"https:\/\/gazetapernambucana.com\/index.php?rest_route=%2Fwp%2Fv2%2Ftags&post=4777"}],"curies":[{"name":"wp","href":"https:\/\/api.w.org\/{rel}","templated":true}]}}