{"id":4772,"date":"2026-09-03T18:59:52","date_gmt":"2026-09-03T21:59:52","guid":{"rendered":"https:\/\/gazetapernambucana.com\/?p=4772"},"modified":"2026-09-03T18:59:52","modified_gmt":"2026-09-03T21:59:52","slug":"camara-aprova-fim-da-taxa-das-blusinhas-e-texto-vai-ao-senado","status":"publish","type":"post","link":"https:\/\/gazetapernambucana.com\/?p=4772","title":{"rendered":"C\u00e2mara aprova fim da \u201ctaxa das blusinhas\u201d e texto vai ao Senado"},"content":{"rendered":"<header class=\"bc-hero\">\n<div class=\"container bc-hero-inner\"><\/div>\n<\/header>\n<div class=\"bc-body\">\n<div class=\"container bc-body-grid\">\n<div class=\"bc-body-main\">\n<div class=\"bc-content entry-content\">\n<figure class=\"wp-block-image size-large\"><figcaption class=\"wp-element-caption\">Foto: Kayo Magalh\u00e3es<\/figcaption><\/figure>\n<p class=\"wp-block-paragraph\">A C\u00e2mara dos Deputados aprovou, nesta quinta (3), a medida provis\u00f3ria (MP) que prev\u00ea o fim da \u201ctaxa das blusinhas\u201d. Agora, o texto segue para an\u00e1lise do plen\u00e1rio do Senado, que tem expectativa de votar a proposta ainda nesta quinta, j\u00e1 que pode perder a validade na pr\u00f3xima ter\u00e7a (8) se n\u00e3o for aprovada.<\/p>\n<div class=\"canal-whatsapp-box\">\n<div class=\"canal-whatsapp-content\">\n<div class=\"canal-i-wp\">Nessa quarta (2), a MP foi aprovada pela comiss\u00e3o mista de deputados e senadores na forma do projeto de lei de convers\u00e3o apresentado pela relatora, a senadora Leila Barros (PDT-DF), que aceitou parte das emendas apresentadas pelos parlamentares, al\u00e9m de sugest\u00f5es de alguns setores da economia.<\/div>\n<\/div>\n<\/div>\n<p class=\"wp-block-paragraph\">A medida provis\u00f3ria autoriza a redu\u00e7\u00e3o da al\u00edquota do tributo, inclusive a zero, para remessas postais internacionais de at\u00e9 US$ 50. J\u00e1 acima desse valor e no limite at\u00e9 US$ 3 mil, a al\u00edquota pode ser reduzida dos atuais 60% para at\u00e9 30%.<\/p>\n<\/div>\n<\/div>\n<\/div>\n<\/div>\n","protected":false},"excerpt":{"rendered":"<p>Foto: Kayo Magalh\u00e3es A C\u00e2mara dos Deputados aprovou, nesta quinta (3), a medida provis\u00f3ria (MP) que prev\u00ea o fim da \u201ctaxa das blusinhas\u201d. Agora, o texto segue para an\u00e1lise do plen\u00e1rio do Senado, que tem expectativa de votar a proposta ainda nesta quinta, j\u00e1 que pode perder a validade na pr\u00f3xima ter\u00e7a (8) se n\u00e3o [&hellip;]<\/p>\n","protected":false},"author":1,"featured_media":4775,"comment_status":"open","ping_status":"open","sticky":false,"template":"","format":"standard","meta":{"footnotes":"","jetpack_publicize_message":"","jetpack_publicize_feature_enabled":true,"jetpack_social_post_already_shared":true,"jetpack_social_options":{"image_generator_settings":{"template":"highway","default_image_id":0,"font":"","enabled":false},"version":2}},"categories":[37,1,65],"tags":[],"class_list":["post-4772","post","type-post","status-publish","format-standard","has-post-thumbnail","hentry","category-https-gazetapernambucana-com-page_id212","category-https-gazetapernambucana-com-page_id225","category-politica"],"yoast_head":"<!-- This site is optimized with the Yoast SEO plugin v24.5 - https:\/\/yoast.com\/wordpress\/plugins\/seo\/ -->\n<title>C\u00e2mara aprova fim da \u201ctaxa das blusinhas\u201d e texto vai ao Senado -<\/title>\n<meta name=\"robots\" content=\"index, follow, max-snippet:-1, max-image-preview:large, max-video-preview:-1\" \/>\n<link rel=\"canonical\" href=\"https:\/\/gazetapernambucana.com\/?p=4772\" \/>\n<meta property=\"og:locale\" content=\"pt_BR\" \/>\n<meta property=\"og:type\" content=\"article\" \/>\n<meta property=\"og:title\" content=\"C\u00e2mara aprova fim da \u201ctaxa das blusinhas\u201d e texto vai ao Senado -\" \/>\n<meta property=\"og:description\" content=\"Foto: Kayo Magalh\u00e3es A C\u00e2mara dos Deputados aprovou, nesta quinta (3), a medida provis\u00f3ria (MP) que prev\u00ea o fim da \u201ctaxa das blusinhas\u201d. Agora, o texto segue para an\u00e1lise do plen\u00e1rio do Senado, que tem expectativa de votar a proposta ainda nesta quinta, j\u00e1 que pode perder a validade na pr\u00f3xima ter\u00e7a (8) se n\u00e3o [&hellip;]\" \/>\n<meta property=\"og:url\" content=\"https:\/\/gazetapernambucana.com\/?p=4772\" \/>\n<meta property=\"article:published_time\" content=\"2026-09-03T21:59:52+00:00\" \/>\n<meta property=\"og:image\" content=\"http:\/\/gazetapernambucana.com\/wp-content\/uploads\/2026\/09\/46fd224d-c802-4645-98b3-01a670e562bf-1024x683-1.jpeg\" \/>\n\t<meta property=\"og:image:width\" content=\"1024\" \/>\n\t<meta property=\"og:image:height\" content=\"683\" \/>\n\t<meta property=\"og:image:type\" content=\"image\/jpeg\" \/>\n<meta name=\"author\" content=\"GP\" \/>\n<meta name=\"twitter:card\" content=\"summary_large_image\" \/>\n<meta name=\"twitter:label1\" content=\"Escrito por\" \/>\n\t<meta name=\"twitter:data1\" content=\"GP\" \/>\n\t<meta name=\"twitter:label2\" content=\"Est. tempo de leitura\" \/>\n\t<meta name=\"twitter:data2\" content=\"2 minutos\" \/>\n<script type=\"application\/ld+json\" class=\"yoast-schema-graph\">{\"@context\":\"https:\/\/schema.org\",\"@graph\":[{\"@type\":\"WebPage\",\"@id\":\"https:\/\/gazetapernambucana.com\/?p=4772\",\"url\":\"https:\/\/gazetapernambucana.com\/?p=4772\",\"name\":\"C\u00e2mara aprova fim da \u201ctaxa das blusinhas\u201d e texto vai ao Senado -\",\"isPartOf\":{\"@id\":\"https:\/\/gazetapernambucana.com\/#website\"},\"primaryImageOfPage\":{\"@id\":\"https:\/\/gazetapernambucana.com\/?p=4772#primaryimage\"},\"image\":{\"@id\":\"https:\/\/gazetapernambucana.com\/?p=4772#primaryimage\"},\"thumbnailUrl\":\"https:\/\/gazetapernambucana.com\/wp-content\/uploads\/2026\/09\/46fd224d-c802-4645-98b3-01a670e562bf-1024x683-1.jpeg\",\"datePublished\":\"2026-09-03T21:59:52+00:00\",\"author\":{\"@id\":\"https:\/\/gazetapernambucana.com\/#\/schema\/person\/188dc283325181ac2de4db1e9e987427\"},\"breadcrumb\":{\"@id\":\"https:\/\/gazetapernambucana.com\/?p=4772#breadcrumb\"},\"inLanguage\":\"pt-BR\",\"potentialAction\":[{\"@type\":\"ReadAction\",\"target\":[\"https:\/\/gazetapernambucana.com\/?p=4772\"]}]},{\"@type\":\"ImageObject\",\"inLanguage\":\"pt-BR\",\"@id\":\"https:\/\/gazetapernambucana.com\/?p=4772#primaryimage\",\"url\":\"https:\/\/gazetapernambucana.com\/wp-content\/uploads\/2026\/09\/46fd224d-c802-4645-98b3-01a670e562bf-1024x683-1.jpeg\",\"contentUrl\":\"https:\/\/gazetapernambucana.com\/wp-content\/uploads\/2026\/09\/46fd224d-c802-4645-98b3-01a670e562bf-1024x683-1.jpeg\",\"width\":1024,\"height\":683},{\"@type\":\"BreadcrumbList\",\"@id\":\"https:\/\/gazetapernambucana.com\/?p=4772#breadcrumb\",\"itemListElement\":[{\"@type\":\"ListItem\",\"position\":1,\"name\":\"In\u00edcio\",\"item\":\"https:\/\/gazetapernambucana.com\/\"},{\"@type\":\"ListItem\",\"position\":2,\"name\":\"C\u00e2mara aprova fim da \u201ctaxa das blusinhas\u201d e texto vai ao Senado\"}]},{\"@type\":\"WebSite\",\"@id\":\"https:\/\/gazetapernambucana.com\/#website\",\"url\":\"https:\/\/gazetapernambucana.com\/\",\"name\":\"\",\"description\":\"\",\"potentialAction\":[{\"@type\":\"SearchAction\",\"target\":{\"@type\":\"EntryPoint\",\"urlTemplate\":\"https:\/\/gazetapernambucana.com\/?s={search_term_string}\"},\"query-input\":{\"@type\":\"PropertyValueSpecification\",\"valueRequired\":true,\"valueName\":\"search_term_string\"}}],\"inLanguage\":\"pt-BR\"},{\"@type\":\"Person\",\"@id\":\"https:\/\/gazetapernambucana.com\/#\/schema\/person\/188dc283325181ac2de4db1e9e987427\",\"name\":\"GP\",\"image\":{\"@type\":\"ImageObject\",\"inLanguage\":\"pt-BR\",\"@id\":\"https:\/\/gazetapernambucana.com\/#\/schema\/person\/image\/\",\"url\":\"https:\/\/secure.gravatar.com\/avatar\/9dad78ff9a2d8b5742d11779f8a3f53b052320c550b2e1907882353c067bb111?s=96&d=mm&r=g\",\"contentUrl\":\"https:\/\/secure.gravatar.com\/avatar\/9dad78ff9a2d8b5742d11779f8a3f53b052320c550b2e1907882353c067bb111?s=96&d=mm&r=g\",\"caption\":\"GP\"},\"sameAs\":[\"http:\/\/gazetapernambucana.com\"],\"url\":\"https:\/\/gazetapernambucana.com\/?author=1\"}]}<\/script>\n<!-- \/ Yoast SEO plugin. -->","yoast_head_json":{"title":"C\u00e2mara aprova fim da \u201ctaxa das blusinhas\u201d e texto vai ao Senado -","robots":{"index":"index","follow":"follow","max-snippet":"max-snippet:-1","max-image-preview":"max-image-preview:large","max-video-preview":"max-video-preview:-1"},"canonical":"https:\/\/gazetapernambucana.com\/?p=4772","og_locale":"pt_BR","og_type":"article","og_title":"C\u00e2mara aprova fim da \u201ctaxa das blusinhas\u201d e texto vai ao Senado -","og_description":"Foto: Kayo Magalh\u00e3es A C\u00e2mara dos Deputados aprovou, nesta quinta (3), a medida provis\u00f3ria (MP) que prev\u00ea o fim da \u201ctaxa das blusinhas\u201d. Agora, o texto segue para an\u00e1lise do plen\u00e1rio do Senado, que tem expectativa de votar a proposta ainda nesta quinta, j\u00e1 que pode perder a validade na pr\u00f3xima ter\u00e7a (8) se n\u00e3o [&hellip;]","og_url":"https:\/\/gazetapernambucana.com\/?p=4772","article_published_time":"2026-09-03T21:59:52+00:00","og_image":[{"width":1024,"height":683,"url":"http:\/\/gazetapernambucana.com\/wp-content\/uploads\/2026\/09\/46fd224d-c802-4645-98b3-01a670e562bf-1024x683-1.jpeg","type":"image\/jpeg"}],"author":"GP","twitter_card":"summary_large_image","twitter_misc":{"Escrito por":"GP","Est. tempo de leitura":"2 minutos"},"schema":{"@context":"https:\/\/schema.org","@graph":[{"@type":"WebPage","@id":"https:\/\/gazetapernambucana.com\/?p=4772","url":"https:\/\/gazetapernambucana.com\/?p=4772","name":"C\u00e2mara aprova fim da \u201ctaxa das blusinhas\u201d e texto vai ao Senado -","isPartOf":{"@id":"https:\/\/gazetapernambucana.com\/#website"},"primaryImageOfPage":{"@id":"https:\/\/gazetapernambucana.com\/?p=4772#primaryimage"},"image":{"@id":"https:\/\/gazetapernambucana.com\/?p=4772#primaryimage"},"thumbnailUrl":"https:\/\/gazetapernambucana.com\/wp-content\/uploads\/2026\/09\/46fd224d-c802-4645-98b3-01a670e562bf-1024x683-1.jpeg","datePublished":"2026-09-03T21:59:52+00:00","author":{"@id":"https:\/\/gazetapernambucana.com\/#\/schema\/person\/188dc283325181ac2de4db1e9e987427"},"breadcrumb":{"@id":"https:\/\/gazetapernambucana.com\/?p=4772#breadcrumb"},"inLanguage":"pt-BR","potentialAction":[{"@type":"ReadAction","target":["https:\/\/gazetapernambucana.com\/?p=4772"]}]},{"@type":"ImageObject","inLanguage":"pt-BR","@id":"https:\/\/gazetapernambucana.com\/?p=4772#primaryimage","url":"https:\/\/gazetapernambucana.com\/wp-content\/uploads\/2026\/09\/46fd224d-c802-4645-98b3-01a670e562bf-1024x683-1.jpeg","contentUrl":"https:\/\/gazetapernambucana.com\/wp-content\/uploads\/2026\/09\/46fd224d-c802-4645-98b3-01a670e562bf-1024x683-1.jpeg","width":1024,"height":683},{"@type":"BreadcrumbList","@id":"https:\/\/gazetapernambucana.com\/?p=4772#breadcrumb","itemListElement":[{"@type":"ListItem","position":1,"name":"In\u00edcio","item":"https:\/\/gazetapernambucana.com\/"},{"@type":"ListItem","position":2,"name":"C\u00e2mara aprova fim da \u201ctaxa das blusinhas\u201d e texto vai ao Senado"}]},{"@type":"WebSite","@id":"https:\/\/gazetapernambucana.com\/#website","url":"https:\/\/gazetapernambucana.com\/","name":"","description":"","potentialAction":[{"@type":"SearchAction","target":{"@type":"EntryPoint","urlTemplate":"https:\/\/gazetapernambucana.com\/?s={search_term_string}"},"query-input":{"@type":"PropertyValueSpecification","valueRequired":true,"valueName":"search_term_string"}}],"inLanguage":"pt-BR"},{"@type":"Person","@id":"https:\/\/gazetapernambucana.com\/#\/schema\/person\/188dc283325181ac2de4db1e9e987427","name":"GP","image":{"@type":"ImageObject","inLanguage":"pt-BR","@id":"https:\/\/gazetapernambucana.com\/#\/schema\/person\/image\/","url":"https:\/\/secure.gravatar.com\/avatar\/9dad78ff9a2d8b5742d11779f8a3f53b052320c550b2e1907882353c067bb111?s=96&d=mm&r=g","contentUrl":"https:\/\/secure.gravatar.com\/avatar\/9dad78ff9a2d8b5742d11779f8a3f53b052320c550b2e1907882353c067bb111?s=96&d=mm&r=g","caption":"GP"},"sameAs":["http:\/\/gazetapernambucana.com"],"url":"https:\/\/gazetapernambucana.com\/?author=1"}]}},"jetpack_publicize_connections":[],"_links":{"self":[{"href":"https:\/\/gazetapernambucana.com\/index.php?rest_route=\/wp\/v2\/posts\/4772","targetHints":{"allow":["GET"]}}],"collection":[{"href":"https:\/\/gazetapernambucana.com\/index.php?rest_route=\/wp\/v2\/posts"}],"about":[{"href":"https:\/\/gazetapernambucana.com\/index.php?rest_route=\/wp\/v2\/types\/post"}],"author":[{"embeddable":true,"href":"https:\/\/gazetapernambucana.com\/index.php?rest_route=\/wp\/v2\/users\/1"}],"replies":[{"embeddable":true,"href":"https:\/\/gazetapernambucana.com\/index.php?rest_route=%2Fwp%2Fv2%2Fcomments&post=4772"}],"version-history":[{"count":1,"href":"https:\/\/gazetapernambucana.com\/index.php?rest_route=\/wp\/v2\/posts\/4772\/revisions"}],"predecessor-version":[{"id":4776,"href":"https:\/\/gazetapernambucana.com\/index.php?rest_route=\/wp\/v2\/posts\/4772\/revisions\/4776"}],"wp:featuredmedia":[{"embeddable":true,"href":"https:\/\/gazetapernambucana.com\/index.php?rest_route=\/wp\/v2\/media\/4775"}],"wp:attachment":[{"href":"https:\/\/gazetapernambucana.com\/index.php?rest_route=%2Fwp%2Fv2%2Fmedia&parent=4772"}],"wp:term":[{"taxonomy":"category","embeddable":true,"href":"https:\/\/gazetapernambucana.com\/index.php?rest_route=%2Fwp%2Fv2%2Fcategories&post=4772"},{"taxonomy":"post_tag","embeddable":true,"href":"https:\/\/gazetapernambucana.com\/index.php?rest_route=%2Fwp%2Fv2%2Ftags&post=4772"}],"curies":[{"name":"wp","href":"https:\/\/api.w.org\/{rel}","templated":true}]}}