{"id":4769,"date":"2026-09-03T18:54:17","date_gmt":"2026-09-03T21:54:17","guid":{"rendered":"https:\/\/gazetapernambucana.com\/?p=4769"},"modified":"2026-09-03T18:56:32","modified_gmt":"2026-09-03T21:56:32","slug":"4769","status":"publish","type":"post","link":"https:\/\/gazetapernambucana.com\/?p=4769","title":{"rendered":"Raquel Lyra reafirma posi\u00e7\u00e3o favor\u00e1vel ao fim da escala 6\u00d71"},"content":{"rendered":"<header class=\"bc-hero\">\n<div class=\"container bc-hero-inner\"><\/div>\n<\/header>\n<div class=\"bc-body\">\n<div class=\"container bc-body-grid\">\n<div class=\"bc-body-main\">\n<div class=\"bc-content entry-content\">\n<figure class=\"wp-block-image size-large\"><figcaption class=\"wp-element-caption\">Foto: Divulga\u00e7\u00e3o<\/figcaption><\/figure>\n<p class=\"wp-block-paragraph\">Ap\u00f3s j\u00e1 ter sido aprovada na C\u00e2mara dos Deputados e na Comiss\u00e3o de Constitui\u00e7\u00e3o e Justi\u00e7a (CCJ) do Senado Federal, a PEC da Escala 6\u00d71 agora aguarda a aprova\u00e7\u00e3o em mais dois turnos pelo plen\u00e1rio da Casa Alta. O avan\u00e7o, por\u00e9m, j\u00e1 foi comemorado por setores do governo Lula, por ser uma das principais pautas de campanha.<\/p>\n<p class=\"wp-block-paragraph\">Nesta quinta (3), a governadora de Pernambuco, Raquel Lyra (PSD), que j\u00e1 havia se posicionado favor\u00e1vel \u00e0s mudan\u00e7as trabalhistas propostas pela PEC, reiterou, por meio das redes sociais, ser a favor do fim da escala 6\u00d71.<\/p>\n<p class=\"wp-block-paragraph\">\u201c<em>Desde o primeiro momento que esse tema come\u00e7ou a ser debatido no Brasil, eu coloquei minha posi\u00e7\u00e3o favor\u00e1vel \u00e0 redu\u00e7\u00e3o da jornada de trabalho no nosso pa\u00eds para que cada pai, m\u00e3e de fam\u00edlia tenha direito a passar mais tempo em casa com sua fam\u00edlia\u201d<\/em>, disse Raquel.<\/p>\n<p class=\"wp-block-paragraph\">Ao finalizar o v\u00eddeo, ela tamb\u00e9m alertou os eleitores, em \u00e9poca de campanha, sobre a dissemina\u00e7\u00e3o de informa\u00e7\u00f5es falsas a respeito dos seus posicionamentos pol\u00edticos.\u00a0<em>\u201cAgora, em tempo de elei\u00e7\u00e3o, os advers\u00e1rios buscam o tempo inteiro desconstruir e colocar mentiras na minha boca. O que eu venho falar \u00e9 sempre como eu fa\u00e7o, olho no olho e papo reto, pelo fim da escala 6\u00d71\u201d,<\/em>\u00a0finalizou.<\/p>\n<\/div>\n<\/div>\n<\/div>\n<\/div>\n","protected":false},"excerpt":{"rendered":"<p>Foto: Divulga\u00e7\u00e3o Ap\u00f3s j\u00e1 ter sido aprovada na C\u00e2mara dos Deputados e na Comiss\u00e3o de Constitui\u00e7\u00e3o e Justi\u00e7a (CCJ) do Senado Federal, a PEC da Escala 6\u00d71 agora aguarda a aprova\u00e7\u00e3o em mais dois turnos pelo plen\u00e1rio da Casa Alta. O avan\u00e7o, por\u00e9m, j\u00e1 foi comemorado por setores do governo Lula, por ser uma das [&hellip;]<\/p>\n","protected":false},"author":1,"featured_media":4770,"comment_status":"open","ping_status":"open","sticky":false,"template":"","format":"standard","meta":{"footnotes":"","jetpack_publicize_message":"","jetpack_publicize_feature_enabled":true,"jetpack_social_post_already_shared":true,"jetpack_social_options":{"image_generator_settings":{"template":"highway","default_image_id":0,"font":"","enabled":false},"version":2}},"categories":[66,1,65],"tags":[],"class_list":["post-4769","post","type-post","status-publish","format-standard","has-post-thumbnail","hentry","category-cidades","category-https-gazetapernambucana-com-page_id225","category-politica"],"yoast_head":"<!-- This site is optimized with the Yoast SEO plugin v24.5 - https:\/\/yoast.com\/wordpress\/plugins\/seo\/ -->\n<title>Raquel Lyra reafirma posi\u00e7\u00e3o favor\u00e1vel ao fim da escala 6\u00d71 -<\/title>\n<meta name=\"robots\" content=\"index, follow, max-snippet:-1, max-image-preview:large, max-video-preview:-1\" \/>\n<link rel=\"canonical\" href=\"https:\/\/gazetapernambucana.com\/?p=4769\" \/>\n<meta property=\"og:locale\" content=\"pt_BR\" \/>\n<meta property=\"og:type\" content=\"article\" \/>\n<meta property=\"og:title\" content=\"Raquel Lyra reafirma posi\u00e7\u00e3o favor\u00e1vel ao fim da escala 6\u00d71 -\" \/>\n<meta property=\"og:description\" content=\"Foto: Divulga\u00e7\u00e3o Ap\u00f3s j\u00e1 ter sido aprovada na C\u00e2mara dos Deputados e na Comiss\u00e3o de Constitui\u00e7\u00e3o e Justi\u00e7a (CCJ) do Senado Federal, a PEC da Escala 6\u00d71 agora aguarda a aprova\u00e7\u00e3o em mais dois turnos pelo plen\u00e1rio da Casa Alta. O avan\u00e7o, por\u00e9m, j\u00e1 foi comemorado por setores do governo Lula, por ser uma das [&hellip;]\" \/>\n<meta property=\"og:url\" content=\"https:\/\/gazetapernambucana.com\/?p=4769\" \/>\n<meta property=\"article:published_time\" content=\"2026-09-03T21:54:17+00:00\" \/>\n<meta property=\"article:modified_time\" content=\"2026-09-03T21:56:32+00:00\" \/>\n<meta property=\"og:image\" content=\"http:\/\/gazetapernambucana.com\/wp-content\/uploads\/2026\/09\/a65f417c-d9e1-4cbf-8efe-db8371d32eeb-1024x683-1.jpeg\" \/>\n\t<meta property=\"og:image:width\" content=\"1024\" \/>\n\t<meta property=\"og:image:height\" content=\"683\" \/>\n\t<meta property=\"og:image:type\" content=\"image\/jpeg\" \/>\n<meta name=\"author\" content=\"GP\" \/>\n<meta name=\"twitter:card\" content=\"summary_large_image\" \/>\n<meta name=\"twitter:label1\" content=\"Escrito por\" \/>\n\t<meta name=\"twitter:data1\" content=\"GP\" \/>\n\t<meta name=\"twitter:label2\" content=\"Est. tempo de leitura\" \/>\n\t<meta name=\"twitter:data2\" content=\"2 minutos\" \/>\n<script type=\"application\/ld+json\" class=\"yoast-schema-graph\">{\"@context\":\"https:\/\/schema.org\",\"@graph\":[{\"@type\":\"WebPage\",\"@id\":\"https:\/\/gazetapernambucana.com\/?p=4769\",\"url\":\"https:\/\/gazetapernambucana.com\/?p=4769\",\"name\":\"Raquel Lyra reafirma posi\u00e7\u00e3o favor\u00e1vel ao fim da escala 6\u00d71 -\",\"isPartOf\":{\"@id\":\"https:\/\/gazetapernambucana.com\/#website\"},\"primaryImageOfPage\":{\"@id\":\"https:\/\/gazetapernambucana.com\/?p=4769#primaryimage\"},\"image\":{\"@id\":\"https:\/\/gazetapernambucana.com\/?p=4769#primaryimage\"},\"thumbnailUrl\":\"https:\/\/gazetapernambucana.com\/wp-content\/uploads\/2026\/09\/a65f417c-d9e1-4cbf-8efe-db8371d32eeb-1024x683-1.jpeg\",\"datePublished\":\"2026-09-03T21:54:17+00:00\",\"dateModified\":\"2026-09-03T21:56:32+00:00\",\"author\":{\"@id\":\"https:\/\/gazetapernambucana.com\/#\/schema\/person\/188dc283325181ac2de4db1e9e987427\"},\"breadcrumb\":{\"@id\":\"https:\/\/gazetapernambucana.com\/?p=4769#breadcrumb\"},\"inLanguage\":\"pt-BR\",\"potentialAction\":[{\"@type\":\"ReadAction\",\"target\":[\"https:\/\/gazetapernambucana.com\/?p=4769\"]}]},{\"@type\":\"ImageObject\",\"inLanguage\":\"pt-BR\",\"@id\":\"https:\/\/gazetapernambucana.com\/?p=4769#primaryimage\",\"url\":\"https:\/\/gazetapernambucana.com\/wp-content\/uploads\/2026\/09\/a65f417c-d9e1-4cbf-8efe-db8371d32eeb-1024x683-1.jpeg\",\"contentUrl\":\"https:\/\/gazetapernambucana.com\/wp-content\/uploads\/2026\/09\/a65f417c-d9e1-4cbf-8efe-db8371d32eeb-1024x683-1.jpeg\",\"width\":1024,\"height\":683},{\"@type\":\"BreadcrumbList\",\"@id\":\"https:\/\/gazetapernambucana.com\/?p=4769#breadcrumb\",\"itemListElement\":[{\"@type\":\"ListItem\",\"position\":1,\"name\":\"In\u00edcio\",\"item\":\"https:\/\/gazetapernambucana.com\/\"},{\"@type\":\"ListItem\",\"position\":2,\"name\":\"Raquel Lyra reafirma posi\u00e7\u00e3o favor\u00e1vel ao fim da escala 6\u00d71\"}]},{\"@type\":\"WebSite\",\"@id\":\"https:\/\/gazetapernambucana.com\/#website\",\"url\":\"https:\/\/gazetapernambucana.com\/\",\"name\":\"\",\"description\":\"\",\"potentialAction\":[{\"@type\":\"SearchAction\",\"target\":{\"@type\":\"EntryPoint\",\"urlTemplate\":\"https:\/\/gazetapernambucana.com\/?s={search_term_string}\"},\"query-input\":{\"@type\":\"PropertyValueSpecification\",\"valueRequired\":true,\"valueName\":\"search_term_string\"}}],\"inLanguage\":\"pt-BR\"},{\"@type\":\"Person\",\"@id\":\"https:\/\/gazetapernambucana.com\/#\/schema\/person\/188dc283325181ac2de4db1e9e987427\",\"name\":\"GP\",\"image\":{\"@type\":\"ImageObject\",\"inLanguage\":\"pt-BR\",\"@id\":\"https:\/\/gazetapernambucana.com\/#\/schema\/person\/image\/\",\"url\":\"https:\/\/secure.gravatar.com\/avatar\/9dad78ff9a2d8b5742d11779f8a3f53b052320c550b2e1907882353c067bb111?s=96&d=mm&r=g\",\"contentUrl\":\"https:\/\/secure.gravatar.com\/avatar\/9dad78ff9a2d8b5742d11779f8a3f53b052320c550b2e1907882353c067bb111?s=96&d=mm&r=g\",\"caption\":\"GP\"},\"sameAs\":[\"http:\/\/gazetapernambucana.com\"],\"url\":\"https:\/\/gazetapernambucana.com\/?author=1\"}]}<\/script>\n<!-- \/ Yoast SEO plugin. -->","yoast_head_json":{"title":"Raquel Lyra reafirma posi\u00e7\u00e3o favor\u00e1vel ao fim da escala 6\u00d71 -","robots":{"index":"index","follow":"follow","max-snippet":"max-snippet:-1","max-image-preview":"max-image-preview:large","max-video-preview":"max-video-preview:-1"},"canonical":"https:\/\/gazetapernambucana.com\/?p=4769","og_locale":"pt_BR","og_type":"article","og_title":"Raquel Lyra reafirma posi\u00e7\u00e3o favor\u00e1vel ao fim da escala 6\u00d71 -","og_description":"Foto: Divulga\u00e7\u00e3o Ap\u00f3s j\u00e1 ter sido aprovada na C\u00e2mara dos Deputados e na Comiss\u00e3o de Constitui\u00e7\u00e3o e Justi\u00e7a (CCJ) do Senado Federal, a PEC da Escala 6\u00d71 agora aguarda a aprova\u00e7\u00e3o em mais dois turnos pelo plen\u00e1rio da Casa Alta. O avan\u00e7o, por\u00e9m, j\u00e1 foi comemorado por setores do governo Lula, por ser uma das [&hellip;]","og_url":"https:\/\/gazetapernambucana.com\/?p=4769","article_published_time":"2026-09-03T21:54:17+00:00","article_modified_time":"2026-09-03T21:56:32+00:00","og_image":[{"width":1024,"height":683,"url":"http:\/\/gazetapernambucana.com\/wp-content\/uploads\/2026\/09\/a65f417c-d9e1-4cbf-8efe-db8371d32eeb-1024x683-1.jpeg","type":"image\/jpeg"}],"author":"GP","twitter_card":"summary_large_image","twitter_misc":{"Escrito por":"GP","Est. tempo de leitura":"2 minutos"},"schema":{"@context":"https:\/\/schema.org","@graph":[{"@type":"WebPage","@id":"https:\/\/gazetapernambucana.com\/?p=4769","url":"https:\/\/gazetapernambucana.com\/?p=4769","name":"Raquel Lyra reafirma posi\u00e7\u00e3o favor\u00e1vel ao fim da escala 6\u00d71 -","isPartOf":{"@id":"https:\/\/gazetapernambucana.com\/#website"},"primaryImageOfPage":{"@id":"https:\/\/gazetapernambucana.com\/?p=4769#primaryimage"},"image":{"@id":"https:\/\/gazetapernambucana.com\/?p=4769#primaryimage"},"thumbnailUrl":"https:\/\/gazetapernambucana.com\/wp-content\/uploads\/2026\/09\/a65f417c-d9e1-4cbf-8efe-db8371d32eeb-1024x683-1.jpeg","datePublished":"2026-09-03T21:54:17+00:00","dateModified":"2026-09-03T21:56:32+00:00","author":{"@id":"https:\/\/gazetapernambucana.com\/#\/schema\/person\/188dc283325181ac2de4db1e9e987427"},"breadcrumb":{"@id":"https:\/\/gazetapernambucana.com\/?p=4769#breadcrumb"},"inLanguage":"pt-BR","potentialAction":[{"@type":"ReadAction","target":["https:\/\/gazetapernambucana.com\/?p=4769"]}]},{"@type":"ImageObject","inLanguage":"pt-BR","@id":"https:\/\/gazetapernambucana.com\/?p=4769#primaryimage","url":"https:\/\/gazetapernambucana.com\/wp-content\/uploads\/2026\/09\/a65f417c-d9e1-4cbf-8efe-db8371d32eeb-1024x683-1.jpeg","contentUrl":"https:\/\/gazetapernambucana.com\/wp-content\/uploads\/2026\/09\/a65f417c-d9e1-4cbf-8efe-db8371d32eeb-1024x683-1.jpeg","width":1024,"height":683},{"@type":"BreadcrumbList","@id":"https:\/\/gazetapernambucana.com\/?p=4769#breadcrumb","itemListElement":[{"@type":"ListItem","position":1,"name":"In\u00edcio","item":"https:\/\/gazetapernambucana.com\/"},{"@type":"ListItem","position":2,"name":"Raquel Lyra reafirma posi\u00e7\u00e3o favor\u00e1vel ao fim da escala 6\u00d71"}]},{"@type":"WebSite","@id":"https:\/\/gazetapernambucana.com\/#website","url":"https:\/\/gazetapernambucana.com\/","name":"","description":"","potentialAction":[{"@type":"SearchAction","target":{"@type":"EntryPoint","urlTemplate":"https:\/\/gazetapernambucana.com\/?s={search_term_string}"},"query-input":{"@type":"PropertyValueSpecification","valueRequired":true,"valueName":"search_term_string"}}],"inLanguage":"pt-BR"},{"@type":"Person","@id":"https:\/\/gazetapernambucana.com\/#\/schema\/person\/188dc283325181ac2de4db1e9e987427","name":"GP","image":{"@type":"ImageObject","inLanguage":"pt-BR","@id":"https:\/\/gazetapernambucana.com\/#\/schema\/person\/image\/","url":"https:\/\/secure.gravatar.com\/avatar\/9dad78ff9a2d8b5742d11779f8a3f53b052320c550b2e1907882353c067bb111?s=96&d=mm&r=g","contentUrl":"https:\/\/secure.gravatar.com\/avatar\/9dad78ff9a2d8b5742d11779f8a3f53b052320c550b2e1907882353c067bb111?s=96&d=mm&r=g","caption":"GP"},"sameAs":["http:\/\/gazetapernambucana.com"],"url":"https:\/\/gazetapernambucana.com\/?author=1"}]}},"jetpack_publicize_connections":[],"_links":{"self":[{"href":"https:\/\/gazetapernambucana.com\/index.php?rest_route=\/wp\/v2\/posts\/4769","targetHints":{"allow":["GET"]}}],"collection":[{"href":"https:\/\/gazetapernambucana.com\/index.php?rest_route=\/wp\/v2\/posts"}],"about":[{"href":"https:\/\/gazetapernambucana.com\/index.php?rest_route=\/wp\/v2\/types\/post"}],"author":[{"embeddable":true,"href":"https:\/\/gazetapernambucana.com\/index.php?rest_route=\/wp\/v2\/users\/1"}],"replies":[{"embeddable":true,"href":"https:\/\/gazetapernambucana.com\/index.php?rest_route=%2Fwp%2Fv2%2Fcomments&post=4769"}],"version-history":[{"count":2,"href":"https:\/\/gazetapernambucana.com\/index.php?rest_route=\/wp\/v2\/posts\/4769\/revisions"}],"predecessor-version":[{"id":4773,"href":"https:\/\/gazetapernambucana.com\/index.php?rest_route=\/wp\/v2\/posts\/4769\/revisions\/4773"}],"wp:featuredmedia":[{"embeddable":true,"href":"https:\/\/gazetapernambucana.com\/index.php?rest_route=\/wp\/v2\/media\/4770"}],"wp:attachment":[{"href":"https:\/\/gazetapernambucana.com\/index.php?rest_route=%2Fwp%2Fv2%2Fmedia&parent=4769"}],"wp:term":[{"taxonomy":"category","embeddable":true,"href":"https:\/\/gazetapernambucana.com\/index.php?rest_route=%2Fwp%2Fv2%2Fcategories&post=4769"},{"taxonomy":"post_tag","embeddable":true,"href":"https:\/\/gazetapernambucana.com\/index.php?rest_route=%2Fwp%2Fv2%2Ftags&post=4769"}],"curies":[{"name":"wp","href":"https:\/\/api.w.org\/{rel}","templated":true}]}}