{"id":4765,"date":"2026-09-02T21:23:19","date_gmt":"2026-09-03T00:23:19","guid":{"rendered":"https:\/\/gazetapernambucana.com\/?p=4765"},"modified":"2026-09-02T21:23:19","modified_gmt":"2026-09-03T00:23:19","slug":"tulio-gadelha-o-lutador-ferrenho-por-tras-da-aprovacao-do-fim-da-escala-6x1-na-ccj-do-senado","status":"publish","type":"post","link":"https:\/\/gazetapernambucana.com\/?p=4765","title":{"rendered":"T\u00daLIO GADELHA: O LUTADOR FERRENHO POR TR\u00c1S DA APROVA\u00c7\u00c3O DO FIM DA ESCALA 6X1 NA CCJ DO SENADO"},"content":{"rendered":"<p class=\"ds-markdown-paragraph\"><strong><span class=\"\">Deputado e candidato ao Senado por Pernambuco celebra vit\u00f3ria e articula aprova\u00e7\u00e3o em plen\u00e1rio<\/span><\/strong><\/p>\n<p class=\"ds-markdown-paragraph\"><strong><span class=\"\">Bras\u00edlia, 2 de setembro de 2026<\/span><\/strong><span class=\"\">\u00a0\u2013 Uma vit\u00f3ria hist\u00f3rica para a classe trabalhadora brasileira foi selada nesta quarta-feira (2) na Comiss\u00e3o de Constitui\u00e7\u00e3o e Justi\u00e7a (CCJ) do Senado, com a aprova\u00e7\u00e3o da PEC que acaba com a escala 6&#215;1. Por tr\u00e1s desse avan\u00e7o, est\u00e1 a atua\u00e7\u00e3o incans\u00e1vel de um nome que fez dessa luta sua principal bandeira:\u00a0<\/span><strong><span class=\"\">o deputado federal e candidato ao Senado por Pernambuco, T\u00falio Gadelha (PSD)<\/span><\/strong><span class=\"\">.<\/span><\/p>\n<p class=\"ds-markdown-paragraph\"><span class=\"\">A vota\u00e7\u00e3o na CCJ, com placar de 23 votos favor\u00e1veis e apenas 4 contr\u00e1rios, representa a consolida\u00e7\u00e3o de um trabalho que T\u00falio Gadelha vem conduzindo h\u00e1 anos, desde os primeiros debates sobre o tema na C\u00e2mara dos Deputados. O texto, que reduz a jornada m\u00e1xima de 44 para 40 horas semanais e garante dois dias de descanso remunerado sem redu\u00e7\u00e3o salarial, agora segue para o plen\u00e1rio do Senado.<\/span><\/p>\n<h3><span class=\"\">A luta que come\u00e7ou l\u00e1 atr\u00e1s<\/span><\/h3>\n<p class=\"ds-markdown-paragraph\"><span class=\"\">T\u00falio Gadelha n\u00e3o \u00e9 um novato nessa batalha. O parlamentar pernambucano, eleito deputado federal em 2018 e reeleito em 2022, consolidou-se como uma das principais vozes progressistas do estado<\/span><span class=\"\">\u00a0e o\u00a0<\/span><strong><span class=\"\">\u00fanico deputado de Pernambuco a integrar como titular a comiss\u00e3o especial da C\u00e2mara que analisou a PEC<\/span><\/strong><span class=\"\">. Sua trajet\u00f3ria, iniciada no movimento estudantil e na milit\u00e2ncia partid\u00e1ria<\/span><span class=\"\">, sempre esteve alinhada \u00e0 defesa dos direitos dos trabalhadores.<\/span><\/p>\n<p class=\"ds-markdown-paragraph\"><span class=\"\">Ao longo desse percurso, T\u00falio n\u00e3o mediu esfor\u00e7os para denunciar tentativas de enfraquecer a proposta. Em maio deste ano, durante sess\u00e3o da comiss\u00e3o especial, ele afirmou que parlamentares do PL estavam tentando \u201cenganar o trabalhador brasileiro\u201d<\/span><span class=\"\">, rebatendo discursos que classificou como \u201cfalaciosos\u201d<\/span><span class=\"\">. \u201cO l\u00edder do PL na C\u00e2mara, S\u00f3stenes Cavalcante, ontem \u00e0 noite (26), teve a desfa\u00e7atez, a hipocrisia, a cara de pau de dizer que defende a jornada 4&#215;3. Isso \u00e9 tirar onda com a cara do trabalhador brasileiro\u201d, declarou na ocasi\u00e3o<\/span><span class=\"\">.<\/span><\/p>\n<h3><span class=\"\">Articula\u00e7\u00e3o nos bastidores<\/span><\/h3>\n<p class=\"ds-markdown-paragraph\"><span class=\"\">Mais do que discursos em plen\u00e1rio, T\u00falio Gadelha atuou nos bastidores para garantir que a proposta chegasse ao Senado sem modifica\u00e7\u00f5es que pudessem esvaziar seu impacto<\/span><span class=\"\">. Ele esteve em di\u00e1logo direto com o relator da mat\u00e9ria na Casa Alta<\/span><span class=\"\">, defendendo a preserva\u00e7\u00e3o do texto constru\u00eddo ao longo dos debates<\/span><span class=\"\">.<\/span><\/p>\n<p class=\"ds-markdown-paragraph\"><span class=\"\">\u201cEssa \u00e9 uma luta que a gente vem travando h\u00e1 muito tempo. Estive na comiss\u00e3o da C\u00e2mara, fui o \u00fanico pernambucano titular e agora estou dialogando diretamente com o relator para garantir que essa pauta avance sem modifica\u00e7\u00e3o no Senado. O trabalhador precisa de mais tempo para descansar, cuidar da sa\u00fade, estar com a fam\u00edlia e viver, e isso \u00e9 urgente\u201d, afirmou o deputado<\/span><span class=\"\">.<\/span><\/p>\n<p class=\"ds-markdown-paragraph\"><span class=\"\">T\u00falio tamb\u00e9m destacou o alinhamento entre as lideran\u00e7as pol\u00edticas como uma oportunidade concreta de transforma\u00e7\u00e3o social. \u201cO fim da 6&#215;1 \u00e9 uma luta nossa. \u00c9 uma luta por dignidade e qualidade de vida. O acordo entre as lideran\u00e7as abre uma oportunidade concreta para avan\u00e7armos, e vamos continuar trabalhando para que essa oportunidade vire uma vit\u00f3ria dos trabalhadores brasileiros\u201d<\/span><span class=\"\">.<\/span><\/p>\n<h3><span class=\"\">Pr\u00f3ximos passos: a batalha final no plen\u00e1rio<\/span><\/h3>\n<p class=\"ds-markdown-paragraph\"><span class=\"\">Com a aprova\u00e7\u00e3o na CCJ, a PEC segue para o plen\u00e1rio do Senado, onde precisar\u00e1 ser aprovada em dois turnos, com pelo menos 49 votos favor\u00e1veis em cada vota\u00e7\u00e3o. T\u00falio Gadelha j\u00e1 sinalizou que continuar\u00e1 atuando para pressionar pela vota\u00e7\u00e3o o mais r\u00e1pido poss\u00edvel.<\/span><\/p>\n<h3><span class=\"\">O reconhecimento e a candidatura ao Senado<\/span><\/h3>\n<p class=\"ds-markdown-paragraph\"><span class=\"\">A atua\u00e7\u00e3o de T\u00falio Gadelha n\u00e3o passa despercebida. Em 2025, ele foi eleito o\u00a0<\/span><strong><span class=\"\">melhor deputado federal de Pernambuco<\/span><\/strong><span class=\"\">\u00a0no Pr\u00eamio Congresso em Foco, considerado o Oscar da pol\u00edtica brasileira, em reconhecimento \u00e0 sua atua\u00e7\u00e3o relevante, transpar\u00eancia e compromisso com a sociedade<\/span><span class=\"\">.<\/span><\/p>\n<p class=\"ds-markdown-paragraph\"><span class=\"\">Agora, T\u00falio disputa uma vaga no Senado por Pernambuco<\/span><span class=\"\">, e essa vit\u00f3ria na CCJ refor\u00e7a sua credibilidade como um parlamentar que entrega resultados. \u201cO Senado ser\u00e1 um espa\u00e7o estrat\u00e9gico para articular pautas junto ao governo federal e transformar as demandas da popula\u00e7\u00e3o em a\u00e7\u00f5es concretas\u201d<\/span><span class=\"\">, afirmou o candidato.<\/span><\/p>\n<h3><span class=\"\">Rea\u00e7\u00e3o nas redes<\/span><\/h3>\n<p class=\"ds-markdown-paragraph\"><span class=\"\">Nas redes sociais, apoiadores de T\u00falio Gadelha comemoraram a aprova\u00e7\u00e3o. A internauta Heliene Lili Quirino destacou:\u00a0<\/span><em><span class=\"\">\u201cPassou na CCJ! A PEC do fim da escala 6&#215;1 foi aprovada na comiss\u00e3o. Agora o texto segue para o Plen\u00e1rio e estamos a um passo de garantir o maior direito da classe trabalhadora: mais tempo para viver e cuidar da fam\u00edlia.\u201d<\/span><\/em><\/p>\n<p class=\"ds-markdown-paragraph\"><span class=\"\">A mensagem foi encerrada com um apelo direto:\u00a0<\/span><em><span class=\"\">\u201cVamos eleger esse rapaz. Precisamos dele no Senado, gente!!!!\u201d<\/span><\/em><\/p>\n<hr \/>\n<p class=\"ds-markdown-paragraph\"><strong><span class=\"\">Ficha t\u00e9cnica:<\/span><\/strong><\/p>\n<ul>\n<li>\n<p class=\"ds-markdown-paragraph\"><strong><span class=\"\">O qu\u00ea:<\/span><\/strong><span class=\"\">\u00a0PEC do fim da escala 6&#215;1 aprovada na CCJ do Senado<\/span><\/p>\n<\/li>\n<li>\n<p class=\"ds-markdown-paragraph\"><strong><span class=\"\">Quando:<\/span><\/strong><span class=\"\">\u00a02 de setembro de 2026<\/span><\/p>\n<\/li>\n<li>\n<p class=\"ds-markdown-paragraph\"><strong><span class=\"\">Placar:<\/span><\/strong><span class=\"\">\u00a023 votos favor\u00e1veis, 4 contr\u00e1rios<\/span><\/p>\n<\/li>\n<li>\n<p class=\"ds-markdown-paragraph\"><strong><span class=\"\">Pr\u00f3ximo passo:<\/span><\/strong><span class=\"\">\u00a0Vota\u00e7\u00e3o em dois turnos no plen\u00e1rio do Senado<\/span><\/p>\n<\/li>\n<li>\n<p class=\"ds-markdown-paragraph\"><strong><span class=\"\">Protagonista:<\/span><\/strong><span class=\"\">\u00a0Deputado T\u00falio Gadelha (PSD-PE), candidato ao Senado, que atuou como \u00fanico pernambucano na comiss\u00e3o especial da C\u00e2mara e articulou nos bastidores para garantir a aprova\u00e7\u00e3o do texto<\/span><\/p>\n<\/li>\n<\/ul>\n<p><strong>V\u00cdDEO:\u00a0<\/strong><\/p>\n<div style=\"width: 640px;\" class=\"wp-video\"><video class=\"wp-video-shortcode\" id=\"video-4765-1\" width=\"640\" height=\"1138\" preload=\"metadata\" controls=\"controls\"><source type=\"video\/mp4\" src=\"http:\/\/gazetapernambucana.com\/wp-content\/uploads\/2026\/09\/SnapInsta.to_AQNRvIf_lOXoUAAPFwIN-ZYgMxQYJO7Crx2b2nnYAMmWwRG-eHQIwGiEkmbU8c3o0lX8wP3Gi4V5JibOplC5-6GI16NS9Cyhx7X3R4A.mp4?_=1\" \/><a href=\"http:\/\/gazetapernambucana.com\/wp-content\/uploads\/2026\/09\/SnapInsta.to_AQNRvIf_lOXoUAAPFwIN-ZYgMxQYJO7Crx2b2nnYAMmWwRG-eHQIwGiEkmbU8c3o0lX8wP3Gi4V5JibOplC5-6GI16NS9Cyhx7X3R4A.mp4\">http:\/\/gazetapernambucana.com\/wp-content\/uploads\/2026\/09\/SnapInsta.to_AQNRvIf_lOXoUAAPFwIN-ZYgMxQYJO7Crx2b2nnYAMmWwRG-eHQIwGiEkmbU8c3o0lX8wP3Gi4V5JibOplC5-6GI16NS9Cyhx7X3R4A.mp4<\/a><\/video><\/div>\n","protected":false},"excerpt":{"rendered":"<p>Deputado e candidato ao Senado por Pernambuco celebra vit\u00f3ria e articula aprova\u00e7\u00e3o em plen\u00e1rio Bras\u00edlia, 2 de setembro de 2026\u00a0\u2013 Uma vit\u00f3ria hist\u00f3rica para a classe trabalhadora brasileira foi selada nesta quarta-feira (2) na Comiss\u00e3o de Constitui\u00e7\u00e3o e Justi\u00e7a (CCJ) do Senado, com a aprova\u00e7\u00e3o da PEC que acaba com a escala 6&#215;1. Por tr\u00e1s [&hellip;]<\/p>\n","protected":false},"author":1,"featured_media":4766,"comment_status":"open","ping_status":"open","sticky":false,"template":"","format":"standard","meta":{"footnotes":"","jetpack_publicize_message":"","jetpack_publicize_feature_enabled":true,"jetpack_social_post_already_shared":true,"jetpack_social_options":{"image_generator_settings":{"template":"highway","default_image_id":0,"font":"","enabled":false},"version":2}},"categories":[37,66,1,65],"tags":[],"class_list":["post-4765","post","type-post","status-publish","format-standard","has-post-thumbnail","hentry","category-https-gazetapernambucana-com-page_id212","category-cidades","category-https-gazetapernambucana-com-page_id225","category-politica"],"yoast_head":"<!-- This site is optimized with the Yoast SEO plugin v24.5 - https:\/\/yoast.com\/wordpress\/plugins\/seo\/ -->\n<title>T\u00daLIO GADELHA: O LUTADOR FERRENHO POR TR\u00c1S DA APROVA\u00c7\u00c3O DO FIM DA ESCALA 6X1 NA CCJ DO SENADO -<\/title>\n<meta name=\"robots\" content=\"index, follow, max-snippet:-1, max-image-preview:large, max-video-preview:-1\" \/>\n<link rel=\"canonical\" href=\"https:\/\/gazetapernambucana.com\/?p=4765\" \/>\n<meta property=\"og:locale\" content=\"pt_BR\" \/>\n<meta property=\"og:type\" content=\"article\" \/>\n<meta property=\"og:title\" content=\"T\u00daLIO GADELHA: O LUTADOR FERRENHO POR TR\u00c1S DA APROVA\u00c7\u00c3O DO FIM DA ESCALA 6X1 NA CCJ DO SENADO -\" \/>\n<meta property=\"og:description\" content=\"Deputado e candidato ao Senado por Pernambuco celebra vit\u00f3ria e articula aprova\u00e7\u00e3o em plen\u00e1rio Bras\u00edlia, 2 de setembro de 2026\u00a0\u2013 Uma vit\u00f3ria hist\u00f3rica para a classe trabalhadora brasileira foi selada nesta quarta-feira (2) na Comiss\u00e3o de Constitui\u00e7\u00e3o e Justi\u00e7a (CCJ) do Senado, com a aprova\u00e7\u00e3o da PEC que acaba com a escala 6&#215;1. Por tr\u00e1s [&hellip;]\" \/>\n<meta property=\"og:url\" content=\"https:\/\/gazetapernambucana.com\/?p=4765\" \/>\n<meta property=\"article:published_time\" content=\"2026-09-03T00:23:19+00:00\" \/>\n<meta property=\"og:image\" content=\"https:\/\/gazetapernambucana.com\/wp-content\/uploads\/2026\/09\/images-4.jpg\" \/>\n\t<meta property=\"og:image:width\" content=\"415\" \/>\n\t<meta property=\"og:image:height\" content=\"739\" \/>\n\t<meta property=\"og:image:type\" content=\"image\/jpeg\" \/>\n<meta name=\"author\" content=\"GP\" \/>\n<meta name=\"twitter:card\" content=\"summary_large_image\" \/>\n<meta name=\"twitter:label1\" content=\"Escrito por\" \/>\n\t<meta name=\"twitter:data1\" content=\"GP\" \/>\n\t<meta name=\"twitter:label2\" content=\"Est. tempo de leitura\" \/>\n\t<meta name=\"twitter:data2\" content=\"5 minutos\" \/>\n<script type=\"application\/ld+json\" class=\"yoast-schema-graph\">{\"@context\":\"https:\/\/schema.org\",\"@graph\":[{\"@type\":\"WebPage\",\"@id\":\"https:\/\/gazetapernambucana.com\/?p=4765\",\"url\":\"https:\/\/gazetapernambucana.com\/?p=4765\",\"name\":\"T\u00daLIO GADELHA: O LUTADOR FERRENHO POR TR\u00c1S DA APROVA\u00c7\u00c3O DO FIM DA ESCALA 6X1 NA CCJ DO SENADO -\",\"isPartOf\":{\"@id\":\"https:\/\/gazetapernambucana.com\/#website\"},\"primaryImageOfPage\":{\"@id\":\"https:\/\/gazetapernambucana.com\/?p=4765#primaryimage\"},\"image\":{\"@id\":\"https:\/\/gazetapernambucana.com\/?p=4765#primaryimage\"},\"thumbnailUrl\":\"https:\/\/gazetapernambucana.com\/wp-content\/uploads\/2026\/09\/images-4.jpg\",\"datePublished\":\"2026-09-03T00:23:19+00:00\",\"author\":{\"@id\":\"https:\/\/gazetapernambucana.com\/#\/schema\/person\/188dc283325181ac2de4db1e9e987427\"},\"breadcrumb\":{\"@id\":\"https:\/\/gazetapernambucana.com\/?p=4765#breadcrumb\"},\"inLanguage\":\"pt-BR\",\"potentialAction\":[{\"@type\":\"ReadAction\",\"target\":[\"https:\/\/gazetapernambucana.com\/?p=4765\"]}]},{\"@type\":\"ImageObject\",\"inLanguage\":\"pt-BR\",\"@id\":\"https:\/\/gazetapernambucana.com\/?p=4765#primaryimage\",\"url\":\"https:\/\/gazetapernambucana.com\/wp-content\/uploads\/2026\/09\/images-4.jpg\",\"contentUrl\":\"https:\/\/gazetapernambucana.com\/wp-content\/uploads\/2026\/09\/images-4.jpg\",\"width\":415,\"height\":739},{\"@type\":\"BreadcrumbList\",\"@id\":\"https:\/\/gazetapernambucana.com\/?p=4765#breadcrumb\",\"itemListElement\":[{\"@type\":\"ListItem\",\"position\":1,\"name\":\"In\u00edcio\",\"item\":\"https:\/\/gazetapernambucana.com\/\"},{\"@type\":\"ListItem\",\"position\":2,\"name\":\"T\u00daLIO GADELHA: O LUTADOR FERRENHO POR TR\u00c1S DA APROVA\u00c7\u00c3O DO FIM DA ESCALA 6X1 NA CCJ DO SENADO\"}]},{\"@type\":\"WebSite\",\"@id\":\"https:\/\/gazetapernambucana.com\/#website\",\"url\":\"https:\/\/gazetapernambucana.com\/\",\"name\":\"\",\"description\":\"\",\"potentialAction\":[{\"@type\":\"SearchAction\",\"target\":{\"@type\":\"EntryPoint\",\"urlTemplate\":\"https:\/\/gazetapernambucana.com\/?s={search_term_string}\"},\"query-input\":{\"@type\":\"PropertyValueSpecification\",\"valueRequired\":true,\"valueName\":\"search_term_string\"}}],\"inLanguage\":\"pt-BR\"},{\"@type\":\"Person\",\"@id\":\"https:\/\/gazetapernambucana.com\/#\/schema\/person\/188dc283325181ac2de4db1e9e987427\",\"name\":\"GP\",\"image\":{\"@type\":\"ImageObject\",\"inLanguage\":\"pt-BR\",\"@id\":\"https:\/\/gazetapernambucana.com\/#\/schema\/person\/image\/\",\"url\":\"https:\/\/secure.gravatar.com\/avatar\/9dad78ff9a2d8b5742d11779f8a3f53b052320c550b2e1907882353c067bb111?s=96&d=mm&r=g\",\"contentUrl\":\"https:\/\/secure.gravatar.com\/avatar\/9dad78ff9a2d8b5742d11779f8a3f53b052320c550b2e1907882353c067bb111?s=96&d=mm&r=g\",\"caption\":\"GP\"},\"sameAs\":[\"http:\/\/gazetapernambucana.com\"],\"url\":\"https:\/\/gazetapernambucana.com\/?author=1\"}]}<\/script>\n<!-- \/ Yoast SEO plugin. -->","yoast_head_json":{"title":"T\u00daLIO GADELHA: O LUTADOR FERRENHO POR TR\u00c1S DA APROVA\u00c7\u00c3O DO FIM DA ESCALA 6X1 NA CCJ DO SENADO -","robots":{"index":"index","follow":"follow","max-snippet":"max-snippet:-1","max-image-preview":"max-image-preview:large","max-video-preview":"max-video-preview:-1"},"canonical":"https:\/\/gazetapernambucana.com\/?p=4765","og_locale":"pt_BR","og_type":"article","og_title":"T\u00daLIO GADELHA: O LUTADOR FERRENHO POR TR\u00c1S DA APROVA\u00c7\u00c3O DO FIM DA ESCALA 6X1 NA CCJ DO SENADO -","og_description":"Deputado e candidato ao Senado por Pernambuco celebra vit\u00f3ria e articula aprova\u00e7\u00e3o em plen\u00e1rio Bras\u00edlia, 2 de setembro de 2026\u00a0\u2013 Uma vit\u00f3ria hist\u00f3rica para a classe trabalhadora brasileira foi selada nesta quarta-feira (2) na Comiss\u00e3o de Constitui\u00e7\u00e3o e Justi\u00e7a (CCJ) do Senado, com a aprova\u00e7\u00e3o da PEC que acaba com a escala 6&#215;1. Por tr\u00e1s [&hellip;]","og_url":"https:\/\/gazetapernambucana.com\/?p=4765","article_published_time":"2026-09-03T00:23:19+00:00","og_image":[{"width":415,"height":739,"url":"https:\/\/gazetapernambucana.com\/wp-content\/uploads\/2026\/09\/images-4.jpg","type":"image\/jpeg"}],"author":"GP","twitter_card":"summary_large_image","twitter_misc":{"Escrito por":"GP","Est. tempo de leitura":"5 minutos"},"schema":{"@context":"https:\/\/schema.org","@graph":[{"@type":"WebPage","@id":"https:\/\/gazetapernambucana.com\/?p=4765","url":"https:\/\/gazetapernambucana.com\/?p=4765","name":"T\u00daLIO GADELHA: O LUTADOR FERRENHO POR TR\u00c1S DA APROVA\u00c7\u00c3O DO FIM DA ESCALA 6X1 NA CCJ DO SENADO -","isPartOf":{"@id":"https:\/\/gazetapernambucana.com\/#website"},"primaryImageOfPage":{"@id":"https:\/\/gazetapernambucana.com\/?p=4765#primaryimage"},"image":{"@id":"https:\/\/gazetapernambucana.com\/?p=4765#primaryimage"},"thumbnailUrl":"https:\/\/gazetapernambucana.com\/wp-content\/uploads\/2026\/09\/images-4.jpg","datePublished":"2026-09-03T00:23:19+00:00","author":{"@id":"https:\/\/gazetapernambucana.com\/#\/schema\/person\/188dc283325181ac2de4db1e9e987427"},"breadcrumb":{"@id":"https:\/\/gazetapernambucana.com\/?p=4765#breadcrumb"},"inLanguage":"pt-BR","potentialAction":[{"@type":"ReadAction","target":["https:\/\/gazetapernambucana.com\/?p=4765"]}]},{"@type":"ImageObject","inLanguage":"pt-BR","@id":"https:\/\/gazetapernambucana.com\/?p=4765#primaryimage","url":"https:\/\/gazetapernambucana.com\/wp-content\/uploads\/2026\/09\/images-4.jpg","contentUrl":"https:\/\/gazetapernambucana.com\/wp-content\/uploads\/2026\/09\/images-4.jpg","width":415,"height":739},{"@type":"BreadcrumbList","@id":"https:\/\/gazetapernambucana.com\/?p=4765#breadcrumb","itemListElement":[{"@type":"ListItem","position":1,"name":"In\u00edcio","item":"https:\/\/gazetapernambucana.com\/"},{"@type":"ListItem","position":2,"name":"T\u00daLIO GADELHA: O LUTADOR FERRENHO POR TR\u00c1S DA APROVA\u00c7\u00c3O DO FIM DA ESCALA 6X1 NA CCJ DO SENADO"}]},{"@type":"WebSite","@id":"https:\/\/gazetapernambucana.com\/#website","url":"https:\/\/gazetapernambucana.com\/","name":"","description":"","potentialAction":[{"@type":"SearchAction","target":{"@type":"EntryPoint","urlTemplate":"https:\/\/gazetapernambucana.com\/?s={search_term_string}"},"query-input":{"@type":"PropertyValueSpecification","valueRequired":true,"valueName":"search_term_string"}}],"inLanguage":"pt-BR"},{"@type":"Person","@id":"https:\/\/gazetapernambucana.com\/#\/schema\/person\/188dc283325181ac2de4db1e9e987427","name":"GP","image":{"@type":"ImageObject","inLanguage":"pt-BR","@id":"https:\/\/gazetapernambucana.com\/#\/schema\/person\/image\/","url":"https:\/\/secure.gravatar.com\/avatar\/9dad78ff9a2d8b5742d11779f8a3f53b052320c550b2e1907882353c067bb111?s=96&d=mm&r=g","contentUrl":"https:\/\/secure.gravatar.com\/avatar\/9dad78ff9a2d8b5742d11779f8a3f53b052320c550b2e1907882353c067bb111?s=96&d=mm&r=g","caption":"GP"},"sameAs":["http:\/\/gazetapernambucana.com"],"url":"https:\/\/gazetapernambucana.com\/?author=1"}]}},"jetpack_publicize_connections":[],"_links":{"self":[{"href":"https:\/\/gazetapernambucana.com\/index.php?rest_route=\/wp\/v2\/posts\/4765","targetHints":{"allow":["GET"]}}],"collection":[{"href":"https:\/\/gazetapernambucana.com\/index.php?rest_route=\/wp\/v2\/posts"}],"about":[{"href":"https:\/\/gazetapernambucana.com\/index.php?rest_route=\/wp\/v2\/types\/post"}],"author":[{"embeddable":true,"href":"https:\/\/gazetapernambucana.com\/index.php?rest_route=\/wp\/v2\/users\/1"}],"replies":[{"embeddable":true,"href":"https:\/\/gazetapernambucana.com\/index.php?rest_route=%2Fwp%2Fv2%2Fcomments&post=4765"}],"version-history":[{"count":1,"href":"https:\/\/gazetapernambucana.com\/index.php?rest_route=\/wp\/v2\/posts\/4765\/revisions"}],"predecessor-version":[{"id":4768,"href":"https:\/\/gazetapernambucana.com\/index.php?rest_route=\/wp\/v2\/posts\/4765\/revisions\/4768"}],"wp:featuredmedia":[{"embeddable":true,"href":"https:\/\/gazetapernambucana.com\/index.php?rest_route=\/wp\/v2\/media\/4766"}],"wp:attachment":[{"href":"https:\/\/gazetapernambucana.com\/index.php?rest_route=%2Fwp%2Fv2%2Fmedia&parent=4765"}],"wp:term":[{"taxonomy":"category","embeddable":true,"href":"https:\/\/gazetapernambucana.com\/index.php?rest_route=%2Fwp%2Fv2%2Fcategories&post=4765"},{"taxonomy":"post_tag","embeddable":true,"href":"https:\/\/gazetapernambucana.com\/index.php?rest_route=%2Fwp%2Fv2%2Ftags&post=4765"}],"curies":[{"name":"wp","href":"https:\/\/api.w.org\/{rel}","templated":true}]}}