{"id":4760,"date":"2026-09-02T01:35:56","date_gmt":"2026-09-02T04:35:56","guid":{"rendered":"https:\/\/gazetapernambucana.com\/?p=4760"},"modified":"2026-09-02T01:35:56","modified_gmt":"2026-09-02T04:35:56","slug":"memorias-que-caminham-pelas-ruas-do-recife-por-mariangela-borba","status":"publish","type":"post","link":"https:\/\/gazetapernambucana.com\/?p=4760","title":{"rendered":"Mem\u00f3rias que Caminham pelas Ruas do Recife. Por Mari\u00e2ngela Borba"},"content":{"rendered":"<div id=\"post-body-1004834653722427176\" class=\"post-body entry-content\">\n<div><strong>Por Mari\u00e2ngela Borba<\/strong> &#8211; <strong>Jornalista e escritora &#8211;<\/strong> O Circuito da Mem\u00f3ria, promovido pelo Grupo Jo\u00e3o Teimoso, retorna ao centro do Recife no pr\u00f3ximo 07 de setembro, reafirmando a for\u00e7a da arte como instrumento de consci\u00eancia hist\u00f3rica. A a\u00e7\u00e3o, que j\u00e1 teve tr\u00eas edi\u00e7\u00f5es anteriores, convida o p\u00fablico a revisitar locais marcados pela repress\u00e3o militar durante os anos de chumbo, conectando passado e presente em um percurso carregado de simbolismo. O passeio acontece em um trenzinho, com encena\u00e7\u00f5es que recriam momentos decisivos da ditadura brasileira.<\/div>\n<div><\/div>\n<div>O trajeto parte do Gin\u00e1sio Pernambucano, na Rua da Aurora, seguindo pela Avenida Dantas Barreto, onde Jonas e Ivan foram assassinados no in\u00edcio do golpe de 1964. Em seguida, o grupo passa pela Casa da Cultura, antigo pres\u00eddio da \u00e9poca, e pelo antigo DOPS, cen\u00e1rio de in\u00fameras viola\u00e7\u00f5es de direitos humanos. O percurso continua pelo antigo quartel da 2\u00aa Companhia de Guarda do Ex\u00e9rcito, onde Paulo Freire e tantos outros foram presos, e segue at\u00e9 o antigo DOI-CODI, encerrando na Pra\u00e7a do Monumento Tortura Nunca Mais.<\/div>\n<div><\/div>\n<div>Em cada parada, atores e atrizes do grupo apresentam flashes c\u00eanicos que reconstroem epis\u00f3dios marcantes da repress\u00e3o. Com 25 anos de atua\u00e7\u00e3o, o Grupo Jo\u00e3o Teimoso refor\u00e7a sua miss\u00e3o de usar a arte como ferramenta de resist\u00eancia e mem\u00f3ria. Desde 2019, o coletivo encena Retratos de Chumbo \u2013 As Rosas que Enfrentaram os Canh\u00f5es, pe\u00e7a que homenageia mulheres que lutaram, foram presas, torturadas e mortas durante a ditadura militar.<\/div>\n<div><\/div>\n<div>O Circuito \u00e9 aberto ao p\u00fablico, com vagas limitadas no trenzinho, que comporta 30 pessoas por viagem. Interessados podem comparecer ao local de sa\u00edda ou reservar antecipadamente pelo WhatsApp. Para o diretor Os\u00e9as Borba Neto, a escolha do 07 de setembro refor\u00e7a o compromisso com a democracia: \u201cVamos lembrar novamente a nossa hist\u00f3ria, para que nunca mais aconte\u00e7a e nossa democracia se fortale\u00e7a\u201d.<\/div>\n<div><\/div>\n<div>\ud83d\udcf8 Foto: Os\u00e9as Borba Neto<\/div>\n<div><\/div>\n<div><u>Servi\u00e7o<\/u><\/div>\n<div>Circuito da Mem\u00f3ria \u2013 Grupo Jo\u00e3o Teimoso<\/div>\n<div>\ud83d\udcc5 Dia: 07 de setembro de 2026<\/div>\n<div>\u23f0 Hora: 14h<\/div>\n<div>\ud83d\udccd Sa\u00edda: Gin\u00e1sio Pernambucano \u2013 Rua da Aurora<\/div>\n<div>\ud83d\udcde Informa\u00e7\u00f5es e reservas: 81 98897-1513<\/div>\n<div><\/div>\n<div>Ficha T\u00e9cnica<\/div>\n<div>Dire\u00e7\u00e3o Geral: Os\u00e9as Borba Neto<\/div>\n<div>Coordena\u00e7\u00e3o de Produ\u00e7\u00e3o: Chell Moriim<\/div>\n<div>Elenco: Chell Moriim, Virg\u00ednia Kelly, Margot Serra, Gabriel Ferraz, Rafael Guillermo, Rog\u00e9rio Barbosa, Alisson F\u00e9lix, Levi S\u00e1 e Pedro Monteiro<\/div>\n<div>Assessoria de Imprensa: Mariangela Borba<\/div>\n<div><\/div>\n<div>Instagram:<\/div>\n<div>@circuitodamemoriarecife<\/div>\n<div>@grupojoaoteimoso<\/div>\n<div><\/div>\n<div>\n<div class=\"separator\"><a href=\"https:\/\/blogger.googleusercontent.com\/img\/a\/AVvXsEi82q666_cO_26-i4FjeXgzHIKW0T5TgktAFsrySbEulMPlsez3kAlqr1S1DFaeq9m328tKIc37zHqow0MZezJLAQZlK2aMrqT_9bs8YDwvGNFZjd7-FBBj_JGv1c5bM-lMnz1RfWw4Cs4GqpFV_3XgD8GY9wDWPxXixy-xYU6puOQC8kbBfX8v1SAhjx2d\"><img decoding=\"async\" src=\"https:\/\/blogger.googleusercontent.com\/img\/a\/AVvXsEi82q666_cO_26-i4FjeXgzHIKW0T5TgktAFsrySbEulMPlsez3kAlqr1S1DFaeq9m328tKIc37zHqow0MZezJLAQZlK2aMrqT_9bs8YDwvGNFZjd7-FBBj_JGv1c5bM-lMnz1RfWw4Cs4GqpFV_3XgD8GY9wDWPxXixy-xYU6puOQC8kbBfX8v1SAhjx2d=rw\" width=\"400\" border=\"0\" \/><\/a><\/div>\n<\/div>\n<div><\/div>\n<\/div>\n<div class=\"post-footer\"><\/div>\n","protected":false},"excerpt":{"rendered":"<p>Por Mari\u00e2ngela Borba &#8211; Jornalista e escritora &#8211; O Circuito da Mem\u00f3ria, promovido pelo Grupo Jo\u00e3o Teimoso, retorna ao centro do Recife no pr\u00f3ximo 07 de setembro, reafirmando a for\u00e7a da arte como instrumento de consci\u00eancia hist\u00f3rica. A a\u00e7\u00e3o, que j\u00e1 teve tr\u00eas edi\u00e7\u00f5es anteriores, convida o p\u00fablico a revisitar locais marcados pela repress\u00e3o militar [&hellip;]<\/p>\n","protected":false},"author":1,"featured_media":4761,"comment_status":"open","ping_status":"open","sticky":false,"template":"","format":"standard","meta":{"footnotes":"","jetpack_publicize_message":"","jetpack_publicize_feature_enabled":true,"jetpack_social_post_already_shared":true,"jetpack_social_options":{"image_generator_settings":{"template":"highway","default_image_id":0,"font":"","enabled":false},"version":2}},"categories":[1,35,46,65],"tags":[],"class_list":["post-4760","post","type-post","status-publish","format-standard","has-post-thumbnail","hentry","category-https-gazetapernambucana-com-page_id225","category-https-gazetapernambucana-com-page_id218","category-literatura","category-politica"],"yoast_head":"<!-- This site is optimized with the Yoast SEO plugin v24.5 - https:\/\/yoast.com\/wordpress\/plugins\/seo\/ -->\n<title>Mem\u00f3rias que Caminham pelas Ruas do Recife. Por Mari\u00e2ngela Borba -<\/title>\n<meta name=\"robots\" content=\"index, follow, max-snippet:-1, max-image-preview:large, max-video-preview:-1\" \/>\n<link rel=\"canonical\" href=\"https:\/\/gazetapernambucana.com\/?p=4760\" \/>\n<meta property=\"og:locale\" content=\"pt_BR\" \/>\n<meta property=\"og:type\" content=\"article\" \/>\n<meta property=\"og:title\" content=\"Mem\u00f3rias que Caminham pelas Ruas do Recife. Por Mari\u00e2ngela Borba -\" \/>\n<meta property=\"og:description\" content=\"Por Mari\u00e2ngela Borba &#8211; Jornalista e escritora &#8211; O Circuito da Mem\u00f3ria, promovido pelo Grupo Jo\u00e3o Teimoso, retorna ao centro do Recife no pr\u00f3ximo 07 de setembro, reafirmando a for\u00e7a da arte como instrumento de consci\u00eancia hist\u00f3rica. A a\u00e7\u00e3o, que j\u00e1 teve tr\u00eas edi\u00e7\u00f5es anteriores, convida o p\u00fablico a revisitar locais marcados pela repress\u00e3o militar [&hellip;]\" \/>\n<meta property=\"og:url\" content=\"https:\/\/gazetapernambucana.com\/?p=4760\" \/>\n<meta property=\"article:published_time\" content=\"2026-09-02T04:35:56+00:00\" \/>\n<meta property=\"og:image\" content=\"http:\/\/gazetapernambucana.com\/wp-content\/uploads\/2026\/09\/1788176836353061-0.webp\" \/>\n\t<meta property=\"og:image:width\" content=\"512\" \/>\n\t<meta property=\"og:image:height\" content=\"341\" \/>\n\t<meta property=\"og:image:type\" content=\"image\/webp\" \/>\n<meta name=\"author\" content=\"GP\" \/>\n<meta name=\"twitter:card\" content=\"summary_large_image\" \/>\n<meta name=\"twitter:label1\" content=\"Escrito por\" \/>\n\t<meta name=\"twitter:data1\" content=\"GP\" \/>\n\t<meta name=\"twitter:label2\" content=\"Est. tempo de leitura\" \/>\n\t<meta name=\"twitter:data2\" content=\"3 minutos\" \/>\n<script type=\"application\/ld+json\" class=\"yoast-schema-graph\">{\"@context\":\"https:\/\/schema.org\",\"@graph\":[{\"@type\":\"WebPage\",\"@id\":\"https:\/\/gazetapernambucana.com\/?p=4760\",\"url\":\"https:\/\/gazetapernambucana.com\/?p=4760\",\"name\":\"Mem\u00f3rias que Caminham pelas Ruas do Recife. Por Mari\u00e2ngela Borba -\",\"isPartOf\":{\"@id\":\"https:\/\/gazetapernambucana.com\/#website\"},\"primaryImageOfPage\":{\"@id\":\"https:\/\/gazetapernambucana.com\/?p=4760#primaryimage\"},\"image\":{\"@id\":\"https:\/\/gazetapernambucana.com\/?p=4760#primaryimage\"},\"thumbnailUrl\":\"https:\/\/gazetapernambucana.com\/wp-content\/uploads\/2026\/09\/1788176836353061-0.webp\",\"datePublished\":\"2026-09-02T04:35:56+00:00\",\"author\":{\"@id\":\"https:\/\/gazetapernambucana.com\/#\/schema\/person\/188dc283325181ac2de4db1e9e987427\"},\"breadcrumb\":{\"@id\":\"https:\/\/gazetapernambucana.com\/?p=4760#breadcrumb\"},\"inLanguage\":\"pt-BR\",\"potentialAction\":[{\"@type\":\"ReadAction\",\"target\":[\"https:\/\/gazetapernambucana.com\/?p=4760\"]}]},{\"@type\":\"ImageObject\",\"inLanguage\":\"pt-BR\",\"@id\":\"https:\/\/gazetapernambucana.com\/?p=4760#primaryimage\",\"url\":\"https:\/\/gazetapernambucana.com\/wp-content\/uploads\/2026\/09\/1788176836353061-0.webp\",\"contentUrl\":\"https:\/\/gazetapernambucana.com\/wp-content\/uploads\/2026\/09\/1788176836353061-0.webp\",\"width\":512,\"height\":341},{\"@type\":\"BreadcrumbList\",\"@id\":\"https:\/\/gazetapernambucana.com\/?p=4760#breadcrumb\",\"itemListElement\":[{\"@type\":\"ListItem\",\"position\":1,\"name\":\"In\u00edcio\",\"item\":\"https:\/\/gazetapernambucana.com\/\"},{\"@type\":\"ListItem\",\"position\":2,\"name\":\"Mem\u00f3rias que Caminham pelas Ruas do Recife. Por Mari\u00e2ngela Borba\"}]},{\"@type\":\"WebSite\",\"@id\":\"https:\/\/gazetapernambucana.com\/#website\",\"url\":\"https:\/\/gazetapernambucana.com\/\",\"name\":\"\",\"description\":\"\",\"potentialAction\":[{\"@type\":\"SearchAction\",\"target\":{\"@type\":\"EntryPoint\",\"urlTemplate\":\"https:\/\/gazetapernambucana.com\/?s={search_term_string}\"},\"query-input\":{\"@type\":\"PropertyValueSpecification\",\"valueRequired\":true,\"valueName\":\"search_term_string\"}}],\"inLanguage\":\"pt-BR\"},{\"@type\":\"Person\",\"@id\":\"https:\/\/gazetapernambucana.com\/#\/schema\/person\/188dc283325181ac2de4db1e9e987427\",\"name\":\"GP\",\"image\":{\"@type\":\"ImageObject\",\"inLanguage\":\"pt-BR\",\"@id\":\"https:\/\/gazetapernambucana.com\/#\/schema\/person\/image\/\",\"url\":\"https:\/\/secure.gravatar.com\/avatar\/9dad78ff9a2d8b5742d11779f8a3f53b052320c550b2e1907882353c067bb111?s=96&d=mm&r=g\",\"contentUrl\":\"https:\/\/secure.gravatar.com\/avatar\/9dad78ff9a2d8b5742d11779f8a3f53b052320c550b2e1907882353c067bb111?s=96&d=mm&r=g\",\"caption\":\"GP\"},\"sameAs\":[\"http:\/\/gazetapernambucana.com\"],\"url\":\"https:\/\/gazetapernambucana.com\/?author=1\"}]}<\/script>\n<!-- \/ Yoast SEO plugin. -->","yoast_head_json":{"title":"Mem\u00f3rias que Caminham pelas Ruas do Recife. Por Mari\u00e2ngela Borba -","robots":{"index":"index","follow":"follow","max-snippet":"max-snippet:-1","max-image-preview":"max-image-preview:large","max-video-preview":"max-video-preview:-1"},"canonical":"https:\/\/gazetapernambucana.com\/?p=4760","og_locale":"pt_BR","og_type":"article","og_title":"Mem\u00f3rias que Caminham pelas Ruas do Recife. Por Mari\u00e2ngela Borba -","og_description":"Por Mari\u00e2ngela Borba &#8211; Jornalista e escritora &#8211; O Circuito da Mem\u00f3ria, promovido pelo Grupo Jo\u00e3o Teimoso, retorna ao centro do Recife no pr\u00f3ximo 07 de setembro, reafirmando a for\u00e7a da arte como instrumento de consci\u00eancia hist\u00f3rica. A a\u00e7\u00e3o, que j\u00e1 teve tr\u00eas edi\u00e7\u00f5es anteriores, convida o p\u00fablico a revisitar locais marcados pela repress\u00e3o militar [&hellip;]","og_url":"https:\/\/gazetapernambucana.com\/?p=4760","article_published_time":"2026-09-02T04:35:56+00:00","og_image":[{"width":512,"height":341,"url":"http:\/\/gazetapernambucana.com\/wp-content\/uploads\/2026\/09\/1788176836353061-0.webp","type":"image\/webp"}],"author":"GP","twitter_card":"summary_large_image","twitter_misc":{"Escrito por":"GP","Est. tempo de leitura":"3 minutos"},"schema":{"@context":"https:\/\/schema.org","@graph":[{"@type":"WebPage","@id":"https:\/\/gazetapernambucana.com\/?p=4760","url":"https:\/\/gazetapernambucana.com\/?p=4760","name":"Mem\u00f3rias que Caminham pelas Ruas do Recife. Por Mari\u00e2ngela Borba -","isPartOf":{"@id":"https:\/\/gazetapernambucana.com\/#website"},"primaryImageOfPage":{"@id":"https:\/\/gazetapernambucana.com\/?p=4760#primaryimage"},"image":{"@id":"https:\/\/gazetapernambucana.com\/?p=4760#primaryimage"},"thumbnailUrl":"https:\/\/gazetapernambucana.com\/wp-content\/uploads\/2026\/09\/1788176836353061-0.webp","datePublished":"2026-09-02T04:35:56+00:00","author":{"@id":"https:\/\/gazetapernambucana.com\/#\/schema\/person\/188dc283325181ac2de4db1e9e987427"},"breadcrumb":{"@id":"https:\/\/gazetapernambucana.com\/?p=4760#breadcrumb"},"inLanguage":"pt-BR","potentialAction":[{"@type":"ReadAction","target":["https:\/\/gazetapernambucana.com\/?p=4760"]}]},{"@type":"ImageObject","inLanguage":"pt-BR","@id":"https:\/\/gazetapernambucana.com\/?p=4760#primaryimage","url":"https:\/\/gazetapernambucana.com\/wp-content\/uploads\/2026\/09\/1788176836353061-0.webp","contentUrl":"https:\/\/gazetapernambucana.com\/wp-content\/uploads\/2026\/09\/1788176836353061-0.webp","width":512,"height":341},{"@type":"BreadcrumbList","@id":"https:\/\/gazetapernambucana.com\/?p=4760#breadcrumb","itemListElement":[{"@type":"ListItem","position":1,"name":"In\u00edcio","item":"https:\/\/gazetapernambucana.com\/"},{"@type":"ListItem","position":2,"name":"Mem\u00f3rias que Caminham pelas Ruas do Recife. Por Mari\u00e2ngela Borba"}]},{"@type":"WebSite","@id":"https:\/\/gazetapernambucana.com\/#website","url":"https:\/\/gazetapernambucana.com\/","name":"","description":"","potentialAction":[{"@type":"SearchAction","target":{"@type":"EntryPoint","urlTemplate":"https:\/\/gazetapernambucana.com\/?s={search_term_string}"},"query-input":{"@type":"PropertyValueSpecification","valueRequired":true,"valueName":"search_term_string"}}],"inLanguage":"pt-BR"},{"@type":"Person","@id":"https:\/\/gazetapernambucana.com\/#\/schema\/person\/188dc283325181ac2de4db1e9e987427","name":"GP","image":{"@type":"ImageObject","inLanguage":"pt-BR","@id":"https:\/\/gazetapernambucana.com\/#\/schema\/person\/image\/","url":"https:\/\/secure.gravatar.com\/avatar\/9dad78ff9a2d8b5742d11779f8a3f53b052320c550b2e1907882353c067bb111?s=96&d=mm&r=g","contentUrl":"https:\/\/secure.gravatar.com\/avatar\/9dad78ff9a2d8b5742d11779f8a3f53b052320c550b2e1907882353c067bb111?s=96&d=mm&r=g","caption":"GP"},"sameAs":["http:\/\/gazetapernambucana.com"],"url":"https:\/\/gazetapernambucana.com\/?author=1"}]}},"jetpack_publicize_connections":[],"_links":{"self":[{"href":"https:\/\/gazetapernambucana.com\/index.php?rest_route=\/wp\/v2\/posts\/4760","targetHints":{"allow":["GET"]}}],"collection":[{"href":"https:\/\/gazetapernambucana.com\/index.php?rest_route=\/wp\/v2\/posts"}],"about":[{"href":"https:\/\/gazetapernambucana.com\/index.php?rest_route=\/wp\/v2\/types\/post"}],"author":[{"embeddable":true,"href":"https:\/\/gazetapernambucana.com\/index.php?rest_route=\/wp\/v2\/users\/1"}],"replies":[{"embeddable":true,"href":"https:\/\/gazetapernambucana.com\/index.php?rest_route=%2Fwp%2Fv2%2Fcomments&post=4760"}],"version-history":[{"count":1,"href":"https:\/\/gazetapernambucana.com\/index.php?rest_route=\/wp\/v2\/posts\/4760\/revisions"}],"predecessor-version":[{"id":4762,"href":"https:\/\/gazetapernambucana.com\/index.php?rest_route=\/wp\/v2\/posts\/4760\/revisions\/4762"}],"wp:featuredmedia":[{"embeddable":true,"href":"https:\/\/gazetapernambucana.com\/index.php?rest_route=\/wp\/v2\/media\/4761"}],"wp:attachment":[{"href":"https:\/\/gazetapernambucana.com\/index.php?rest_route=%2Fwp%2Fv2%2Fmedia&parent=4760"}],"wp:term":[{"taxonomy":"category","embeddable":true,"href":"https:\/\/gazetapernambucana.com\/index.php?rest_route=%2Fwp%2Fv2%2Fcategories&post=4760"},{"taxonomy":"post_tag","embeddable":true,"href":"https:\/\/gazetapernambucana.com\/index.php?rest_route=%2Fwp%2Fv2%2Ftags&post=4760"}],"curies":[{"name":"wp","href":"https:\/\/api.w.org\/{rel}","templated":true}]}}