{"id":4756,"date":"2026-09-01T19:56:52","date_gmt":"2026-09-01T22:56:52","guid":{"rendered":"https:\/\/gazetapernambucana.com\/?p=4756"},"modified":"2026-09-01T20:21:30","modified_gmt":"2026-09-01T23:21:30","slug":"moraes-teria-pedido-protecao-a-vorcaro","status":"publish","type":"post","link":"https:\/\/gazetapernambucana.com\/?p=4756","title":{"rendered":"MORAES TERIA PEDIDO PROTE\u00c7\u00c3O A VORCARO"},"content":{"rendered":"<p class=\"ds-markdown-paragraph\"><span class=\"\">O ministro do STF, Andr\u00e9 Mendon\u00e7a, avaliou como graves, em conversas reservadas com interlocutores, as novas revela\u00e7\u00f5es de que Alexandre de Moraes pode ter acionado o procurador-geral da Rep\u00fablica, Paulo Gonet, e o diretor-geral da Pol\u00edcia Federal, Andrei Rodrigues, para garantir prote\u00e7\u00e3o ao banqueiro Daniel Vorcaro.<\/span><\/p>\n<p class=\"ds-markdown-paragraph\"><span class=\"\">Segundo apura\u00e7\u00f5es, as mensagens obtidas pela Opera\u00e7\u00e3o Compliance Zero indicam que o pedido partiu de Moraes, e n\u00e3o de Vorcaro, como se especulava inicialmente. O contrato milion\u00e1rio entre o Banco Master e o escrit\u00f3rio da esposa do ministro tamb\u00e9m est\u00e1 no centro das suspeitas.<\/span><\/p>\n<p class=\"ds-markdown-paragraph\"><span class=\"\">Diante do impacto, Mendon\u00e7a avalia levar ao presidente do STF, Edson Fachin, um pedido formal de abertura de investiga\u00e7\u00e3o contra Moraes. Nos bastidores, ele j\u00e1 mapeia os votos que teria a favor da medida. A decis\u00e3o final depender\u00e1 do plen\u00e1rio<\/span><\/p>\n","protected":false},"excerpt":{"rendered":"<p>O ministro do STF, Andr\u00e9 Mendon\u00e7a, avaliou como graves, em conversas reservadas com interlocutores, as novas revela\u00e7\u00f5es de que Alexandre de Moraes pode ter acionado o procurador-geral da Rep\u00fablica, Paulo Gonet, e o diretor-geral da Pol\u00edcia Federal, Andrei Rodrigues, para garantir prote\u00e7\u00e3o ao banqueiro Daniel Vorcaro. Segundo apura\u00e7\u00f5es, as mensagens obtidas pela Opera\u00e7\u00e3o Compliance Zero [&hellip;]<\/p>\n","protected":false},"author":1,"featured_media":4757,"comment_status":"open","ping_status":"open","sticky":false,"template":"","format":"standard","meta":{"footnotes":"","jetpack_publicize_message":"","jetpack_publicize_feature_enabled":true,"jetpack_social_post_already_shared":true,"jetpack_social_options":{"image_generator_settings":{"template":"highway","default_image_id":0,"font":"","enabled":false},"version":2}},"categories":[37,1,65],"tags":[],"class_list":["post-4756","post","type-post","status-publish","format-standard","has-post-thumbnail","hentry","category-https-gazetapernambucana-com-page_id212","category-https-gazetapernambucana-com-page_id225","category-politica"],"yoast_head":"<!-- This site is optimized with the Yoast SEO plugin v24.5 - https:\/\/yoast.com\/wordpress\/plugins\/seo\/ -->\n<title>MORAES TERIA PEDIDO PROTE\u00c7\u00c3O A VORCARO -<\/title>\n<meta name=\"robots\" content=\"index, follow, max-snippet:-1, max-image-preview:large, max-video-preview:-1\" \/>\n<link rel=\"canonical\" href=\"https:\/\/gazetapernambucana.com\/?p=4756\" \/>\n<meta property=\"og:locale\" content=\"pt_BR\" \/>\n<meta property=\"og:type\" content=\"article\" \/>\n<meta property=\"og:title\" content=\"MORAES TERIA PEDIDO PROTE\u00c7\u00c3O A VORCARO -\" \/>\n<meta property=\"og:description\" content=\"O ministro do STF, Andr\u00e9 Mendon\u00e7a, avaliou como graves, em conversas reservadas com interlocutores, as novas revela\u00e7\u00f5es de que Alexandre de Moraes pode ter acionado o procurador-geral da Rep\u00fablica, Paulo Gonet, e o diretor-geral da Pol\u00edcia Federal, Andrei Rodrigues, para garantir prote\u00e7\u00e3o ao banqueiro Daniel Vorcaro. Segundo apura\u00e7\u00f5es, as mensagens obtidas pela Opera\u00e7\u00e3o Compliance Zero [&hellip;]\" \/>\n<meta property=\"og:url\" content=\"https:\/\/gazetapernambucana.com\/?p=4756\" \/>\n<meta property=\"article:published_time\" content=\"2026-09-01T22:56:52+00:00\" \/>\n<meta property=\"article:modified_time\" content=\"2026-09-01T23:21:30+00:00\" \/>\n<meta property=\"og:image\" content=\"http:\/\/gazetapernambucana.com\/wp-content\/uploads\/2026\/09\/moraes-e-vorcaro.png\" \/>\n\t<meta property=\"og:image:width\" content=\"1280\" \/>\n\t<meta property=\"og:image:height\" content=\"680\" \/>\n\t<meta property=\"og:image:type\" content=\"image\/png\" \/>\n<meta name=\"author\" content=\"GP\" \/>\n<meta name=\"twitter:card\" content=\"summary_large_image\" \/>\n<meta name=\"twitter:label1\" content=\"Escrito por\" \/>\n\t<meta name=\"twitter:data1\" content=\"GP\" \/>\n\t<meta name=\"twitter:label2\" content=\"Est. tempo de leitura\" \/>\n\t<meta name=\"twitter:data2\" content=\"1 minuto\" \/>\n<script type=\"application\/ld+json\" class=\"yoast-schema-graph\">{\"@context\":\"https:\/\/schema.org\",\"@graph\":[{\"@type\":\"WebPage\",\"@id\":\"https:\/\/gazetapernambucana.com\/?p=4756\",\"url\":\"https:\/\/gazetapernambucana.com\/?p=4756\",\"name\":\"MORAES TERIA PEDIDO PROTE\u00c7\u00c3O A VORCARO -\",\"isPartOf\":{\"@id\":\"https:\/\/gazetapernambucana.com\/#website\"},\"primaryImageOfPage\":{\"@id\":\"https:\/\/gazetapernambucana.com\/?p=4756#primaryimage\"},\"image\":{\"@id\":\"https:\/\/gazetapernambucana.com\/?p=4756#primaryimage\"},\"thumbnailUrl\":\"https:\/\/gazetapernambucana.com\/wp-content\/uploads\/2026\/09\/moraes-e-vorcaro.png\",\"datePublished\":\"2026-09-01T22:56:52+00:00\",\"dateModified\":\"2026-09-01T23:21:30+00:00\",\"author\":{\"@id\":\"https:\/\/gazetapernambucana.com\/#\/schema\/person\/188dc283325181ac2de4db1e9e987427\"},\"breadcrumb\":{\"@id\":\"https:\/\/gazetapernambucana.com\/?p=4756#breadcrumb\"},\"inLanguage\":\"pt-BR\",\"potentialAction\":[{\"@type\":\"ReadAction\",\"target\":[\"https:\/\/gazetapernambucana.com\/?p=4756\"]}]},{\"@type\":\"ImageObject\",\"inLanguage\":\"pt-BR\",\"@id\":\"https:\/\/gazetapernambucana.com\/?p=4756#primaryimage\",\"url\":\"https:\/\/gazetapernambucana.com\/wp-content\/uploads\/2026\/09\/moraes-e-vorcaro.png\",\"contentUrl\":\"https:\/\/gazetapernambucana.com\/wp-content\/uploads\/2026\/09\/moraes-e-vorcaro.png\",\"width\":1280,\"height\":680},{\"@type\":\"BreadcrumbList\",\"@id\":\"https:\/\/gazetapernambucana.com\/?p=4756#breadcrumb\",\"itemListElement\":[{\"@type\":\"ListItem\",\"position\":1,\"name\":\"In\u00edcio\",\"item\":\"https:\/\/gazetapernambucana.com\/\"},{\"@type\":\"ListItem\",\"position\":2,\"name\":\"MORAES TERIA PEDIDO PROTE\u00c7\u00c3O A VORCARO\"}]},{\"@type\":\"WebSite\",\"@id\":\"https:\/\/gazetapernambucana.com\/#website\",\"url\":\"https:\/\/gazetapernambucana.com\/\",\"name\":\"\",\"description\":\"\",\"potentialAction\":[{\"@type\":\"SearchAction\",\"target\":{\"@type\":\"EntryPoint\",\"urlTemplate\":\"https:\/\/gazetapernambucana.com\/?s={search_term_string}\"},\"query-input\":{\"@type\":\"PropertyValueSpecification\",\"valueRequired\":true,\"valueName\":\"search_term_string\"}}],\"inLanguage\":\"pt-BR\"},{\"@type\":\"Person\",\"@id\":\"https:\/\/gazetapernambucana.com\/#\/schema\/person\/188dc283325181ac2de4db1e9e987427\",\"name\":\"GP\",\"image\":{\"@type\":\"ImageObject\",\"inLanguage\":\"pt-BR\",\"@id\":\"https:\/\/gazetapernambucana.com\/#\/schema\/person\/image\/\",\"url\":\"https:\/\/secure.gravatar.com\/avatar\/9dad78ff9a2d8b5742d11779f8a3f53b052320c550b2e1907882353c067bb111?s=96&d=mm&r=g\",\"contentUrl\":\"https:\/\/secure.gravatar.com\/avatar\/9dad78ff9a2d8b5742d11779f8a3f53b052320c550b2e1907882353c067bb111?s=96&d=mm&r=g\",\"caption\":\"GP\"},\"sameAs\":[\"http:\/\/gazetapernambucana.com\"],\"url\":\"https:\/\/gazetapernambucana.com\/?author=1\"}]}<\/script>\n<!-- \/ Yoast SEO plugin. -->","yoast_head_json":{"title":"MORAES TERIA PEDIDO PROTE\u00c7\u00c3O A VORCARO -","robots":{"index":"index","follow":"follow","max-snippet":"max-snippet:-1","max-image-preview":"max-image-preview:large","max-video-preview":"max-video-preview:-1"},"canonical":"https:\/\/gazetapernambucana.com\/?p=4756","og_locale":"pt_BR","og_type":"article","og_title":"MORAES TERIA PEDIDO PROTE\u00c7\u00c3O A VORCARO -","og_description":"O ministro do STF, Andr\u00e9 Mendon\u00e7a, avaliou como graves, em conversas reservadas com interlocutores, as novas revela\u00e7\u00f5es de que Alexandre de Moraes pode ter acionado o procurador-geral da Rep\u00fablica, Paulo Gonet, e o diretor-geral da Pol\u00edcia Federal, Andrei Rodrigues, para garantir prote\u00e7\u00e3o ao banqueiro Daniel Vorcaro. Segundo apura\u00e7\u00f5es, as mensagens obtidas pela Opera\u00e7\u00e3o Compliance Zero [&hellip;]","og_url":"https:\/\/gazetapernambucana.com\/?p=4756","article_published_time":"2026-09-01T22:56:52+00:00","article_modified_time":"2026-09-01T23:21:30+00:00","og_image":[{"width":1280,"height":680,"url":"http:\/\/gazetapernambucana.com\/wp-content\/uploads\/2026\/09\/moraes-e-vorcaro.png","type":"image\/png"}],"author":"GP","twitter_card":"summary_large_image","twitter_misc":{"Escrito por":"GP","Est. tempo de leitura":"1 minuto"},"schema":{"@context":"https:\/\/schema.org","@graph":[{"@type":"WebPage","@id":"https:\/\/gazetapernambucana.com\/?p=4756","url":"https:\/\/gazetapernambucana.com\/?p=4756","name":"MORAES TERIA PEDIDO PROTE\u00c7\u00c3O A VORCARO -","isPartOf":{"@id":"https:\/\/gazetapernambucana.com\/#website"},"primaryImageOfPage":{"@id":"https:\/\/gazetapernambucana.com\/?p=4756#primaryimage"},"image":{"@id":"https:\/\/gazetapernambucana.com\/?p=4756#primaryimage"},"thumbnailUrl":"https:\/\/gazetapernambucana.com\/wp-content\/uploads\/2026\/09\/moraes-e-vorcaro.png","datePublished":"2026-09-01T22:56:52+00:00","dateModified":"2026-09-01T23:21:30+00:00","author":{"@id":"https:\/\/gazetapernambucana.com\/#\/schema\/person\/188dc283325181ac2de4db1e9e987427"},"breadcrumb":{"@id":"https:\/\/gazetapernambucana.com\/?p=4756#breadcrumb"},"inLanguage":"pt-BR","potentialAction":[{"@type":"ReadAction","target":["https:\/\/gazetapernambucana.com\/?p=4756"]}]},{"@type":"ImageObject","inLanguage":"pt-BR","@id":"https:\/\/gazetapernambucana.com\/?p=4756#primaryimage","url":"https:\/\/gazetapernambucana.com\/wp-content\/uploads\/2026\/09\/moraes-e-vorcaro.png","contentUrl":"https:\/\/gazetapernambucana.com\/wp-content\/uploads\/2026\/09\/moraes-e-vorcaro.png","width":1280,"height":680},{"@type":"BreadcrumbList","@id":"https:\/\/gazetapernambucana.com\/?p=4756#breadcrumb","itemListElement":[{"@type":"ListItem","position":1,"name":"In\u00edcio","item":"https:\/\/gazetapernambucana.com\/"},{"@type":"ListItem","position":2,"name":"MORAES TERIA PEDIDO PROTE\u00c7\u00c3O A VORCARO"}]},{"@type":"WebSite","@id":"https:\/\/gazetapernambucana.com\/#website","url":"https:\/\/gazetapernambucana.com\/","name":"","description":"","potentialAction":[{"@type":"SearchAction","target":{"@type":"EntryPoint","urlTemplate":"https:\/\/gazetapernambucana.com\/?s={search_term_string}"},"query-input":{"@type":"PropertyValueSpecification","valueRequired":true,"valueName":"search_term_string"}}],"inLanguage":"pt-BR"},{"@type":"Person","@id":"https:\/\/gazetapernambucana.com\/#\/schema\/person\/188dc283325181ac2de4db1e9e987427","name":"GP","image":{"@type":"ImageObject","inLanguage":"pt-BR","@id":"https:\/\/gazetapernambucana.com\/#\/schema\/person\/image\/","url":"https:\/\/secure.gravatar.com\/avatar\/9dad78ff9a2d8b5742d11779f8a3f53b052320c550b2e1907882353c067bb111?s=96&d=mm&r=g","contentUrl":"https:\/\/secure.gravatar.com\/avatar\/9dad78ff9a2d8b5742d11779f8a3f53b052320c550b2e1907882353c067bb111?s=96&d=mm&r=g","caption":"GP"},"sameAs":["http:\/\/gazetapernambucana.com"],"url":"https:\/\/gazetapernambucana.com\/?author=1"}]}},"jetpack_publicize_connections":[],"_links":{"self":[{"href":"https:\/\/gazetapernambucana.com\/index.php?rest_route=\/wp\/v2\/posts\/4756","targetHints":{"allow":["GET"]}}],"collection":[{"href":"https:\/\/gazetapernambucana.com\/index.php?rest_route=\/wp\/v2\/posts"}],"about":[{"href":"https:\/\/gazetapernambucana.com\/index.php?rest_route=\/wp\/v2\/types\/post"}],"author":[{"embeddable":true,"href":"https:\/\/gazetapernambucana.com\/index.php?rest_route=\/wp\/v2\/users\/1"}],"replies":[{"embeddable":true,"href":"https:\/\/gazetapernambucana.com\/index.php?rest_route=%2Fwp%2Fv2%2Fcomments&post=4756"}],"version-history":[{"count":2,"href":"https:\/\/gazetapernambucana.com\/index.php?rest_route=\/wp\/v2\/posts\/4756\/revisions"}],"predecessor-version":[{"id":4759,"href":"https:\/\/gazetapernambucana.com\/index.php?rest_route=\/wp\/v2\/posts\/4756\/revisions\/4759"}],"wp:featuredmedia":[{"embeddable":true,"href":"https:\/\/gazetapernambucana.com\/index.php?rest_route=\/wp\/v2\/media\/4757"}],"wp:attachment":[{"href":"https:\/\/gazetapernambucana.com\/index.php?rest_route=%2Fwp%2Fv2%2Fmedia&parent=4756"}],"wp:term":[{"taxonomy":"category","embeddable":true,"href":"https:\/\/gazetapernambucana.com\/index.php?rest_route=%2Fwp%2Fv2%2Fcategories&post=4756"},{"taxonomy":"post_tag","embeddable":true,"href":"https:\/\/gazetapernambucana.com\/index.php?rest_route=%2Fwp%2Fv2%2Ftags&post=4756"}],"curies":[{"name":"wp","href":"https:\/\/api.w.org\/{rel}","templated":true}]}}