{"id":4751,"date":"2026-09-01T18:25:25","date_gmt":"2026-09-01T21:25:25","guid":{"rendered":"https:\/\/gazetapernambucana.com\/?p=4751"},"modified":"2026-09-01T18:27:12","modified_gmt":"2026-09-01T21:27:12","slug":"a-luta-historica-de-tulio-gadelha-pelo-fim-da-escala-6x1","status":"publish","type":"post","link":"https:\/\/gazetapernambucana.com\/?p=4751","title":{"rendered":"V\u00cdDEO: A Luta Hist\u00f3rica de T\u00falio Gadelha pelo Fim da Escala 6&#215;1"},"content":{"rendered":"<p class=\"ds-markdown-paragraph\"><span class=\"\">A Comiss\u00e3o de Constitui\u00e7\u00e3o e Justi\u00e7a (CCJ) da C\u00e2mara dos Deputados se prepara para uma das vota\u00e7\u00f5es mais importantes do ano: a admissibilidade da Proposta de Emenda \u00e0 Constitui\u00e7\u00e3o (PEC) que prev\u00ea o fim da escala de trabalho 6&#215;1<\/span><span class=\"\">. Por tr\u00e1s desse avan\u00e7o hist\u00f3rico, est\u00e1 a atua\u00e7\u00e3o incans\u00e1vel de um nome que se consolidou como a principal voz de Pernambuco nessa batalha: o deputado federal T\u00falio Gadelha (PSD-PE), \u00fanico parlamentar pernambucano a integrar como titular a comiss\u00e3o especial que analisou a proposta<\/span><span class=\"\">.<\/span><\/p>\n<h3><span class=\"\">Trajet\u00f3ria de um Defensor dos Trabalhadores<\/span><\/h3>\n<p class=\"ds-markdown-paragraph\"><span class=\"\">A caminhada pol\u00edtica de T\u00falio Gadelha come\u00e7ou no movimento estudantil<\/span><span class=\"\">. Bacharel em Direito, foi eleito deputado federal em 2018 pelo PDT e reeleito em 2022 pela Rede Sustentabilidade, com expressivos 134 mil votos<\/span><span class=\"\">. Atualmente filiado ao PSD, Gadelha \u00e9 candidato ao Senado por Pernambuco em 2026, com a pauta trabalhista como uma de suas principais bandeiras<\/span><span class=\"\">. Sua atua\u00e7\u00e3o em defesa da democracia, dos direitos humanos e das pol\u00edticas sociais lhe rendeu o reconhecimento de &#8220;melhor deputado federal de Pernambuco&#8221; em premia\u00e7\u00e3o nacional<\/span><span class=\"\">.<\/span><\/p>\n<h3><span class=\"\">A Batalha na CCJ: Debates e Embates<\/span><\/h3>\n<p class=\"ds-markdown-paragraph\"><span class=\"\">A discuss\u00e3o sobre o fim da escala 6&#215;1 ganhou contornos dram\u00e1ticos na CCJ, com Gadelha protagonizando momentos decisivos. Em um dos embates mais marcantes, o deputado confrontou o parlamentar Z\u00e9 Trov\u00e3o (PL-SC), que classificou a proposta como &#8220;espinhosa&#8221;<\/span><span class=\"\">. A resposta de Gadelha foi direta e cir\u00fargica:<\/span><\/p>\n<blockquote>\n<p class=\"ds-markdown-paragraph\"><em><span class=\"\">&#8220;Deputado, espinhosa \u00e9 a jornada 6&#215;1, que deixa o trabalhador longe da fam\u00edlia, esgotado e sem tempo de conviver com os filhos. O senhor trabalha 2&#215;5 e est\u00e1 querendo decidir sobre a vida de quem trabalha 6 dias e descansa 1.&#8221;<\/span><\/em><\/p>\n<\/blockquote>\n<p class=\"ds-markdown-paragraph\"><span class=\"\">A declara\u00e7\u00e3o, que circulou amplamente nas redes sociais, resume o cerne de sua argumenta\u00e7\u00e3o: a defesa de uma pol\u00edtica p\u00fablica centrada na dignidade humana<\/span><span class=\"\">. Gadelha tamb\u00e9m n\u00e3o poupou cr\u00edticas \u00e0 oposi\u00e7\u00e3o, afirmando que deputados do PL estariam tentando &#8220;enganar o trabalhador brasileiro&#8221;<\/span><span class=\"\">. Em discurso inflamado, citou nomes como S\u00f3stenes Cavalcante, Marco Feliciano, Z\u00e9 Trov\u00e3o e Julia Zanatta, acusando-os de &#8220;discursos falaciosos&#8221; e de sempre terem &#8220;sido contra o trabalhador, contra os direitos trabalhistas&#8221;<\/span><span class=\"\">.<\/span><\/p>\n<h3><span class=\"\">Articula\u00e7\u00e3o nos Bastidores e Avan\u00e7o da Pauta<\/span><\/h3>\n<p class=\"ds-markdown-paragraph\"><span class=\"\">A luta de Gadelha n\u00e3o se restringe ao plen\u00e1rio. Nos bastidores, o deputado tem articulado diretamente com o senador Omar Aziz (PSD-AM), relator da mat\u00e9ria no Senado, para garantir que o texto aprovado na C\u00e2mara avance sem modifica\u00e7\u00f5es na Casa Alta<\/span><span class=\"\">. &#8220;Essa \u00e9 uma luta que a gente vem travando h\u00e1 muito tempo. Estive na comiss\u00e3o da C\u00e2mara, fui o \u00fanico pernambucano titular e agora estou dialogando diretamente com o relator Omar Aziz para garantir que essa pauta avance sem modifica\u00e7\u00e3o no Senado&#8221;, afirmou<\/span><span class=\"\">.<\/span><\/p>\n<p class=\"ds-markdown-paragraph\"><span class=\"\">O andamento da pauta ganhou ritmo acelerado ap\u00f3s acordo firmado entre o presidente Lula, o presidente da C\u00e2mara, Hugo Motta, e o presidente do Senado, Davi Alcolumbre, que colocaram a revis\u00e3o da jornada de trabalho entre as prioridades do esfor\u00e7o concentrado do Legislativo<\/span><span class=\"\">. A proposta reduz a jornada m\u00e1xima de 44 para 40 horas semanais, com dois dias de descanso e sem redu\u00e7\u00e3o salarial<\/span><span class=\"\">.<\/span><\/p>\n<h3><span class=\"\">Vit\u00f3ria Hist\u00f3rica e Pr\u00f3ximos Passos<\/span><\/h3>\n<p class=\"ds-markdown-paragraph\"><span class=\"\">Em maio de 2026, a CCJ da C\u00e2mara deu aval \u00e0 proposta que acaba com a escala 6&#215;1<\/span><span class=\"\">. Gadelha comemorou a aprova\u00e7\u00e3o como uma &#8220;vit\u00f3ria hist\u00f3rica para os trabalhadores brasileiros&#8221;, classificando a mudan\u00e7a como um avan\u00e7o importante na defesa de melhores condi\u00e7\u00f5es de trabalho, mais qualidade de vida e maior equil\u00edbrio entre a vida profissional e pessoal<\/span><span class=\"\">.<\/span><\/p>\n<p class=\"ds-markdown-paragraph\"><span class=\"\">O deputado destacou que a pauta sempre esteve ligada \u00e0 luta em defesa dos direitos dos trabalhadores e que, mesmo diante das cr\u00edticas e tentativas de barrar a proposta, a mobiliza\u00e7\u00e3o popular e o apoio de parlamentares favor\u00e1veis foram decisivos para a conquista<\/span><span class=\"\">. &#8220;O fim da 6&#215;1 \u00e9 uma luta nossa. \u00c9 uma luta por dignidade e qualidade de vida&#8221;, resumiu<\/span><span class=\"\">.<\/span><\/p>\n<p><strong>V\u00cdDEO:\u00a0<\/strong><\/p>\n<div style=\"width: 640px;\" class=\"wp-video\"><video class=\"wp-video-shortcode\" id=\"video-4751-1\" width=\"640\" height=\"1138\" preload=\"metadata\" controls=\"controls\"><source type=\"video\/mp4\" src=\"http:\/\/gazetapernambucana.com\/wp-content\/uploads\/2026\/09\/SnapInsta.to_AQPiZthsTmlc7_cr1KkLG7IW7f6n5doYA_11jiJm9iSRvXQaKChkkqQbzZXQm-JLzGWHoWXaWtAw7cP8NaxN4-3PaDdCnf981NwcqW0-3.mp4?_=1\" \/><a href=\"http:\/\/gazetapernambucana.com\/wp-content\/uploads\/2026\/09\/SnapInsta.to_AQPiZthsTmlc7_cr1KkLG7IW7f6n5doYA_11jiJm9iSRvXQaKChkkqQbzZXQm-JLzGWHoWXaWtAw7cP8NaxN4-3PaDdCnf981NwcqW0-3.mp4\">http:\/\/gazetapernambucana.com\/wp-content\/uploads\/2026\/09\/SnapInsta.to_AQPiZthsTmlc7_cr1KkLG7IW7f6n5doYA_11jiJm9iSRvXQaKChkkqQbzZXQm-JLzGWHoWXaWtAw7cP8NaxN4-3PaDdCnf981NwcqW0-3.mp4<\/a><\/video><\/div>\n","protected":false},"excerpt":{"rendered":"<p>A Comiss\u00e3o de Constitui\u00e7\u00e3o e Justi\u00e7a (CCJ) da C\u00e2mara dos Deputados se prepara para uma das vota\u00e7\u00f5es mais importantes do ano: a admissibilidade da Proposta de Emenda \u00e0 Constitui\u00e7\u00e3o (PEC) que prev\u00ea o fim da escala de trabalho 6&#215;1. Por tr\u00e1s desse avan\u00e7o hist\u00f3rico, est\u00e1 a atua\u00e7\u00e3o incans\u00e1vel de um nome que se consolidou como [&hellip;]<\/p>\n","protected":false},"author":1,"featured_media":4753,"comment_status":"open","ping_status":"open","sticky":false,"template":"","format":"standard","meta":{"footnotes":"","jetpack_publicize_message":"","jetpack_publicize_feature_enabled":true,"jetpack_social_post_already_shared":true,"jetpack_social_options":{"image_generator_settings":{"template":"highway","default_image_id":0,"font":"","enabled":false},"version":2}},"categories":[37,66,1,65],"tags":[],"class_list":["post-4751","post","type-post","status-publish","format-standard","has-post-thumbnail","hentry","category-https-gazetapernambucana-com-page_id212","category-cidades","category-https-gazetapernambucana-com-page_id225","category-politica"],"yoast_head":"<!-- This site is optimized with the Yoast SEO plugin v24.5 - https:\/\/yoast.com\/wordpress\/plugins\/seo\/ -->\n<title>V\u00cdDEO: A Luta Hist\u00f3rica de T\u00falio Gadelha pelo Fim da Escala 6x1 -<\/title>\n<meta name=\"robots\" content=\"index, follow, max-snippet:-1, max-image-preview:large, max-video-preview:-1\" \/>\n<link rel=\"canonical\" href=\"https:\/\/gazetapernambucana.com\/?p=4751\" \/>\n<meta property=\"og:locale\" content=\"pt_BR\" \/>\n<meta property=\"og:type\" content=\"article\" \/>\n<meta property=\"og:title\" content=\"V\u00cdDEO: A Luta Hist\u00f3rica de T\u00falio Gadelha pelo Fim da Escala 6x1 -\" \/>\n<meta property=\"og:description\" content=\"A Comiss\u00e3o de Constitui\u00e7\u00e3o e Justi\u00e7a (CCJ) da C\u00e2mara dos Deputados se prepara para uma das vota\u00e7\u00f5es mais importantes do ano: a admissibilidade da Proposta de Emenda \u00e0 Constitui\u00e7\u00e3o (PEC) que prev\u00ea o fim da escala de trabalho 6&#215;1. Por tr\u00e1s desse avan\u00e7o hist\u00f3rico, est\u00e1 a atua\u00e7\u00e3o incans\u00e1vel de um nome que se consolidou como [&hellip;]\" \/>\n<meta property=\"og:url\" content=\"https:\/\/gazetapernambucana.com\/?p=4751\" \/>\n<meta property=\"article:published_time\" content=\"2026-09-01T21:25:25+00:00\" \/>\n<meta property=\"article:modified_time\" content=\"2026-09-01T21:27:12+00:00\" \/>\n<meta property=\"og:image\" content=\"http:\/\/gazetapernambucana.com\/wp-content\/uploads\/2026\/09\/download-30.jpg\" \/>\n\t<meta property=\"og:image:width\" content=\"335\" \/>\n\t<meta property=\"og:image:height\" content=\"597\" \/>\n\t<meta property=\"og:image:type\" content=\"image\/jpeg\" \/>\n<meta name=\"author\" content=\"GP\" \/>\n<meta name=\"twitter:card\" content=\"summary_large_image\" \/>\n<meta name=\"twitter:label1\" content=\"Escrito por\" \/>\n\t<meta name=\"twitter:data1\" content=\"GP\" \/>\n\t<meta name=\"twitter:label2\" content=\"Est. tempo de leitura\" \/>\n\t<meta name=\"twitter:data2\" content=\"4 minutos\" \/>\n<script type=\"application\/ld+json\" class=\"yoast-schema-graph\">{\"@context\":\"https:\/\/schema.org\",\"@graph\":[{\"@type\":\"WebPage\",\"@id\":\"https:\/\/gazetapernambucana.com\/?p=4751\",\"url\":\"https:\/\/gazetapernambucana.com\/?p=4751\",\"name\":\"V\u00cdDEO: A Luta Hist\u00f3rica de T\u00falio Gadelha pelo Fim da Escala 6x1 -\",\"isPartOf\":{\"@id\":\"https:\/\/gazetapernambucana.com\/#website\"},\"primaryImageOfPage\":{\"@id\":\"https:\/\/gazetapernambucana.com\/?p=4751#primaryimage\"},\"image\":{\"@id\":\"https:\/\/gazetapernambucana.com\/?p=4751#primaryimage\"},\"thumbnailUrl\":\"https:\/\/gazetapernambucana.com\/wp-content\/uploads\/2026\/09\/download-30.jpg\",\"datePublished\":\"2026-09-01T21:25:25+00:00\",\"dateModified\":\"2026-09-01T21:27:12+00:00\",\"author\":{\"@id\":\"https:\/\/gazetapernambucana.com\/#\/schema\/person\/188dc283325181ac2de4db1e9e987427\"},\"breadcrumb\":{\"@id\":\"https:\/\/gazetapernambucana.com\/?p=4751#breadcrumb\"},\"inLanguage\":\"pt-BR\",\"potentialAction\":[{\"@type\":\"ReadAction\",\"target\":[\"https:\/\/gazetapernambucana.com\/?p=4751\"]}]},{\"@type\":\"ImageObject\",\"inLanguage\":\"pt-BR\",\"@id\":\"https:\/\/gazetapernambucana.com\/?p=4751#primaryimage\",\"url\":\"https:\/\/gazetapernambucana.com\/wp-content\/uploads\/2026\/09\/download-30.jpg\",\"contentUrl\":\"https:\/\/gazetapernambucana.com\/wp-content\/uploads\/2026\/09\/download-30.jpg\",\"width\":335,\"height\":597},{\"@type\":\"BreadcrumbList\",\"@id\":\"https:\/\/gazetapernambucana.com\/?p=4751#breadcrumb\",\"itemListElement\":[{\"@type\":\"ListItem\",\"position\":1,\"name\":\"In\u00edcio\",\"item\":\"https:\/\/gazetapernambucana.com\/\"},{\"@type\":\"ListItem\",\"position\":2,\"name\":\"V\u00cdDEO: A Luta Hist\u00f3rica de T\u00falio Gadelha pelo Fim da Escala 6&#215;1\"}]},{\"@type\":\"WebSite\",\"@id\":\"https:\/\/gazetapernambucana.com\/#website\",\"url\":\"https:\/\/gazetapernambucana.com\/\",\"name\":\"\",\"description\":\"\",\"potentialAction\":[{\"@type\":\"SearchAction\",\"target\":{\"@type\":\"EntryPoint\",\"urlTemplate\":\"https:\/\/gazetapernambucana.com\/?s={search_term_string}\"},\"query-input\":{\"@type\":\"PropertyValueSpecification\",\"valueRequired\":true,\"valueName\":\"search_term_string\"}}],\"inLanguage\":\"pt-BR\"},{\"@type\":\"Person\",\"@id\":\"https:\/\/gazetapernambucana.com\/#\/schema\/person\/188dc283325181ac2de4db1e9e987427\",\"name\":\"GP\",\"image\":{\"@type\":\"ImageObject\",\"inLanguage\":\"pt-BR\",\"@id\":\"https:\/\/gazetapernambucana.com\/#\/schema\/person\/image\/\",\"url\":\"https:\/\/secure.gravatar.com\/avatar\/9dad78ff9a2d8b5742d11779f8a3f53b052320c550b2e1907882353c067bb111?s=96&d=mm&r=g\",\"contentUrl\":\"https:\/\/secure.gravatar.com\/avatar\/9dad78ff9a2d8b5742d11779f8a3f53b052320c550b2e1907882353c067bb111?s=96&d=mm&r=g\",\"caption\":\"GP\"},\"sameAs\":[\"http:\/\/gazetapernambucana.com\"],\"url\":\"https:\/\/gazetapernambucana.com\/?author=1\"}]}<\/script>\n<!-- \/ Yoast SEO plugin. -->","yoast_head_json":{"title":"V\u00cdDEO: A Luta Hist\u00f3rica de T\u00falio Gadelha pelo Fim da Escala 6x1 -","robots":{"index":"index","follow":"follow","max-snippet":"max-snippet:-1","max-image-preview":"max-image-preview:large","max-video-preview":"max-video-preview:-1"},"canonical":"https:\/\/gazetapernambucana.com\/?p=4751","og_locale":"pt_BR","og_type":"article","og_title":"V\u00cdDEO: A Luta Hist\u00f3rica de T\u00falio Gadelha pelo Fim da Escala 6x1 -","og_description":"A Comiss\u00e3o de Constitui\u00e7\u00e3o e Justi\u00e7a (CCJ) da C\u00e2mara dos Deputados se prepara para uma das vota\u00e7\u00f5es mais importantes do ano: a admissibilidade da Proposta de Emenda \u00e0 Constitui\u00e7\u00e3o (PEC) que prev\u00ea o fim da escala de trabalho 6&#215;1. Por tr\u00e1s desse avan\u00e7o hist\u00f3rico, est\u00e1 a atua\u00e7\u00e3o incans\u00e1vel de um nome que se consolidou como [&hellip;]","og_url":"https:\/\/gazetapernambucana.com\/?p=4751","article_published_time":"2026-09-01T21:25:25+00:00","article_modified_time":"2026-09-01T21:27:12+00:00","og_image":[{"width":335,"height":597,"url":"http:\/\/gazetapernambucana.com\/wp-content\/uploads\/2026\/09\/download-30.jpg","type":"image\/jpeg"}],"author":"GP","twitter_card":"summary_large_image","twitter_misc":{"Escrito por":"GP","Est. tempo de leitura":"4 minutos"},"schema":{"@context":"https:\/\/schema.org","@graph":[{"@type":"WebPage","@id":"https:\/\/gazetapernambucana.com\/?p=4751","url":"https:\/\/gazetapernambucana.com\/?p=4751","name":"V\u00cdDEO: A Luta Hist\u00f3rica de T\u00falio Gadelha pelo Fim da Escala 6x1 -","isPartOf":{"@id":"https:\/\/gazetapernambucana.com\/#website"},"primaryImageOfPage":{"@id":"https:\/\/gazetapernambucana.com\/?p=4751#primaryimage"},"image":{"@id":"https:\/\/gazetapernambucana.com\/?p=4751#primaryimage"},"thumbnailUrl":"https:\/\/gazetapernambucana.com\/wp-content\/uploads\/2026\/09\/download-30.jpg","datePublished":"2026-09-01T21:25:25+00:00","dateModified":"2026-09-01T21:27:12+00:00","author":{"@id":"https:\/\/gazetapernambucana.com\/#\/schema\/person\/188dc283325181ac2de4db1e9e987427"},"breadcrumb":{"@id":"https:\/\/gazetapernambucana.com\/?p=4751#breadcrumb"},"inLanguage":"pt-BR","potentialAction":[{"@type":"ReadAction","target":["https:\/\/gazetapernambucana.com\/?p=4751"]}]},{"@type":"ImageObject","inLanguage":"pt-BR","@id":"https:\/\/gazetapernambucana.com\/?p=4751#primaryimage","url":"https:\/\/gazetapernambucana.com\/wp-content\/uploads\/2026\/09\/download-30.jpg","contentUrl":"https:\/\/gazetapernambucana.com\/wp-content\/uploads\/2026\/09\/download-30.jpg","width":335,"height":597},{"@type":"BreadcrumbList","@id":"https:\/\/gazetapernambucana.com\/?p=4751#breadcrumb","itemListElement":[{"@type":"ListItem","position":1,"name":"In\u00edcio","item":"https:\/\/gazetapernambucana.com\/"},{"@type":"ListItem","position":2,"name":"V\u00cdDEO: A Luta Hist\u00f3rica de T\u00falio Gadelha pelo Fim da Escala 6&#215;1"}]},{"@type":"WebSite","@id":"https:\/\/gazetapernambucana.com\/#website","url":"https:\/\/gazetapernambucana.com\/","name":"","description":"","potentialAction":[{"@type":"SearchAction","target":{"@type":"EntryPoint","urlTemplate":"https:\/\/gazetapernambucana.com\/?s={search_term_string}"},"query-input":{"@type":"PropertyValueSpecification","valueRequired":true,"valueName":"search_term_string"}}],"inLanguage":"pt-BR"},{"@type":"Person","@id":"https:\/\/gazetapernambucana.com\/#\/schema\/person\/188dc283325181ac2de4db1e9e987427","name":"GP","image":{"@type":"ImageObject","inLanguage":"pt-BR","@id":"https:\/\/gazetapernambucana.com\/#\/schema\/person\/image\/","url":"https:\/\/secure.gravatar.com\/avatar\/9dad78ff9a2d8b5742d11779f8a3f53b052320c550b2e1907882353c067bb111?s=96&d=mm&r=g","contentUrl":"https:\/\/secure.gravatar.com\/avatar\/9dad78ff9a2d8b5742d11779f8a3f53b052320c550b2e1907882353c067bb111?s=96&d=mm&r=g","caption":"GP"},"sameAs":["http:\/\/gazetapernambucana.com"],"url":"https:\/\/gazetapernambucana.com\/?author=1"}]}},"jetpack_publicize_connections":[],"_links":{"self":[{"href":"https:\/\/gazetapernambucana.com\/index.php?rest_route=\/wp\/v2\/posts\/4751","targetHints":{"allow":["GET"]}}],"collection":[{"href":"https:\/\/gazetapernambucana.com\/index.php?rest_route=\/wp\/v2\/posts"}],"about":[{"href":"https:\/\/gazetapernambucana.com\/index.php?rest_route=\/wp\/v2\/types\/post"}],"author":[{"embeddable":true,"href":"https:\/\/gazetapernambucana.com\/index.php?rest_route=\/wp\/v2\/users\/1"}],"replies":[{"embeddable":true,"href":"https:\/\/gazetapernambucana.com\/index.php?rest_route=%2Fwp%2Fv2%2Fcomments&post=4751"}],"version-history":[{"count":2,"href":"https:\/\/gazetapernambucana.com\/index.php?rest_route=\/wp\/v2\/posts\/4751\/revisions"}],"predecessor-version":[{"id":4755,"href":"https:\/\/gazetapernambucana.com\/index.php?rest_route=\/wp\/v2\/posts\/4751\/revisions\/4755"}],"wp:featuredmedia":[{"embeddable":true,"href":"https:\/\/gazetapernambucana.com\/index.php?rest_route=\/wp\/v2\/media\/4753"}],"wp:attachment":[{"href":"https:\/\/gazetapernambucana.com\/index.php?rest_route=%2Fwp%2Fv2%2Fmedia&parent=4751"}],"wp:term":[{"taxonomy":"category","embeddable":true,"href":"https:\/\/gazetapernambucana.com\/index.php?rest_route=%2Fwp%2Fv2%2Fcategories&post=4751"},{"taxonomy":"post_tag","embeddable":true,"href":"https:\/\/gazetapernambucana.com\/index.php?rest_route=%2Fwp%2Fv2%2Ftags&post=4751"}],"curies":[{"name":"wp","href":"https:\/\/api.w.org\/{rel}","templated":true}]}}