{"id":4743,"date":"2026-09-01T12:52:25","date_gmt":"2026-09-01T15:52:25","guid":{"rendered":"https:\/\/gazetapernambucana.com\/?p=4743"},"modified":"2026-09-01T12:53:16","modified_gmt":"2026-09-01T15:53:16","slug":"moraes-editou-contrato-de-r-131-mi-de-vivi-com-vorcaro-diz-estadao","status":"publish","type":"post","link":"https:\/\/gazetapernambucana.com\/?p=4743","title":{"rendered":"Moraes editou contrato de R$ 131 mi de Vivi com Vorcaro, diz Estad\u00e3o"},"content":{"rendered":"<p class=\"cd-article-subtitle\"><strong>Metadados do arquivo apontam altera\u00e7\u00f5es feitas no Office 365 utilizado pelo ministro<\/strong><\/p>\n<div class=\"cd-article-grid\">\n<div id=\"cd-article-main\" class=\"cd-article-main\">\n<figure class=\"cd-article-figure\"><figcaption class=\"cd-article-figure__caption\">Foto: Rosinei Coutinho\/SCO\/STF<\/figcaption><\/figure>\n<div id=\"cd-article-content\" class=\"cd-article-content cd-text-medium\" data-inserted=\"true\">\n<p class=\"wp-block-paragraph\">O ministro Alexandre de Moraes, do Supremo Tribunal Federal (STF), editou a vers\u00e3o final de um contrato de R$ 131,2 milh\u00f5es em servi\u00e7os advocat\u00edcios firmado entre o escrit\u00f3rio de sua mulher, a advogada Viviane Barci de Moraes, e o empres\u00e1rio Daniel Vorcaro, dono do Banco\u00a0Master, segundo levantamento do Estad\u00e3o. A informa\u00e7\u00e3o consta de metadados do documento extra\u00eddo do celular de Vorcaro, apreendido pela Pol\u00edcia Federal.<\/p>\n<p class=\"wp-block-paragraph\">Registros da investiga\u00e7\u00e3o aos quais o Estad\u00e3o teve acesso indicam que o arquivo foi aberto e alterado no sistema Office 365 utilizado pelo ministro. O perfil respons\u00e1vel pela modifica\u00e7\u00e3o aparece identificado como \u201cMinistro Alexandre de\u00a0Moraes\u201d. A altera\u00e7\u00e3o teria ocorrido \u00e0s 23h04 de 15 de janeiro de 2024, cerca de 1 hora e 40 minutos depois de Vorcaro devolver o documento com uma cl\u00e1usula revisada.<\/p>\n<p class=\"wp-block-paragraph\">O contrato previa 36 parcelas mensais de R$ 3 milh\u00f5es l\u00edquidos para o escrit\u00f3rio Barci de Moraes. Considerados os impostos, cada parcela correspondia a R$ 3.646.529,77. O valor bruto total chegava a R$ 131.274.351,72.<\/p>\n<p class=\"wp-block-paragraph\">Os dados foram obtidos a partir das informa\u00e7\u00f5es armazenadas no pr\u00f3prio arquivo. Documentos vinculados ao Office 365 registram dados t\u00e9cnicos, como autor, datas e hor\u00e1rios de abertura e edi\u00e7\u00e3o. Na vers\u00e3o analisada, Guilherme de Toledo Benazzi, administrador do escrit\u00f3rio Barci de Moraes, aparece como autor original.<\/p>\n<h3 class=\"wp-block-heading\">Troca de mensagens<\/h3>\n<p class=\"wp-block-paragraph\">O contrato foi inicialmente enviado por Viviane a Vorcaro em 11 de janeiro de 2024. Na ocasi\u00e3o, ela escreveu: \u201cPrezado Daniel, boa tarde. Conforme conversamos, estou enviando minuta de contrato de presta\u00e7\u00e3o de servi\u00e7os para sua an\u00e1lise. Estou \u00e0 disposi\u00e7\u00e3o para qualquer esclarecimento. Abra\u00e7o. Viviane Barci de Moraes\u201d.<\/p>\n<p class=\"wp-block-paragraph\">Quatro dias depois, em 15 de janeiro, Vorcaro devolveu o documento pelo WhatsApp com marcas de revis\u00e3o. Segundo a investiga\u00e7\u00e3o, ele informou que havia inclu\u00eddo apenas uma cl\u00e1usula e pediu a avalia\u00e7\u00e3o de Viviane.<\/p>\n<p class=\"wp-block-paragraph\">\u201cBoa noite! Segue o documento preenchido. Foi inclu\u00edda apenas a cl\u00e1usula I.3. Por favor, nos indique se est\u00e1 adequada. Caso estejam de acordo, combinamos a assinatura! Um abra\u00e7o\u201d, escreveu o banqueiro.<\/p>\n<p class=\"wp-block-paragraph\">Naquela mesma noite, \u00e0s 23h04, o arquivo foi modificado no sistema associado ao perfil \u201cMinistro Alexandre de Moraes\u201d, segundo os metadados analisados pelo Estad\u00e3o. A vers\u00e3o final foi posteriormente encaminhada por Viviane ao banqueiro.<\/p>\n<figure class=\"wp-block-image size-full\"><img loading=\"lazy\" decoding=\"async\" class=\"wp-image-114988\" src=\"https:\/\/claudiodantas.com.br\/wp-content\/uploads\/2026\/09\/YTYA26JCEJCSXFNHYKVBVDGTRQ-1.avif\" sizes=\"auto, (max-width: 768px) 100vw, 768px\" srcset=\"https:\/\/claudiodantas.com.br\/wp-content\/uploads\/2026\/09\/YTYA26JCEJCSXFNHYKVBVDGTRQ-1.avif 768w, https:\/\/claudiodantas.com.br\/wp-content\/uploads\/2026\/09\/YTYA26JCEJCSXFNHYKVBVDGTRQ-1-300x181.avif 300w\" alt=\"\" width=\"768\" height=\"463\" \/><\/figure>\n<figure class=\"wp-block-image size-full\"><img loading=\"lazy\" decoding=\"async\" class=\"wp-image-114987\" src=\"https:\/\/claudiodantas.com.br\/wp-content\/uploads\/2026\/09\/JO2UHEQMONCE7NHP3ECYBIRP2I.avif\" sizes=\"auto, (max-width: 768px) 100vw, 768px\" srcset=\"https:\/\/claudiodantas.com.br\/wp-content\/uploads\/2026\/09\/JO2UHEQMONCE7NHP3ECYBIRP2I.avif 768w, https:\/\/claudiodantas.com.br\/wp-content\/uploads\/2026\/09\/JO2UHEQMONCE7NHP3ECYBIRP2I-300x198.avif 300w\" alt=\"\" width=\"768\" height=\"506\" \/><\/figure>\n<h3 class=\"wp-block-heading\">Contrato de R$ 131 milh\u00f5es<\/h3>\n<p class=\"wp-block-paragraph\">O acordo estabelecia o pagamento de R$ 108 milh\u00f5es l\u00edquidos, divididos em 36 parcelas de R$ 3 milh\u00f5es. Com a incid\u00eancia dos impostos previstos no documento, o valor bruto alcan\u00e7ava R$ 131,27 milh\u00f5es.<\/p>\n<p class=\"wp-block-paragraph\">Os pagamentos come\u00e7aram em fevereiro de 2024. De acordo com documentos enviados \u00e0 CPI do Crime Organizado, do Senado, o Banco Master efetuou 22 pagamentos ao escrit\u00f3rio entre fevereiro daquele ano e novembro de 2025, totalizando R$ 80.223.653,84.<\/p>\n<p class=\"wp-block-paragraph\">Os pagamentos foram interrompidos ap\u00f3s a pris\u00e3o de Vorcaro, em 17 de novembro de 2025, durante a primeira fase da Opera\u00e7\u00e3o Compliance Zero.<\/p>\n<h3 class=\"wp-block-heading\">Pedido de sigilo<\/h3>\n<p class=\"wp-block-paragraph\">A negocia\u00e7\u00e3o continuou nos dias seguintes. Em 17 de janeiro de 2024, Viviane enviou a Vorcaro a vers\u00e3o final do contrato.<\/p>\n<p class=\"wp-block-paragraph\">\u201cBom dia! Segue a minuta do contrato. Abra\u00e7o\u201d, escreveu \u00e0s 10h09.<\/p>\n<p class=\"wp-block-paragraph\">Cinco dias depois, em 22 de janeiro, Vorcaro questionou como deveria ocorrer a assinatura do documento.<\/p>\n<p class=\"wp-block-paragraph\">\u201cOi, tudo bem? Como podemos proceder na assinatura? Prefere eletronicamente ou mando as vias f\u00edsicas assinadas?\u201d, escreveu o banqueiro.<\/p>\n<p class=\"wp-block-paragraph\">No dia seguinte, Viviane informou que estava fora do Brasil e pediu que os documentos f\u00edsicos fossem encaminhados a Guilherme Benazzi, administrador do escrit\u00f3rio.<\/p>\n<p class=\"wp-block-paragraph\">\u201cBom dia, tudo bem. Espero que esteja bem, tamb\u00e9m. Estou fora do Brasil essa semana, mas pode enviar as vias f\u00edsicas assinadas para o Guilherme Benazzi (administrador do escrit\u00f3rio), que assinar\u00e1 e devolver\u00e1 a sua via.\u201d<\/p>\n<p class=\"wp-block-paragraph\">Na sequ\u00eancia, Viviane pediu que o documento fosse enviado em embalagem lacrada.<\/p>\n<p class=\"wp-block-paragraph\">\u201cPor favor, mande em um envelope lacrado e confidencial. Obrigada.\u201d<\/p>\n<p class=\"wp-block-paragraph\">Vorcaro respondeu: \u201cOi, tudo bem? Combinado, farei isso! Pode me passar o endere\u00e7o?\u201d.<\/p>\n<p class=\"wp-block-paragraph\">Viviane informou o endere\u00e7o do escrit\u00f3rio: \u201cRua Campos Bicudo, 98, Itaim Bibi\u201d.<\/p>\n<p class=\"wp-block-paragraph\">O contrato foi assinado pelo controlador do Banco Master em 23 de janeiro de 2024. No dia seguinte, Viviane voltou a solicitar uma c\u00f3pia assinada digitalmente.<\/p>\n<p class=\"wp-block-paragraph\">\u201cDaniel, boa tarde. Por favor, voc\u00ea consegue me enviar o contrato assinado digitalmente?\u201d, perguntou.<\/p>\n<p class=\"wp-block-paragraph\">\u201cOi, tudo bem? Consigo, sim.\u201d<\/p>\n<p class=\"wp-block-paragraph\">\u201c\u00d3timo! Obrigada.\u201d<\/p>\n<p class=\"wp-block-paragraph\">\u201cEnviamos ao endere\u00e7o as vias f\u00edsicas com nossa assinatura digital. Voc\u00ea prefere que mandemos via assinatura eletr\u00f4nica para voc\u00eas?\u201d, questionou o banqueiro.<\/p>\n<h3 class=\"wp-block-heading\">Pagamentos ao escrit\u00f3rio<\/h3>\n<p class=\"wp-block-paragraph\">A declara\u00e7\u00e3o de Imposto de Renda do Banco Master enviada \u00e0 CPI do Crime Organizado apontou que o escrit\u00f3rio de Viviane recebeu R$ 80,2 milh\u00f5es da institui\u00e7\u00e3o financeira entre 2024 e 2025.<\/p>\n<p class=\"wp-block-paragraph\">O escrit\u00f3rio, por\u00e9m, contestou a informa\u00e7\u00e3o e declarou que \u201cn\u00e3o confirma essas informa\u00e7\u00f5es incorretas e vazadas ilicitamente, lembrando que todos os dados fiscais s\u00e3o sigilosos\u201d.<\/p>\n<p class=\"wp-block-paragraph\">Os documentos tamb\u00e9m mostram que o escrit\u00f3rio recebeu 22 pagamentos de aproximadamente R$ 3,65 milh\u00f5es cada, entre fevereiro de 2024 e novembro de 2025.<\/p>\n<p class=\"wp-block-paragraph\">Procurado pelo Estad\u00e3o sobre a edi\u00e7\u00e3o do contrato, Alexandre de Moraes n\u00e3o se manifestou. A defesa de Daniel Vorcaro tamb\u00e9m n\u00e3o respondeu \u00e0 reportagem.<\/p>\n<p class=\"wp-block-paragraph\">A edi\u00e7\u00e3o atribu\u00edda ao perfil do ministro consta dos metadados do pr\u00f3prio documento analisado pela reportagem.<\/p>\n<p class=\"wp-block-paragraph\">Os registros tamb\u00e9m mostram que o contrato previa 36 parcelas de R$ 3 milh\u00f5es l\u00edquidos, com valor bruto total de R$ 131.274.351,72.<\/p>\n<\/div>\n<\/div>\n<\/div>\n","protected":false},"excerpt":{"rendered":"<p>Metadados do arquivo apontam altera\u00e7\u00f5es feitas no Office 365 utilizado pelo ministro Foto: Rosinei Coutinho\/SCO\/STF O ministro Alexandre de Moraes, do Supremo Tribunal Federal (STF), editou a vers\u00e3o final de um contrato de R$ 131,2 milh\u00f5es em servi\u00e7os advocat\u00edcios firmado entre o escrit\u00f3rio de sua mulher, a advogada Viviane Barci de Moraes, e o empres\u00e1rio [&hellip;]<\/p>\n","protected":false},"author":1,"featured_media":4744,"comment_status":"open","ping_status":"open","sticky":false,"template":"","format":"standard","meta":{"footnotes":"","jetpack_publicize_message":"","jetpack_publicize_feature_enabled":true,"jetpack_social_post_already_shared":true,"jetpack_social_options":{"image_generator_settings":{"template":"highway","default_image_id":0,"font":"","enabled":false},"version":2}},"categories":[37,1,38,65],"tags":[],"class_list":["post-4743","post","type-post","status-publish","format-standard","has-post-thumbnail","hentry","category-https-gazetapernambucana-com-page_id212","category-https-gazetapernambucana-com-page_id225","category-https-gazetapernambucana-com-page_id215","category-politica"],"yoast_head":"<!-- This site is optimized with the Yoast SEO plugin v24.5 - https:\/\/yoast.com\/wordpress\/plugins\/seo\/ -->\n<title>Moraes editou contrato de R$ 131 mi de Vivi com Vorcaro, diz Estad\u00e3o -<\/title>\n<meta name=\"robots\" content=\"index, follow, max-snippet:-1, max-image-preview:large, max-video-preview:-1\" \/>\n<link rel=\"canonical\" href=\"https:\/\/gazetapernambucana.com\/?p=4743\" \/>\n<meta property=\"og:locale\" content=\"pt_BR\" \/>\n<meta property=\"og:type\" content=\"article\" \/>\n<meta property=\"og:title\" content=\"Moraes editou contrato de R$ 131 mi de Vivi com Vorcaro, diz Estad\u00e3o -\" \/>\n<meta property=\"og:description\" content=\"Metadados do arquivo apontam altera\u00e7\u00f5es feitas no Office 365 utilizado pelo ministro Foto: Rosinei Coutinho\/SCO\/STF O ministro Alexandre de Moraes, do Supremo Tribunal Federal (STF), editou a vers\u00e3o final de um contrato de R$ 131,2 milh\u00f5es em servi\u00e7os advocat\u00edcios firmado entre o escrit\u00f3rio de sua mulher, a advogada Viviane Barci de Moraes, e o empres\u00e1rio [&hellip;]\" \/>\n<meta property=\"og:url\" content=\"https:\/\/gazetapernambucana.com\/?p=4743\" \/>\n<meta property=\"article:published_time\" content=\"2026-09-01T15:52:25+00:00\" \/>\n<meta property=\"article:modified_time\" content=\"2026-09-01T15:53:16+00:00\" \/>\n<meta property=\"og:image\" content=\"http:\/\/gazetapernambucana.com\/wp-content\/uploads\/2026\/09\/53630248813_d0fe4eaa81_o-8-1024x603-1.jpg\" \/>\n\t<meta property=\"og:image:width\" content=\"1024\" \/>\n\t<meta property=\"og:image:height\" content=\"603\" \/>\n\t<meta property=\"og:image:type\" content=\"image\/jpeg\" \/>\n<meta name=\"author\" content=\"GP\" \/>\n<meta name=\"twitter:card\" content=\"summary_large_image\" \/>\n<meta name=\"twitter:label1\" content=\"Escrito por\" \/>\n\t<meta name=\"twitter:data1\" content=\"GP\" \/>\n\t<meta name=\"twitter:label2\" content=\"Est. tempo de leitura\" \/>\n\t<meta name=\"twitter:data2\" content=\"6 minutos\" \/>\n<script type=\"application\/ld+json\" class=\"yoast-schema-graph\">{\"@context\":\"https:\/\/schema.org\",\"@graph\":[{\"@type\":\"WebPage\",\"@id\":\"https:\/\/gazetapernambucana.com\/?p=4743\",\"url\":\"https:\/\/gazetapernambucana.com\/?p=4743\",\"name\":\"Moraes editou contrato de R$ 131 mi de Vivi com Vorcaro, diz Estad\u00e3o -\",\"isPartOf\":{\"@id\":\"https:\/\/gazetapernambucana.com\/#website\"},\"primaryImageOfPage\":{\"@id\":\"https:\/\/gazetapernambucana.com\/?p=4743#primaryimage\"},\"image\":{\"@id\":\"https:\/\/gazetapernambucana.com\/?p=4743#primaryimage\"},\"thumbnailUrl\":\"https:\/\/gazetapernambucana.com\/wp-content\/uploads\/2026\/09\/53630248813_d0fe4eaa81_o-8-1024x603-1.jpg\",\"datePublished\":\"2026-09-01T15:52:25+00:00\",\"dateModified\":\"2026-09-01T15:53:16+00:00\",\"author\":{\"@id\":\"https:\/\/gazetapernambucana.com\/#\/schema\/person\/188dc283325181ac2de4db1e9e987427\"},\"breadcrumb\":{\"@id\":\"https:\/\/gazetapernambucana.com\/?p=4743#breadcrumb\"},\"inLanguage\":\"pt-BR\",\"potentialAction\":[{\"@type\":\"ReadAction\",\"target\":[\"https:\/\/gazetapernambucana.com\/?p=4743\"]}]},{\"@type\":\"ImageObject\",\"inLanguage\":\"pt-BR\",\"@id\":\"https:\/\/gazetapernambucana.com\/?p=4743#primaryimage\",\"url\":\"https:\/\/gazetapernambucana.com\/wp-content\/uploads\/2026\/09\/53630248813_d0fe4eaa81_o-8-1024x603-1.jpg\",\"contentUrl\":\"https:\/\/gazetapernambucana.com\/wp-content\/uploads\/2026\/09\/53630248813_d0fe4eaa81_o-8-1024x603-1.jpg\",\"width\":1024,\"height\":603},{\"@type\":\"BreadcrumbList\",\"@id\":\"https:\/\/gazetapernambucana.com\/?p=4743#breadcrumb\",\"itemListElement\":[{\"@type\":\"ListItem\",\"position\":1,\"name\":\"In\u00edcio\",\"item\":\"https:\/\/gazetapernambucana.com\/\"},{\"@type\":\"ListItem\",\"position\":2,\"name\":\"Moraes editou contrato de R$ 131 mi de Vivi com Vorcaro, diz Estad\u00e3o\"}]},{\"@type\":\"WebSite\",\"@id\":\"https:\/\/gazetapernambucana.com\/#website\",\"url\":\"https:\/\/gazetapernambucana.com\/\",\"name\":\"\",\"description\":\"\",\"potentialAction\":[{\"@type\":\"SearchAction\",\"target\":{\"@type\":\"EntryPoint\",\"urlTemplate\":\"https:\/\/gazetapernambucana.com\/?s={search_term_string}\"},\"query-input\":{\"@type\":\"PropertyValueSpecification\",\"valueRequired\":true,\"valueName\":\"search_term_string\"}}],\"inLanguage\":\"pt-BR\"},{\"@type\":\"Person\",\"@id\":\"https:\/\/gazetapernambucana.com\/#\/schema\/person\/188dc283325181ac2de4db1e9e987427\",\"name\":\"GP\",\"image\":{\"@type\":\"ImageObject\",\"inLanguage\":\"pt-BR\",\"@id\":\"https:\/\/gazetapernambucana.com\/#\/schema\/person\/image\/\",\"url\":\"https:\/\/secure.gravatar.com\/avatar\/9dad78ff9a2d8b5742d11779f8a3f53b052320c550b2e1907882353c067bb111?s=96&d=mm&r=g\",\"contentUrl\":\"https:\/\/secure.gravatar.com\/avatar\/9dad78ff9a2d8b5742d11779f8a3f53b052320c550b2e1907882353c067bb111?s=96&d=mm&r=g\",\"caption\":\"GP\"},\"sameAs\":[\"http:\/\/gazetapernambucana.com\"],\"url\":\"https:\/\/gazetapernambucana.com\/?author=1\"}]}<\/script>\n<!-- \/ Yoast SEO plugin. -->","yoast_head_json":{"title":"Moraes editou contrato de R$ 131 mi de Vivi com Vorcaro, diz Estad\u00e3o -","robots":{"index":"index","follow":"follow","max-snippet":"max-snippet:-1","max-image-preview":"max-image-preview:large","max-video-preview":"max-video-preview:-1"},"canonical":"https:\/\/gazetapernambucana.com\/?p=4743","og_locale":"pt_BR","og_type":"article","og_title":"Moraes editou contrato de R$ 131 mi de Vivi com Vorcaro, diz Estad\u00e3o -","og_description":"Metadados do arquivo apontam altera\u00e7\u00f5es feitas no Office 365 utilizado pelo ministro Foto: Rosinei Coutinho\/SCO\/STF O ministro Alexandre de Moraes, do Supremo Tribunal Federal (STF), editou a vers\u00e3o final de um contrato de R$ 131,2 milh\u00f5es em servi\u00e7os advocat\u00edcios firmado entre o escrit\u00f3rio de sua mulher, a advogada Viviane Barci de Moraes, e o empres\u00e1rio [&hellip;]","og_url":"https:\/\/gazetapernambucana.com\/?p=4743","article_published_time":"2026-09-01T15:52:25+00:00","article_modified_time":"2026-09-01T15:53:16+00:00","og_image":[{"width":1024,"height":603,"url":"http:\/\/gazetapernambucana.com\/wp-content\/uploads\/2026\/09\/53630248813_d0fe4eaa81_o-8-1024x603-1.jpg","type":"image\/jpeg"}],"author":"GP","twitter_card":"summary_large_image","twitter_misc":{"Escrito por":"GP","Est. tempo de leitura":"6 minutos"},"schema":{"@context":"https:\/\/schema.org","@graph":[{"@type":"WebPage","@id":"https:\/\/gazetapernambucana.com\/?p=4743","url":"https:\/\/gazetapernambucana.com\/?p=4743","name":"Moraes editou contrato de R$ 131 mi de Vivi com Vorcaro, diz Estad\u00e3o -","isPartOf":{"@id":"https:\/\/gazetapernambucana.com\/#website"},"primaryImageOfPage":{"@id":"https:\/\/gazetapernambucana.com\/?p=4743#primaryimage"},"image":{"@id":"https:\/\/gazetapernambucana.com\/?p=4743#primaryimage"},"thumbnailUrl":"https:\/\/gazetapernambucana.com\/wp-content\/uploads\/2026\/09\/53630248813_d0fe4eaa81_o-8-1024x603-1.jpg","datePublished":"2026-09-01T15:52:25+00:00","dateModified":"2026-09-01T15:53:16+00:00","author":{"@id":"https:\/\/gazetapernambucana.com\/#\/schema\/person\/188dc283325181ac2de4db1e9e987427"},"breadcrumb":{"@id":"https:\/\/gazetapernambucana.com\/?p=4743#breadcrumb"},"inLanguage":"pt-BR","potentialAction":[{"@type":"ReadAction","target":["https:\/\/gazetapernambucana.com\/?p=4743"]}]},{"@type":"ImageObject","inLanguage":"pt-BR","@id":"https:\/\/gazetapernambucana.com\/?p=4743#primaryimage","url":"https:\/\/gazetapernambucana.com\/wp-content\/uploads\/2026\/09\/53630248813_d0fe4eaa81_o-8-1024x603-1.jpg","contentUrl":"https:\/\/gazetapernambucana.com\/wp-content\/uploads\/2026\/09\/53630248813_d0fe4eaa81_o-8-1024x603-1.jpg","width":1024,"height":603},{"@type":"BreadcrumbList","@id":"https:\/\/gazetapernambucana.com\/?p=4743#breadcrumb","itemListElement":[{"@type":"ListItem","position":1,"name":"In\u00edcio","item":"https:\/\/gazetapernambucana.com\/"},{"@type":"ListItem","position":2,"name":"Moraes editou contrato de R$ 131 mi de Vivi com Vorcaro, diz Estad\u00e3o"}]},{"@type":"WebSite","@id":"https:\/\/gazetapernambucana.com\/#website","url":"https:\/\/gazetapernambucana.com\/","name":"","description":"","potentialAction":[{"@type":"SearchAction","target":{"@type":"EntryPoint","urlTemplate":"https:\/\/gazetapernambucana.com\/?s={search_term_string}"},"query-input":{"@type":"PropertyValueSpecification","valueRequired":true,"valueName":"search_term_string"}}],"inLanguage":"pt-BR"},{"@type":"Person","@id":"https:\/\/gazetapernambucana.com\/#\/schema\/person\/188dc283325181ac2de4db1e9e987427","name":"GP","image":{"@type":"ImageObject","inLanguage":"pt-BR","@id":"https:\/\/gazetapernambucana.com\/#\/schema\/person\/image\/","url":"https:\/\/secure.gravatar.com\/avatar\/9dad78ff9a2d8b5742d11779f8a3f53b052320c550b2e1907882353c067bb111?s=96&d=mm&r=g","contentUrl":"https:\/\/secure.gravatar.com\/avatar\/9dad78ff9a2d8b5742d11779f8a3f53b052320c550b2e1907882353c067bb111?s=96&d=mm&r=g","caption":"GP"},"sameAs":["http:\/\/gazetapernambucana.com"],"url":"https:\/\/gazetapernambucana.com\/?author=1"}]}},"jetpack_publicize_connections":[],"_links":{"self":[{"href":"https:\/\/gazetapernambucana.com\/index.php?rest_route=\/wp\/v2\/posts\/4743","targetHints":{"allow":["GET"]}}],"collection":[{"href":"https:\/\/gazetapernambucana.com\/index.php?rest_route=\/wp\/v2\/posts"}],"about":[{"href":"https:\/\/gazetapernambucana.com\/index.php?rest_route=\/wp\/v2\/types\/post"}],"author":[{"embeddable":true,"href":"https:\/\/gazetapernambucana.com\/index.php?rest_route=\/wp\/v2\/users\/1"}],"replies":[{"embeddable":true,"href":"https:\/\/gazetapernambucana.com\/index.php?rest_route=%2Fwp%2Fv2%2Fcomments&post=4743"}],"version-history":[{"count":2,"href":"https:\/\/gazetapernambucana.com\/index.php?rest_route=\/wp\/v2\/posts\/4743\/revisions"}],"predecessor-version":[{"id":4746,"href":"https:\/\/gazetapernambucana.com\/index.php?rest_route=\/wp\/v2\/posts\/4743\/revisions\/4746"}],"wp:featuredmedia":[{"embeddable":true,"href":"https:\/\/gazetapernambucana.com\/index.php?rest_route=\/wp\/v2\/media\/4744"}],"wp:attachment":[{"href":"https:\/\/gazetapernambucana.com\/index.php?rest_route=%2Fwp%2Fv2%2Fmedia&parent=4743"}],"wp:term":[{"taxonomy":"category","embeddable":true,"href":"https:\/\/gazetapernambucana.com\/index.php?rest_route=%2Fwp%2Fv2%2Fcategories&post=4743"},{"taxonomy":"post_tag","embeddable":true,"href":"https:\/\/gazetapernambucana.com\/index.php?rest_route=%2Fwp%2Fv2%2Ftags&post=4743"}],"curies":[{"name":"wp","href":"https:\/\/api.w.org\/{rel}","templated":true}]}}