{"id":4738,"date":"2026-09-01T12:06:49","date_gmt":"2026-09-01T15:06:49","guid":{"rendered":"https:\/\/gazetapernambucana.com\/?p=4738"},"modified":"2026-09-01T12:16:18","modified_gmt":"2026-09-01T15:16:18","slug":"empresa-da-familia-de-ex-ministro-dos-portos-de-lula-faturou-com-o-setor-portuario","status":"publish","type":"post","link":"https:\/\/gazetapernambucana.com\/?p=4738","title":{"rendered":"Empresa da fam\u00edlia de ex-ministro dos Portos de Lula faturou com o setor portu\u00e1rio."},"content":{"rendered":"<p><strong>Silvio Costa Filho, ent\u00e3o ministro dos Portos e Aeroportos, ao lado do Presidente Lula (PT) no Aeroporto Internacional Tom Jobim, no Rio de Janeiro<\/strong><br \/>\nImagem: Mauro Pimentel<\/p>\n<p><strong>Entre os clientes estavam Temape e Copersucar, que operam nos portos de Suape e Santos<\/strong><\/p>\n<p class=\"wp-block-paragraph\">A empresa do pai e do irm\u00e3o de\u00a0<strong>Silvio Costa Filho (Republicanos)<\/strong>, ex-ministro dos Portos e Aeroportos do\u00a0<strong>governo Lula (PT)<\/strong>, recebeu pagamentos de empresas do\u00a0<strong>setor portu\u00e1rio<\/strong>\u00a0enquanto ele comandava a pasta. Os servi\u00e7os foram descritos nas\u00a0<strong>notas fiscais<\/strong>, obtidas pelo site UOL, como presta\u00e7\u00e3o de servi\u00e7os de rela\u00e7\u00f5es governamentais.<\/p>\n<p class=\"wp-block-paragraph\">A RI Consulting Assessoria e Consultoria Empresarial e Governamental, sediada no Recife, tinha como s\u00f3cios o ex-deputado federal Silvio Costa e Carlos Costa (Republicanos), pai e irm\u00e3o do ex-ministro. Carlos deixou a sociedade em mar\u00e7o de 2026 e hoje \u00e9 candidato a vice-governador de Pernambuco na chapa de Jo\u00e3o Campos (PSB).<\/p>\n<p class=\"wp-block-paragraph\">Segundo levantamento do UOL, a consultoria emitiu R$ 630 mil em notas para a Temape (Terminais Mar\u00edtimos de Pernambuco), que opera no Porto de Suape. Desconsiderada uma nota cancelada, o valor corresponde ao per\u00edodo entre fevereiro de 2025 e julho de 2026. Desse total, R$ 490 mil foram pagos enquanto Costa Filho estava no minist\u00e9rio.<\/p>\n<p class=\"wp-block-paragraph\">Foram 14 notas de R$ 35 mil emitidas para a Temape entre fevereiro de 2025 e mar\u00e7o de 2026. Os documentos n\u00e3o detalham as demandas acompanhadas nem os resultados entregues.<\/p>\n<p class=\"wp-block-paragraph\">Outro cliente identificado pelo portal foi a Copersucar, empresa do setor a\u00e7ucareiro que opera um terminal no Porto de Santos. A consultoria recebeu R$ 180 mil da companhia durante a gest\u00e3o de Costa Filho, de um total de R$ 330 mil em notas emitidas entre outubro de 2025 e agosto de 2026.<\/p>\n<p class=\"wp-block-paragraph\">As duas empresas atuam em instala\u00e7\u00f5es portu\u00e1rias submetidas \u00e0 regula\u00e7\u00e3o da Antaq (Ag\u00eancia Nacional de Transportes Aquavi\u00e1rios), vinculada ao Minist\u00e9rio dos Portos e Aeroportos, embora a ag\u00eancia tenha autonomia funcional. O Porto de Suape \u00e9 administrado pelo governo de Pernambuco. O Porto de Santos \u00e9 gerido pela APS (Autoridade Portu\u00e1ria de Santos), empresa p\u00fablica federal.<\/p>\n<p class=\"wp-block-paragraph\">Em 3 de mar\u00e7o, Costa Filho se reuniu com Tom\u00e1s Manzano, diretor-executivo da Copersucar, para tratar de log\u00edstica portu\u00e1ria e exporta\u00e7\u00e3o de a\u00e7\u00facar.<\/p>\n<p class=\"wp-block-paragraph\">A RI Consulting tamb\u00e9m teve entre seus clientes a Usina Central Olho d\u2019\u00c1gua e a Alibaba. A empresa prestou ainda servi\u00e7os ao Banco Master e \u00e0 Febraban (Federa\u00e7\u00e3o Brasileira de Bancos).<\/p>\n<p class=\"wp-block-paragraph\">No caso do Master, foram 20 notas de R$ 100 mil emitidas entre mar\u00e7o de 2024 e outubro de 2025, totalizando R$ 2 milh\u00f5es. Os documentos registram servi\u00e7os de consultoria em rela\u00e7\u00f5es governamentais.<\/p>\n<p class=\"wp-block-paragraph\">A consultoria presta servi\u00e7os \u00e0 Febraban h\u00e1 oito anos. O levantamento do UOL soma mais de R$ 7 milh\u00f5es em notas fiscais. Em agosto de 2026, a \u00faltima despesa dispon\u00edvel foi de R$ 132 mil por consultoria legislativa perante os poderes Legislativo e Executivo, em \u00e2mbito estadual e municipal.<\/p>\n<p class=\"wp-block-paragraph\">Ainda de acordo com as notas fiscais obtidas pelo site, uma altera\u00e7\u00e3o contratual de outubro de 2023 destinou 90% das quotas da RI Consulting a Carlos Costa e 10% a Silvio Costa, que tamb\u00e9m passou a administrar a empresa. Em 23 de mar\u00e7o, antes de entrar na campanha eleitoral, Carlos transferiu sua participa\u00e7\u00e3o ao pai, que ficou com todas as quotas e a administra\u00e7\u00e3o da consultoria.<\/p>\n<p class=\"wp-block-paragraph\">Em nota, Costa Filho nega ter recebido demandas da consultoria ou ter atuado para beneficiar os clientes. Ao UOL, afirmou: \u201cEnquanto ministro de Portos e Aeroportos do Brasil, jamais recebi qualquer pleito da empresa da RI Consulting, que \u00e9 presidida pelo ex-deputado Silvio Costa. Nunca houve nenhuma atua\u00e7\u00e3o por parte do Minist\u00e9rio para beneficiar as empresas acima mencionadas. Portanto, n\u00e3o h\u00e1 nenhum conflito de interesse\u201d.<\/p>\n<p>Com os Portais CL\u00c1UDIO DANTAS &amp; UOL<\/p>\n","protected":false},"excerpt":{"rendered":"<p>Silvio Costa Filho, ent\u00e3o ministro dos Portos e Aeroportos, ao lado do Presidente Lula (PT) no Aeroporto Internacional Tom Jobim, no Rio de Janeiro Imagem: Mauro Pimentel Entre os clientes estavam Temape e Copersucar, que operam nos portos de Suape e Santos A empresa do pai e do irm\u00e3o de\u00a0Silvio Costa Filho (Republicanos), ex-ministro dos [&hellip;]<\/p>\n","protected":false},"author":1,"featured_media":4739,"comment_status":"open","ping_status":"open","sticky":false,"template":"","format":"standard","meta":{"footnotes":"","jetpack_publicize_message":"","jetpack_publicize_feature_enabled":true,"jetpack_social_post_already_shared":true,"jetpack_social_options":{"image_generator_settings":{"template":"highway","default_image_id":0,"font":"","enabled":false},"version":2}},"categories":[37,1,65],"tags":[],"class_list":["post-4738","post","type-post","status-publish","format-standard","has-post-thumbnail","hentry","category-https-gazetapernambucana-com-page_id212","category-https-gazetapernambucana-com-page_id225","category-politica"],"yoast_head":"<!-- This site is optimized with the Yoast SEO plugin v24.5 - https:\/\/yoast.com\/wordpress\/plugins\/seo\/ -->\n<title>Empresa da fam\u00edlia de ex-ministro dos Portos de Lula faturou com o setor portu\u00e1rio. -<\/title>\n<meta name=\"robots\" content=\"index, follow, max-snippet:-1, max-image-preview:large, max-video-preview:-1\" \/>\n<link rel=\"canonical\" href=\"https:\/\/gazetapernambucana.com\/?p=4738\" \/>\n<meta property=\"og:locale\" content=\"pt_BR\" \/>\n<meta property=\"og:type\" content=\"article\" \/>\n<meta property=\"og:title\" content=\"Empresa da fam\u00edlia de ex-ministro dos Portos de Lula faturou com o setor portu\u00e1rio. -\" \/>\n<meta property=\"og:description\" content=\"Silvio Costa Filho, ent\u00e3o ministro dos Portos e Aeroportos, ao lado do Presidente Lula (PT) no Aeroporto Internacional Tom Jobim, no Rio de Janeiro Imagem: Mauro Pimentel Entre os clientes estavam Temape e Copersucar, que operam nos portos de Suape e Santos A empresa do pai e do irm\u00e3o de\u00a0Silvio Costa Filho (Republicanos), ex-ministro dos [&hellip;]\" \/>\n<meta property=\"og:url\" content=\"https:\/\/gazetapernambucana.com\/?p=4738\" \/>\n<meta property=\"article:published_time\" content=\"2026-09-01T15:06:49+00:00\" \/>\n<meta property=\"article:modified_time\" content=\"2026-09-01T15:16:18+00:00\" \/>\n<meta property=\"og:image\" content=\"http:\/\/gazetapernambucana.com\/wp-content\/uploads\/2026\/09\/1182325236191994862.jpg\" \/>\n\t<meta property=\"og:image:width\" content=\"500\" \/>\n\t<meta property=\"og:image:height\" content=\"261\" \/>\n\t<meta property=\"og:image:type\" content=\"image\/jpeg\" \/>\n<meta name=\"author\" content=\"GP\" \/>\n<meta name=\"twitter:card\" content=\"summary_large_image\" \/>\n<meta name=\"twitter:label1\" content=\"Escrito por\" \/>\n\t<meta name=\"twitter:data1\" content=\"GP\" \/>\n\t<meta name=\"twitter:label2\" content=\"Est. tempo de leitura\" \/>\n\t<meta name=\"twitter:data2\" content=\"4 minutos\" \/>\n<script type=\"application\/ld+json\" class=\"yoast-schema-graph\">{\"@context\":\"https:\/\/schema.org\",\"@graph\":[{\"@type\":\"WebPage\",\"@id\":\"https:\/\/gazetapernambucana.com\/?p=4738\",\"url\":\"https:\/\/gazetapernambucana.com\/?p=4738\",\"name\":\"Empresa da fam\u00edlia de ex-ministro dos Portos de Lula faturou com o setor portu\u00e1rio. -\",\"isPartOf\":{\"@id\":\"https:\/\/gazetapernambucana.com\/#website\"},\"primaryImageOfPage\":{\"@id\":\"https:\/\/gazetapernambucana.com\/?p=4738#primaryimage\"},\"image\":{\"@id\":\"https:\/\/gazetapernambucana.com\/?p=4738#primaryimage\"},\"thumbnailUrl\":\"https:\/\/gazetapernambucana.com\/wp-content\/uploads\/2026\/09\/1182325236191994862.jpg\",\"datePublished\":\"2026-09-01T15:06:49+00:00\",\"dateModified\":\"2026-09-01T15:16:18+00:00\",\"author\":{\"@id\":\"https:\/\/gazetapernambucana.com\/#\/schema\/person\/188dc283325181ac2de4db1e9e987427\"},\"breadcrumb\":{\"@id\":\"https:\/\/gazetapernambucana.com\/?p=4738#breadcrumb\"},\"inLanguage\":\"pt-BR\",\"potentialAction\":[{\"@type\":\"ReadAction\",\"target\":[\"https:\/\/gazetapernambucana.com\/?p=4738\"]}]},{\"@type\":\"ImageObject\",\"inLanguage\":\"pt-BR\",\"@id\":\"https:\/\/gazetapernambucana.com\/?p=4738#primaryimage\",\"url\":\"https:\/\/gazetapernambucana.com\/wp-content\/uploads\/2026\/09\/1182325236191994862.jpg\",\"contentUrl\":\"https:\/\/gazetapernambucana.com\/wp-content\/uploads\/2026\/09\/1182325236191994862.jpg\",\"width\":500,\"height\":261},{\"@type\":\"BreadcrumbList\",\"@id\":\"https:\/\/gazetapernambucana.com\/?p=4738#breadcrumb\",\"itemListElement\":[{\"@type\":\"ListItem\",\"position\":1,\"name\":\"In\u00edcio\",\"item\":\"https:\/\/gazetapernambucana.com\/\"},{\"@type\":\"ListItem\",\"position\":2,\"name\":\"Empresa da fam\u00edlia de ex-ministro dos Portos de Lula faturou com o setor portu\u00e1rio.\"}]},{\"@type\":\"WebSite\",\"@id\":\"https:\/\/gazetapernambucana.com\/#website\",\"url\":\"https:\/\/gazetapernambucana.com\/\",\"name\":\"\",\"description\":\"\",\"potentialAction\":[{\"@type\":\"SearchAction\",\"target\":{\"@type\":\"EntryPoint\",\"urlTemplate\":\"https:\/\/gazetapernambucana.com\/?s={search_term_string}\"},\"query-input\":{\"@type\":\"PropertyValueSpecification\",\"valueRequired\":true,\"valueName\":\"search_term_string\"}}],\"inLanguage\":\"pt-BR\"},{\"@type\":\"Person\",\"@id\":\"https:\/\/gazetapernambucana.com\/#\/schema\/person\/188dc283325181ac2de4db1e9e987427\",\"name\":\"GP\",\"image\":{\"@type\":\"ImageObject\",\"inLanguage\":\"pt-BR\",\"@id\":\"https:\/\/gazetapernambucana.com\/#\/schema\/person\/image\/\",\"url\":\"https:\/\/secure.gravatar.com\/avatar\/9dad78ff9a2d8b5742d11779f8a3f53b052320c550b2e1907882353c067bb111?s=96&d=mm&r=g\",\"contentUrl\":\"https:\/\/secure.gravatar.com\/avatar\/9dad78ff9a2d8b5742d11779f8a3f53b052320c550b2e1907882353c067bb111?s=96&d=mm&r=g\",\"caption\":\"GP\"},\"sameAs\":[\"http:\/\/gazetapernambucana.com\"],\"url\":\"https:\/\/gazetapernambucana.com\/?author=1\"}]}<\/script>\n<!-- \/ Yoast SEO plugin. -->","yoast_head_json":{"title":"Empresa da fam\u00edlia de ex-ministro dos Portos de Lula faturou com o setor portu\u00e1rio. -","robots":{"index":"index","follow":"follow","max-snippet":"max-snippet:-1","max-image-preview":"max-image-preview:large","max-video-preview":"max-video-preview:-1"},"canonical":"https:\/\/gazetapernambucana.com\/?p=4738","og_locale":"pt_BR","og_type":"article","og_title":"Empresa da fam\u00edlia de ex-ministro dos Portos de Lula faturou com o setor portu\u00e1rio. -","og_description":"Silvio Costa Filho, ent\u00e3o ministro dos Portos e Aeroportos, ao lado do Presidente Lula (PT) no Aeroporto Internacional Tom Jobim, no Rio de Janeiro Imagem: Mauro Pimentel Entre os clientes estavam Temape e Copersucar, que operam nos portos de Suape e Santos A empresa do pai e do irm\u00e3o de\u00a0Silvio Costa Filho (Republicanos), ex-ministro dos [&hellip;]","og_url":"https:\/\/gazetapernambucana.com\/?p=4738","article_published_time":"2026-09-01T15:06:49+00:00","article_modified_time":"2026-09-01T15:16:18+00:00","og_image":[{"width":500,"height":261,"url":"http:\/\/gazetapernambucana.com\/wp-content\/uploads\/2026\/09\/1182325236191994862.jpg","type":"image\/jpeg"}],"author":"GP","twitter_card":"summary_large_image","twitter_misc":{"Escrito por":"GP","Est. tempo de leitura":"4 minutos"},"schema":{"@context":"https:\/\/schema.org","@graph":[{"@type":"WebPage","@id":"https:\/\/gazetapernambucana.com\/?p=4738","url":"https:\/\/gazetapernambucana.com\/?p=4738","name":"Empresa da fam\u00edlia de ex-ministro dos Portos de Lula faturou com o setor portu\u00e1rio. -","isPartOf":{"@id":"https:\/\/gazetapernambucana.com\/#website"},"primaryImageOfPage":{"@id":"https:\/\/gazetapernambucana.com\/?p=4738#primaryimage"},"image":{"@id":"https:\/\/gazetapernambucana.com\/?p=4738#primaryimage"},"thumbnailUrl":"https:\/\/gazetapernambucana.com\/wp-content\/uploads\/2026\/09\/1182325236191994862.jpg","datePublished":"2026-09-01T15:06:49+00:00","dateModified":"2026-09-01T15:16:18+00:00","author":{"@id":"https:\/\/gazetapernambucana.com\/#\/schema\/person\/188dc283325181ac2de4db1e9e987427"},"breadcrumb":{"@id":"https:\/\/gazetapernambucana.com\/?p=4738#breadcrumb"},"inLanguage":"pt-BR","potentialAction":[{"@type":"ReadAction","target":["https:\/\/gazetapernambucana.com\/?p=4738"]}]},{"@type":"ImageObject","inLanguage":"pt-BR","@id":"https:\/\/gazetapernambucana.com\/?p=4738#primaryimage","url":"https:\/\/gazetapernambucana.com\/wp-content\/uploads\/2026\/09\/1182325236191994862.jpg","contentUrl":"https:\/\/gazetapernambucana.com\/wp-content\/uploads\/2026\/09\/1182325236191994862.jpg","width":500,"height":261},{"@type":"BreadcrumbList","@id":"https:\/\/gazetapernambucana.com\/?p=4738#breadcrumb","itemListElement":[{"@type":"ListItem","position":1,"name":"In\u00edcio","item":"https:\/\/gazetapernambucana.com\/"},{"@type":"ListItem","position":2,"name":"Empresa da fam\u00edlia de ex-ministro dos Portos de Lula faturou com o setor portu\u00e1rio."}]},{"@type":"WebSite","@id":"https:\/\/gazetapernambucana.com\/#website","url":"https:\/\/gazetapernambucana.com\/","name":"","description":"","potentialAction":[{"@type":"SearchAction","target":{"@type":"EntryPoint","urlTemplate":"https:\/\/gazetapernambucana.com\/?s={search_term_string}"},"query-input":{"@type":"PropertyValueSpecification","valueRequired":true,"valueName":"search_term_string"}}],"inLanguage":"pt-BR"},{"@type":"Person","@id":"https:\/\/gazetapernambucana.com\/#\/schema\/person\/188dc283325181ac2de4db1e9e987427","name":"GP","image":{"@type":"ImageObject","inLanguage":"pt-BR","@id":"https:\/\/gazetapernambucana.com\/#\/schema\/person\/image\/","url":"https:\/\/secure.gravatar.com\/avatar\/9dad78ff9a2d8b5742d11779f8a3f53b052320c550b2e1907882353c067bb111?s=96&d=mm&r=g","contentUrl":"https:\/\/secure.gravatar.com\/avatar\/9dad78ff9a2d8b5742d11779f8a3f53b052320c550b2e1907882353c067bb111?s=96&d=mm&r=g","caption":"GP"},"sameAs":["http:\/\/gazetapernambucana.com"],"url":"https:\/\/gazetapernambucana.com\/?author=1"}]}},"jetpack_publicize_connections":[],"_links":{"self":[{"href":"https:\/\/gazetapernambucana.com\/index.php?rest_route=\/wp\/v2\/posts\/4738","targetHints":{"allow":["GET"]}}],"collection":[{"href":"https:\/\/gazetapernambucana.com\/index.php?rest_route=\/wp\/v2\/posts"}],"about":[{"href":"https:\/\/gazetapernambucana.com\/index.php?rest_route=\/wp\/v2\/types\/post"}],"author":[{"embeddable":true,"href":"https:\/\/gazetapernambucana.com\/index.php?rest_route=\/wp\/v2\/users\/1"}],"replies":[{"embeddable":true,"href":"https:\/\/gazetapernambucana.com\/index.php?rest_route=%2Fwp%2Fv2%2Fcomments&post=4738"}],"version-history":[{"count":3,"href":"https:\/\/gazetapernambucana.com\/index.php?rest_route=\/wp\/v2\/posts\/4738\/revisions"}],"predecessor-version":[{"id":4742,"href":"https:\/\/gazetapernambucana.com\/index.php?rest_route=\/wp\/v2\/posts\/4738\/revisions\/4742"}],"wp:featuredmedia":[{"embeddable":true,"href":"https:\/\/gazetapernambucana.com\/index.php?rest_route=\/wp\/v2\/media\/4739"}],"wp:attachment":[{"href":"https:\/\/gazetapernambucana.com\/index.php?rest_route=%2Fwp%2Fv2%2Fmedia&parent=4738"}],"wp:term":[{"taxonomy":"category","embeddable":true,"href":"https:\/\/gazetapernambucana.com\/index.php?rest_route=%2Fwp%2Fv2%2Fcategories&post=4738"},{"taxonomy":"post_tag","embeddable":true,"href":"https:\/\/gazetapernambucana.com\/index.php?rest_route=%2Fwp%2Fv2%2Ftags&post=4738"}],"curies":[{"name":"wp","href":"https:\/\/api.w.org\/{rel}","templated":true}]}}