{"id":4735,"date":"2026-09-01T01:06:16","date_gmt":"2026-09-01T04:06:16","guid":{"rendered":"https:\/\/gazetapernambucana.com\/?p=4735"},"modified":"2026-09-01T01:06:16","modified_gmt":"2026-09-01T04:06:16","slug":"operacao-aplica-r-26-milhoes-em-multas-e-embarga-mais-de-470-hectares-de-mata-atlantica-desmatadas-ilegalmente-em-pe","status":"publish","type":"post","link":"https:\/\/gazetapernambucana.com\/?p=4735","title":{"rendered":"Opera\u00e7\u00e3o aplica R$ 2,6 milh\u00f5es em multas e embarga mais de 470 hectares de Mata Atl\u00e2ntica desmatadas ilegalmente em PE"},"content":{"rendered":"<div class=\"cabecalhoNot mt-3\">\n<p class=\"descricaoNot font-normal text-[14px] md:text-[14px] tracking-[-3%] my-5\"><strong>Realizada simultaneamente em 17 estados, a Opera\u00e7\u00e3o Mata Atl\u00e2ntica em P\u00e9 2026 vistoriou 41 munic\u00edpios de Pernambuco e aplicou 133 autos de infra\u00e7\u00e3o, al\u00e9m de resgatar 21 aves e apreender maquin\u00e1rios<\/strong><\/p>\n<\/div>\n<div class=\"corpoNot w-full py-5 text-[16px] font-normal leading-normal tracking-normal text-black\">\n<div class=\"fotoNot\">\n<p class=\"credFotoNot text-[12px] mb-2.5 font-medium tracking-[-3%] text-center text-black\">A opera\u00e7\u00e3o deste ano contou com fiscaliza\u00e7\u00f5es e embargo remotos, com identifica\u00e7\u00e3o das \u00e1reas e lavratura dos autos de infra\u00e7\u00e3o feitos por meio de imagens de sat\u00e9lite (Foto: Divulga\u00e7\u00e3o \/ MPPE)<\/p>\n<\/div>\n<p class=\"texto\">A Opera\u00e7\u00e3o Mata Atl\u00e2ntica em P\u00e9 2026, realizada simultaneamente em 17 estados do pa\u00eds, emitiu 133 autos de infra\u00e7\u00e3o em Pernambuco, que resultaram na aplica\u00e7\u00e3o de R$ 2,6 milh\u00f5es em multas e no embargo de mais de 470 hectares de \u00e1reas do bioma desmatadas ilegalmente, o que \u00e9 equivalente a 660 campos de futebol.<\/p>\n<p class=\"texto\">A opera\u00e7\u00e3o, que teve n\u00fameros do estado divulgados nesta sexta-feira (28) pelo Minist\u00e9rio P\u00fablico de Pernambuco (MPPE), vistoriou 41 munic\u00edpios do Grande Recife, das Zonas da Mata e do Agreste entre os dias 17 e 21 de agosto.<\/p>\n<p class=\"texto\">Al\u00e9m dos autos de infra\u00e7\u00f5es, foram resgatadas 21 aves e apreendidos maquin\u00e1rios nas \u00e1reas vistoriadas, como uma retroescavadeira.<\/p>\n<p class=\"texto\">Segundo o\u00a0<strong>MPPE<\/strong>, a maior multa aplicada foi de R$ 200 mil, em Gl\u00f3ria do Goit\u00e1, na Mata Norte do estado. J\u00e1 a maior \u00e1rea embargada foi de 31,02 hectares em Maraial, na Mata Sul.<\/p>\n<p class=\"texto\">Al\u00e9m das penalidades aplicadas, as \u00e1reas desmatadas ilegalmente tamb\u00e9m sofrem restri\u00e7\u00f5es relacionadas ao Cadastro Ambiental Rural (CAR), ao acesso ao cr\u00e9dito rural e a outros instrumentos previstos na legisla\u00e7\u00e3o ambiental.<\/p>\n<p class=\"texto\">Os 41 munic\u00edpios vistoriados em Pernambuco foram: \u00c1gua Preta, Amaraji, Barreiros, Bel\u00e9m de Maria, Cabo de Santo Agostinho, Canhotinho, Catende, Ch\u00e3 Grande, Cort\u00eas, Cupira, Escada, Feira Nova, Garanhuns, Gl\u00f3ria do Goit\u00e1, Goiana, Gravat\u00e1, Itaquitinga, Jaboat\u00e3o dos Guararapes, Joaquim Nabuco, Lagoa do Ouro, Lagoa dos Gatos, Maraial, Moreno, Palmares, Passira, Paulista, Paudalho, Pombos, Primavera, Quipap\u00e1, Ribeir\u00e3o, Rio Formoso, S\u00e3o Benedito do Sul, S\u00e3o Jo\u00e3o, S\u00e3o Louren\u00e7o da Mata, S\u00e3o Vicente Ferrer, Tamandar\u00e9, Terezinha, Timba\u00faba, Vit\u00f3ria de Santo Ant\u00e3o e Xex\u00e9u.<\/p>\n<p class=\"texto\">Toda a opera\u00e7\u00e3o no estado foi coordenada pelo MPPE, por meio da Coordena\u00e7\u00e3o do Centro de Apoio Operacional (CAO) Meio Ambiente e da 1\u00aa Regional do N\u00facleo de Prote\u00e7\u00e3o Especializada do Meio Ambiente (Nupema), e contou com a parceria da Ag\u00eancia Estadual de Meio Ambiente de Pernambuco (CPRH), do Instituto Brasileiro do Meio Ambiente e dos Recursos Naturais Renov\u00e1veis (Ibama), do Batalh\u00e3o de Pol\u00edcia Ambiental (BPA) e da Delegacia de Pol\u00edcia do Meio Ambiente (Depoma).<\/p>\n<p class=\"texto\">Al\u00e9m desses \u00f3rg\u00e3os, a opera\u00e7\u00e3o passou a contar tamb\u00e9m com o apoio do Instituto Chico Mendes de Conserva\u00e7\u00e3o da Biodiversidade (ICMbio), do Grupo T\u00e1tico A\u00e9reo (GTA) e da Pol\u00edcia Federal .<\/p>\n<div class=\"container-gallery\">\n<div id=\"gallery-big-hash-1\">\n<div class=\"mySlides\"><a href=\"https:\/\/www.diariodepernambuco.com.br\/_midias\/jpg\/2026\/08\/31\/600x400\/1_design___2026_08_31t094635_730-948336.jpg?\" data-slide-name=\"Slide1\"><img loading=\"lazy\" decoding=\"async\" class=\"bigImgSlideGallery\" src=\"https:\/\/www.diariodepernambuco.com.br\/_midias\/jpg\/2026\/08\/31\/600x400\/1_design___2026_08_31t094635_730-948336.jpg?\" alt=\"A opera\u00e7\u00e3o deste ano contou com fiscaliza\u00e7\u00f5es e embargo remotos, com identifica\u00e7\u00e3o das \u00e1reas e lavratura dos autos de infra\u00e7\u00e3o feitos por meio de imagens de sat\u00e9lite. (Foto: Divulga\u00e7\u00e3o \/ MPPE)\" width=\"675\" height=\"450\" \/><\/a><strong>A opera\u00e7\u00e3o deste ano contou com fiscaliza\u00e7\u00f5es e embargo remotos, com identifica\u00e7\u00e3o das \u00e1reas e lavratura dos autos de infra\u00e7\u00e3o feitos por meio de imagens de sat\u00e9lite. (Foto: Divulga\u00e7\u00e3o \/ MPPE)<\/strong><\/div>\n<\/div>\n<div class=\"caption-container\">\n<p class=\"texto\"><strong>Novidade nas vistorias<\/strong><\/p>\n<p class=\"texto\">De acordo com o MPPE, al\u00e9m das atua\u00e7\u00f5es em campo, a opera\u00e7\u00e3o deste ano contou com fiscaliza\u00e7\u00f5es e embargo remotos. Ou seja, a identifica\u00e7\u00e3o das \u00e1reas e lavratura dos autos de infra\u00e7\u00e3o tamb\u00e9m foram feitas por meio de imagens de sat\u00e9lite das plataformas Mapbiomas e Brasil Mais, sem necessidade de ir ao local do fato.<\/p>\n<p class=\"texto\">Essa nova forma de fiscaliza\u00e7\u00e3o resultou no embargo de uma \u00e1rea de cerca de 182 hectares. Al\u00e9m disso, o emprego de drones e helic\u00f3pteros tamb\u00e9m complementaram as inspe\u00e7\u00f5es de campo, algo que aumentou a precis\u00e3o das fiscaliza\u00e7\u00f5es e reduziu o tempo de resposta das equipes.<\/p>\n<p class=\"texto\"><strong>N\u00fameros nacionais<\/strong><\/p>\n<p class=\"texto\">Em todo o Brasil, a Opera\u00e7\u00e3o Mata Atl\u00e2ntica em P\u00e9 2026 fiscalizou 1.520 alertas de desmatamento emitidos pelo sistema de monitoramento do MapBiomas, constatando 8.370,28 hectares de desmatamento ilegal nos 17 estados inseridos no bioma Mata Atl\u00e2ntica.<\/p>\n<p class=\"texto\">As a\u00e7\u00f5es de fiscaliza\u00e7\u00e3o, que foram realizadas em 10 dias, j\u00e1 resultaram na aplica\u00e7\u00e3o de aproximadamente R$ 100.031.473 em multas, com redu\u00e7\u00e3o de 14% em rela\u00e7\u00e3o \u00e0\u00a0<strong>edi\u00e7\u00e3o anterior da opera\u00e7\u00e3o<\/strong>.<\/p>\n<p class=\"texto\">Esses n\u00fameros foram apresentados durante coletiva de imprensa realizada nesta sexta (28), no Centro Universit\u00e1rio Dom Helder, em Belo Horizonte (MG), marcando a abertura do Semin\u00e1rio 20 anos da Lei da Mata Atl\u00e2ntica.<\/p>\n<p class=\"texto\">Assim como nas edi\u00e7\u00f5es anteriores, neste ano participaram da opera\u00e7\u00e3o todos os estados abrangidos pelo bioma, como: Alagoas, Bahia, Cear\u00e1, Para\u00edba, Pernambuco, Piau\u00ed, Rio Grande do Norte, Sergipe, Esp\u00edrito Santo, Minas Gerais, Paran\u00e1, Rio de Janeiro, S\u00e3o Paulo, Rio Grande do Sul, Santa Catarina, Goi\u00e1s e Mato Grosso do Sul.<\/p>\n<p class=\"texto\">Toda a opera\u00e7\u00e3o nacional \u00e9 realizada pela Associa\u00e7\u00e3o Brasileira dos Membros do Minist\u00e9rio P\u00fablico de Meio Ambiente (Abrampa) e pelo Minist\u00e9rio P\u00fablico de Minas Gerais (MPMG), com o apoio da Funda\u00e7\u00e3o SOS Mata Atl\u00e2ntica.<\/p>\n<\/div>\n<\/div>\n<\/div>\n","protected":false},"excerpt":{"rendered":"<p>Realizada simultaneamente em 17 estados, a Opera\u00e7\u00e3o Mata Atl\u00e2ntica em P\u00e9 2026 vistoriou 41 munic\u00edpios de Pernambuco e aplicou 133 autos de infra\u00e7\u00e3o, al\u00e9m de resgatar 21 aves e apreender maquin\u00e1rios A opera\u00e7\u00e3o deste ano contou com fiscaliza\u00e7\u00f5es e embargo remotos, com identifica\u00e7\u00e3o das \u00e1reas e lavratura dos autos de infra\u00e7\u00e3o feitos por meio de [&hellip;]<\/p>\n","protected":false},"author":1,"featured_media":4736,"comment_status":"open","ping_status":"open","sticky":false,"template":"","format":"standard","meta":{"footnotes":"","jetpack_publicize_message":"","jetpack_publicize_feature_enabled":true,"jetpack_social_post_already_shared":true,"jetpack_social_options":{"image_generator_settings":{"template":"highway","default_image_id":0,"font":"","enabled":false},"version":2}},"categories":[66,1,69,65],"tags":[],"class_list":["post-4735","post","type-post","status-publish","format-standard","has-post-thumbnail","hentry","category-cidades","category-https-gazetapernambucana-com-page_id225","category-meio-ambiente","category-politica"],"yoast_head":"<!-- This site is optimized with the Yoast SEO plugin v24.5 - https:\/\/yoast.com\/wordpress\/plugins\/seo\/ -->\n<title>Opera\u00e7\u00e3o aplica R$ 2,6 milh\u00f5es em multas e embarga mais de 470 hectares de Mata Atl\u00e2ntica desmatadas ilegalmente em PE -<\/title>\n<meta name=\"robots\" content=\"index, follow, max-snippet:-1, max-image-preview:large, max-video-preview:-1\" \/>\n<link rel=\"canonical\" href=\"https:\/\/gazetapernambucana.com\/?p=4735\" \/>\n<meta property=\"og:locale\" content=\"pt_BR\" \/>\n<meta property=\"og:type\" content=\"article\" \/>\n<meta property=\"og:title\" content=\"Opera\u00e7\u00e3o aplica R$ 2,6 milh\u00f5es em multas e embarga mais de 470 hectares de Mata Atl\u00e2ntica desmatadas ilegalmente em PE -\" \/>\n<meta property=\"og:description\" content=\"Realizada simultaneamente em 17 estados, a Opera\u00e7\u00e3o Mata Atl\u00e2ntica em P\u00e9 2026 vistoriou 41 munic\u00edpios de Pernambuco e aplicou 133 autos de infra\u00e7\u00e3o, al\u00e9m de resgatar 21 aves e apreender maquin\u00e1rios A opera\u00e7\u00e3o deste ano contou com fiscaliza\u00e7\u00f5es e embargo remotos, com identifica\u00e7\u00e3o das \u00e1reas e lavratura dos autos de infra\u00e7\u00e3o feitos por meio de [&hellip;]\" \/>\n<meta property=\"og:url\" content=\"https:\/\/gazetapernambucana.com\/?p=4735\" \/>\n<meta property=\"article:published_time\" content=\"2026-09-01T04:06:16+00:00\" \/>\n<meta property=\"og:image\" content=\"http:\/\/gazetapernambucana.com\/wp-content\/uploads\/2026\/09\/design___2026_08_31t094517_494-948330.jpg\" \/>\n\t<meta property=\"og:image:width\" content=\"960\" \/>\n\t<meta property=\"og:image:height\" content=\"640\" \/>\n\t<meta property=\"og:image:type\" content=\"image\/jpeg\" \/>\n<meta name=\"author\" content=\"GP\" \/>\n<meta name=\"twitter:card\" content=\"summary_large_image\" \/>\n<meta name=\"twitter:label1\" content=\"Escrito por\" \/>\n\t<meta name=\"twitter:data1\" content=\"GP\" \/>\n\t<meta name=\"twitter:label2\" content=\"Est. tempo de leitura\" \/>\n\t<meta name=\"twitter:data2\" content=\"5 minutos\" \/>\n<script type=\"application\/ld+json\" class=\"yoast-schema-graph\">{\"@context\":\"https:\/\/schema.org\",\"@graph\":[{\"@type\":\"WebPage\",\"@id\":\"https:\/\/gazetapernambucana.com\/?p=4735\",\"url\":\"https:\/\/gazetapernambucana.com\/?p=4735\",\"name\":\"Opera\u00e7\u00e3o aplica R$ 2,6 milh\u00f5es em multas e embarga mais de 470 hectares de Mata Atl\u00e2ntica desmatadas ilegalmente em PE -\",\"isPartOf\":{\"@id\":\"https:\/\/gazetapernambucana.com\/#website\"},\"primaryImageOfPage\":{\"@id\":\"https:\/\/gazetapernambucana.com\/?p=4735#primaryimage\"},\"image\":{\"@id\":\"https:\/\/gazetapernambucana.com\/?p=4735#primaryimage\"},\"thumbnailUrl\":\"https:\/\/gazetapernambucana.com\/wp-content\/uploads\/2026\/09\/design___2026_08_31t094517_494-948330.jpg\",\"datePublished\":\"2026-09-01T04:06:16+00:00\",\"author\":{\"@id\":\"https:\/\/gazetapernambucana.com\/#\/schema\/person\/188dc283325181ac2de4db1e9e987427\"},\"breadcrumb\":{\"@id\":\"https:\/\/gazetapernambucana.com\/?p=4735#breadcrumb\"},\"inLanguage\":\"pt-BR\",\"potentialAction\":[{\"@type\":\"ReadAction\",\"target\":[\"https:\/\/gazetapernambucana.com\/?p=4735\"]}]},{\"@type\":\"ImageObject\",\"inLanguage\":\"pt-BR\",\"@id\":\"https:\/\/gazetapernambucana.com\/?p=4735#primaryimage\",\"url\":\"https:\/\/gazetapernambucana.com\/wp-content\/uploads\/2026\/09\/design___2026_08_31t094517_494-948330.jpg\",\"contentUrl\":\"https:\/\/gazetapernambucana.com\/wp-content\/uploads\/2026\/09\/design___2026_08_31t094517_494-948330.jpg\",\"width\":960,\"height\":640},{\"@type\":\"BreadcrumbList\",\"@id\":\"https:\/\/gazetapernambucana.com\/?p=4735#breadcrumb\",\"itemListElement\":[{\"@type\":\"ListItem\",\"position\":1,\"name\":\"In\u00edcio\",\"item\":\"https:\/\/gazetapernambucana.com\/\"},{\"@type\":\"ListItem\",\"position\":2,\"name\":\"Opera\u00e7\u00e3o aplica R$ 2,6 milh\u00f5es em multas e embarga mais de 470 hectares de Mata Atl\u00e2ntica desmatadas ilegalmente em PE\"}]},{\"@type\":\"WebSite\",\"@id\":\"https:\/\/gazetapernambucana.com\/#website\",\"url\":\"https:\/\/gazetapernambucana.com\/\",\"name\":\"\",\"description\":\"\",\"potentialAction\":[{\"@type\":\"SearchAction\",\"target\":{\"@type\":\"EntryPoint\",\"urlTemplate\":\"https:\/\/gazetapernambucana.com\/?s={search_term_string}\"},\"query-input\":{\"@type\":\"PropertyValueSpecification\",\"valueRequired\":true,\"valueName\":\"search_term_string\"}}],\"inLanguage\":\"pt-BR\"},{\"@type\":\"Person\",\"@id\":\"https:\/\/gazetapernambucana.com\/#\/schema\/person\/188dc283325181ac2de4db1e9e987427\",\"name\":\"GP\",\"image\":{\"@type\":\"ImageObject\",\"inLanguage\":\"pt-BR\",\"@id\":\"https:\/\/gazetapernambucana.com\/#\/schema\/person\/image\/\",\"url\":\"https:\/\/secure.gravatar.com\/avatar\/9dad78ff9a2d8b5742d11779f8a3f53b052320c550b2e1907882353c067bb111?s=96&d=mm&r=g\",\"contentUrl\":\"https:\/\/secure.gravatar.com\/avatar\/9dad78ff9a2d8b5742d11779f8a3f53b052320c550b2e1907882353c067bb111?s=96&d=mm&r=g\",\"caption\":\"GP\"},\"sameAs\":[\"http:\/\/gazetapernambucana.com\"],\"url\":\"https:\/\/gazetapernambucana.com\/?author=1\"}]}<\/script>\n<!-- \/ Yoast SEO plugin. -->","yoast_head_json":{"title":"Opera\u00e7\u00e3o aplica R$ 2,6 milh\u00f5es em multas e embarga mais de 470 hectares de Mata Atl\u00e2ntica desmatadas ilegalmente em PE -","robots":{"index":"index","follow":"follow","max-snippet":"max-snippet:-1","max-image-preview":"max-image-preview:large","max-video-preview":"max-video-preview:-1"},"canonical":"https:\/\/gazetapernambucana.com\/?p=4735","og_locale":"pt_BR","og_type":"article","og_title":"Opera\u00e7\u00e3o aplica R$ 2,6 milh\u00f5es em multas e embarga mais de 470 hectares de Mata Atl\u00e2ntica desmatadas ilegalmente em PE -","og_description":"Realizada simultaneamente em 17 estados, a Opera\u00e7\u00e3o Mata Atl\u00e2ntica em P\u00e9 2026 vistoriou 41 munic\u00edpios de Pernambuco e aplicou 133 autos de infra\u00e7\u00e3o, al\u00e9m de resgatar 21 aves e apreender maquin\u00e1rios A opera\u00e7\u00e3o deste ano contou com fiscaliza\u00e7\u00f5es e embargo remotos, com identifica\u00e7\u00e3o das \u00e1reas e lavratura dos autos de infra\u00e7\u00e3o feitos por meio de [&hellip;]","og_url":"https:\/\/gazetapernambucana.com\/?p=4735","article_published_time":"2026-09-01T04:06:16+00:00","og_image":[{"width":960,"height":640,"url":"http:\/\/gazetapernambucana.com\/wp-content\/uploads\/2026\/09\/design___2026_08_31t094517_494-948330.jpg","type":"image\/jpeg"}],"author":"GP","twitter_card":"summary_large_image","twitter_misc":{"Escrito por":"GP","Est. tempo de leitura":"5 minutos"},"schema":{"@context":"https:\/\/schema.org","@graph":[{"@type":"WebPage","@id":"https:\/\/gazetapernambucana.com\/?p=4735","url":"https:\/\/gazetapernambucana.com\/?p=4735","name":"Opera\u00e7\u00e3o aplica R$ 2,6 milh\u00f5es em multas e embarga mais de 470 hectares de Mata Atl\u00e2ntica desmatadas ilegalmente em PE -","isPartOf":{"@id":"https:\/\/gazetapernambucana.com\/#website"},"primaryImageOfPage":{"@id":"https:\/\/gazetapernambucana.com\/?p=4735#primaryimage"},"image":{"@id":"https:\/\/gazetapernambucana.com\/?p=4735#primaryimage"},"thumbnailUrl":"https:\/\/gazetapernambucana.com\/wp-content\/uploads\/2026\/09\/design___2026_08_31t094517_494-948330.jpg","datePublished":"2026-09-01T04:06:16+00:00","author":{"@id":"https:\/\/gazetapernambucana.com\/#\/schema\/person\/188dc283325181ac2de4db1e9e987427"},"breadcrumb":{"@id":"https:\/\/gazetapernambucana.com\/?p=4735#breadcrumb"},"inLanguage":"pt-BR","potentialAction":[{"@type":"ReadAction","target":["https:\/\/gazetapernambucana.com\/?p=4735"]}]},{"@type":"ImageObject","inLanguage":"pt-BR","@id":"https:\/\/gazetapernambucana.com\/?p=4735#primaryimage","url":"https:\/\/gazetapernambucana.com\/wp-content\/uploads\/2026\/09\/design___2026_08_31t094517_494-948330.jpg","contentUrl":"https:\/\/gazetapernambucana.com\/wp-content\/uploads\/2026\/09\/design___2026_08_31t094517_494-948330.jpg","width":960,"height":640},{"@type":"BreadcrumbList","@id":"https:\/\/gazetapernambucana.com\/?p=4735#breadcrumb","itemListElement":[{"@type":"ListItem","position":1,"name":"In\u00edcio","item":"https:\/\/gazetapernambucana.com\/"},{"@type":"ListItem","position":2,"name":"Opera\u00e7\u00e3o aplica R$ 2,6 milh\u00f5es em multas e embarga mais de 470 hectares de Mata Atl\u00e2ntica desmatadas ilegalmente em PE"}]},{"@type":"WebSite","@id":"https:\/\/gazetapernambucana.com\/#website","url":"https:\/\/gazetapernambucana.com\/","name":"","description":"","potentialAction":[{"@type":"SearchAction","target":{"@type":"EntryPoint","urlTemplate":"https:\/\/gazetapernambucana.com\/?s={search_term_string}"},"query-input":{"@type":"PropertyValueSpecification","valueRequired":true,"valueName":"search_term_string"}}],"inLanguage":"pt-BR"},{"@type":"Person","@id":"https:\/\/gazetapernambucana.com\/#\/schema\/person\/188dc283325181ac2de4db1e9e987427","name":"GP","image":{"@type":"ImageObject","inLanguage":"pt-BR","@id":"https:\/\/gazetapernambucana.com\/#\/schema\/person\/image\/","url":"https:\/\/secure.gravatar.com\/avatar\/9dad78ff9a2d8b5742d11779f8a3f53b052320c550b2e1907882353c067bb111?s=96&d=mm&r=g","contentUrl":"https:\/\/secure.gravatar.com\/avatar\/9dad78ff9a2d8b5742d11779f8a3f53b052320c550b2e1907882353c067bb111?s=96&d=mm&r=g","caption":"GP"},"sameAs":["http:\/\/gazetapernambucana.com"],"url":"https:\/\/gazetapernambucana.com\/?author=1"}]}},"jetpack_publicize_connections":[],"_links":{"self":[{"href":"https:\/\/gazetapernambucana.com\/index.php?rest_route=\/wp\/v2\/posts\/4735","targetHints":{"allow":["GET"]}}],"collection":[{"href":"https:\/\/gazetapernambucana.com\/index.php?rest_route=\/wp\/v2\/posts"}],"about":[{"href":"https:\/\/gazetapernambucana.com\/index.php?rest_route=\/wp\/v2\/types\/post"}],"author":[{"embeddable":true,"href":"https:\/\/gazetapernambucana.com\/index.php?rest_route=\/wp\/v2\/users\/1"}],"replies":[{"embeddable":true,"href":"https:\/\/gazetapernambucana.com\/index.php?rest_route=%2Fwp%2Fv2%2Fcomments&post=4735"}],"version-history":[{"count":1,"href":"https:\/\/gazetapernambucana.com\/index.php?rest_route=\/wp\/v2\/posts\/4735\/revisions"}],"predecessor-version":[{"id":4737,"href":"https:\/\/gazetapernambucana.com\/index.php?rest_route=\/wp\/v2\/posts\/4735\/revisions\/4737"}],"wp:featuredmedia":[{"embeddable":true,"href":"https:\/\/gazetapernambucana.com\/index.php?rest_route=\/wp\/v2\/media\/4736"}],"wp:attachment":[{"href":"https:\/\/gazetapernambucana.com\/index.php?rest_route=%2Fwp%2Fv2%2Fmedia&parent=4735"}],"wp:term":[{"taxonomy":"category","embeddable":true,"href":"https:\/\/gazetapernambucana.com\/index.php?rest_route=%2Fwp%2Fv2%2Fcategories&post=4735"},{"taxonomy":"post_tag","embeddable":true,"href":"https:\/\/gazetapernambucana.com\/index.php?rest_route=%2Fwp%2Fv2%2Ftags&post=4735"}],"curies":[{"name":"wp","href":"https:\/\/api.w.org\/{rel}","templated":true}]}}