{"id":4714,"date":"2026-08-31T17:18:39","date_gmt":"2026-08-31T20:18:39","guid":{"rendered":"https:\/\/gazetapernambucana.com\/?p=4714"},"modified":"2026-08-31T17:18:39","modified_gmt":"2026-08-31T20:18:39","slug":"toffoli-suspende-candidatura-de-renan-santos-a-presidencia","status":"publish","type":"post","link":"https:\/\/gazetapernambucana.com\/?p=4714","title":{"rendered":"Toffoli suspende candidatura de Renan Santos \u00e0 Presid\u00eancia"},"content":{"rendered":"<div class=\"entry-header\">\n<div class=\"jeg_meta_container\">\n<div class=\"jeg_post_meta jeg_post_meta_1\">\n<div class=\"meta_left\">\n<div class=\"jeg_meta_date\">O ministro do STF, Dias Toffoli e o candidato a presid\u00eancia Renan Santos (Miss\u00e3o)<\/div>\n<\/div>\n<\/div>\n<\/div>\n<\/div>\n<p><strong>Por Andreza Matais, do Metr\u00f3poles \u2013\u00a0<\/strong>O ministro Dias Toffoli, do Supremo Tribunal Federal (STF) e do Tribunal Superior Eleitoral (TSE), negou o pedido de candidatura de Renan Santos (Miss\u00e3o) \u00e0 Presid\u00eancia da Rep\u00fablica. O motivo apontado foi a suposta omiss\u00e3o de perfis de redes sociais.<\/p>\n<p>Em decis\u00e3o do TSE no come\u00e7o da tarde desta segunda-feira (31), Toffoli argumenta que Renan Santos se beneficiou ao deixar de informar um de seus perfis no Instagram, usados para fazer campanha, segundo o ministro.<\/p>\n<blockquote><p>\u201cO candidato estava previamente ciente de que deveria informar os endere\u00e7os e de que somente poderia utiliz\u00e1-los na campanha ap\u00f3s 48 horas de seu registro pelo Tribunal Superior Eleitoral. Violou frontalmente a obriga\u00e7\u00e3o. Os benef\u00edcios j\u00e1 auferidos s\u00e3o irrevers\u00edveis\u201d, disse o ministro na decis\u00e3o.<\/p>\n<p>\u201cJustifica-se, portanto, que at\u00e9 o esclarecimento da situa\u00e7\u00e3o de cada perfil e da an\u00e1lise de eventual justificativa para a omiss\u00e3o seja integralmente suspensa a utiliza\u00e7\u00e3o dos perfis de redes sociais arrolados a destempo, bem como de qualquer outras, para a realiza\u00e7\u00e3o de campanha na internet\u201d, diz ele.<\/p><\/blockquote>\n<p>Na decis\u00e3o, Toffoli pro\u00edbe o candidato da Miss\u00e3o de fazer propaganda \u201cpor meio de quaisquer endere\u00e7o eletr\u00f4nico de s\u00edtio, blog, rede social, s\u00edtio de mensagens instant\u00e2neas e aplica\u00e7\u00f5es de internet assemelhadas n\u00e3o informados tempestivamente \u00e0 Justi\u00e7a Eleitoral\u201d.<\/p>\n<p>Pro\u00edbe, tamb\u00e9m, de receber repasses do Fundo Especial de Financiamento de Campanha (FEFC), o \u201cFund\u00e3o Eleitoral\u201d, e de participar de debates. Na campanha de Renan, a avalia\u00e7\u00e3o \u00e9 a de que a decis\u00e3o de Toffoli \u201cmata a candidatura\u201d. Concorrendo por um partido rec\u00e9m-criado, Renan Santos n\u00e3o disp\u00f5e de tempo de TV ou fundo eleitoral relevante.<\/p>\n","protected":false},"excerpt":{"rendered":"<p>O ministro do STF, Dias Toffoli e o candidato a presid\u00eancia Renan Santos (Miss\u00e3o) Por Andreza Matais, do Metr\u00f3poles \u2013\u00a0O ministro Dias Toffoli, do Supremo Tribunal Federal (STF) e do Tribunal Superior Eleitoral (TSE), negou o pedido de candidatura de Renan Santos (Miss\u00e3o) \u00e0 Presid\u00eancia da Rep\u00fablica. O motivo apontado foi a suposta omiss\u00e3o de [&hellip;]<\/p>\n","protected":false},"author":1,"featured_media":4715,"comment_status":"open","ping_status":"open","sticky":false,"template":"","format":"standard","meta":{"footnotes":"","jetpack_publicize_message":"","jetpack_publicize_feature_enabled":true,"jetpack_social_post_already_shared":true,"jetpack_social_options":{"image_generator_settings":{"template":"highway","default_image_id":0,"font":"","enabled":false},"version":2}},"categories":[37,1,65],"tags":[],"class_list":["post-4714","post","type-post","status-publish","format-standard","has-post-thumbnail","hentry","category-https-gazetapernambucana-com-page_id212","category-https-gazetapernambucana-com-page_id225","category-politica"],"yoast_head":"<!-- This site is optimized with the Yoast SEO plugin v24.5 - https:\/\/yoast.com\/wordpress\/plugins\/seo\/ -->\n<title>Toffoli suspende candidatura de Renan Santos \u00e0 Presid\u00eancia -<\/title>\n<meta name=\"robots\" content=\"index, follow, max-snippet:-1, max-image-preview:large, max-video-preview:-1\" \/>\n<link rel=\"canonical\" href=\"https:\/\/gazetapernambucana.com\/?p=4714\" \/>\n<meta property=\"og:locale\" content=\"pt_BR\" \/>\n<meta property=\"og:type\" content=\"article\" \/>\n<meta property=\"og:title\" content=\"Toffoli suspende candidatura de Renan Santos \u00e0 Presid\u00eancia -\" \/>\n<meta property=\"og:description\" content=\"O ministro do STF, Dias Toffoli e o candidato a presid\u00eancia Renan Santos (Miss\u00e3o) Por Andreza Matais, do Metr\u00f3poles \u2013\u00a0O ministro Dias Toffoli, do Supremo Tribunal Federal (STF) e do Tribunal Superior Eleitoral (TSE), negou o pedido de candidatura de Renan Santos (Miss\u00e3o) \u00e0 Presid\u00eancia da Rep\u00fablica. O motivo apontado foi a suposta omiss\u00e3o de [&hellip;]\" \/>\n<meta property=\"og:url\" content=\"https:\/\/gazetapernambucana.com\/?p=4714\" \/>\n<meta property=\"article:published_time\" content=\"2026-08-31T20:18:39+00:00\" \/>\n<meta property=\"og:image\" content=\"http:\/\/gazetapernambucana.com\/wp-content\/uploads\/2026\/08\/WhatsApp-Image-2026-08-31-at-14.48.36-750x375-1.jpeg\" \/>\n\t<meta property=\"og:image:width\" content=\"750\" \/>\n\t<meta property=\"og:image:height\" content=\"375\" \/>\n\t<meta property=\"og:image:type\" content=\"image\/jpeg\" \/>\n<meta name=\"author\" content=\"GP\" \/>\n<meta name=\"twitter:card\" content=\"summary_large_image\" \/>\n<meta name=\"twitter:label1\" content=\"Escrito por\" \/>\n\t<meta name=\"twitter:data1\" content=\"GP\" \/>\n\t<meta name=\"twitter:label2\" content=\"Est. tempo de leitura\" \/>\n\t<meta name=\"twitter:data2\" content=\"2 minutos\" \/>\n<script type=\"application\/ld+json\" class=\"yoast-schema-graph\">{\"@context\":\"https:\/\/schema.org\",\"@graph\":[{\"@type\":\"WebPage\",\"@id\":\"https:\/\/gazetapernambucana.com\/?p=4714\",\"url\":\"https:\/\/gazetapernambucana.com\/?p=4714\",\"name\":\"Toffoli suspende candidatura de Renan Santos \u00e0 Presid\u00eancia -\",\"isPartOf\":{\"@id\":\"https:\/\/gazetapernambucana.com\/#website\"},\"primaryImageOfPage\":{\"@id\":\"https:\/\/gazetapernambucana.com\/?p=4714#primaryimage\"},\"image\":{\"@id\":\"https:\/\/gazetapernambucana.com\/?p=4714#primaryimage\"},\"thumbnailUrl\":\"https:\/\/gazetapernambucana.com\/wp-content\/uploads\/2026\/08\/WhatsApp-Image-2026-08-31-at-14.48.36-750x375-1.jpeg\",\"datePublished\":\"2026-08-31T20:18:39+00:00\",\"author\":{\"@id\":\"https:\/\/gazetapernambucana.com\/#\/schema\/person\/188dc283325181ac2de4db1e9e987427\"},\"breadcrumb\":{\"@id\":\"https:\/\/gazetapernambucana.com\/?p=4714#breadcrumb\"},\"inLanguage\":\"pt-BR\",\"potentialAction\":[{\"@type\":\"ReadAction\",\"target\":[\"https:\/\/gazetapernambucana.com\/?p=4714\"]}]},{\"@type\":\"ImageObject\",\"inLanguage\":\"pt-BR\",\"@id\":\"https:\/\/gazetapernambucana.com\/?p=4714#primaryimage\",\"url\":\"https:\/\/gazetapernambucana.com\/wp-content\/uploads\/2026\/08\/WhatsApp-Image-2026-08-31-at-14.48.36-750x375-1.jpeg\",\"contentUrl\":\"https:\/\/gazetapernambucana.com\/wp-content\/uploads\/2026\/08\/WhatsApp-Image-2026-08-31-at-14.48.36-750x375-1.jpeg\",\"width\":750,\"height\":375},{\"@type\":\"BreadcrumbList\",\"@id\":\"https:\/\/gazetapernambucana.com\/?p=4714#breadcrumb\",\"itemListElement\":[{\"@type\":\"ListItem\",\"position\":1,\"name\":\"In\u00edcio\",\"item\":\"https:\/\/gazetapernambucana.com\/\"},{\"@type\":\"ListItem\",\"position\":2,\"name\":\"Toffoli suspende candidatura de Renan Santos \u00e0 Presid\u00eancia\"}]},{\"@type\":\"WebSite\",\"@id\":\"https:\/\/gazetapernambucana.com\/#website\",\"url\":\"https:\/\/gazetapernambucana.com\/\",\"name\":\"\",\"description\":\"\",\"potentialAction\":[{\"@type\":\"SearchAction\",\"target\":{\"@type\":\"EntryPoint\",\"urlTemplate\":\"https:\/\/gazetapernambucana.com\/?s={search_term_string}\"},\"query-input\":{\"@type\":\"PropertyValueSpecification\",\"valueRequired\":true,\"valueName\":\"search_term_string\"}}],\"inLanguage\":\"pt-BR\"},{\"@type\":\"Person\",\"@id\":\"https:\/\/gazetapernambucana.com\/#\/schema\/person\/188dc283325181ac2de4db1e9e987427\",\"name\":\"GP\",\"image\":{\"@type\":\"ImageObject\",\"inLanguage\":\"pt-BR\",\"@id\":\"https:\/\/gazetapernambucana.com\/#\/schema\/person\/image\/\",\"url\":\"https:\/\/secure.gravatar.com\/avatar\/9dad78ff9a2d8b5742d11779f8a3f53b052320c550b2e1907882353c067bb111?s=96&d=mm&r=g\",\"contentUrl\":\"https:\/\/secure.gravatar.com\/avatar\/9dad78ff9a2d8b5742d11779f8a3f53b052320c550b2e1907882353c067bb111?s=96&d=mm&r=g\",\"caption\":\"GP\"},\"sameAs\":[\"http:\/\/gazetapernambucana.com\"],\"url\":\"https:\/\/gazetapernambucana.com\/?author=1\"}]}<\/script>\n<!-- \/ Yoast SEO plugin. -->","yoast_head_json":{"title":"Toffoli suspende candidatura de Renan Santos \u00e0 Presid\u00eancia -","robots":{"index":"index","follow":"follow","max-snippet":"max-snippet:-1","max-image-preview":"max-image-preview:large","max-video-preview":"max-video-preview:-1"},"canonical":"https:\/\/gazetapernambucana.com\/?p=4714","og_locale":"pt_BR","og_type":"article","og_title":"Toffoli suspende candidatura de Renan Santos \u00e0 Presid\u00eancia -","og_description":"O ministro do STF, Dias Toffoli e o candidato a presid\u00eancia Renan Santos (Miss\u00e3o) Por Andreza Matais, do Metr\u00f3poles \u2013\u00a0O ministro Dias Toffoli, do Supremo Tribunal Federal (STF) e do Tribunal Superior Eleitoral (TSE), negou o pedido de candidatura de Renan Santos (Miss\u00e3o) \u00e0 Presid\u00eancia da Rep\u00fablica. O motivo apontado foi a suposta omiss\u00e3o de [&hellip;]","og_url":"https:\/\/gazetapernambucana.com\/?p=4714","article_published_time":"2026-08-31T20:18:39+00:00","og_image":[{"width":750,"height":375,"url":"http:\/\/gazetapernambucana.com\/wp-content\/uploads\/2026\/08\/WhatsApp-Image-2026-08-31-at-14.48.36-750x375-1.jpeg","type":"image\/jpeg"}],"author":"GP","twitter_card":"summary_large_image","twitter_misc":{"Escrito por":"GP","Est. tempo de leitura":"2 minutos"},"schema":{"@context":"https:\/\/schema.org","@graph":[{"@type":"WebPage","@id":"https:\/\/gazetapernambucana.com\/?p=4714","url":"https:\/\/gazetapernambucana.com\/?p=4714","name":"Toffoli suspende candidatura de Renan Santos \u00e0 Presid\u00eancia -","isPartOf":{"@id":"https:\/\/gazetapernambucana.com\/#website"},"primaryImageOfPage":{"@id":"https:\/\/gazetapernambucana.com\/?p=4714#primaryimage"},"image":{"@id":"https:\/\/gazetapernambucana.com\/?p=4714#primaryimage"},"thumbnailUrl":"https:\/\/gazetapernambucana.com\/wp-content\/uploads\/2026\/08\/WhatsApp-Image-2026-08-31-at-14.48.36-750x375-1.jpeg","datePublished":"2026-08-31T20:18:39+00:00","author":{"@id":"https:\/\/gazetapernambucana.com\/#\/schema\/person\/188dc283325181ac2de4db1e9e987427"},"breadcrumb":{"@id":"https:\/\/gazetapernambucana.com\/?p=4714#breadcrumb"},"inLanguage":"pt-BR","potentialAction":[{"@type":"ReadAction","target":["https:\/\/gazetapernambucana.com\/?p=4714"]}]},{"@type":"ImageObject","inLanguage":"pt-BR","@id":"https:\/\/gazetapernambucana.com\/?p=4714#primaryimage","url":"https:\/\/gazetapernambucana.com\/wp-content\/uploads\/2026\/08\/WhatsApp-Image-2026-08-31-at-14.48.36-750x375-1.jpeg","contentUrl":"https:\/\/gazetapernambucana.com\/wp-content\/uploads\/2026\/08\/WhatsApp-Image-2026-08-31-at-14.48.36-750x375-1.jpeg","width":750,"height":375},{"@type":"BreadcrumbList","@id":"https:\/\/gazetapernambucana.com\/?p=4714#breadcrumb","itemListElement":[{"@type":"ListItem","position":1,"name":"In\u00edcio","item":"https:\/\/gazetapernambucana.com\/"},{"@type":"ListItem","position":2,"name":"Toffoli suspende candidatura de Renan Santos \u00e0 Presid\u00eancia"}]},{"@type":"WebSite","@id":"https:\/\/gazetapernambucana.com\/#website","url":"https:\/\/gazetapernambucana.com\/","name":"","description":"","potentialAction":[{"@type":"SearchAction","target":{"@type":"EntryPoint","urlTemplate":"https:\/\/gazetapernambucana.com\/?s={search_term_string}"},"query-input":{"@type":"PropertyValueSpecification","valueRequired":true,"valueName":"search_term_string"}}],"inLanguage":"pt-BR"},{"@type":"Person","@id":"https:\/\/gazetapernambucana.com\/#\/schema\/person\/188dc283325181ac2de4db1e9e987427","name":"GP","image":{"@type":"ImageObject","inLanguage":"pt-BR","@id":"https:\/\/gazetapernambucana.com\/#\/schema\/person\/image\/","url":"https:\/\/secure.gravatar.com\/avatar\/9dad78ff9a2d8b5742d11779f8a3f53b052320c550b2e1907882353c067bb111?s=96&d=mm&r=g","contentUrl":"https:\/\/secure.gravatar.com\/avatar\/9dad78ff9a2d8b5742d11779f8a3f53b052320c550b2e1907882353c067bb111?s=96&d=mm&r=g","caption":"GP"},"sameAs":["http:\/\/gazetapernambucana.com"],"url":"https:\/\/gazetapernambucana.com\/?author=1"}]}},"jetpack_publicize_connections":[],"_links":{"self":[{"href":"https:\/\/gazetapernambucana.com\/index.php?rest_route=\/wp\/v2\/posts\/4714","targetHints":{"allow":["GET"]}}],"collection":[{"href":"https:\/\/gazetapernambucana.com\/index.php?rest_route=\/wp\/v2\/posts"}],"about":[{"href":"https:\/\/gazetapernambucana.com\/index.php?rest_route=\/wp\/v2\/types\/post"}],"author":[{"embeddable":true,"href":"https:\/\/gazetapernambucana.com\/index.php?rest_route=\/wp\/v2\/users\/1"}],"replies":[{"embeddable":true,"href":"https:\/\/gazetapernambucana.com\/index.php?rest_route=%2Fwp%2Fv2%2Fcomments&post=4714"}],"version-history":[{"count":1,"href":"https:\/\/gazetapernambucana.com\/index.php?rest_route=\/wp\/v2\/posts\/4714\/revisions"}],"predecessor-version":[{"id":4716,"href":"https:\/\/gazetapernambucana.com\/index.php?rest_route=\/wp\/v2\/posts\/4714\/revisions\/4716"}],"wp:featuredmedia":[{"embeddable":true,"href":"https:\/\/gazetapernambucana.com\/index.php?rest_route=\/wp\/v2\/media\/4715"}],"wp:attachment":[{"href":"https:\/\/gazetapernambucana.com\/index.php?rest_route=%2Fwp%2Fv2%2Fmedia&parent=4714"}],"wp:term":[{"taxonomy":"category","embeddable":true,"href":"https:\/\/gazetapernambucana.com\/index.php?rest_route=%2Fwp%2Fv2%2Fcategories&post=4714"},{"taxonomy":"post_tag","embeddable":true,"href":"https:\/\/gazetapernambucana.com\/index.php?rest_route=%2Fwp%2Fv2%2Ftags&post=4714"}],"curies":[{"name":"wp","href":"https:\/\/api.w.org\/{rel}","templated":true}]}}