{"id":4705,"date":"2026-08-31T15:40:02","date_gmt":"2026-08-31T18:40:02","guid":{"rendered":"https:\/\/gazetapernambucana.com\/?p=4705"},"modified":"2026-08-31T15:40:02","modified_gmt":"2026-08-31T18:40:02","slug":"pesquisa-vox-brasil-aponta-flavio-bolsonaro-a-frente-de-lula-em-cenario-de-segundo-turno","status":"publish","type":"post","link":"https:\/\/gazetapernambucana.com\/?p=4705","title":{"rendered":"Pesquisa Vox Brasil aponta Fl\u00e1vio Bolsonaro \u00e0 frente de Lula em cen\u00e1rio de segundo turno"},"content":{"rendered":"<div id=\"post-body-1132523053979970937\" class=\"post-body entry-content\">\n<div>Pesquisa Vox Brasil divulgada neste s\u00e1bado (29) mostra o senador Fl\u00e1vio Bolsonaro (PL) numericamente \u00e0 frente do presidente Luiz In\u00e1cio Lula da Silva (PT) em um cen\u00e1rio de segundo turno para a elei\u00e7\u00e3o presidencial de 2026. O levantamento aponta 45,1% das inten\u00e7\u00f5es de voto para Fl\u00e1vio, contra 44,5% para Lula.<\/div>\n<p>A diferen\u00e7a de 0,6 ponto percentual est\u00e1 dentro da margem de erro da pesquisa, que \u00e9 de 2,15 pontos percentuais para mais ou para menos. Dessa forma, os dois aparecem em situa\u00e7\u00e3o de empate t\u00e9cnico.<\/p>\n<p>Confira os n\u00fameros do segundo turno:<\/p>\n<p>* Fl\u00e1vio Bolsonaro (PL): 45,1%<\/p>\n<p>* Lula (PT): 44,5%<\/p>\n<p>* Nenhum\/Branco\/Nulo: 7,9%<\/p>\n<p>* N\u00e3o sabe\/N\u00e3o opinou: 2,5%<\/p>\n<p>O resultado representa uma mudan\u00e7a significativa em rela\u00e7\u00e3o ao levantamento anterior, divulgado em julho. Na ocasi\u00e3o, Lula aparecia com 47,5%, enquanto Fl\u00e1vio Bolsonaro tinha 41,1%. Agora, o senador avan\u00e7ou quatro pontos percentuais, enquanto o presidente recuou tr\u00eas.<\/p>\n<p>Na pesquisa realizada em maio, Lula chegou a registrar uma vantagem de 8,7 pontos percentuais sobre Fl\u00e1vio Bolsonaro.<\/p>\n<p>Lula lidera contra Zema e Caiado<\/p>\n<p>A Vox Brasil tamb\u00e9m testou outros cen\u00e1rios de segundo turno. Contra o governador de Minas Gerais, Romeu Zema (Novo), Lula aparece na frente, com 45,5%, contra 39,3% do advers\u00e1rio.<\/p>\n<p>Nesse cen\u00e1rio, 8,1% declararam que votariam em branco, nulo ou em nenhum candidato, enquanto 7,1% n\u00e3o souberam ou n\u00e3o quiseram opinar.<\/p>\n<p>Contra o governador de Goi\u00e1s, Ronaldo Caiado (PSD), Lula tamb\u00e9m lidera. O presidente registra 45,5%, ante 41,1% de Caiado. Outros 5,3% afirmaram que votariam em branco, nulo ou em nenhum candidato, e 8,1% n\u00e3o souberam ou n\u00e3o opinaram.<\/p>\n<p>Primeiro turno<\/p>\n<p>No cen\u00e1rio de primeiro turno, Lula permanece na lideran\u00e7a, com 37,1% das inten\u00e7\u00f5es de voto, seguido por Fl\u00e1vio Bolsonaro, com 34,8%.<\/p>\n<p>Na sequ\u00eancia aparecem:<\/p>\n<p>* Ronaldo Caiado: 5%<\/p>\n<p>* Renan Santos (Miss\u00e3o): 3,3%<\/p>\n<p>* Romeu Zema: 2,8%<\/p>\n<p>* Augusto Cury (Avante): 2,6%<\/p>\n<p>* Pablo Mar\u00e7al (PRTB): 2%<\/p>\n<p>* Clariana Bar\u00e3o (DC): 0,8%<\/p>\n<p>* Edmilson Costa (PCB): 0,5%<\/p>\n<p>* Wilson Grassi (Democrata): 0,4%<\/p>\n<p>* Rui Costa Pimenta (PCO): 0,2%<\/p>\n<p>* Hertz Dias (PSTU): 0,1%<\/p>\n<p>* Samara Martins (UP): 0,1%<\/p>\n<p>* Nenhum\/Branco\/Nulo: 3,5%<\/p>\n<p>* N\u00e3o sabe\/N\u00e3o opinou: 6,8%<\/p>\n<p>Em julho, Lula tinha 40,5%, enquanto Fl\u00e1vio Bolsonaro registrava 31,5%. Caiado aparecia com 5,5%, Renan Santos com 3% e Zema com 3,2%.<\/p>\n<p>Sobre a pesquisa<\/p>\n<p>O levantamento da Vox Brasil foi realizado entre os dias 25 e 27 de agosto de 2026, com 2.100 pessoas entrevistadas.<\/p>\n<p>A margem de erro \u00e9 de 2,15 pontos percentuais, para mais ou para menos, com n\u00edvel de confian\u00e7a de 95%.<\/p>\n<p>A pesquisa est\u00e1 registrada no Tribunal Superior Eleitoral (TSE) sob o c\u00f3digo BR-05519\/2026.<\/p>\n<\/div>\n","protected":false},"excerpt":{"rendered":"<p>Pesquisa Vox Brasil divulgada neste s\u00e1bado (29) mostra o senador Fl\u00e1vio Bolsonaro (PL) numericamente \u00e0 frente do presidente Luiz In\u00e1cio Lula da Silva (PT) em um cen\u00e1rio de segundo turno para a elei\u00e7\u00e3o presidencial de 2026. O levantamento aponta 45,1% das inten\u00e7\u00f5es de voto para Fl\u00e1vio, contra 44,5% para Lula. A diferen\u00e7a de 0,6 ponto [&hellip;]<\/p>\n","protected":false},"author":1,"featured_media":4706,"comment_status":"open","ping_status":"open","sticky":false,"template":"","format":"standard","meta":{"footnotes":"","jetpack_publicize_message":"","jetpack_publicize_feature_enabled":true,"jetpack_social_post_already_shared":true,"jetpack_social_options":{"image_generator_settings":{"template":"highway","default_image_id":0,"font":"","enabled":false},"version":2}},"categories":[66,1,65],"tags":[],"class_list":["post-4705","post","type-post","status-publish","format-standard","has-post-thumbnail","hentry","category-cidades","category-https-gazetapernambucana-com-page_id225","category-politica"],"yoast_head":"<!-- This site is optimized with the Yoast SEO plugin v24.5 - https:\/\/yoast.com\/wordpress\/plugins\/seo\/ -->\n<title>Pesquisa Vox Brasil aponta Fl\u00e1vio Bolsonaro \u00e0 frente de Lula em cen\u00e1rio de segundo turno -<\/title>\n<meta name=\"robots\" content=\"index, follow, max-snippet:-1, max-image-preview:large, max-video-preview:-1\" \/>\n<link rel=\"canonical\" href=\"https:\/\/gazetapernambucana.com\/?p=4705\" \/>\n<meta property=\"og:locale\" content=\"pt_BR\" \/>\n<meta property=\"og:type\" content=\"article\" \/>\n<meta property=\"og:title\" content=\"Pesquisa Vox Brasil aponta Fl\u00e1vio Bolsonaro \u00e0 frente de Lula em cen\u00e1rio de segundo turno -\" \/>\n<meta property=\"og:description\" content=\"Pesquisa Vox Brasil divulgada neste s\u00e1bado (29) mostra o senador Fl\u00e1vio Bolsonaro (PL) numericamente \u00e0 frente do presidente Luiz In\u00e1cio Lula da Silva (PT) em um cen\u00e1rio de segundo turno para a elei\u00e7\u00e3o presidencial de 2026. O levantamento aponta 45,1% das inten\u00e7\u00f5es de voto para Fl\u00e1vio, contra 44,5% para Lula. A diferen\u00e7a de 0,6 ponto [&hellip;]\" \/>\n<meta property=\"og:url\" content=\"https:\/\/gazetapernambucana.com\/?p=4705\" \/>\n<meta property=\"article:published_time\" content=\"2026-08-31T18:40:02+00:00\" \/>\n<meta property=\"og:image\" content=\"http:\/\/gazetapernambucana.com\/wp-content\/uploads\/2026\/08\/unnamed-1.jpg\" \/>\n\t<meta property=\"og:image:width\" content=\"512\" \/>\n\t<meta property=\"og:image:height\" content=\"640\" \/>\n\t<meta property=\"og:image:type\" content=\"image\/jpeg\" \/>\n<meta name=\"author\" content=\"GP\" \/>\n<meta name=\"twitter:card\" content=\"summary_large_image\" \/>\n<meta name=\"twitter:label1\" content=\"Escrito por\" \/>\n\t<meta name=\"twitter:data1\" content=\"GP\" \/>\n\t<meta name=\"twitter:label2\" content=\"Est. tempo de leitura\" \/>\n\t<meta name=\"twitter:data2\" content=\"3 minutos\" \/>\n<script type=\"application\/ld+json\" class=\"yoast-schema-graph\">{\"@context\":\"https:\/\/schema.org\",\"@graph\":[{\"@type\":\"WebPage\",\"@id\":\"https:\/\/gazetapernambucana.com\/?p=4705\",\"url\":\"https:\/\/gazetapernambucana.com\/?p=4705\",\"name\":\"Pesquisa Vox Brasil aponta Fl\u00e1vio Bolsonaro \u00e0 frente de Lula em cen\u00e1rio de segundo turno -\",\"isPartOf\":{\"@id\":\"https:\/\/gazetapernambucana.com\/#website\"},\"primaryImageOfPage\":{\"@id\":\"https:\/\/gazetapernambucana.com\/?p=4705#primaryimage\"},\"image\":{\"@id\":\"https:\/\/gazetapernambucana.com\/?p=4705#primaryimage\"},\"thumbnailUrl\":\"https:\/\/gazetapernambucana.com\/wp-content\/uploads\/2026\/08\/unnamed-1.jpg\",\"datePublished\":\"2026-08-31T18:40:02+00:00\",\"author\":{\"@id\":\"https:\/\/gazetapernambucana.com\/#\/schema\/person\/188dc283325181ac2de4db1e9e987427\"},\"breadcrumb\":{\"@id\":\"https:\/\/gazetapernambucana.com\/?p=4705#breadcrumb\"},\"inLanguage\":\"pt-BR\",\"potentialAction\":[{\"@type\":\"ReadAction\",\"target\":[\"https:\/\/gazetapernambucana.com\/?p=4705\"]}]},{\"@type\":\"ImageObject\",\"inLanguage\":\"pt-BR\",\"@id\":\"https:\/\/gazetapernambucana.com\/?p=4705#primaryimage\",\"url\":\"https:\/\/gazetapernambucana.com\/wp-content\/uploads\/2026\/08\/unnamed-1.jpg\",\"contentUrl\":\"https:\/\/gazetapernambucana.com\/wp-content\/uploads\/2026\/08\/unnamed-1.jpg\",\"width\":512,\"height\":640},{\"@type\":\"BreadcrumbList\",\"@id\":\"https:\/\/gazetapernambucana.com\/?p=4705#breadcrumb\",\"itemListElement\":[{\"@type\":\"ListItem\",\"position\":1,\"name\":\"In\u00edcio\",\"item\":\"https:\/\/gazetapernambucana.com\/\"},{\"@type\":\"ListItem\",\"position\":2,\"name\":\"Pesquisa Vox Brasil aponta Fl\u00e1vio Bolsonaro \u00e0 frente de Lula em cen\u00e1rio de segundo turno\"}]},{\"@type\":\"WebSite\",\"@id\":\"https:\/\/gazetapernambucana.com\/#website\",\"url\":\"https:\/\/gazetapernambucana.com\/\",\"name\":\"\",\"description\":\"\",\"potentialAction\":[{\"@type\":\"SearchAction\",\"target\":{\"@type\":\"EntryPoint\",\"urlTemplate\":\"https:\/\/gazetapernambucana.com\/?s={search_term_string}\"},\"query-input\":{\"@type\":\"PropertyValueSpecification\",\"valueRequired\":true,\"valueName\":\"search_term_string\"}}],\"inLanguage\":\"pt-BR\"},{\"@type\":\"Person\",\"@id\":\"https:\/\/gazetapernambucana.com\/#\/schema\/person\/188dc283325181ac2de4db1e9e987427\",\"name\":\"GP\",\"image\":{\"@type\":\"ImageObject\",\"inLanguage\":\"pt-BR\",\"@id\":\"https:\/\/gazetapernambucana.com\/#\/schema\/person\/image\/\",\"url\":\"https:\/\/secure.gravatar.com\/avatar\/9dad78ff9a2d8b5742d11779f8a3f53b052320c550b2e1907882353c067bb111?s=96&d=mm&r=g\",\"contentUrl\":\"https:\/\/secure.gravatar.com\/avatar\/9dad78ff9a2d8b5742d11779f8a3f53b052320c550b2e1907882353c067bb111?s=96&d=mm&r=g\",\"caption\":\"GP\"},\"sameAs\":[\"http:\/\/gazetapernambucana.com\"],\"url\":\"https:\/\/gazetapernambucana.com\/?author=1\"}]}<\/script>\n<!-- \/ Yoast SEO plugin. -->","yoast_head_json":{"title":"Pesquisa Vox Brasil aponta Fl\u00e1vio Bolsonaro \u00e0 frente de Lula em cen\u00e1rio de segundo turno -","robots":{"index":"index","follow":"follow","max-snippet":"max-snippet:-1","max-image-preview":"max-image-preview:large","max-video-preview":"max-video-preview:-1"},"canonical":"https:\/\/gazetapernambucana.com\/?p=4705","og_locale":"pt_BR","og_type":"article","og_title":"Pesquisa Vox Brasil aponta Fl\u00e1vio Bolsonaro \u00e0 frente de Lula em cen\u00e1rio de segundo turno -","og_description":"Pesquisa Vox Brasil divulgada neste s\u00e1bado (29) mostra o senador Fl\u00e1vio Bolsonaro (PL) numericamente \u00e0 frente do presidente Luiz In\u00e1cio Lula da Silva (PT) em um cen\u00e1rio de segundo turno para a elei\u00e7\u00e3o presidencial de 2026. O levantamento aponta 45,1% das inten\u00e7\u00f5es de voto para Fl\u00e1vio, contra 44,5% para Lula. A diferen\u00e7a de 0,6 ponto [&hellip;]","og_url":"https:\/\/gazetapernambucana.com\/?p=4705","article_published_time":"2026-08-31T18:40:02+00:00","og_image":[{"width":512,"height":640,"url":"http:\/\/gazetapernambucana.com\/wp-content\/uploads\/2026\/08\/unnamed-1.jpg","type":"image\/jpeg"}],"author":"GP","twitter_card":"summary_large_image","twitter_misc":{"Escrito por":"GP","Est. tempo de leitura":"3 minutos"},"schema":{"@context":"https:\/\/schema.org","@graph":[{"@type":"WebPage","@id":"https:\/\/gazetapernambucana.com\/?p=4705","url":"https:\/\/gazetapernambucana.com\/?p=4705","name":"Pesquisa Vox Brasil aponta Fl\u00e1vio Bolsonaro \u00e0 frente de Lula em cen\u00e1rio de segundo turno -","isPartOf":{"@id":"https:\/\/gazetapernambucana.com\/#website"},"primaryImageOfPage":{"@id":"https:\/\/gazetapernambucana.com\/?p=4705#primaryimage"},"image":{"@id":"https:\/\/gazetapernambucana.com\/?p=4705#primaryimage"},"thumbnailUrl":"https:\/\/gazetapernambucana.com\/wp-content\/uploads\/2026\/08\/unnamed-1.jpg","datePublished":"2026-08-31T18:40:02+00:00","author":{"@id":"https:\/\/gazetapernambucana.com\/#\/schema\/person\/188dc283325181ac2de4db1e9e987427"},"breadcrumb":{"@id":"https:\/\/gazetapernambucana.com\/?p=4705#breadcrumb"},"inLanguage":"pt-BR","potentialAction":[{"@type":"ReadAction","target":["https:\/\/gazetapernambucana.com\/?p=4705"]}]},{"@type":"ImageObject","inLanguage":"pt-BR","@id":"https:\/\/gazetapernambucana.com\/?p=4705#primaryimage","url":"https:\/\/gazetapernambucana.com\/wp-content\/uploads\/2026\/08\/unnamed-1.jpg","contentUrl":"https:\/\/gazetapernambucana.com\/wp-content\/uploads\/2026\/08\/unnamed-1.jpg","width":512,"height":640},{"@type":"BreadcrumbList","@id":"https:\/\/gazetapernambucana.com\/?p=4705#breadcrumb","itemListElement":[{"@type":"ListItem","position":1,"name":"In\u00edcio","item":"https:\/\/gazetapernambucana.com\/"},{"@type":"ListItem","position":2,"name":"Pesquisa Vox Brasil aponta Fl\u00e1vio Bolsonaro \u00e0 frente de Lula em cen\u00e1rio de segundo turno"}]},{"@type":"WebSite","@id":"https:\/\/gazetapernambucana.com\/#website","url":"https:\/\/gazetapernambucana.com\/","name":"","description":"","potentialAction":[{"@type":"SearchAction","target":{"@type":"EntryPoint","urlTemplate":"https:\/\/gazetapernambucana.com\/?s={search_term_string}"},"query-input":{"@type":"PropertyValueSpecification","valueRequired":true,"valueName":"search_term_string"}}],"inLanguage":"pt-BR"},{"@type":"Person","@id":"https:\/\/gazetapernambucana.com\/#\/schema\/person\/188dc283325181ac2de4db1e9e987427","name":"GP","image":{"@type":"ImageObject","inLanguage":"pt-BR","@id":"https:\/\/gazetapernambucana.com\/#\/schema\/person\/image\/","url":"https:\/\/secure.gravatar.com\/avatar\/9dad78ff9a2d8b5742d11779f8a3f53b052320c550b2e1907882353c067bb111?s=96&d=mm&r=g","contentUrl":"https:\/\/secure.gravatar.com\/avatar\/9dad78ff9a2d8b5742d11779f8a3f53b052320c550b2e1907882353c067bb111?s=96&d=mm&r=g","caption":"GP"},"sameAs":["http:\/\/gazetapernambucana.com"],"url":"https:\/\/gazetapernambucana.com\/?author=1"}]}},"jetpack_publicize_connections":[],"_links":{"self":[{"href":"https:\/\/gazetapernambucana.com\/index.php?rest_route=\/wp\/v2\/posts\/4705","targetHints":{"allow":["GET"]}}],"collection":[{"href":"https:\/\/gazetapernambucana.com\/index.php?rest_route=\/wp\/v2\/posts"}],"about":[{"href":"https:\/\/gazetapernambucana.com\/index.php?rest_route=\/wp\/v2\/types\/post"}],"author":[{"embeddable":true,"href":"https:\/\/gazetapernambucana.com\/index.php?rest_route=\/wp\/v2\/users\/1"}],"replies":[{"embeddable":true,"href":"https:\/\/gazetapernambucana.com\/index.php?rest_route=%2Fwp%2Fv2%2Fcomments&post=4705"}],"version-history":[{"count":1,"href":"https:\/\/gazetapernambucana.com\/index.php?rest_route=\/wp\/v2\/posts\/4705\/revisions"}],"predecessor-version":[{"id":4707,"href":"https:\/\/gazetapernambucana.com\/index.php?rest_route=\/wp\/v2\/posts\/4705\/revisions\/4707"}],"wp:featuredmedia":[{"embeddable":true,"href":"https:\/\/gazetapernambucana.com\/index.php?rest_route=\/wp\/v2\/media\/4706"}],"wp:attachment":[{"href":"https:\/\/gazetapernambucana.com\/index.php?rest_route=%2Fwp%2Fv2%2Fmedia&parent=4705"}],"wp:term":[{"taxonomy":"category","embeddable":true,"href":"https:\/\/gazetapernambucana.com\/index.php?rest_route=%2Fwp%2Fv2%2Fcategories&post=4705"},{"taxonomy":"post_tag","embeddable":true,"href":"https:\/\/gazetapernambucana.com\/index.php?rest_route=%2Fwp%2Fv2%2Ftags&post=4705"}],"curies":[{"name":"wp","href":"https:\/\/api.w.org\/{rel}","templated":true}]}}