{"id":4702,"date":"2026-08-31T15:38:01","date_gmt":"2026-08-31T18:38:01","guid":{"rendered":"https:\/\/gazetapernambucana.com\/?p=4702"},"modified":"2026-08-31T15:38:01","modified_gmt":"2026-08-31T18:38:01","slug":"na-comunidade-do-bode-raquel-e-recebida-com-carinho-e-celebra-entregas-que-transformaram-a-vida-dos-moradores","status":"publish","type":"post","link":"https:\/\/gazetapernambucana.com\/?p=4702","title":{"rendered":"Na Comunidade do Bode, Raquel \u00e9 recebida com carinho e celebra entregas que transformaram a vida dos moradores"},"content":{"rendered":"<div id=\"post-body-8044143426539419133\" class=\"post-body entry-content\">\n<div>A Comunidade do Bode, no Pina, no Recife, recebeu calorosamente a governadora e candidata \u00e0 reelei\u00e7\u00e3o, Raquel Lyra (PSD), durante caminhada neste s\u00e1bado (29). Moradores e comerciantes agradeceram e celebraram a\u00e7\u00f5es feitas por Raquel na localidade, como as entregas de t\u00edtulo de propriedade dos im\u00f3veis e reformas nas casas atrav\u00e9s do programa Reforma no Lar. A caminhada reuniu uma multid\u00e3o com Raquel acompanhada da sua vice na chapa, Priscila Krause (PSD), e dos deputados federais e candidatos ao Senado, T\u00falio Gad\u00ealha (PSD) e Eduardo da Fonte (PP).<\/div>\n<p>\u201cUm agradecimento imenso a toda comunidade que abra\u00e7ou a mim e a Priscila desde o primeiro momento, quando muitos poucos acreditavam que duas mulheres pudessem chegar ao Governo de Pernambuco. A gente vai fazer nossa campanha com o cora\u00e7\u00e3o na m\u00e3o e voc\u00eas ser\u00e3o nossa voz para continuar trabalhando pelo nosso Estado, com a\u00e7\u00f5es que j\u00e1 realizamos aqui, como entrega de escrituras p\u00fablicas e reformas no lar\u201d, disse Raquel.<\/p>\n<p>Muitas a\u00e7\u00f5es na Comunidade do Bode j\u00e1 foram entregues por Raquel durante a gest\u00e3o, como t\u00edtulos de regulariza\u00e7\u00e3o fundi\u00e1ria de im\u00f3veis, casas reformadas com valor pago pelo governo estadual atrav\u00e9s do programa Reforma no Lar, e o espa\u00e7o comunit\u00e1rio do programa PE na Comunidade, iniciativa que leva atendimentos e orienta\u00e7\u00f5es sobre pol\u00edticas p\u00fablicas \u00e0 popula\u00e7\u00e3o.<\/p>\n<p>Acompanharam a caminhada os candidatos a deputado federal, Daniel Coelho, Doduel Varela e Nat\u00e1lia Costa; os candidatos a deputado estadual, Ni do Badoque, Manoel Medeiros e Professor Lup\u00e9rcio, e a prefeita de Olinda, Mirella Almeida.<\/p>\n<\/div>\n","protected":false},"excerpt":{"rendered":"<p>A Comunidade do Bode, no Pina, no Recife, recebeu calorosamente a governadora e candidata \u00e0 reelei\u00e7\u00e3o, Raquel Lyra (PSD), durante caminhada neste s\u00e1bado (29). Moradores e comerciantes agradeceram e celebraram a\u00e7\u00f5es feitas por Raquel na localidade, como as entregas de t\u00edtulo de propriedade dos im\u00f3veis e reformas nas casas atrav\u00e9s do programa Reforma no Lar. [&hellip;]<\/p>\n","protected":false},"author":1,"featured_media":4703,"comment_status":"open","ping_status":"open","sticky":false,"template":"","format":"standard","meta":{"footnotes":"","jetpack_publicize_message":"","jetpack_publicize_feature_enabled":true,"jetpack_social_post_already_shared":true,"jetpack_social_options":{"image_generator_settings":{"template":"highway","default_image_id":0,"font":"","enabled":false},"version":2}},"categories":[66,1,65],"tags":[],"class_list":["post-4702","post","type-post","status-publish","format-standard","has-post-thumbnail","hentry","category-cidades","category-https-gazetapernambucana-com-page_id225","category-politica"],"yoast_head":"<!-- This site is optimized with the Yoast SEO plugin v24.5 - https:\/\/yoast.com\/wordpress\/plugins\/seo\/ -->\n<title>Na Comunidade do Bode, Raquel \u00e9 recebida com carinho e celebra entregas que transformaram a vida dos moradores -<\/title>\n<meta name=\"robots\" content=\"index, follow, max-snippet:-1, max-image-preview:large, max-video-preview:-1\" \/>\n<link rel=\"canonical\" href=\"https:\/\/gazetapernambucana.com\/?p=4702\" \/>\n<meta property=\"og:locale\" content=\"pt_BR\" \/>\n<meta property=\"og:type\" content=\"article\" \/>\n<meta property=\"og:title\" content=\"Na Comunidade do Bode, Raquel \u00e9 recebida com carinho e celebra entregas que transformaram a vida dos moradores -\" \/>\n<meta property=\"og:description\" content=\"A Comunidade do Bode, no Pina, no Recife, recebeu calorosamente a governadora e candidata \u00e0 reelei\u00e7\u00e3o, Raquel Lyra (PSD), durante caminhada neste s\u00e1bado (29). Moradores e comerciantes agradeceram e celebraram a\u00e7\u00f5es feitas por Raquel na localidade, como as entregas de t\u00edtulo de propriedade dos im\u00f3veis e reformas nas casas atrav\u00e9s do programa Reforma no Lar. [&hellip;]\" \/>\n<meta property=\"og:url\" content=\"https:\/\/gazetapernambucana.com\/?p=4702\" \/>\n<meta property=\"article:published_time\" content=\"2026-08-31T18:38:01+00:00\" \/>\n<meta property=\"og:image\" content=\"http:\/\/gazetapernambucana.com\/wp-content\/uploads\/2026\/08\/image1788090314.jpg\" \/>\n\t<meta property=\"og:image:width\" content=\"512\" \/>\n\t<meta property=\"og:image:height\" content=\"640\" \/>\n\t<meta property=\"og:image:type\" content=\"image\/jpeg\" \/>\n<meta name=\"author\" content=\"GP\" \/>\n<meta name=\"twitter:card\" content=\"summary_large_image\" \/>\n<meta name=\"twitter:label1\" content=\"Escrito por\" \/>\n\t<meta name=\"twitter:data1\" content=\"GP\" \/>\n\t<meta name=\"twitter:label2\" content=\"Est. tempo de leitura\" \/>\n\t<meta name=\"twitter:data2\" content=\"2 minutos\" \/>\n<script type=\"application\/ld+json\" class=\"yoast-schema-graph\">{\"@context\":\"https:\/\/schema.org\",\"@graph\":[{\"@type\":\"WebPage\",\"@id\":\"https:\/\/gazetapernambucana.com\/?p=4702\",\"url\":\"https:\/\/gazetapernambucana.com\/?p=4702\",\"name\":\"Na Comunidade do Bode, Raquel \u00e9 recebida com carinho e celebra entregas que transformaram a vida dos moradores -\",\"isPartOf\":{\"@id\":\"https:\/\/gazetapernambucana.com\/#website\"},\"primaryImageOfPage\":{\"@id\":\"https:\/\/gazetapernambucana.com\/?p=4702#primaryimage\"},\"image\":{\"@id\":\"https:\/\/gazetapernambucana.com\/?p=4702#primaryimage\"},\"thumbnailUrl\":\"https:\/\/gazetapernambucana.com\/wp-content\/uploads\/2026\/08\/image1788090314.jpg\",\"datePublished\":\"2026-08-31T18:38:01+00:00\",\"author\":{\"@id\":\"https:\/\/gazetapernambucana.com\/#\/schema\/person\/188dc283325181ac2de4db1e9e987427\"},\"breadcrumb\":{\"@id\":\"https:\/\/gazetapernambucana.com\/?p=4702#breadcrumb\"},\"inLanguage\":\"pt-BR\",\"potentialAction\":[{\"@type\":\"ReadAction\",\"target\":[\"https:\/\/gazetapernambucana.com\/?p=4702\"]}]},{\"@type\":\"ImageObject\",\"inLanguage\":\"pt-BR\",\"@id\":\"https:\/\/gazetapernambucana.com\/?p=4702#primaryimage\",\"url\":\"https:\/\/gazetapernambucana.com\/wp-content\/uploads\/2026\/08\/image1788090314.jpg\",\"contentUrl\":\"https:\/\/gazetapernambucana.com\/wp-content\/uploads\/2026\/08\/image1788090314.jpg\",\"width\":512,\"height\":640},{\"@type\":\"BreadcrumbList\",\"@id\":\"https:\/\/gazetapernambucana.com\/?p=4702#breadcrumb\",\"itemListElement\":[{\"@type\":\"ListItem\",\"position\":1,\"name\":\"In\u00edcio\",\"item\":\"https:\/\/gazetapernambucana.com\/\"},{\"@type\":\"ListItem\",\"position\":2,\"name\":\"Na Comunidade do Bode, Raquel \u00e9 recebida com carinho e celebra entregas que transformaram a vida dos moradores\"}]},{\"@type\":\"WebSite\",\"@id\":\"https:\/\/gazetapernambucana.com\/#website\",\"url\":\"https:\/\/gazetapernambucana.com\/\",\"name\":\"\",\"description\":\"\",\"potentialAction\":[{\"@type\":\"SearchAction\",\"target\":{\"@type\":\"EntryPoint\",\"urlTemplate\":\"https:\/\/gazetapernambucana.com\/?s={search_term_string}\"},\"query-input\":{\"@type\":\"PropertyValueSpecification\",\"valueRequired\":true,\"valueName\":\"search_term_string\"}}],\"inLanguage\":\"pt-BR\"},{\"@type\":\"Person\",\"@id\":\"https:\/\/gazetapernambucana.com\/#\/schema\/person\/188dc283325181ac2de4db1e9e987427\",\"name\":\"GP\",\"image\":{\"@type\":\"ImageObject\",\"inLanguage\":\"pt-BR\",\"@id\":\"https:\/\/gazetapernambucana.com\/#\/schema\/person\/image\/\",\"url\":\"https:\/\/secure.gravatar.com\/avatar\/9dad78ff9a2d8b5742d11779f8a3f53b052320c550b2e1907882353c067bb111?s=96&d=mm&r=g\",\"contentUrl\":\"https:\/\/secure.gravatar.com\/avatar\/9dad78ff9a2d8b5742d11779f8a3f53b052320c550b2e1907882353c067bb111?s=96&d=mm&r=g\",\"caption\":\"GP\"},\"sameAs\":[\"http:\/\/gazetapernambucana.com\"],\"url\":\"https:\/\/gazetapernambucana.com\/?author=1\"}]}<\/script>\n<!-- \/ Yoast SEO plugin. -->","yoast_head_json":{"title":"Na Comunidade do Bode, Raquel \u00e9 recebida com carinho e celebra entregas que transformaram a vida dos moradores -","robots":{"index":"index","follow":"follow","max-snippet":"max-snippet:-1","max-image-preview":"max-image-preview:large","max-video-preview":"max-video-preview:-1"},"canonical":"https:\/\/gazetapernambucana.com\/?p=4702","og_locale":"pt_BR","og_type":"article","og_title":"Na Comunidade do Bode, Raquel \u00e9 recebida com carinho e celebra entregas que transformaram a vida dos moradores -","og_description":"A Comunidade do Bode, no Pina, no Recife, recebeu calorosamente a governadora e candidata \u00e0 reelei\u00e7\u00e3o, Raquel Lyra (PSD), durante caminhada neste s\u00e1bado (29). Moradores e comerciantes agradeceram e celebraram a\u00e7\u00f5es feitas por Raquel na localidade, como as entregas de t\u00edtulo de propriedade dos im\u00f3veis e reformas nas casas atrav\u00e9s do programa Reforma no Lar. [&hellip;]","og_url":"https:\/\/gazetapernambucana.com\/?p=4702","article_published_time":"2026-08-31T18:38:01+00:00","og_image":[{"width":512,"height":640,"url":"http:\/\/gazetapernambucana.com\/wp-content\/uploads\/2026\/08\/image1788090314.jpg","type":"image\/jpeg"}],"author":"GP","twitter_card":"summary_large_image","twitter_misc":{"Escrito por":"GP","Est. tempo de leitura":"2 minutos"},"schema":{"@context":"https:\/\/schema.org","@graph":[{"@type":"WebPage","@id":"https:\/\/gazetapernambucana.com\/?p=4702","url":"https:\/\/gazetapernambucana.com\/?p=4702","name":"Na Comunidade do Bode, Raquel \u00e9 recebida com carinho e celebra entregas que transformaram a vida dos moradores -","isPartOf":{"@id":"https:\/\/gazetapernambucana.com\/#website"},"primaryImageOfPage":{"@id":"https:\/\/gazetapernambucana.com\/?p=4702#primaryimage"},"image":{"@id":"https:\/\/gazetapernambucana.com\/?p=4702#primaryimage"},"thumbnailUrl":"https:\/\/gazetapernambucana.com\/wp-content\/uploads\/2026\/08\/image1788090314.jpg","datePublished":"2026-08-31T18:38:01+00:00","author":{"@id":"https:\/\/gazetapernambucana.com\/#\/schema\/person\/188dc283325181ac2de4db1e9e987427"},"breadcrumb":{"@id":"https:\/\/gazetapernambucana.com\/?p=4702#breadcrumb"},"inLanguage":"pt-BR","potentialAction":[{"@type":"ReadAction","target":["https:\/\/gazetapernambucana.com\/?p=4702"]}]},{"@type":"ImageObject","inLanguage":"pt-BR","@id":"https:\/\/gazetapernambucana.com\/?p=4702#primaryimage","url":"https:\/\/gazetapernambucana.com\/wp-content\/uploads\/2026\/08\/image1788090314.jpg","contentUrl":"https:\/\/gazetapernambucana.com\/wp-content\/uploads\/2026\/08\/image1788090314.jpg","width":512,"height":640},{"@type":"BreadcrumbList","@id":"https:\/\/gazetapernambucana.com\/?p=4702#breadcrumb","itemListElement":[{"@type":"ListItem","position":1,"name":"In\u00edcio","item":"https:\/\/gazetapernambucana.com\/"},{"@type":"ListItem","position":2,"name":"Na Comunidade do Bode, Raquel \u00e9 recebida com carinho e celebra entregas que transformaram a vida dos moradores"}]},{"@type":"WebSite","@id":"https:\/\/gazetapernambucana.com\/#website","url":"https:\/\/gazetapernambucana.com\/","name":"","description":"","potentialAction":[{"@type":"SearchAction","target":{"@type":"EntryPoint","urlTemplate":"https:\/\/gazetapernambucana.com\/?s={search_term_string}"},"query-input":{"@type":"PropertyValueSpecification","valueRequired":true,"valueName":"search_term_string"}}],"inLanguage":"pt-BR"},{"@type":"Person","@id":"https:\/\/gazetapernambucana.com\/#\/schema\/person\/188dc283325181ac2de4db1e9e987427","name":"GP","image":{"@type":"ImageObject","inLanguage":"pt-BR","@id":"https:\/\/gazetapernambucana.com\/#\/schema\/person\/image\/","url":"https:\/\/secure.gravatar.com\/avatar\/9dad78ff9a2d8b5742d11779f8a3f53b052320c550b2e1907882353c067bb111?s=96&d=mm&r=g","contentUrl":"https:\/\/secure.gravatar.com\/avatar\/9dad78ff9a2d8b5742d11779f8a3f53b052320c550b2e1907882353c067bb111?s=96&d=mm&r=g","caption":"GP"},"sameAs":["http:\/\/gazetapernambucana.com"],"url":"https:\/\/gazetapernambucana.com\/?author=1"}]}},"jetpack_publicize_connections":[],"_links":{"self":[{"href":"https:\/\/gazetapernambucana.com\/index.php?rest_route=\/wp\/v2\/posts\/4702","targetHints":{"allow":["GET"]}}],"collection":[{"href":"https:\/\/gazetapernambucana.com\/index.php?rest_route=\/wp\/v2\/posts"}],"about":[{"href":"https:\/\/gazetapernambucana.com\/index.php?rest_route=\/wp\/v2\/types\/post"}],"author":[{"embeddable":true,"href":"https:\/\/gazetapernambucana.com\/index.php?rest_route=\/wp\/v2\/users\/1"}],"replies":[{"embeddable":true,"href":"https:\/\/gazetapernambucana.com\/index.php?rest_route=%2Fwp%2Fv2%2Fcomments&post=4702"}],"version-history":[{"count":1,"href":"https:\/\/gazetapernambucana.com\/index.php?rest_route=\/wp\/v2\/posts\/4702\/revisions"}],"predecessor-version":[{"id":4704,"href":"https:\/\/gazetapernambucana.com\/index.php?rest_route=\/wp\/v2\/posts\/4702\/revisions\/4704"}],"wp:featuredmedia":[{"embeddable":true,"href":"https:\/\/gazetapernambucana.com\/index.php?rest_route=\/wp\/v2\/media\/4703"}],"wp:attachment":[{"href":"https:\/\/gazetapernambucana.com\/index.php?rest_route=%2Fwp%2Fv2%2Fmedia&parent=4702"}],"wp:term":[{"taxonomy":"category","embeddable":true,"href":"https:\/\/gazetapernambucana.com\/index.php?rest_route=%2Fwp%2Fv2%2Fcategories&post=4702"},{"taxonomy":"post_tag","embeddable":true,"href":"https:\/\/gazetapernambucana.com\/index.php?rest_route=%2Fwp%2Fv2%2Ftags&post=4702"}],"curies":[{"name":"wp","href":"https:\/\/api.w.org\/{rel}","templated":true}]}}