{"id":4696,"date":"2026-08-31T00:06:18","date_gmt":"2026-08-31T03:06:18","guid":{"rendered":"https:\/\/gazetapernambucana.com\/?p=4696"},"modified":"2026-08-31T00:23:05","modified_gmt":"2026-08-31T03:23:05","slug":"a-dor-que-nao-se-cala-tulio-gadelha-se-solidariza-com-raquel-lyra-diante-de-cartazes-que-reabrem-o-luto","status":"publish","type":"post","link":"https:\/\/gazetapernambucana.com\/?p=4696","title":{"rendered":"A dor que n\u00e3o se cala: T\u00falio Gad\u00ealha se solidariza com Raquel Lyra diante de cartazes que reabrem o luto"},"content":{"rendered":"<p dir=\"ltr\">Existem dores que a pol\u00edtica insiste em n\u00e3o deixar cicatrizar, e foi diante de uma delas que o candidato ao Senado T\u00falio Gad\u00ealha (PSD) tomou a palavra neste domingo (30), em Palmares, na Mata Sul de Pernambuco. Cartazes ap\u00f3crifos, espalhados sem assinatura pelas ruas do Recife, voltaram a explorar a mem\u00f3ria do empres\u00e1rio Fernando Lucena, marido da governadora Raquel Lyra (PSD), morto em 2022, aos 44 anos, na v\u00e9spera do primeiro turno daquela elei\u00e7\u00e3o, v\u00edtima de um infarto que interrompeu abruptamente uma vida e reabriu, agora, uma ferida que jamais deveria ter sido tocada por m\u00e3os an\u00f4nimas.<\/p>\n<p dir=\"ltr\">Do palanque, em meio \u00e0 caminhada que reunia lideran\u00e7as da regi\u00e3o, T\u00falio n\u00e3o hesitou em cravar posi\u00e7\u00e3o. Com a voz de quem reconhece na crueldade alheia um padr\u00e3o j\u00e1 visto, disse: &#8220;Eu gostaria de me solidarizar a voc\u00ea, Raquel. Esses que te atacam, a gente sabe o que fizeram em outras elei\u00e7\u00f5es. Voc\u00ea vai al\u00e9m disso, \u00e9 um exemplo pra Pernambuco.&#8221; A frase, curta e direta, carregava o peso de quem escolhe nomear o gesto sem rodeios, n\u00e3o uma cr\u00edtica pol\u00edtica qualquer, mas um ato de lealdade humana diante de um sofrimento que extrapola qualquer disputa de votos.<\/p>\n<p dir=\"ltr\">Na sequ\u00eancia, o parlamentar foi al\u00e9m do gesto de conforto e apontou para a dimens\u00e3o simb\u00f3lica da trajet\u00f3ria de Raquel, capaz, segundo ele, de atravessar recortes de g\u00eanero e gera\u00e7\u00e3o: &#8220;Sua for\u00e7a n\u00e3o inspira s\u00f3 as mulheres, inspira homens na pol\u00edtica, inspira jovens. Voc\u00ea olha pro futuro de um povo trabalhador que merece uma mulher s\u00e9ria no governo do nosso estado.&#8221; Nessas palavras, a solidariedade se converte em reconhecimento, o de uma lideran\u00e7a que, mesmo golpeada onde mais d\u00f3i, segue de p\u00e9 perante o eleitorado.<\/p>\n<p dir=\"ltr\">A pr\u00f3pria Raquel, horas depois, reagiu em v\u00eddeo publicado nas redes sociais, com a voz embargada de quem viu reaberto, em pra\u00e7a p\u00fablica, aquilo que s\u00f3 deveria pertencer \u00e0 intimidade do luto. Contou ter se deparado com as imagens dos cartazes bem quando sa\u00eda para a agenda na Mata Sul, e pediu, num apelo que ultrapassava qualquer linguagem de campanha: &#8220;Respeite minha fam\u00edlia, respeite meus filhos, respeite quem n\u00e3o est\u00e1 mais aqui, respeite minha dor.&#8221; N\u00e3o foi um discurso pol\u00edtico, foi o brado de uma mulher que pede, simplesmente, que a deixem chorar em paz o marido que perdeu.<\/p>\n<p dir=\"ltr\">Entre a fala de T\u00falio em Palmares e o v\u00eddeo de Raquel nas redes, desenha-se um mesmo fio: o de uma solidariedade que n\u00e3o se contenta em ser gesto protocolar, mas que se ergue como resposta \u00e0 tentativa de transformar a perda em instrumento, devolvendo \u00e0 dor o lugar que os cartazes an\u00f4nimos tentaram lhe roubar, o da dignidade.<\/p>\n<p dir=\"ltr\"><strong>V\u00cdDEO:<\/strong><\/p>\n<div style=\"width: 640px;\" class=\"wp-video\"><video class=\"wp-video-shortcode\" id=\"video-4696-1\" width=\"640\" height=\"1138\" preload=\"metadata\" controls=\"controls\"><source type=\"video\/mp4\" src=\"http:\/\/gazetapernambucana.com\/wp-content\/uploads\/2026\/08\/SnapInsta.to_AQMIeACeLL8DLzB_lfoMk3uX7tpprm1WYa-x4mlw8fw4GmELYSvJ5LS_igEn1t2GkCISH7urnlJmCdRp-lz9vnpIewtQymOp_tZoMvA-1.mp4?_=1\" \/><a href=\"http:\/\/gazetapernambucana.com\/wp-content\/uploads\/2026\/08\/SnapInsta.to_AQMIeACeLL8DLzB_lfoMk3uX7tpprm1WYa-x4mlw8fw4GmELYSvJ5LS_igEn1t2GkCISH7urnlJmCdRp-lz9vnpIewtQymOp_tZoMvA-1.mp4\">http:\/\/gazetapernambucana.com\/wp-content\/uploads\/2026\/08\/SnapInsta.to_AQMIeACeLL8DLzB_lfoMk3uX7tpprm1WYa-x4mlw8fw4GmELYSvJ5LS_igEn1t2GkCISH7urnlJmCdRp-lz9vnpIewtQymOp_tZoMvA-1.mp4<\/a><\/video><\/div>\n","protected":false},"excerpt":{"rendered":"<p>Existem dores que a pol\u00edtica insiste em n\u00e3o deixar cicatrizar, e foi diante de uma delas que o candidato ao Senado T\u00falio Gad\u00ealha (PSD) tomou a palavra neste domingo (30), em Palmares, na Mata Sul de Pernambuco. Cartazes ap\u00f3crifos, espalhados sem assinatura pelas ruas do Recife, voltaram a explorar a mem\u00f3ria do empres\u00e1rio Fernando Lucena, [&hellip;]<\/p>\n","protected":false},"author":1,"featured_media":4699,"comment_status":"open","ping_status":"open","sticky":false,"template":"","format":"standard","meta":{"footnotes":"","jetpack_publicize_message":"","jetpack_publicize_feature_enabled":true,"jetpack_social_post_already_shared":true,"jetpack_social_options":{"image_generator_settings":{"template":"highway","default_image_id":0,"font":"","enabled":false},"version":2}},"categories":[66,1,65],"tags":[],"class_list":["post-4696","post","type-post","status-publish","format-standard","has-post-thumbnail","hentry","category-cidades","category-https-gazetapernambucana-com-page_id225","category-politica"],"yoast_head":"<!-- This site is optimized with the Yoast SEO plugin v24.5 - https:\/\/yoast.com\/wordpress\/plugins\/seo\/ -->\n<title>A dor que n\u00e3o se cala: T\u00falio Gad\u00ealha se solidariza com Raquel Lyra diante de cartazes que reabrem o luto -<\/title>\n<meta name=\"robots\" content=\"index, follow, max-snippet:-1, max-image-preview:large, max-video-preview:-1\" \/>\n<link rel=\"canonical\" href=\"https:\/\/gazetapernambucana.com\/?p=4696\" \/>\n<meta property=\"og:locale\" content=\"pt_BR\" \/>\n<meta property=\"og:type\" content=\"article\" \/>\n<meta property=\"og:title\" content=\"A dor que n\u00e3o se cala: T\u00falio Gad\u00ealha se solidariza com Raquel Lyra diante de cartazes que reabrem o luto -\" \/>\n<meta property=\"og:description\" content=\"Existem dores que a pol\u00edtica insiste em n\u00e3o deixar cicatrizar, e foi diante de uma delas que o candidato ao Senado T\u00falio Gad\u00ealha (PSD) tomou a palavra neste domingo (30), em Palmares, na Mata Sul de Pernambuco. Cartazes ap\u00f3crifos, espalhados sem assinatura pelas ruas do Recife, voltaram a explorar a mem\u00f3ria do empres\u00e1rio Fernando Lucena, [&hellip;]\" \/>\n<meta property=\"og:url\" content=\"https:\/\/gazetapernambucana.com\/?p=4696\" \/>\n<meta property=\"article:published_time\" content=\"2026-08-31T03:06:18+00:00\" \/>\n<meta property=\"article:modified_time\" content=\"2026-08-31T03:23:05+00:00\" \/>\n<meta property=\"og:image\" content=\"https:\/\/gazetapernambucana.com\/wp-content\/uploads\/2026\/08\/download-17.jpg\" \/>\n\t<meta property=\"og:image:width\" content=\"720\" \/>\n\t<meta property=\"og:image:height\" content=\"1061\" \/>\n\t<meta property=\"og:image:type\" content=\"image\/jpeg\" \/>\n<meta name=\"author\" content=\"GP\" \/>\n<meta name=\"twitter:card\" content=\"summary_large_image\" \/>\n<meta name=\"twitter:label1\" content=\"Escrito por\" \/>\n\t<meta name=\"twitter:data1\" content=\"GP\" \/>\n\t<meta name=\"twitter:label2\" content=\"Est. tempo de leitura\" \/>\n\t<meta name=\"twitter:data2\" content=\"3 minutos\" \/>\n<script type=\"application\/ld+json\" class=\"yoast-schema-graph\">{\"@context\":\"https:\/\/schema.org\",\"@graph\":[{\"@type\":\"WebPage\",\"@id\":\"https:\/\/gazetapernambucana.com\/?p=4696\",\"url\":\"https:\/\/gazetapernambucana.com\/?p=4696\",\"name\":\"A dor que n\u00e3o se cala: T\u00falio Gad\u00ealha se solidariza com Raquel Lyra diante de cartazes que reabrem o luto -\",\"isPartOf\":{\"@id\":\"https:\/\/gazetapernambucana.com\/#website\"},\"primaryImageOfPage\":{\"@id\":\"https:\/\/gazetapernambucana.com\/?p=4696#primaryimage\"},\"image\":{\"@id\":\"https:\/\/gazetapernambucana.com\/?p=4696#primaryimage\"},\"thumbnailUrl\":\"https:\/\/gazetapernambucana.com\/wp-content\/uploads\/2026\/08\/download-17.jpg\",\"datePublished\":\"2026-08-31T03:06:18+00:00\",\"dateModified\":\"2026-08-31T03:23:05+00:00\",\"author\":{\"@id\":\"https:\/\/gazetapernambucana.com\/#\/schema\/person\/188dc283325181ac2de4db1e9e987427\"},\"breadcrumb\":{\"@id\":\"https:\/\/gazetapernambucana.com\/?p=4696#breadcrumb\"},\"inLanguage\":\"pt-BR\",\"potentialAction\":[{\"@type\":\"ReadAction\",\"target\":[\"https:\/\/gazetapernambucana.com\/?p=4696\"]}]},{\"@type\":\"ImageObject\",\"inLanguage\":\"pt-BR\",\"@id\":\"https:\/\/gazetapernambucana.com\/?p=4696#primaryimage\",\"url\":\"https:\/\/gazetapernambucana.com\/wp-content\/uploads\/2026\/08\/download-17.jpg\",\"contentUrl\":\"https:\/\/gazetapernambucana.com\/wp-content\/uploads\/2026\/08\/download-17.jpg\",\"width\":720,\"height\":1061},{\"@type\":\"BreadcrumbList\",\"@id\":\"https:\/\/gazetapernambucana.com\/?p=4696#breadcrumb\",\"itemListElement\":[{\"@type\":\"ListItem\",\"position\":1,\"name\":\"In\u00edcio\",\"item\":\"https:\/\/gazetapernambucana.com\/\"},{\"@type\":\"ListItem\",\"position\":2,\"name\":\"A dor que n\u00e3o se cala: T\u00falio Gad\u00ealha se solidariza com Raquel Lyra diante de cartazes que reabrem o luto\"}]},{\"@type\":\"WebSite\",\"@id\":\"https:\/\/gazetapernambucana.com\/#website\",\"url\":\"https:\/\/gazetapernambucana.com\/\",\"name\":\"\",\"description\":\"\",\"potentialAction\":[{\"@type\":\"SearchAction\",\"target\":{\"@type\":\"EntryPoint\",\"urlTemplate\":\"https:\/\/gazetapernambucana.com\/?s={search_term_string}\"},\"query-input\":{\"@type\":\"PropertyValueSpecification\",\"valueRequired\":true,\"valueName\":\"search_term_string\"}}],\"inLanguage\":\"pt-BR\"},{\"@type\":\"Person\",\"@id\":\"https:\/\/gazetapernambucana.com\/#\/schema\/person\/188dc283325181ac2de4db1e9e987427\",\"name\":\"GP\",\"image\":{\"@type\":\"ImageObject\",\"inLanguage\":\"pt-BR\",\"@id\":\"https:\/\/gazetapernambucana.com\/#\/schema\/person\/image\/\",\"url\":\"https:\/\/secure.gravatar.com\/avatar\/9dad78ff9a2d8b5742d11779f8a3f53b052320c550b2e1907882353c067bb111?s=96&d=mm&r=g\",\"contentUrl\":\"https:\/\/secure.gravatar.com\/avatar\/9dad78ff9a2d8b5742d11779f8a3f53b052320c550b2e1907882353c067bb111?s=96&d=mm&r=g\",\"caption\":\"GP\"},\"sameAs\":[\"http:\/\/gazetapernambucana.com\"],\"url\":\"https:\/\/gazetapernambucana.com\/?author=1\"}]}<\/script>\n<!-- \/ Yoast SEO plugin. -->","yoast_head_json":{"title":"A dor que n\u00e3o se cala: T\u00falio Gad\u00ealha se solidariza com Raquel Lyra diante de cartazes que reabrem o luto -","robots":{"index":"index","follow":"follow","max-snippet":"max-snippet:-1","max-image-preview":"max-image-preview:large","max-video-preview":"max-video-preview:-1"},"canonical":"https:\/\/gazetapernambucana.com\/?p=4696","og_locale":"pt_BR","og_type":"article","og_title":"A dor que n\u00e3o se cala: T\u00falio Gad\u00ealha se solidariza com Raquel Lyra diante de cartazes que reabrem o luto -","og_description":"Existem dores que a pol\u00edtica insiste em n\u00e3o deixar cicatrizar, e foi diante de uma delas que o candidato ao Senado T\u00falio Gad\u00ealha (PSD) tomou a palavra neste domingo (30), em Palmares, na Mata Sul de Pernambuco. Cartazes ap\u00f3crifos, espalhados sem assinatura pelas ruas do Recife, voltaram a explorar a mem\u00f3ria do empres\u00e1rio Fernando Lucena, [&hellip;]","og_url":"https:\/\/gazetapernambucana.com\/?p=4696","article_published_time":"2026-08-31T03:06:18+00:00","article_modified_time":"2026-08-31T03:23:05+00:00","og_image":[{"width":720,"height":1061,"url":"https:\/\/gazetapernambucana.com\/wp-content\/uploads\/2026\/08\/download-17.jpg","type":"image\/jpeg"}],"author":"GP","twitter_card":"summary_large_image","twitter_misc":{"Escrito por":"GP","Est. tempo de leitura":"3 minutos"},"schema":{"@context":"https:\/\/schema.org","@graph":[{"@type":"WebPage","@id":"https:\/\/gazetapernambucana.com\/?p=4696","url":"https:\/\/gazetapernambucana.com\/?p=4696","name":"A dor que n\u00e3o se cala: T\u00falio Gad\u00ealha se solidariza com Raquel Lyra diante de cartazes que reabrem o luto -","isPartOf":{"@id":"https:\/\/gazetapernambucana.com\/#website"},"primaryImageOfPage":{"@id":"https:\/\/gazetapernambucana.com\/?p=4696#primaryimage"},"image":{"@id":"https:\/\/gazetapernambucana.com\/?p=4696#primaryimage"},"thumbnailUrl":"https:\/\/gazetapernambucana.com\/wp-content\/uploads\/2026\/08\/download-17.jpg","datePublished":"2026-08-31T03:06:18+00:00","dateModified":"2026-08-31T03:23:05+00:00","author":{"@id":"https:\/\/gazetapernambucana.com\/#\/schema\/person\/188dc283325181ac2de4db1e9e987427"},"breadcrumb":{"@id":"https:\/\/gazetapernambucana.com\/?p=4696#breadcrumb"},"inLanguage":"pt-BR","potentialAction":[{"@type":"ReadAction","target":["https:\/\/gazetapernambucana.com\/?p=4696"]}]},{"@type":"ImageObject","inLanguage":"pt-BR","@id":"https:\/\/gazetapernambucana.com\/?p=4696#primaryimage","url":"https:\/\/gazetapernambucana.com\/wp-content\/uploads\/2026\/08\/download-17.jpg","contentUrl":"https:\/\/gazetapernambucana.com\/wp-content\/uploads\/2026\/08\/download-17.jpg","width":720,"height":1061},{"@type":"BreadcrumbList","@id":"https:\/\/gazetapernambucana.com\/?p=4696#breadcrumb","itemListElement":[{"@type":"ListItem","position":1,"name":"In\u00edcio","item":"https:\/\/gazetapernambucana.com\/"},{"@type":"ListItem","position":2,"name":"A dor que n\u00e3o se cala: T\u00falio Gad\u00ealha se solidariza com Raquel Lyra diante de cartazes que reabrem o luto"}]},{"@type":"WebSite","@id":"https:\/\/gazetapernambucana.com\/#website","url":"https:\/\/gazetapernambucana.com\/","name":"","description":"","potentialAction":[{"@type":"SearchAction","target":{"@type":"EntryPoint","urlTemplate":"https:\/\/gazetapernambucana.com\/?s={search_term_string}"},"query-input":{"@type":"PropertyValueSpecification","valueRequired":true,"valueName":"search_term_string"}}],"inLanguage":"pt-BR"},{"@type":"Person","@id":"https:\/\/gazetapernambucana.com\/#\/schema\/person\/188dc283325181ac2de4db1e9e987427","name":"GP","image":{"@type":"ImageObject","inLanguage":"pt-BR","@id":"https:\/\/gazetapernambucana.com\/#\/schema\/person\/image\/","url":"https:\/\/secure.gravatar.com\/avatar\/9dad78ff9a2d8b5742d11779f8a3f53b052320c550b2e1907882353c067bb111?s=96&d=mm&r=g","contentUrl":"https:\/\/secure.gravatar.com\/avatar\/9dad78ff9a2d8b5742d11779f8a3f53b052320c550b2e1907882353c067bb111?s=96&d=mm&r=g","caption":"GP"},"sameAs":["http:\/\/gazetapernambucana.com"],"url":"https:\/\/gazetapernambucana.com\/?author=1"}]}},"jetpack_publicize_connections":[],"_links":{"self":[{"href":"https:\/\/gazetapernambucana.com\/index.php?rest_route=\/wp\/v2\/posts\/4696","targetHints":{"allow":["GET"]}}],"collection":[{"href":"https:\/\/gazetapernambucana.com\/index.php?rest_route=\/wp\/v2\/posts"}],"about":[{"href":"https:\/\/gazetapernambucana.com\/index.php?rest_route=\/wp\/v2\/types\/post"}],"author":[{"embeddable":true,"href":"https:\/\/gazetapernambucana.com\/index.php?rest_route=\/wp\/v2\/users\/1"}],"replies":[{"embeddable":true,"href":"https:\/\/gazetapernambucana.com\/index.php?rest_route=%2Fwp%2Fv2%2Fcomments&post=4696"}],"version-history":[{"count":3,"href":"https:\/\/gazetapernambucana.com\/index.php?rest_route=\/wp\/v2\/posts\/4696\/revisions"}],"predecessor-version":[{"id":4701,"href":"https:\/\/gazetapernambucana.com\/index.php?rest_route=\/wp\/v2\/posts\/4696\/revisions\/4701"}],"wp:featuredmedia":[{"embeddable":true,"href":"https:\/\/gazetapernambucana.com\/index.php?rest_route=\/wp\/v2\/media\/4699"}],"wp:attachment":[{"href":"https:\/\/gazetapernambucana.com\/index.php?rest_route=%2Fwp%2Fv2%2Fmedia&parent=4696"}],"wp:term":[{"taxonomy":"category","embeddable":true,"href":"https:\/\/gazetapernambucana.com\/index.php?rest_route=%2Fwp%2Fv2%2Fcategories&post=4696"},{"taxonomy":"post_tag","embeddable":true,"href":"https:\/\/gazetapernambucana.com\/index.php?rest_route=%2Fwp%2Fv2%2Ftags&post=4696"}],"curies":[{"name":"wp","href":"https:\/\/api.w.org\/{rel}","templated":true}]}}