{"id":4687,"date":"2026-08-29T20:02:37","date_gmt":"2026-08-29T23:02:37","guid":{"rendered":"https:\/\/gazetapernambucana.com\/?p=4687"},"modified":"2026-08-29T20:02:37","modified_gmt":"2026-08-29T23:02:37","slug":"multipla-raquel-lyra-lidera-no-interior-e-praticamente-empata-com-joao-campos-na-regiao-metropolitana","status":"publish","type":"post","link":"https:\/\/gazetapernambucana.com\/?p=4687","title":{"rendered":"M\u00faltipla: Raquel Lyra lidera no interior e praticamente empata com Jo\u00e3o Campos na Regi\u00e3o Metropolitana"},"content":{"rendered":"<div>\u00a0A primeira pesquisa do Instituto M\u00faltipla, em parceria com o Portal do Ricardo Antunes, apresenta recortes regionais sobre a prefer\u00eancia do eleitorado para a disputa pelo Governo de Pernambuco. No cen\u00e1rio geral, a governadora Raquel Lyra (PSD) aparece na lideran\u00e7a, com 43% das inten\u00e7\u00f5es de voto, enquanto o ex-prefeito do Recife Jo\u00e3o Campos (PSB) soma 37%.<\/div>\n<p>Os n\u00fameros mostram que a vantagem de Raquel Lyra \u00e9 impulsionada principalmente pelo desempenho da governadora no interior do Estado. No Agreste, Raquel alcan\u00e7a 55%, contra 27% de Jo\u00e3o Campos, uma diferen\u00e7a de 28 pontos percentuais.<\/p>\n<p>Na Zona da Mata, regi\u00e3o marcada historicamente pela for\u00e7a pol\u00edtica ligada ao arraesismo, a governadora tamb\u00e9m aparece \u00e0 frente. Raquel registra 49%, enquanto Jo\u00e3o Campos chega a 35%.<\/p>\n<p>No Sert\u00e3o, a disputa aparece mais equilibrada. Raquel Lyra tem 40% das inten\u00e7\u00f5es de voto, contra 36% de Jo\u00e3o Campos. Na regi\u00e3o, outros candidatos somam 6%.<\/p>\n<p>Jo\u00e3o Campos tem vantagem expressiva no Recife<\/p>\n<p>O principal reduto eleitoral de Jo\u00e3o Campos \u00e9 o Recife, onde o socialista foi prefeito entre 2021 e 2026. Na capital pernambucana, ele aparece com 51% das inten\u00e7\u00f5es de voto, enquanto Raquel Lyra registra 32%.<\/p>\n<p>O resultado aponta para uma forte vantagem do ex-prefeito na capital, que pode representar um dos principais trunfos de sua estrat\u00e9gia eleitoral para a disputa estadual.<\/p>\n<p>J\u00e1 nos demais munic\u00edpios da Regi\u00e3o Metropolitana do Recife, excluindo a capital, a diferen\u00e7a \u00e9 bem menor. Jo\u00e3o Campos aparece com 40%, contra 38% de Raquel Lyra, configurando um cen\u00e1rio de empate t\u00e9cnico dentro da margem de erro.<\/p>\n<p>Pesquisa ouviu 900 eleitores<\/p>\n<p>O levantamento do Instituto M\u00faltipla ouviu 900 eleitores pernambucanos entre os dias 22 e 24 de agosto. A pesquisa tem margem de erro de 3,3 pontos percentuais e grau de confian\u00e7a de 95%.<\/p>\n<p>O levantamento foi registrado na Justi\u00e7a Eleitoral sob o n\u00famero PE-01370\/2026.<\/p>\n<p>Os dados regionais mostram, portanto, uma disputa marcada por cen\u00e1rios distintos: Raquel Lyra consolida vantagem no interior, enquanto Jo\u00e3o Campos mant\u00e9m forte lideran\u00e7a no Recife e disputa ponto a ponto com a governadora nos demais munic\u00edpios da Regi\u00e3o Metropolitana.<\/p>\n","protected":false},"excerpt":{"rendered":"<p>\u00a0A primeira pesquisa do Instituto M\u00faltipla, em parceria com o Portal do Ricardo Antunes, apresenta recortes regionais sobre a prefer\u00eancia do eleitorado para a disputa pelo Governo de Pernambuco. No cen\u00e1rio geral, a governadora Raquel Lyra (PSD) aparece na lideran\u00e7a, com 43% das inten\u00e7\u00f5es de voto, enquanto o ex-prefeito do Recife Jo\u00e3o Campos (PSB) soma [&hellip;]<\/p>\n","protected":false},"author":1,"featured_media":4688,"comment_status":"open","ping_status":"open","sticky":false,"template":"","format":"standard","meta":{"footnotes":"","jetpack_publicize_message":"","jetpack_publicize_feature_enabled":true,"jetpack_social_post_already_shared":true,"jetpack_social_options":{"image_generator_settings":{"template":"highway","default_image_id":0,"font":"","enabled":false},"version":2}},"categories":[66,1,65],"tags":[],"class_list":["post-4687","post","type-post","status-publish","format-standard","has-post-thumbnail","hentry","category-cidades","category-https-gazetapernambucana-com-page_id225","category-politica"],"yoast_head":"<!-- This site is optimized with the Yoast SEO plugin v24.5 - https:\/\/yoast.com\/wordpress\/plugins\/seo\/ -->\n<title>M\u00faltipla: Raquel Lyra lidera no interior e praticamente empata com Jo\u00e3o Campos na Regi\u00e3o Metropolitana -<\/title>\n<meta name=\"robots\" content=\"index, follow, max-snippet:-1, max-image-preview:large, max-video-preview:-1\" \/>\n<link rel=\"canonical\" href=\"https:\/\/gazetapernambucana.com\/?p=4687\" \/>\n<meta property=\"og:locale\" content=\"pt_BR\" \/>\n<meta property=\"og:type\" content=\"article\" \/>\n<meta property=\"og:title\" content=\"M\u00faltipla: Raquel Lyra lidera no interior e praticamente empata com Jo\u00e3o Campos na Regi\u00e3o Metropolitana -\" \/>\n<meta property=\"og:description\" content=\"\u00a0A primeira pesquisa do Instituto M\u00faltipla, em parceria com o Portal do Ricardo Antunes, apresenta recortes regionais sobre a prefer\u00eancia do eleitorado para a disputa pelo Governo de Pernambuco. No cen\u00e1rio geral, a governadora Raquel Lyra (PSD) aparece na lideran\u00e7a, com 43% das inten\u00e7\u00f5es de voto, enquanto o ex-prefeito do Recife Jo\u00e3o Campos (PSB) soma [&hellip;]\" \/>\n<meta property=\"og:url\" content=\"https:\/\/gazetapernambucana.com\/?p=4687\" \/>\n<meta property=\"article:published_time\" content=\"2026-08-29T23:02:37+00:00\" \/>\n<meta property=\"og:image\" content=\"https:\/\/gazetapernambucana.com\/wp-content\/uploads\/2026\/08\/4bb924e5-raquel-lyra2.jpg\" \/>\n\t<meta property=\"og:image:width\" content=\"900\" \/>\n\t<meta property=\"og:image:height\" content=\"900\" \/>\n\t<meta property=\"og:image:type\" content=\"image\/jpeg\" \/>\n<meta name=\"author\" content=\"GP\" \/>\n<meta name=\"twitter:card\" content=\"summary_large_image\" \/>\n<meta name=\"twitter:label1\" content=\"Escrito por\" \/>\n\t<meta name=\"twitter:data1\" content=\"GP\" \/>\n\t<meta name=\"twitter:label2\" content=\"Est. tempo de leitura\" \/>\n\t<meta name=\"twitter:data2\" content=\"3 minutos\" \/>\n<script type=\"application\/ld+json\" class=\"yoast-schema-graph\">{\"@context\":\"https:\/\/schema.org\",\"@graph\":[{\"@type\":\"WebPage\",\"@id\":\"https:\/\/gazetapernambucana.com\/?p=4687\",\"url\":\"https:\/\/gazetapernambucana.com\/?p=4687\",\"name\":\"M\u00faltipla: Raquel Lyra lidera no interior e praticamente empata com Jo\u00e3o Campos na Regi\u00e3o Metropolitana -\",\"isPartOf\":{\"@id\":\"https:\/\/gazetapernambucana.com\/#website\"},\"primaryImageOfPage\":{\"@id\":\"https:\/\/gazetapernambucana.com\/?p=4687#primaryimage\"},\"image\":{\"@id\":\"https:\/\/gazetapernambucana.com\/?p=4687#primaryimage\"},\"thumbnailUrl\":\"https:\/\/gazetapernambucana.com\/wp-content\/uploads\/2026\/08\/4bb924e5-raquel-lyra2.jpg\",\"datePublished\":\"2026-08-29T23:02:37+00:00\",\"author\":{\"@id\":\"https:\/\/gazetapernambucana.com\/#\/schema\/person\/188dc283325181ac2de4db1e9e987427\"},\"breadcrumb\":{\"@id\":\"https:\/\/gazetapernambucana.com\/?p=4687#breadcrumb\"},\"inLanguage\":\"pt-BR\",\"potentialAction\":[{\"@type\":\"ReadAction\",\"target\":[\"https:\/\/gazetapernambucana.com\/?p=4687\"]}]},{\"@type\":\"ImageObject\",\"inLanguage\":\"pt-BR\",\"@id\":\"https:\/\/gazetapernambucana.com\/?p=4687#primaryimage\",\"url\":\"https:\/\/gazetapernambucana.com\/wp-content\/uploads\/2026\/08\/4bb924e5-raquel-lyra2.jpg\",\"contentUrl\":\"https:\/\/gazetapernambucana.com\/wp-content\/uploads\/2026\/08\/4bb924e5-raquel-lyra2.jpg\",\"width\":900,\"height\":900},{\"@type\":\"BreadcrumbList\",\"@id\":\"https:\/\/gazetapernambucana.com\/?p=4687#breadcrumb\",\"itemListElement\":[{\"@type\":\"ListItem\",\"position\":1,\"name\":\"In\u00edcio\",\"item\":\"https:\/\/gazetapernambucana.com\/\"},{\"@type\":\"ListItem\",\"position\":2,\"name\":\"M\u00faltipla: Raquel Lyra lidera no interior e praticamente empata com Jo\u00e3o Campos na Regi\u00e3o Metropolitana\"}]},{\"@type\":\"WebSite\",\"@id\":\"https:\/\/gazetapernambucana.com\/#website\",\"url\":\"https:\/\/gazetapernambucana.com\/\",\"name\":\"\",\"description\":\"\",\"potentialAction\":[{\"@type\":\"SearchAction\",\"target\":{\"@type\":\"EntryPoint\",\"urlTemplate\":\"https:\/\/gazetapernambucana.com\/?s={search_term_string}\"},\"query-input\":{\"@type\":\"PropertyValueSpecification\",\"valueRequired\":true,\"valueName\":\"search_term_string\"}}],\"inLanguage\":\"pt-BR\"},{\"@type\":\"Person\",\"@id\":\"https:\/\/gazetapernambucana.com\/#\/schema\/person\/188dc283325181ac2de4db1e9e987427\",\"name\":\"GP\",\"image\":{\"@type\":\"ImageObject\",\"inLanguage\":\"pt-BR\",\"@id\":\"https:\/\/gazetapernambucana.com\/#\/schema\/person\/image\/\",\"url\":\"https:\/\/secure.gravatar.com\/avatar\/9dad78ff9a2d8b5742d11779f8a3f53b052320c550b2e1907882353c067bb111?s=96&d=mm&r=g\",\"contentUrl\":\"https:\/\/secure.gravatar.com\/avatar\/9dad78ff9a2d8b5742d11779f8a3f53b052320c550b2e1907882353c067bb111?s=96&d=mm&r=g\",\"caption\":\"GP\"},\"sameAs\":[\"http:\/\/gazetapernambucana.com\"],\"url\":\"https:\/\/gazetapernambucana.com\/?author=1\"}]}<\/script>\n<!-- \/ Yoast SEO plugin. -->","yoast_head_json":{"title":"M\u00faltipla: Raquel Lyra lidera no interior e praticamente empata com Jo\u00e3o Campos na Regi\u00e3o Metropolitana -","robots":{"index":"index","follow":"follow","max-snippet":"max-snippet:-1","max-image-preview":"max-image-preview:large","max-video-preview":"max-video-preview:-1"},"canonical":"https:\/\/gazetapernambucana.com\/?p=4687","og_locale":"pt_BR","og_type":"article","og_title":"M\u00faltipla: Raquel Lyra lidera no interior e praticamente empata com Jo\u00e3o Campos na Regi\u00e3o Metropolitana -","og_description":"\u00a0A primeira pesquisa do Instituto M\u00faltipla, em parceria com o Portal do Ricardo Antunes, apresenta recortes regionais sobre a prefer\u00eancia do eleitorado para a disputa pelo Governo de Pernambuco. No cen\u00e1rio geral, a governadora Raquel Lyra (PSD) aparece na lideran\u00e7a, com 43% das inten\u00e7\u00f5es de voto, enquanto o ex-prefeito do Recife Jo\u00e3o Campos (PSB) soma [&hellip;]","og_url":"https:\/\/gazetapernambucana.com\/?p=4687","article_published_time":"2026-08-29T23:02:37+00:00","og_image":[{"width":900,"height":900,"url":"https:\/\/gazetapernambucana.com\/wp-content\/uploads\/2026\/08\/4bb924e5-raquel-lyra2.jpg","type":"image\/jpeg"}],"author":"GP","twitter_card":"summary_large_image","twitter_misc":{"Escrito por":"GP","Est. tempo de leitura":"3 minutos"},"schema":{"@context":"https:\/\/schema.org","@graph":[{"@type":"WebPage","@id":"https:\/\/gazetapernambucana.com\/?p=4687","url":"https:\/\/gazetapernambucana.com\/?p=4687","name":"M\u00faltipla: Raquel Lyra lidera no interior e praticamente empata com Jo\u00e3o Campos na Regi\u00e3o Metropolitana -","isPartOf":{"@id":"https:\/\/gazetapernambucana.com\/#website"},"primaryImageOfPage":{"@id":"https:\/\/gazetapernambucana.com\/?p=4687#primaryimage"},"image":{"@id":"https:\/\/gazetapernambucana.com\/?p=4687#primaryimage"},"thumbnailUrl":"https:\/\/gazetapernambucana.com\/wp-content\/uploads\/2026\/08\/4bb924e5-raquel-lyra2.jpg","datePublished":"2026-08-29T23:02:37+00:00","author":{"@id":"https:\/\/gazetapernambucana.com\/#\/schema\/person\/188dc283325181ac2de4db1e9e987427"},"breadcrumb":{"@id":"https:\/\/gazetapernambucana.com\/?p=4687#breadcrumb"},"inLanguage":"pt-BR","potentialAction":[{"@type":"ReadAction","target":["https:\/\/gazetapernambucana.com\/?p=4687"]}]},{"@type":"ImageObject","inLanguage":"pt-BR","@id":"https:\/\/gazetapernambucana.com\/?p=4687#primaryimage","url":"https:\/\/gazetapernambucana.com\/wp-content\/uploads\/2026\/08\/4bb924e5-raquel-lyra2.jpg","contentUrl":"https:\/\/gazetapernambucana.com\/wp-content\/uploads\/2026\/08\/4bb924e5-raquel-lyra2.jpg","width":900,"height":900},{"@type":"BreadcrumbList","@id":"https:\/\/gazetapernambucana.com\/?p=4687#breadcrumb","itemListElement":[{"@type":"ListItem","position":1,"name":"In\u00edcio","item":"https:\/\/gazetapernambucana.com\/"},{"@type":"ListItem","position":2,"name":"M\u00faltipla: Raquel Lyra lidera no interior e praticamente empata com Jo\u00e3o Campos na Regi\u00e3o Metropolitana"}]},{"@type":"WebSite","@id":"https:\/\/gazetapernambucana.com\/#website","url":"https:\/\/gazetapernambucana.com\/","name":"","description":"","potentialAction":[{"@type":"SearchAction","target":{"@type":"EntryPoint","urlTemplate":"https:\/\/gazetapernambucana.com\/?s={search_term_string}"},"query-input":{"@type":"PropertyValueSpecification","valueRequired":true,"valueName":"search_term_string"}}],"inLanguage":"pt-BR"},{"@type":"Person","@id":"https:\/\/gazetapernambucana.com\/#\/schema\/person\/188dc283325181ac2de4db1e9e987427","name":"GP","image":{"@type":"ImageObject","inLanguage":"pt-BR","@id":"https:\/\/gazetapernambucana.com\/#\/schema\/person\/image\/","url":"https:\/\/secure.gravatar.com\/avatar\/9dad78ff9a2d8b5742d11779f8a3f53b052320c550b2e1907882353c067bb111?s=96&d=mm&r=g","contentUrl":"https:\/\/secure.gravatar.com\/avatar\/9dad78ff9a2d8b5742d11779f8a3f53b052320c550b2e1907882353c067bb111?s=96&d=mm&r=g","caption":"GP"},"sameAs":["http:\/\/gazetapernambucana.com"],"url":"https:\/\/gazetapernambucana.com\/?author=1"}]}},"jetpack_publicize_connections":[],"_links":{"self":[{"href":"https:\/\/gazetapernambucana.com\/index.php?rest_route=\/wp\/v2\/posts\/4687","targetHints":{"allow":["GET"]}}],"collection":[{"href":"https:\/\/gazetapernambucana.com\/index.php?rest_route=\/wp\/v2\/posts"}],"about":[{"href":"https:\/\/gazetapernambucana.com\/index.php?rest_route=\/wp\/v2\/types\/post"}],"author":[{"embeddable":true,"href":"https:\/\/gazetapernambucana.com\/index.php?rest_route=\/wp\/v2\/users\/1"}],"replies":[{"embeddable":true,"href":"https:\/\/gazetapernambucana.com\/index.php?rest_route=%2Fwp%2Fv2%2Fcomments&post=4687"}],"version-history":[{"count":1,"href":"https:\/\/gazetapernambucana.com\/index.php?rest_route=\/wp\/v2\/posts\/4687\/revisions"}],"predecessor-version":[{"id":4689,"href":"https:\/\/gazetapernambucana.com\/index.php?rest_route=\/wp\/v2\/posts\/4687\/revisions\/4689"}],"wp:featuredmedia":[{"embeddable":true,"href":"https:\/\/gazetapernambucana.com\/index.php?rest_route=\/wp\/v2\/media\/4688"}],"wp:attachment":[{"href":"https:\/\/gazetapernambucana.com\/index.php?rest_route=%2Fwp%2Fv2%2Fmedia&parent=4687"}],"wp:term":[{"taxonomy":"category","embeddable":true,"href":"https:\/\/gazetapernambucana.com\/index.php?rest_route=%2Fwp%2Fv2%2Fcategories&post=4687"},{"taxonomy":"post_tag","embeddable":true,"href":"https:\/\/gazetapernambucana.com\/index.php?rest_route=%2Fwp%2Fv2%2Ftags&post=4687"}],"curies":[{"name":"wp","href":"https:\/\/api.w.org\/{rel}","templated":true}]}}