{"id":4683,"date":"2026-08-29T17:00:24","date_gmt":"2026-08-29T20:00:24","guid":{"rendered":"https:\/\/gazetapernambucana.com\/?p=4683"},"modified":"2026-08-29T17:00:24","modified_gmt":"2026-08-29T20:00:24","slug":"eleicoes-2026-raquel-lyra-lanca-candidatura-de-aliado-em-vitoria-joao-campos-vai-a-caminhada-em-cumaru-e-ivan-moraes-faz-caravana-em-surubim","status":"publish","type":"post","link":"https:\/\/gazetapernambucana.com\/?p=4683","title":{"rendered":"Elei\u00e7\u00f5es 2026: Raquel Lyra lan\u00e7a candidatura de aliado em Vit\u00f3ria, Jo\u00e3o Campos vai \u00e0 caminhada em Cumaru e Ivan Moraes faz caravana em Surubim"},"content":{"rendered":"<header class=\"entry-header\">\n<div class=\"entry-meta\">Os candidatos ao Governo de Pernambuco cumprem agendas no Recife, na Zona da Mata e no Agreste neste s\u00e1bado (29). Jo\u00e3o Campos (PSB) passa por tr\u00eas munic\u00edpios, Raquel Lyra (PSD) participa de uma caminhada e de atos com aliados, enquanto Ivan Moraes (PSol) realiza atividades da Caravana do Bem Viver.<\/div>\n<\/header>\n<div class=\"entry-content\">\n<p>Jo\u00e3o inicia a programa\u00e7\u00e3o \u00e0s 15h, com uma Caminhada 40 na Rua Jo\u00e3o de Moura Borba, em Cumaru. \u00c0s 18h, o candidato segue para Barra de Guabiraba, onde participa do lan\u00e7amento da candidatura de Kelly Alencar a deputada federal. O socialista encerra a agenda \u00e0s 20h, com outra Caminhada 40, desta vez em Bonito. A concentra\u00e7\u00e3o ser\u00e1 no P\u00f3rtico Tur\u00edstico do munic\u00edpio, localizado na Rua Dr. Jo\u00e3o Galindo.<\/p>\n<p>Raquel come\u00e7a o dia \u00e0s 9h, com uma caminhada na Comunidade do Bode, no Recife. A concentra\u00e7\u00e3o ser\u00e1 na Avenida C\u00f4nsul Joseph Noujaim, no bairro do Pina. \u00c0s 19h, a candidata participa do lan\u00e7amento oficial da candidatura do deputado estadual Joaquim Lira \u00e0 reelei\u00e7\u00e3o. O evento ser\u00e1 realizado na Rua Euclides Neri de Oliveira, no bairro do Caj\u00e1, em Vit\u00f3ria de Santo Ant\u00e3o.<\/p>\n<p>Uma hora depois, ela segue para Gravat\u00e1, onde participa da inaugura\u00e7\u00e3o do comit\u00ea da candidata a deputada estadual Viviane Facundes. O ato ocorrer\u00e1 na Rua Jo\u00e3o Pessoa, no Centro do munic\u00edpio.<\/p>\n<p>Ivan Moraes inicia a Caravana do Bem Viver \u00e0s 9h, em Surubim. O candidato participa de uma caminhada ao lado de Jer\u00f4nimo Galv\u00e3o, com concentra\u00e7\u00e3o na feira livre do munic\u00edpio. \u00c0s 18h, Ivan participa de uma caminhada da Federa\u00e7\u00e3o PSol\/Rede em Caruaru. A atividade contar\u00e1 com Jones Manoel, Michelle Santos, Jer\u00f4nimo Galv\u00e3o e Carla F\u00e9lix. A concentra\u00e7\u00e3o ser\u00e1 na Esta\u00e7\u00e3o Ferrovi\u00e1ria de Caruaru. De l\u00e1, os participantes seguem at\u00e9 o P\u00e1tio de Eventos.<\/p>\n<\/div>\n","protected":false},"excerpt":{"rendered":"<p>Os candidatos ao Governo de Pernambuco cumprem agendas no Recife, na Zona da Mata e no Agreste neste s\u00e1bado (29). Jo\u00e3o Campos (PSB) passa por tr\u00eas munic\u00edpios, Raquel Lyra (PSD) participa de uma caminhada e de atos com aliados, enquanto Ivan Moraes (PSol) realiza atividades da Caravana do Bem Viver. Jo\u00e3o inicia a programa\u00e7\u00e3o \u00e0s [&hellip;]<\/p>\n","protected":false},"author":1,"featured_media":4684,"comment_status":"open","ping_status":"open","sticky":false,"template":"","format":"standard","meta":{"footnotes":"","jetpack_publicize_message":"","jetpack_publicize_feature_enabled":true,"jetpack_social_post_already_shared":true,"jetpack_social_options":{"image_generator_settings":{"template":"highway","default_image_id":0,"font":"","enabled":false},"version":2}},"categories":[66,1,65],"tags":[],"class_list":["post-4683","post","type-post","status-publish","format-standard","has-post-thumbnail","hentry","category-cidades","category-https-gazetapernambucana-com-page_id225","category-politica"],"yoast_head":"<!-- This site is optimized with the Yoast SEO plugin v24.5 - https:\/\/yoast.com\/wordpress\/plugins\/seo\/ -->\n<title>Elei\u00e7\u00f5es 2026: Raquel Lyra lan\u00e7a candidatura de aliado em Vit\u00f3ria, Jo\u00e3o Campos vai \u00e0 caminhada em Cumaru e Ivan Moraes faz caravana em Surubim -<\/title>\n<meta name=\"robots\" content=\"index, follow, max-snippet:-1, max-image-preview:large, max-video-preview:-1\" \/>\n<link rel=\"canonical\" href=\"https:\/\/gazetapernambucana.com\/?p=4683\" \/>\n<meta property=\"og:locale\" content=\"pt_BR\" \/>\n<meta property=\"og:type\" content=\"article\" \/>\n<meta property=\"og:title\" content=\"Elei\u00e7\u00f5es 2026: Raquel Lyra lan\u00e7a candidatura de aliado em Vit\u00f3ria, Jo\u00e3o Campos vai \u00e0 caminhada em Cumaru e Ivan Moraes faz caravana em Surubim -\" \/>\n<meta property=\"og:description\" content=\"Os candidatos ao Governo de Pernambuco cumprem agendas no Recife, na Zona da Mata e no Agreste neste s\u00e1bado (29). Jo\u00e3o Campos (PSB) passa por tr\u00eas munic\u00edpios, Raquel Lyra (PSD) participa de uma caminhada e de atos com aliados, enquanto Ivan Moraes (PSol) realiza atividades da Caravana do Bem Viver. Jo\u00e3o inicia a programa\u00e7\u00e3o \u00e0s [&hellip;]\" \/>\n<meta property=\"og:url\" content=\"https:\/\/gazetapernambucana.com\/?p=4683\" \/>\n<meta property=\"article:published_time\" content=\"2026-08-29T20:00:24+00:00\" \/>\n<meta property=\"og:image\" content=\"https:\/\/gazetapernambucana.com\/wp-content\/uploads\/2026\/08\/WhatsApp-Image-2026-08-28-at-20.29.52-750x375-1.jpeg\" \/>\n\t<meta property=\"og:image:width\" content=\"750\" \/>\n\t<meta property=\"og:image:height\" content=\"375\" \/>\n\t<meta property=\"og:image:type\" content=\"image\/jpeg\" \/>\n<meta name=\"author\" content=\"GP\" \/>\n<meta name=\"twitter:card\" content=\"summary_large_image\" \/>\n<meta name=\"twitter:label1\" content=\"Escrito por\" \/>\n\t<meta name=\"twitter:data1\" content=\"GP\" \/>\n\t<meta name=\"twitter:label2\" content=\"Est. tempo de leitura\" \/>\n\t<meta name=\"twitter:data2\" content=\"2 minutos\" \/>\n<script type=\"application\/ld+json\" class=\"yoast-schema-graph\">{\"@context\":\"https:\/\/schema.org\",\"@graph\":[{\"@type\":\"WebPage\",\"@id\":\"https:\/\/gazetapernambucana.com\/?p=4683\",\"url\":\"https:\/\/gazetapernambucana.com\/?p=4683\",\"name\":\"Elei\u00e7\u00f5es 2026: Raquel Lyra lan\u00e7a candidatura de aliado em Vit\u00f3ria, Jo\u00e3o Campos vai \u00e0 caminhada em Cumaru e Ivan Moraes faz caravana em Surubim -\",\"isPartOf\":{\"@id\":\"https:\/\/gazetapernambucana.com\/#website\"},\"primaryImageOfPage\":{\"@id\":\"https:\/\/gazetapernambucana.com\/?p=4683#primaryimage\"},\"image\":{\"@id\":\"https:\/\/gazetapernambucana.com\/?p=4683#primaryimage\"},\"thumbnailUrl\":\"https:\/\/gazetapernambucana.com\/wp-content\/uploads\/2026\/08\/WhatsApp-Image-2026-08-28-at-20.29.52-750x375-1.jpeg\",\"datePublished\":\"2026-08-29T20:00:24+00:00\",\"author\":{\"@id\":\"https:\/\/gazetapernambucana.com\/#\/schema\/person\/188dc283325181ac2de4db1e9e987427\"},\"breadcrumb\":{\"@id\":\"https:\/\/gazetapernambucana.com\/?p=4683#breadcrumb\"},\"inLanguage\":\"pt-BR\",\"potentialAction\":[{\"@type\":\"ReadAction\",\"target\":[\"https:\/\/gazetapernambucana.com\/?p=4683\"]}]},{\"@type\":\"ImageObject\",\"inLanguage\":\"pt-BR\",\"@id\":\"https:\/\/gazetapernambucana.com\/?p=4683#primaryimage\",\"url\":\"https:\/\/gazetapernambucana.com\/wp-content\/uploads\/2026\/08\/WhatsApp-Image-2026-08-28-at-20.29.52-750x375-1.jpeg\",\"contentUrl\":\"https:\/\/gazetapernambucana.com\/wp-content\/uploads\/2026\/08\/WhatsApp-Image-2026-08-28-at-20.29.52-750x375-1.jpeg\",\"width\":750,\"height\":375},{\"@type\":\"BreadcrumbList\",\"@id\":\"https:\/\/gazetapernambucana.com\/?p=4683#breadcrumb\",\"itemListElement\":[{\"@type\":\"ListItem\",\"position\":1,\"name\":\"In\u00edcio\",\"item\":\"https:\/\/gazetapernambucana.com\/\"},{\"@type\":\"ListItem\",\"position\":2,\"name\":\"Elei\u00e7\u00f5es 2026: Raquel Lyra lan\u00e7a candidatura de aliado em Vit\u00f3ria, Jo\u00e3o Campos vai \u00e0 caminhada em Cumaru e Ivan Moraes faz caravana em Surubim\"}]},{\"@type\":\"WebSite\",\"@id\":\"https:\/\/gazetapernambucana.com\/#website\",\"url\":\"https:\/\/gazetapernambucana.com\/\",\"name\":\"\",\"description\":\"\",\"potentialAction\":[{\"@type\":\"SearchAction\",\"target\":{\"@type\":\"EntryPoint\",\"urlTemplate\":\"https:\/\/gazetapernambucana.com\/?s={search_term_string}\"},\"query-input\":{\"@type\":\"PropertyValueSpecification\",\"valueRequired\":true,\"valueName\":\"search_term_string\"}}],\"inLanguage\":\"pt-BR\"},{\"@type\":\"Person\",\"@id\":\"https:\/\/gazetapernambucana.com\/#\/schema\/person\/188dc283325181ac2de4db1e9e987427\",\"name\":\"GP\",\"image\":{\"@type\":\"ImageObject\",\"inLanguage\":\"pt-BR\",\"@id\":\"https:\/\/gazetapernambucana.com\/#\/schema\/person\/image\/\",\"url\":\"https:\/\/secure.gravatar.com\/avatar\/9dad78ff9a2d8b5742d11779f8a3f53b052320c550b2e1907882353c067bb111?s=96&d=mm&r=g\",\"contentUrl\":\"https:\/\/secure.gravatar.com\/avatar\/9dad78ff9a2d8b5742d11779f8a3f53b052320c550b2e1907882353c067bb111?s=96&d=mm&r=g\",\"caption\":\"GP\"},\"sameAs\":[\"http:\/\/gazetapernambucana.com\"],\"url\":\"https:\/\/gazetapernambucana.com\/?author=1\"}]}<\/script>\n<!-- \/ Yoast SEO plugin. -->","yoast_head_json":{"title":"Elei\u00e7\u00f5es 2026: Raquel Lyra lan\u00e7a candidatura de aliado em Vit\u00f3ria, Jo\u00e3o Campos vai \u00e0 caminhada em Cumaru e Ivan Moraes faz caravana em Surubim -","robots":{"index":"index","follow":"follow","max-snippet":"max-snippet:-1","max-image-preview":"max-image-preview:large","max-video-preview":"max-video-preview:-1"},"canonical":"https:\/\/gazetapernambucana.com\/?p=4683","og_locale":"pt_BR","og_type":"article","og_title":"Elei\u00e7\u00f5es 2026: Raquel Lyra lan\u00e7a candidatura de aliado em Vit\u00f3ria, Jo\u00e3o Campos vai \u00e0 caminhada em Cumaru e Ivan Moraes faz caravana em Surubim -","og_description":"Os candidatos ao Governo de Pernambuco cumprem agendas no Recife, na Zona da Mata e no Agreste neste s\u00e1bado (29). Jo\u00e3o Campos (PSB) passa por tr\u00eas munic\u00edpios, Raquel Lyra (PSD) participa de uma caminhada e de atos com aliados, enquanto Ivan Moraes (PSol) realiza atividades da Caravana do Bem Viver. Jo\u00e3o inicia a programa\u00e7\u00e3o \u00e0s [&hellip;]","og_url":"https:\/\/gazetapernambucana.com\/?p=4683","article_published_time":"2026-08-29T20:00:24+00:00","og_image":[{"width":750,"height":375,"url":"https:\/\/gazetapernambucana.com\/wp-content\/uploads\/2026\/08\/WhatsApp-Image-2026-08-28-at-20.29.52-750x375-1.jpeg","type":"image\/jpeg"}],"author":"GP","twitter_card":"summary_large_image","twitter_misc":{"Escrito por":"GP","Est. tempo de leitura":"2 minutos"},"schema":{"@context":"https:\/\/schema.org","@graph":[{"@type":"WebPage","@id":"https:\/\/gazetapernambucana.com\/?p=4683","url":"https:\/\/gazetapernambucana.com\/?p=4683","name":"Elei\u00e7\u00f5es 2026: Raquel Lyra lan\u00e7a candidatura de aliado em Vit\u00f3ria, Jo\u00e3o Campos vai \u00e0 caminhada em Cumaru e Ivan Moraes faz caravana em Surubim -","isPartOf":{"@id":"https:\/\/gazetapernambucana.com\/#website"},"primaryImageOfPage":{"@id":"https:\/\/gazetapernambucana.com\/?p=4683#primaryimage"},"image":{"@id":"https:\/\/gazetapernambucana.com\/?p=4683#primaryimage"},"thumbnailUrl":"https:\/\/gazetapernambucana.com\/wp-content\/uploads\/2026\/08\/WhatsApp-Image-2026-08-28-at-20.29.52-750x375-1.jpeg","datePublished":"2026-08-29T20:00:24+00:00","author":{"@id":"https:\/\/gazetapernambucana.com\/#\/schema\/person\/188dc283325181ac2de4db1e9e987427"},"breadcrumb":{"@id":"https:\/\/gazetapernambucana.com\/?p=4683#breadcrumb"},"inLanguage":"pt-BR","potentialAction":[{"@type":"ReadAction","target":["https:\/\/gazetapernambucana.com\/?p=4683"]}]},{"@type":"ImageObject","inLanguage":"pt-BR","@id":"https:\/\/gazetapernambucana.com\/?p=4683#primaryimage","url":"https:\/\/gazetapernambucana.com\/wp-content\/uploads\/2026\/08\/WhatsApp-Image-2026-08-28-at-20.29.52-750x375-1.jpeg","contentUrl":"https:\/\/gazetapernambucana.com\/wp-content\/uploads\/2026\/08\/WhatsApp-Image-2026-08-28-at-20.29.52-750x375-1.jpeg","width":750,"height":375},{"@type":"BreadcrumbList","@id":"https:\/\/gazetapernambucana.com\/?p=4683#breadcrumb","itemListElement":[{"@type":"ListItem","position":1,"name":"In\u00edcio","item":"https:\/\/gazetapernambucana.com\/"},{"@type":"ListItem","position":2,"name":"Elei\u00e7\u00f5es 2026: Raquel Lyra lan\u00e7a candidatura de aliado em Vit\u00f3ria, Jo\u00e3o Campos vai \u00e0 caminhada em Cumaru e Ivan Moraes faz caravana em Surubim"}]},{"@type":"WebSite","@id":"https:\/\/gazetapernambucana.com\/#website","url":"https:\/\/gazetapernambucana.com\/","name":"","description":"","potentialAction":[{"@type":"SearchAction","target":{"@type":"EntryPoint","urlTemplate":"https:\/\/gazetapernambucana.com\/?s={search_term_string}"},"query-input":{"@type":"PropertyValueSpecification","valueRequired":true,"valueName":"search_term_string"}}],"inLanguage":"pt-BR"},{"@type":"Person","@id":"https:\/\/gazetapernambucana.com\/#\/schema\/person\/188dc283325181ac2de4db1e9e987427","name":"GP","image":{"@type":"ImageObject","inLanguage":"pt-BR","@id":"https:\/\/gazetapernambucana.com\/#\/schema\/person\/image\/","url":"https:\/\/secure.gravatar.com\/avatar\/9dad78ff9a2d8b5742d11779f8a3f53b052320c550b2e1907882353c067bb111?s=96&d=mm&r=g","contentUrl":"https:\/\/secure.gravatar.com\/avatar\/9dad78ff9a2d8b5742d11779f8a3f53b052320c550b2e1907882353c067bb111?s=96&d=mm&r=g","caption":"GP"},"sameAs":["http:\/\/gazetapernambucana.com"],"url":"https:\/\/gazetapernambucana.com\/?author=1"}]}},"jetpack_publicize_connections":[],"_links":{"self":[{"href":"https:\/\/gazetapernambucana.com\/index.php?rest_route=\/wp\/v2\/posts\/4683","targetHints":{"allow":["GET"]}}],"collection":[{"href":"https:\/\/gazetapernambucana.com\/index.php?rest_route=\/wp\/v2\/posts"}],"about":[{"href":"https:\/\/gazetapernambucana.com\/index.php?rest_route=\/wp\/v2\/types\/post"}],"author":[{"embeddable":true,"href":"https:\/\/gazetapernambucana.com\/index.php?rest_route=\/wp\/v2\/users\/1"}],"replies":[{"embeddable":true,"href":"https:\/\/gazetapernambucana.com\/index.php?rest_route=%2Fwp%2Fv2%2Fcomments&post=4683"}],"version-history":[{"count":1,"href":"https:\/\/gazetapernambucana.com\/index.php?rest_route=\/wp\/v2\/posts\/4683\/revisions"}],"predecessor-version":[{"id":4685,"href":"https:\/\/gazetapernambucana.com\/index.php?rest_route=\/wp\/v2\/posts\/4683\/revisions\/4685"}],"wp:featuredmedia":[{"embeddable":true,"href":"https:\/\/gazetapernambucana.com\/index.php?rest_route=\/wp\/v2\/media\/4684"}],"wp:attachment":[{"href":"https:\/\/gazetapernambucana.com\/index.php?rest_route=%2Fwp%2Fv2%2Fmedia&parent=4683"}],"wp:term":[{"taxonomy":"category","embeddable":true,"href":"https:\/\/gazetapernambucana.com\/index.php?rest_route=%2Fwp%2Fv2%2Fcategories&post=4683"},{"taxonomy":"post_tag","embeddable":true,"href":"https:\/\/gazetapernambucana.com\/index.php?rest_route=%2Fwp%2Fv2%2Ftags&post=4683"}],"curies":[{"name":"wp","href":"https:\/\/api.w.org\/{rel}","templated":true}]}}