{"id":4680,"date":"2026-08-29T16:57:15","date_gmt":"2026-08-29T19:57:15","guid":{"rendered":"https:\/\/gazetapernambucana.com\/?p=4680"},"modified":"2026-08-29T16:57:15","modified_gmt":"2026-08-29T19:57:15","slug":"recife-cai-novamente-8-pontos-em-ranking-de-competitividade-2026","status":"publish","type":"post","link":"https:\/\/gazetapernambucana.com\/?p=4680","title":{"rendered":"Recife cai novamente 8 pontos em ranking de competitividade 2026"},"content":{"rendered":"<header class=\"entry-header\">\n<div class=\"entry-meta\">O Recife caiu oito posi\u00e7\u00f5es no Ranking de Competitividade dos Munic\u00edpios 2026 e passou a ocupar o 69\u00ba lugar nacional, segundo levantamento do Centro de Lideran\u00e7a P\u00fablica (CLP) em parceria com a Gove Digital.<\/div>\n<\/header>\n<div class=\"entry-content\">\n<p>A capital pernambucana continua na lideran\u00e7a entre as capitais do Nordeste, mas perdeu o posto de munic\u00edpio mais bem colocado da regi\u00e3o para Eus\u00e9bio (CE), que subiu para a 58\u00aa coloca\u00e7\u00e3o do pa\u00eds.<\/p>\n<p>Com o resultado, a capital acumula o terceiro ano consecutivo de queda desde o \u00edndice de 2023, quando alcan\u00e7ou o 37\u00ba lugar. Em 2024 a cidade ocupou a 53\u00aa posi\u00e7\u00e3o e em 2025 ficou no 61\u00ba lugar. O estudo avalia 423 munic\u00edpios brasileiros com mais de 80 mil habitantes a partir de 65 indicadores distribu\u00eddos em 13 pilares tem\u00e1ticos.<\/p>\n<p>Na an\u00e1lise dos indicadores, o melhor desempenho do Recife permanece no pilar de Capital Humano, onde ocupa a 12\u00aa posi\u00e7\u00e3o nacional, com a 16\u00aa coloca\u00e7\u00e3o do pa\u00eds em qualifica\u00e7\u00e3o dos trabalhadores no emprego formal.<\/p>\n<p>A Seguran\u00e7a P\u00fablica registra o pior \u00edndice da capital pernambucana, com 391\u00ba lugar entre as 423 cidades avaliadas. O munic\u00edpio caiu quatro posi\u00e7\u00f5es nessa \u00e1rea em rela\u00e7\u00e3o a 2025 e ocupa a 401\u00aa coloca\u00e7\u00e3o nacional no indicador de mortalidade de jovens por raz\u00f5es de seguran\u00e7a.<\/p>\n<p>Nas contas p\u00fablicas, o Recife avan\u00e7ou 30 posi\u00e7\u00f5es em Sustentabilidade Fiscal e atingiu o 28\u00ba lugar no Brasil. No setor de sa\u00fade, a cidade subiu posi\u00e7\u00f5es em Acesso \u00e0 Sa\u00fade (111\u00ba) e Qualidade da Sa\u00fade (317\u00ba), mas recuou 26 coloca\u00e7\u00f5es em Saneamento, caindo para a 259\u00aa posi\u00e7\u00e3o do pa\u00eds.<\/p>\n<p><strong>\u00cdndices do Recife comparado com o Nordeste e interior de Pernambuco<\/strong><\/p>\n<p>Entre as capitais do Nordeste, o Recife manteve a lideran\u00e7a regional, seguido por Teresina (90\u00ba) e Fortaleza (104\u00ba). No levantamento geral das cidades nordestinas, o munic\u00edpio cearense de Eus\u00e9bio assumiu o primeiro lugar da regi\u00e3o ao alcan\u00e7ar a 58\u00aa posi\u00e7\u00e3o nacional, seguido pelo Recife (69\u00ba) e S\u00e3o Crist\u00f3v\u00e3o (75\u00ba), cidade de Sergipe.<\/p>\n<p>No recorte de Pernambuco, o interior domina as primeiras coloca\u00e7\u00f5es do estado. Al\u00e9m da capital, apenas Abreu e Lima (239\u00ba) e Ipojuca (279\u00ba) representam a Regi\u00e3o Metropolitana do Recife entre os dez munic\u00edpios mais competitivos.<\/p>\n<p>No ranking entre todas as capitais, Recife fica em 11\u00ba lugar, fora do top 10.<\/p>\n<p><strong>Ranking das capitais do Nordeste:<\/strong><\/p>\n<ul>\n<li><strong>Recife \u2013<\/strong>\u00a0(69\u00ba nacional)<\/li>\n<li><strong>Teresina \u2013<\/strong>\u00a0(90\u00ba nacional)<\/li>\n<li><strong>Fortaleza \u2013<\/strong>\u00a0(104\u00ba nacional)<\/li>\n<li><strong>Aracaju \u2013<\/strong>\u00a0(131\u00ba nacional)<\/li>\n<li><strong>Jo\u00e3o Pessoa \u2013<\/strong>\u00a0(137\u00ba nacional)<\/li>\n<li><strong>S\u00e3o Lu\u00eds \u2013<\/strong>\u00a0(147\u00ba nacional)<\/li>\n<li><strong>Salvador \u2013<\/strong>\u00a0(149\u00ba nacional)<\/li>\n<li><strong>Natal \u2013<\/strong>\u00a0(157\u00ba nacional)<\/li>\n<li><strong>Macei\u00f3 \u2013<\/strong>\u00a0(232\u00ba nacional)<\/li>\n<\/ul>\n<p><strong>Top 10 dos munic\u00edpios mais competitivos de Pernambuco<\/strong><\/p>\n<ul>\n<li><strong>Recife<\/strong>\u00a0(69\u00ba nacional)<\/li>\n<li><strong>Serra Talhada<\/strong>\u00a0(171\u00ba nacional)<\/li>\n<li><strong>Belo Jardim<\/strong>\u00a0(201\u00ba nacional)<\/li>\n<li><strong>Caruaru<\/strong>\u00a0(204\u00ba nacional)<\/li>\n<li><strong>Petrolina<\/strong>\u00a0(234\u00ba nacional)<\/li>\n<li><strong>Abreu e Lima<\/strong>\u00a0(239\u00ba nacional)<\/li>\n<li><strong>Santa Cruz do Capibaribe<\/strong>\u00a0(258\u00ba nacional)<\/li>\n<li><strong>Garanhuns<\/strong>\u00a0(272\u00ba nacional)<\/li>\n<li><strong>Carpina<\/strong>\u00a0(274\u00ba nacional)<\/li>\n<li><strong>Ipojuca<\/strong>\u00a0(279\u00ba nacional)<\/li>\n<\/ul>\n<p><strong>Top 10 dos munic\u00edpios mais competitivos do Nordeste<\/strong><\/p>\n<ul>\n<li><strong>Eus\u00e9bio, CE<\/strong>\u00a0(58\u00ba nacional)<\/li>\n<li><strong>Recife, PE<\/strong>\u00a0(69\u00ba nacional)<\/li>\n<li><strong>S\u00e3o Crist\u00f3v\u00e3o, SE<\/strong>\u00a0(75\u00ba nacional)<\/li>\n<li><strong>Teresina, PI<\/strong>\u00a0(90\u00ba nacional)<\/li>\n<li><strong>Fortaleza, CE<\/strong>\u00a0(104\u00ba nacional)<\/li>\n<li><strong>Aracaju, SE<\/strong>\u00a0(131\u00ba nacional)<\/li>\n<li><strong>Sobral, CE<\/strong>\u00a0(135\u00ba nacional)<\/li>\n<li><strong>Jo\u00e3o Pessoa, PB<\/strong>\u00a0(137\u00ba nacional)<\/li>\n<li><strong>S\u00e3o Lu\u00eds, MA<\/strong>\u00a0(147\u00ba nacional)<\/li>\n<li><strong>Salvador, BA<\/strong>\u00a0(149\u00ba nacional)<\/li>\n<\/ul>\n<p><strong>Top 10 das capitais brasileiras no ranking<\/strong><\/p>\n<ul>\n<li><strong>Vit\u00f3ria, ES<\/strong>\u00a0(1\u00ba geral)<\/li>\n<li><strong>Florian\u00f3polis, SC<\/strong>\u00a0(2\u00ba geral)<\/li>\n<li><strong>Porto Alegre, RS<\/strong>\u00a0(3\u00ba geral)<\/li>\n<li><strong>Curitiba, PR<\/strong>\u00a0(4\u00ba geral)<\/li>\n<li><strong>S\u00e3o Paulo, SP<\/strong>\u00a0(5\u00ba geral)<\/li>\n<li><strong>Palmas, TO<\/strong>\u00a0(13\u00ba geral)<\/li>\n<li><strong>Belo Horizonte, MG<\/strong>\u00a0(14\u00ba geral)<\/li>\n<li><strong>Rio de Janeiro, RJ<\/strong>\u00a0(29\u00ba geral)<\/li>\n<li><strong>Cuiab\u00e1, MT<\/strong>\u00a0(36\u00ba geral)<\/li>\n<li><strong>Goi\u00e2nia, GO<\/strong>\u00a0(68\u00ba geral)<\/li>\n<\/ul>\n<\/div>\n","protected":false},"excerpt":{"rendered":"<p>O Recife caiu oito posi\u00e7\u00f5es no Ranking de Competitividade dos Munic\u00edpios 2026 e passou a ocupar o 69\u00ba lugar nacional, segundo levantamento do Centro de Lideran\u00e7a P\u00fablica (CLP) em parceria com a Gove Digital. A capital pernambucana continua na lideran\u00e7a entre as capitais do Nordeste, mas perdeu o posto de munic\u00edpio mais bem colocado da [&hellip;]<\/p>\n","protected":false},"author":1,"featured_media":4681,"comment_status":"open","ping_status":"open","sticky":false,"template":"","format":"standard","meta":{"footnotes":"","jetpack_publicize_message":"","jetpack_publicize_feature_enabled":true,"jetpack_social_post_already_shared":true,"jetpack_social_options":{"image_generator_settings":{"template":"highway","default_image_id":0,"font":"","enabled":false},"version":2}},"categories":[66,1,38,65],"tags":[],"class_list":["post-4680","post","type-post","status-publish","format-standard","has-post-thumbnail","hentry","category-cidades","category-https-gazetapernambucana-com-page_id225","category-https-gazetapernambucana-com-page_id215","category-politica"],"yoast_head":"<!-- This site is optimized with the Yoast SEO plugin v24.5 - https:\/\/yoast.com\/wordpress\/plugins\/seo\/ -->\n<title>Recife cai novamente 8 pontos em ranking de competitividade 2026 -<\/title>\n<meta name=\"robots\" content=\"index, follow, max-snippet:-1, max-image-preview:large, max-video-preview:-1\" \/>\n<link rel=\"canonical\" href=\"https:\/\/gazetapernambucana.com\/?p=4680\" \/>\n<meta property=\"og:locale\" content=\"pt_BR\" \/>\n<meta property=\"og:type\" content=\"article\" \/>\n<meta property=\"og:title\" content=\"Recife cai novamente 8 pontos em ranking de competitividade 2026 -\" \/>\n<meta property=\"og:description\" content=\"O Recife caiu oito posi\u00e7\u00f5es no Ranking de Competitividade dos Munic\u00edpios 2026 e passou a ocupar o 69\u00ba lugar nacional, segundo levantamento do Centro de Lideran\u00e7a P\u00fablica (CLP) em parceria com a Gove Digital. A capital pernambucana continua na lideran\u00e7a entre as capitais do Nordeste, mas perdeu o posto de munic\u00edpio mais bem colocado da [&hellip;]\" \/>\n<meta property=\"og:url\" content=\"https:\/\/gazetapernambucana.com\/?p=4680\" \/>\n<meta property=\"article:published_time\" content=\"2026-08-29T19:57:15+00:00\" \/>\n<meta property=\"og:image\" content=\"https:\/\/gazetapernambucana.com\/wp-content\/uploads\/2026\/08\/Recife-1024x576-1.jpg\" \/>\n\t<meta property=\"og:image:width\" content=\"1024\" \/>\n\t<meta property=\"og:image:height\" content=\"576\" \/>\n\t<meta property=\"og:image:type\" content=\"image\/jpeg\" \/>\n<meta name=\"author\" content=\"GP\" \/>\n<meta name=\"twitter:card\" content=\"summary_large_image\" \/>\n<meta name=\"twitter:label1\" content=\"Escrito por\" \/>\n\t<meta name=\"twitter:data1\" content=\"GP\" \/>\n\t<meta name=\"twitter:label2\" content=\"Est. tempo de leitura\" \/>\n\t<meta name=\"twitter:data2\" content=\"4 minutos\" \/>\n<script type=\"application\/ld+json\" class=\"yoast-schema-graph\">{\"@context\":\"https:\/\/schema.org\",\"@graph\":[{\"@type\":\"WebPage\",\"@id\":\"https:\/\/gazetapernambucana.com\/?p=4680\",\"url\":\"https:\/\/gazetapernambucana.com\/?p=4680\",\"name\":\"Recife cai novamente 8 pontos em ranking de competitividade 2026 -\",\"isPartOf\":{\"@id\":\"https:\/\/gazetapernambucana.com\/#website\"},\"primaryImageOfPage\":{\"@id\":\"https:\/\/gazetapernambucana.com\/?p=4680#primaryimage\"},\"image\":{\"@id\":\"https:\/\/gazetapernambucana.com\/?p=4680#primaryimage\"},\"thumbnailUrl\":\"https:\/\/gazetapernambucana.com\/wp-content\/uploads\/2026\/08\/Recife-1024x576-1.jpg\",\"datePublished\":\"2026-08-29T19:57:15+00:00\",\"author\":{\"@id\":\"https:\/\/gazetapernambucana.com\/#\/schema\/person\/188dc283325181ac2de4db1e9e987427\"},\"breadcrumb\":{\"@id\":\"https:\/\/gazetapernambucana.com\/?p=4680#breadcrumb\"},\"inLanguage\":\"pt-BR\",\"potentialAction\":[{\"@type\":\"ReadAction\",\"target\":[\"https:\/\/gazetapernambucana.com\/?p=4680\"]}]},{\"@type\":\"ImageObject\",\"inLanguage\":\"pt-BR\",\"@id\":\"https:\/\/gazetapernambucana.com\/?p=4680#primaryimage\",\"url\":\"https:\/\/gazetapernambucana.com\/wp-content\/uploads\/2026\/08\/Recife-1024x576-1.jpg\",\"contentUrl\":\"https:\/\/gazetapernambucana.com\/wp-content\/uploads\/2026\/08\/Recife-1024x576-1.jpg\",\"width\":1024,\"height\":576},{\"@type\":\"BreadcrumbList\",\"@id\":\"https:\/\/gazetapernambucana.com\/?p=4680#breadcrumb\",\"itemListElement\":[{\"@type\":\"ListItem\",\"position\":1,\"name\":\"In\u00edcio\",\"item\":\"https:\/\/gazetapernambucana.com\/\"},{\"@type\":\"ListItem\",\"position\":2,\"name\":\"Recife cai novamente 8 pontos em ranking de competitividade 2026\"}]},{\"@type\":\"WebSite\",\"@id\":\"https:\/\/gazetapernambucana.com\/#website\",\"url\":\"https:\/\/gazetapernambucana.com\/\",\"name\":\"\",\"description\":\"\",\"potentialAction\":[{\"@type\":\"SearchAction\",\"target\":{\"@type\":\"EntryPoint\",\"urlTemplate\":\"https:\/\/gazetapernambucana.com\/?s={search_term_string}\"},\"query-input\":{\"@type\":\"PropertyValueSpecification\",\"valueRequired\":true,\"valueName\":\"search_term_string\"}}],\"inLanguage\":\"pt-BR\"},{\"@type\":\"Person\",\"@id\":\"https:\/\/gazetapernambucana.com\/#\/schema\/person\/188dc283325181ac2de4db1e9e987427\",\"name\":\"GP\",\"image\":{\"@type\":\"ImageObject\",\"inLanguage\":\"pt-BR\",\"@id\":\"https:\/\/gazetapernambucana.com\/#\/schema\/person\/image\/\",\"url\":\"https:\/\/secure.gravatar.com\/avatar\/9dad78ff9a2d8b5742d11779f8a3f53b052320c550b2e1907882353c067bb111?s=96&d=mm&r=g\",\"contentUrl\":\"https:\/\/secure.gravatar.com\/avatar\/9dad78ff9a2d8b5742d11779f8a3f53b052320c550b2e1907882353c067bb111?s=96&d=mm&r=g\",\"caption\":\"GP\"},\"sameAs\":[\"http:\/\/gazetapernambucana.com\"],\"url\":\"https:\/\/gazetapernambucana.com\/?author=1\"}]}<\/script>\n<!-- \/ Yoast SEO plugin. -->","yoast_head_json":{"title":"Recife cai novamente 8 pontos em ranking de competitividade 2026 -","robots":{"index":"index","follow":"follow","max-snippet":"max-snippet:-1","max-image-preview":"max-image-preview:large","max-video-preview":"max-video-preview:-1"},"canonical":"https:\/\/gazetapernambucana.com\/?p=4680","og_locale":"pt_BR","og_type":"article","og_title":"Recife cai novamente 8 pontos em ranking de competitividade 2026 -","og_description":"O Recife caiu oito posi\u00e7\u00f5es no Ranking de Competitividade dos Munic\u00edpios 2026 e passou a ocupar o 69\u00ba lugar nacional, segundo levantamento do Centro de Lideran\u00e7a P\u00fablica (CLP) em parceria com a Gove Digital. A capital pernambucana continua na lideran\u00e7a entre as capitais do Nordeste, mas perdeu o posto de munic\u00edpio mais bem colocado da [&hellip;]","og_url":"https:\/\/gazetapernambucana.com\/?p=4680","article_published_time":"2026-08-29T19:57:15+00:00","og_image":[{"width":1024,"height":576,"url":"https:\/\/gazetapernambucana.com\/wp-content\/uploads\/2026\/08\/Recife-1024x576-1.jpg","type":"image\/jpeg"}],"author":"GP","twitter_card":"summary_large_image","twitter_misc":{"Escrito por":"GP","Est. tempo de leitura":"4 minutos"},"schema":{"@context":"https:\/\/schema.org","@graph":[{"@type":"WebPage","@id":"https:\/\/gazetapernambucana.com\/?p=4680","url":"https:\/\/gazetapernambucana.com\/?p=4680","name":"Recife cai novamente 8 pontos em ranking de competitividade 2026 -","isPartOf":{"@id":"https:\/\/gazetapernambucana.com\/#website"},"primaryImageOfPage":{"@id":"https:\/\/gazetapernambucana.com\/?p=4680#primaryimage"},"image":{"@id":"https:\/\/gazetapernambucana.com\/?p=4680#primaryimage"},"thumbnailUrl":"https:\/\/gazetapernambucana.com\/wp-content\/uploads\/2026\/08\/Recife-1024x576-1.jpg","datePublished":"2026-08-29T19:57:15+00:00","author":{"@id":"https:\/\/gazetapernambucana.com\/#\/schema\/person\/188dc283325181ac2de4db1e9e987427"},"breadcrumb":{"@id":"https:\/\/gazetapernambucana.com\/?p=4680#breadcrumb"},"inLanguage":"pt-BR","potentialAction":[{"@type":"ReadAction","target":["https:\/\/gazetapernambucana.com\/?p=4680"]}]},{"@type":"ImageObject","inLanguage":"pt-BR","@id":"https:\/\/gazetapernambucana.com\/?p=4680#primaryimage","url":"https:\/\/gazetapernambucana.com\/wp-content\/uploads\/2026\/08\/Recife-1024x576-1.jpg","contentUrl":"https:\/\/gazetapernambucana.com\/wp-content\/uploads\/2026\/08\/Recife-1024x576-1.jpg","width":1024,"height":576},{"@type":"BreadcrumbList","@id":"https:\/\/gazetapernambucana.com\/?p=4680#breadcrumb","itemListElement":[{"@type":"ListItem","position":1,"name":"In\u00edcio","item":"https:\/\/gazetapernambucana.com\/"},{"@type":"ListItem","position":2,"name":"Recife cai novamente 8 pontos em ranking de competitividade 2026"}]},{"@type":"WebSite","@id":"https:\/\/gazetapernambucana.com\/#website","url":"https:\/\/gazetapernambucana.com\/","name":"","description":"","potentialAction":[{"@type":"SearchAction","target":{"@type":"EntryPoint","urlTemplate":"https:\/\/gazetapernambucana.com\/?s={search_term_string}"},"query-input":{"@type":"PropertyValueSpecification","valueRequired":true,"valueName":"search_term_string"}}],"inLanguage":"pt-BR"},{"@type":"Person","@id":"https:\/\/gazetapernambucana.com\/#\/schema\/person\/188dc283325181ac2de4db1e9e987427","name":"GP","image":{"@type":"ImageObject","inLanguage":"pt-BR","@id":"https:\/\/gazetapernambucana.com\/#\/schema\/person\/image\/","url":"https:\/\/secure.gravatar.com\/avatar\/9dad78ff9a2d8b5742d11779f8a3f53b052320c550b2e1907882353c067bb111?s=96&d=mm&r=g","contentUrl":"https:\/\/secure.gravatar.com\/avatar\/9dad78ff9a2d8b5742d11779f8a3f53b052320c550b2e1907882353c067bb111?s=96&d=mm&r=g","caption":"GP"},"sameAs":["http:\/\/gazetapernambucana.com"],"url":"https:\/\/gazetapernambucana.com\/?author=1"}]}},"jetpack_publicize_connections":[],"_links":{"self":[{"href":"https:\/\/gazetapernambucana.com\/index.php?rest_route=\/wp\/v2\/posts\/4680","targetHints":{"allow":["GET"]}}],"collection":[{"href":"https:\/\/gazetapernambucana.com\/index.php?rest_route=\/wp\/v2\/posts"}],"about":[{"href":"https:\/\/gazetapernambucana.com\/index.php?rest_route=\/wp\/v2\/types\/post"}],"author":[{"embeddable":true,"href":"https:\/\/gazetapernambucana.com\/index.php?rest_route=\/wp\/v2\/users\/1"}],"replies":[{"embeddable":true,"href":"https:\/\/gazetapernambucana.com\/index.php?rest_route=%2Fwp%2Fv2%2Fcomments&post=4680"}],"version-history":[{"count":1,"href":"https:\/\/gazetapernambucana.com\/index.php?rest_route=\/wp\/v2\/posts\/4680\/revisions"}],"predecessor-version":[{"id":4682,"href":"https:\/\/gazetapernambucana.com\/index.php?rest_route=\/wp\/v2\/posts\/4680\/revisions\/4682"}],"wp:featuredmedia":[{"embeddable":true,"href":"https:\/\/gazetapernambucana.com\/index.php?rest_route=\/wp\/v2\/media\/4681"}],"wp:attachment":[{"href":"https:\/\/gazetapernambucana.com\/index.php?rest_route=%2Fwp%2Fv2%2Fmedia&parent=4680"}],"wp:term":[{"taxonomy":"category","embeddable":true,"href":"https:\/\/gazetapernambucana.com\/index.php?rest_route=%2Fwp%2Fv2%2Fcategories&post=4680"},{"taxonomy":"post_tag","embeddable":true,"href":"https:\/\/gazetapernambucana.com\/index.php?rest_route=%2Fwp%2Fv2%2Ftags&post=4680"}],"curies":[{"name":"wp","href":"https:\/\/api.w.org\/{rel}","templated":true}]}}