{"id":4670,"date":"2026-08-29T16:33:33","date_gmt":"2026-08-29T19:33:33","guid":{"rendered":"https:\/\/gazetapernambucana.com\/?p=4670"},"modified":"2026-08-29T16:33:33","modified_gmt":"2026-08-29T19:33:33","slug":"governo-de-pernambuco-forma-comissoes-para-novos-concursos-na-seguranca-e-saude-com-4-468-vagas","status":"publish","type":"post","link":"https:\/\/gazetapernambucana.com\/?p=4670","title":{"rendered":"Governo de Pernambuco forma comiss\u00f5es para novos concursos na Seguran\u00e7a e Sa\u00fade com 4.468 vagas"},"content":{"rendered":"<header class=\"entry-header\"><\/header>\n<div class=\"entry-content\">\n<p>O Governo de Pernambuco avan\u00e7ou na prepara\u00e7\u00e3o de uma s\u00e9rie de concursos p\u00fablicos que, juntos, somam 4.468 vagas nas \u00e1reas de Seguran\u00e7a P\u00fablica e Sa\u00fade. Novas comiss\u00f5es coordenadoras foram formalizadas para acompanhar os certames da Pol\u00edcia Militar de Pernambuco (PMPE), Pol\u00edcia Civil de Pernambuco (PCPE), Corpo de Bombeiros Militar de Pernambuco (CBMPE) e Secretaria Estadual de Sa\u00fade (SES-PE).<\/p>\n<p>A cria\u00e7\u00e3o dos grupos representa uma etapa administrativa anterior \u00e0 escolha das bancas organizadoras e \u00e0 publica\u00e7\u00e3o dos respectivos editais.<\/p>\n<p>Na Seguran\u00e7a P\u00fablica, s\u00e3o previstas 3.205 oportunidades, enquanto a Sa\u00fade contar\u00e1 com 1.263 vagas efetivas para profissionais de n\u00edveis m\u00e9dio\/t\u00e9cnico e superior.<\/p>\n<p>Al\u00e9m desse quantitativo, h\u00e1 previs\u00e3o de outras 700 vagas para a Pol\u00edcia Penal de Pernambuco, que n\u00e3o est\u00e3o inclu\u00eddas na soma de 4.468 por n\u00e3o integrarem as comiss\u00f5es detalhadas neste conjunto de atos.<\/p>\n<p><strong>Seguran\u00e7a ter\u00e1 3.205 vagas<\/strong><\/p>\n<p>Para a Pol\u00edcia Militar de Pernambuco, est\u00e3o previstas 1.320 vagas nos cargos de Oficial e Pra\u00e7a. A comiss\u00e3o respons\u00e1vel pelo acompanhamento do certame foi institu\u00edda pela Portaria Conjunta SAD\/SDS n\u00ba 118, de 25 de agosto de 2026.<\/p>\n<p>O Corpo de Bombeiros Militar de Pernambuco ter\u00e1 570 vagas, tamb\u00e9m para Oficial e Pra\u00e7a. O grupo respons\u00e1vel pela sele\u00e7\u00e3o foi estabelecido pela Portaria Conjunta SAD\/SDS n\u00ba 119.<\/p>\n<p>J\u00e1 a Pol\u00edcia Civil de Pernambuco contar\u00e1 com 1.315 oportunidades para Agente de Pol\u00edcia, Escriv\u00e3o de Pol\u00edcia e Delegado de Pol\u00edcia, conforme a Portaria Conjunta SAD\/SDS n\u00ba 120.<\/p>\n<p>As comiss\u00f5es s\u00e3o formadas por representantes da Secretaria de Administra\u00e7\u00e3o (SAD), Secretaria de Defesa Social (SDS) e das respectivas corpora\u00e7\u00f5es. A expectativa informada \u00e9 de que os editais sejam publicados at\u00e9 o final de 2026, com provas estimadas para o primeiro trimestre de 2027.<\/p>\n<p><strong>Sa\u00fade ter\u00e1 1.263 vagas<\/strong><span id=\"more-227535\"><\/span><\/p>\n<p>A Secretaria Estadual de Sa\u00fade de Pernambuco tamb\u00e9m teve comiss\u00e3o institu\u00edda para normatizar e acompanhar a execu\u00e7\u00e3o do futuro concurso. A medida consta na Portaria Conjunta SAD\/SES n\u00ba 287.<\/p>\n<p><strong>As oportunidades ser\u00e3o distribu\u00eddas da seguinte forma:<\/strong><\/p>\n<ul>\n<li>Assistente em Sa\u00fade: 542 vagas;<\/li>\n<li>M\u00e9dico: 428 vagas;<\/li>\n<li>Analista em Sa\u00fade: 283 vagas;<\/li>\n<li>Fiscal de Vigil\u00e2ncia Sanit\u00e1ria: 10 vagas.<\/li>\n<\/ul>\n<p>Os cargos contemplam profissionais de n\u00edveis m\u00e9dio\/t\u00e9cnico e superior, conforme a fun\u00e7\u00e3o.<\/p>\n<p>A comiss\u00e3o ser\u00e1 presidida por Luciana Oliveira Pires, secret\u00e1ria executiva de Gest\u00e3o de Pessoas da SAD, e contar\u00e1 com representantes das \u00e1reas de gest\u00e3o de carreiras e sele\u00e7\u00f5es da Administra\u00e7\u00e3o e da SES-PE.<\/p>\n<p><strong>Pr\u00f3ximas etapas dos concursos<\/strong><\/p>\n<p>Com as comiss\u00f5es formalizadas, os grupos poder\u00e3o avan\u00e7ar nos procedimentos t\u00e9cnicos e administrativos necess\u00e1rios para estruturar os certames, incluindo a prepara\u00e7\u00e3o dos documentos e os processos para contrata\u00e7\u00e3o das bancas organizadoras.<\/p>\n<p>A institui\u00e7\u00e3o das comiss\u00f5es n\u00e3o representa a abertura das inscri\u00e7\u00f5es. Os candidatos ainda precisam aguardar os editais, que dever\u00e3o apresentar requisitos, remunera\u00e7\u00f5es, etapas de avalia\u00e7\u00e3o, taxas, prazos para candidatura e demais regras.<\/p>\n<\/div>\n","protected":false},"excerpt":{"rendered":"<p>O Governo de Pernambuco avan\u00e7ou na prepara\u00e7\u00e3o de uma s\u00e9rie de concursos p\u00fablicos que, juntos, somam 4.468 vagas nas \u00e1reas de Seguran\u00e7a P\u00fablica e Sa\u00fade. Novas comiss\u00f5es coordenadoras foram formalizadas para acompanhar os certames da Pol\u00edcia Militar de Pernambuco (PMPE), Pol\u00edcia Civil de Pernambuco (PCPE), Corpo de Bombeiros Militar de Pernambuco (CBMPE) e Secretaria Estadual [&hellip;]<\/p>\n","protected":false},"author":1,"featured_media":4671,"comment_status":"open","ping_status":"open","sticky":false,"template":"","format":"standard","meta":{"footnotes":"","jetpack_publicize_message":"","jetpack_publicize_feature_enabled":true,"jetpack_social_post_already_shared":true,"jetpack_social_options":{"image_generator_settings":{"template":"highway","default_image_id":0,"font":"","enabled":false},"version":2}},"categories":[1,38,65],"tags":[],"class_list":["post-4670","post","type-post","status-publish","format-standard","has-post-thumbnail","hentry","category-https-gazetapernambucana-com-page_id225","category-https-gazetapernambucana-com-page_id215","category-politica"],"yoast_head":"<!-- This site is optimized with the Yoast SEO plugin v24.5 - https:\/\/yoast.com\/wordpress\/plugins\/seo\/ -->\n<title>Governo de Pernambuco forma comiss\u00f5es para novos concursos na Seguran\u00e7a e Sa\u00fade com 4.468 vagas -<\/title>\n<meta name=\"robots\" content=\"index, follow, max-snippet:-1, max-image-preview:large, max-video-preview:-1\" \/>\n<link rel=\"canonical\" href=\"https:\/\/gazetapernambucana.com\/?p=4670\" \/>\n<meta property=\"og:locale\" content=\"pt_BR\" \/>\n<meta property=\"og:type\" content=\"article\" \/>\n<meta property=\"og:title\" content=\"Governo de Pernambuco forma comiss\u00f5es para novos concursos na Seguran\u00e7a e Sa\u00fade com 4.468 vagas -\" \/>\n<meta property=\"og:description\" content=\"O Governo de Pernambuco avan\u00e7ou na prepara\u00e7\u00e3o de uma s\u00e9rie de concursos p\u00fablicos que, juntos, somam 4.468 vagas nas \u00e1reas de Seguran\u00e7a P\u00fablica e Sa\u00fade. Novas comiss\u00f5es coordenadoras foram formalizadas para acompanhar os certames da Pol\u00edcia Militar de Pernambuco (PMPE), Pol\u00edcia Civil de Pernambuco (PCPE), Corpo de Bombeiros Militar de Pernambuco (CBMPE) e Secretaria Estadual [&hellip;]\" \/>\n<meta property=\"og:url\" content=\"https:\/\/gazetapernambucana.com\/?p=4670\" \/>\n<meta property=\"article:published_time\" content=\"2026-08-29T19:33:33+00:00\" \/>\n<meta property=\"og:image\" content=\"https:\/\/gazetapernambucana.com\/wp-content\/uploads\/2026\/08\/Palacio-do-Governo.jpg\" \/>\n\t<meta property=\"og:image:width\" content=\"550\" \/>\n\t<meta property=\"og:image:height\" content=\"413\" \/>\n\t<meta property=\"og:image:type\" content=\"image\/jpeg\" \/>\n<meta name=\"author\" content=\"GP\" \/>\n<meta name=\"twitter:card\" content=\"summary_large_image\" \/>\n<meta name=\"twitter:label1\" content=\"Escrito por\" \/>\n\t<meta name=\"twitter:data1\" content=\"GP\" \/>\n\t<meta name=\"twitter:label2\" content=\"Est. tempo de leitura\" \/>\n\t<meta name=\"twitter:data2\" content=\"3 minutos\" \/>\n<script type=\"application\/ld+json\" class=\"yoast-schema-graph\">{\"@context\":\"https:\/\/schema.org\",\"@graph\":[{\"@type\":\"WebPage\",\"@id\":\"https:\/\/gazetapernambucana.com\/?p=4670\",\"url\":\"https:\/\/gazetapernambucana.com\/?p=4670\",\"name\":\"Governo de Pernambuco forma comiss\u00f5es para novos concursos na Seguran\u00e7a e Sa\u00fade com 4.468 vagas -\",\"isPartOf\":{\"@id\":\"https:\/\/gazetapernambucana.com\/#website\"},\"primaryImageOfPage\":{\"@id\":\"https:\/\/gazetapernambucana.com\/?p=4670#primaryimage\"},\"image\":{\"@id\":\"https:\/\/gazetapernambucana.com\/?p=4670#primaryimage\"},\"thumbnailUrl\":\"https:\/\/gazetapernambucana.com\/wp-content\/uploads\/2026\/08\/Palacio-do-Governo.jpg\",\"datePublished\":\"2026-08-29T19:33:33+00:00\",\"author\":{\"@id\":\"https:\/\/gazetapernambucana.com\/#\/schema\/person\/188dc283325181ac2de4db1e9e987427\"},\"breadcrumb\":{\"@id\":\"https:\/\/gazetapernambucana.com\/?p=4670#breadcrumb\"},\"inLanguage\":\"pt-BR\",\"potentialAction\":[{\"@type\":\"ReadAction\",\"target\":[\"https:\/\/gazetapernambucana.com\/?p=4670\"]}]},{\"@type\":\"ImageObject\",\"inLanguage\":\"pt-BR\",\"@id\":\"https:\/\/gazetapernambucana.com\/?p=4670#primaryimage\",\"url\":\"https:\/\/gazetapernambucana.com\/wp-content\/uploads\/2026\/08\/Palacio-do-Governo.jpg\",\"contentUrl\":\"https:\/\/gazetapernambucana.com\/wp-content\/uploads\/2026\/08\/Palacio-do-Governo.jpg\",\"width\":550,\"height\":413},{\"@type\":\"BreadcrumbList\",\"@id\":\"https:\/\/gazetapernambucana.com\/?p=4670#breadcrumb\",\"itemListElement\":[{\"@type\":\"ListItem\",\"position\":1,\"name\":\"In\u00edcio\",\"item\":\"https:\/\/gazetapernambucana.com\/\"},{\"@type\":\"ListItem\",\"position\":2,\"name\":\"Governo de Pernambuco forma comiss\u00f5es para novos concursos na Seguran\u00e7a e Sa\u00fade com 4.468 vagas\"}]},{\"@type\":\"WebSite\",\"@id\":\"https:\/\/gazetapernambucana.com\/#website\",\"url\":\"https:\/\/gazetapernambucana.com\/\",\"name\":\"\",\"description\":\"\",\"potentialAction\":[{\"@type\":\"SearchAction\",\"target\":{\"@type\":\"EntryPoint\",\"urlTemplate\":\"https:\/\/gazetapernambucana.com\/?s={search_term_string}\"},\"query-input\":{\"@type\":\"PropertyValueSpecification\",\"valueRequired\":true,\"valueName\":\"search_term_string\"}}],\"inLanguage\":\"pt-BR\"},{\"@type\":\"Person\",\"@id\":\"https:\/\/gazetapernambucana.com\/#\/schema\/person\/188dc283325181ac2de4db1e9e987427\",\"name\":\"GP\",\"image\":{\"@type\":\"ImageObject\",\"inLanguage\":\"pt-BR\",\"@id\":\"https:\/\/gazetapernambucana.com\/#\/schema\/person\/image\/\",\"url\":\"https:\/\/secure.gravatar.com\/avatar\/9dad78ff9a2d8b5742d11779f8a3f53b052320c550b2e1907882353c067bb111?s=96&d=mm&r=g\",\"contentUrl\":\"https:\/\/secure.gravatar.com\/avatar\/9dad78ff9a2d8b5742d11779f8a3f53b052320c550b2e1907882353c067bb111?s=96&d=mm&r=g\",\"caption\":\"GP\"},\"sameAs\":[\"http:\/\/gazetapernambucana.com\"],\"url\":\"https:\/\/gazetapernambucana.com\/?author=1\"}]}<\/script>\n<!-- \/ Yoast SEO plugin. -->","yoast_head_json":{"title":"Governo de Pernambuco forma comiss\u00f5es para novos concursos na Seguran\u00e7a e Sa\u00fade com 4.468 vagas -","robots":{"index":"index","follow":"follow","max-snippet":"max-snippet:-1","max-image-preview":"max-image-preview:large","max-video-preview":"max-video-preview:-1"},"canonical":"https:\/\/gazetapernambucana.com\/?p=4670","og_locale":"pt_BR","og_type":"article","og_title":"Governo de Pernambuco forma comiss\u00f5es para novos concursos na Seguran\u00e7a e Sa\u00fade com 4.468 vagas -","og_description":"O Governo de Pernambuco avan\u00e7ou na prepara\u00e7\u00e3o de uma s\u00e9rie de concursos p\u00fablicos que, juntos, somam 4.468 vagas nas \u00e1reas de Seguran\u00e7a P\u00fablica e Sa\u00fade. Novas comiss\u00f5es coordenadoras foram formalizadas para acompanhar os certames da Pol\u00edcia Militar de Pernambuco (PMPE), Pol\u00edcia Civil de Pernambuco (PCPE), Corpo de Bombeiros Militar de Pernambuco (CBMPE) e Secretaria Estadual [&hellip;]","og_url":"https:\/\/gazetapernambucana.com\/?p=4670","article_published_time":"2026-08-29T19:33:33+00:00","og_image":[{"width":550,"height":413,"url":"https:\/\/gazetapernambucana.com\/wp-content\/uploads\/2026\/08\/Palacio-do-Governo.jpg","type":"image\/jpeg"}],"author":"GP","twitter_card":"summary_large_image","twitter_misc":{"Escrito por":"GP","Est. tempo de leitura":"3 minutos"},"schema":{"@context":"https:\/\/schema.org","@graph":[{"@type":"WebPage","@id":"https:\/\/gazetapernambucana.com\/?p=4670","url":"https:\/\/gazetapernambucana.com\/?p=4670","name":"Governo de Pernambuco forma comiss\u00f5es para novos concursos na Seguran\u00e7a e Sa\u00fade com 4.468 vagas -","isPartOf":{"@id":"https:\/\/gazetapernambucana.com\/#website"},"primaryImageOfPage":{"@id":"https:\/\/gazetapernambucana.com\/?p=4670#primaryimage"},"image":{"@id":"https:\/\/gazetapernambucana.com\/?p=4670#primaryimage"},"thumbnailUrl":"https:\/\/gazetapernambucana.com\/wp-content\/uploads\/2026\/08\/Palacio-do-Governo.jpg","datePublished":"2026-08-29T19:33:33+00:00","author":{"@id":"https:\/\/gazetapernambucana.com\/#\/schema\/person\/188dc283325181ac2de4db1e9e987427"},"breadcrumb":{"@id":"https:\/\/gazetapernambucana.com\/?p=4670#breadcrumb"},"inLanguage":"pt-BR","potentialAction":[{"@type":"ReadAction","target":["https:\/\/gazetapernambucana.com\/?p=4670"]}]},{"@type":"ImageObject","inLanguage":"pt-BR","@id":"https:\/\/gazetapernambucana.com\/?p=4670#primaryimage","url":"https:\/\/gazetapernambucana.com\/wp-content\/uploads\/2026\/08\/Palacio-do-Governo.jpg","contentUrl":"https:\/\/gazetapernambucana.com\/wp-content\/uploads\/2026\/08\/Palacio-do-Governo.jpg","width":550,"height":413},{"@type":"BreadcrumbList","@id":"https:\/\/gazetapernambucana.com\/?p=4670#breadcrumb","itemListElement":[{"@type":"ListItem","position":1,"name":"In\u00edcio","item":"https:\/\/gazetapernambucana.com\/"},{"@type":"ListItem","position":2,"name":"Governo de Pernambuco forma comiss\u00f5es para novos concursos na Seguran\u00e7a e Sa\u00fade com 4.468 vagas"}]},{"@type":"WebSite","@id":"https:\/\/gazetapernambucana.com\/#website","url":"https:\/\/gazetapernambucana.com\/","name":"","description":"","potentialAction":[{"@type":"SearchAction","target":{"@type":"EntryPoint","urlTemplate":"https:\/\/gazetapernambucana.com\/?s={search_term_string}"},"query-input":{"@type":"PropertyValueSpecification","valueRequired":true,"valueName":"search_term_string"}}],"inLanguage":"pt-BR"},{"@type":"Person","@id":"https:\/\/gazetapernambucana.com\/#\/schema\/person\/188dc283325181ac2de4db1e9e987427","name":"GP","image":{"@type":"ImageObject","inLanguage":"pt-BR","@id":"https:\/\/gazetapernambucana.com\/#\/schema\/person\/image\/","url":"https:\/\/secure.gravatar.com\/avatar\/9dad78ff9a2d8b5742d11779f8a3f53b052320c550b2e1907882353c067bb111?s=96&d=mm&r=g","contentUrl":"https:\/\/secure.gravatar.com\/avatar\/9dad78ff9a2d8b5742d11779f8a3f53b052320c550b2e1907882353c067bb111?s=96&d=mm&r=g","caption":"GP"},"sameAs":["http:\/\/gazetapernambucana.com"],"url":"https:\/\/gazetapernambucana.com\/?author=1"}]}},"jetpack_publicize_connections":[],"_links":{"self":[{"href":"https:\/\/gazetapernambucana.com\/index.php?rest_route=\/wp\/v2\/posts\/4670","targetHints":{"allow":["GET"]}}],"collection":[{"href":"https:\/\/gazetapernambucana.com\/index.php?rest_route=\/wp\/v2\/posts"}],"about":[{"href":"https:\/\/gazetapernambucana.com\/index.php?rest_route=\/wp\/v2\/types\/post"}],"author":[{"embeddable":true,"href":"https:\/\/gazetapernambucana.com\/index.php?rest_route=\/wp\/v2\/users\/1"}],"replies":[{"embeddable":true,"href":"https:\/\/gazetapernambucana.com\/index.php?rest_route=%2Fwp%2Fv2%2Fcomments&post=4670"}],"version-history":[{"count":1,"href":"https:\/\/gazetapernambucana.com\/index.php?rest_route=\/wp\/v2\/posts\/4670\/revisions"}],"predecessor-version":[{"id":4672,"href":"https:\/\/gazetapernambucana.com\/index.php?rest_route=\/wp\/v2\/posts\/4670\/revisions\/4672"}],"wp:featuredmedia":[{"embeddable":true,"href":"https:\/\/gazetapernambucana.com\/index.php?rest_route=\/wp\/v2\/media\/4671"}],"wp:attachment":[{"href":"https:\/\/gazetapernambucana.com\/index.php?rest_route=%2Fwp%2Fv2%2Fmedia&parent=4670"}],"wp:term":[{"taxonomy":"category","embeddable":true,"href":"https:\/\/gazetapernambucana.com\/index.php?rest_route=%2Fwp%2Fv2%2Fcategories&post=4670"},{"taxonomy":"post_tag","embeddable":true,"href":"https:\/\/gazetapernambucana.com\/index.php?rest_route=%2Fwp%2Fv2%2Ftags&post=4670"}],"curies":[{"name":"wp","href":"https:\/\/api.w.org\/{rel}","templated":true}]}}