{"id":4664,"date":"2026-08-29T16:05:00","date_gmt":"2026-08-29T19:05:00","guid":{"rendered":"https:\/\/gazetapernambucana.com\/?p=4664"},"modified":"2026-08-29T16:05:00","modified_gmt":"2026-08-29T19:05:00","slug":"datatrends-raquel-lyra-mantem-vantagem-sobre-joao-campos-na-disputa-pelo-governo-de-pernambuco","status":"publish","type":"post","link":"https:\/\/gazetapernambucana.com\/?p=4664","title":{"rendered":"DataTrends: Raquel Lyra mant\u00e9m vantagem sobre Jo\u00e3o Campos na disputa pelo Governo de Pernambuco"},"content":{"rendered":"<div class=\"td-post-header\">\n<header class=\"td-post-title\"><\/header>\n<\/div>\n<div class=\"td-post-content tagdiv-type\">\n<p>A governadora Raquel Lyra mant\u00e9m a lideran\u00e7a na disputa pelo Governo de Pernambuco, segundo pesquisa DataTrends realizada entre os dias 25 e 27 de agosto de 2026. No cen\u00e1rio estimulado de primeiro turno, Raquel aparece com 45% das inten\u00e7\u00f5es de voto, contra 36% de Jo\u00e3o Campos. Ivan Moraes registra 1%, enquanto os demais candidatos testados n\u00e3o chegam a 1%. Outros 10% afirmam que votariam em branco, nulo ou em nenhum dos candidatos, e 9% n\u00e3o sabem ou n\u00e3o responderam.<\/p>\n<p>Em uma eventual disputa de segundo turno entre Raquel Lyra e Jo\u00e3o Campos, a governadora tamb\u00e9m aparece \u00e0 frente. Raquel tem 47% e Jo\u00e3o Campos, 39%, uma diferen\u00e7a de oito pontos percentuais. Brancos, nulos ou nenhum representam 9%, enquanto 6% n\u00e3o sabem ou n\u00e3o responderam.<\/p>\n<p>O levantamento tamb\u00e9m mediu o potencial de voto dos dois principais candidatos. Raquel Lyra tem 32% dos entrevistados dizendo que votariam nela com certeza e 24% que poderiam votar, o que representa um potencial de voto de 56%. Outros 37% dizem que n\u00e3o votariam nela de jeito nenhum, enquanto 8% n\u00e3o sabem ou n\u00e3o responderam.<\/p>\n<p>Jo\u00e3o Campos, por sua vez, registra 27% que afirmam votar nele com certeza e 24% que poderiam votar, somando um potencial de 51%. O percentual dos que dizem n\u00e3o votar no candidato de jeito nenhum \u00e9 de 37%, enquanto 11% n\u00e3o sabem ou n\u00e3o responderam.<\/p>\n<p>A pesquisa tamb\u00e9m aferiu a avalia\u00e7\u00e3o da administra\u00e7\u00e3o estadual. A gest\u00e3o da governadora Raquel Lyra \u00e9 aprovada por 68% dos pernambucanos, enquanto 28% desaprovam. Outros 4% n\u00e3o sabem ou n\u00e3o responderam.<\/p>\n<p>A pesquisa DataTrends ouviu 1.200 eleitores de Pernambuco entre os dias 25 e 27 de agosto de 2026. O levantamento tem margem m\u00e1xima de erro de 2,83 pontos percentuais, para mais ou para menos, e n\u00edvel de confian\u00e7a de 95%. A pesquisa est\u00e1 registrada sob os n\u00fameros PE-02222\/2026 e BR-01927\/2026.<\/p>\n<\/div>\n","protected":false},"excerpt":{"rendered":"<p>A governadora Raquel Lyra mant\u00e9m a lideran\u00e7a na disputa pelo Governo de Pernambuco, segundo pesquisa DataTrends realizada entre os dias 25 e 27 de agosto de 2026. No cen\u00e1rio estimulado de primeiro turno, Raquel aparece com 45% das inten\u00e7\u00f5es de voto, contra 36% de Jo\u00e3o Campos. Ivan Moraes registra 1%, enquanto os demais candidatos testados [&hellip;]<\/p>\n","protected":false},"author":1,"featured_media":4665,"comment_status":"open","ping_status":"open","sticky":false,"template":"","format":"standard","meta":{"footnotes":"","jetpack_publicize_message":"","jetpack_publicize_feature_enabled":true,"jetpack_social_post_already_shared":true,"jetpack_social_options":{"image_generator_settings":{"template":"highway","default_image_id":0,"font":"","enabled":false},"version":2}},"categories":[66,1,65],"tags":[],"class_list":["post-4664","post","type-post","status-publish","format-standard","has-post-thumbnail","hentry","category-cidades","category-https-gazetapernambucana-com-page_id225","category-politica"],"yoast_head":"<!-- This site is optimized with the Yoast SEO plugin v24.5 - https:\/\/yoast.com\/wordpress\/plugins\/seo\/ -->\n<title>DataTrends: Raquel Lyra mant\u00e9m vantagem sobre Jo\u00e3o Campos na disputa pelo Governo de Pernambuco -<\/title>\n<meta name=\"robots\" content=\"index, follow, max-snippet:-1, max-image-preview:large, max-video-preview:-1\" \/>\n<link rel=\"canonical\" href=\"https:\/\/gazetapernambucana.com\/?p=4664\" \/>\n<meta property=\"og:locale\" content=\"pt_BR\" \/>\n<meta property=\"og:type\" content=\"article\" \/>\n<meta property=\"og:title\" content=\"DataTrends: Raquel Lyra mant\u00e9m vantagem sobre Jo\u00e3o Campos na disputa pelo Governo de Pernambuco -\" \/>\n<meta property=\"og:description\" content=\"A governadora Raquel Lyra mant\u00e9m a lideran\u00e7a na disputa pelo Governo de Pernambuco, segundo pesquisa DataTrends realizada entre os dias 25 e 27 de agosto de 2026. No cen\u00e1rio estimulado de primeiro turno, Raquel aparece com 45% das inten\u00e7\u00f5es de voto, contra 36% de Jo\u00e3o Campos. Ivan Moraes registra 1%, enquanto os demais candidatos testados [&hellip;]\" \/>\n<meta property=\"og:url\" content=\"https:\/\/gazetapernambucana.com\/?p=4664\" \/>\n<meta property=\"article:published_time\" content=\"2026-08-29T19:05:00+00:00\" \/>\n<meta property=\"og:image\" content=\"https:\/\/gazetapernambucana.com\/wp-content\/uploads\/2026\/08\/images-1-1.jpg\" \/>\n\t<meta property=\"og:image:width\" content=\"275\" \/>\n\t<meta property=\"og:image:height\" content=\"183\" \/>\n\t<meta property=\"og:image:type\" content=\"image\/jpeg\" \/>\n<meta name=\"author\" content=\"GP\" \/>\n<meta name=\"twitter:card\" content=\"summary_large_image\" \/>\n<meta name=\"twitter:label1\" content=\"Escrito por\" \/>\n\t<meta name=\"twitter:data1\" content=\"GP\" \/>\n\t<meta name=\"twitter:label2\" content=\"Est. tempo de leitura\" \/>\n\t<meta name=\"twitter:data2\" content=\"2 minutos\" \/>\n<script type=\"application\/ld+json\" class=\"yoast-schema-graph\">{\"@context\":\"https:\/\/schema.org\",\"@graph\":[{\"@type\":\"WebPage\",\"@id\":\"https:\/\/gazetapernambucana.com\/?p=4664\",\"url\":\"https:\/\/gazetapernambucana.com\/?p=4664\",\"name\":\"DataTrends: Raquel Lyra mant\u00e9m vantagem sobre Jo\u00e3o Campos na disputa pelo Governo de Pernambuco -\",\"isPartOf\":{\"@id\":\"https:\/\/gazetapernambucana.com\/#website\"},\"primaryImageOfPage\":{\"@id\":\"https:\/\/gazetapernambucana.com\/?p=4664#primaryimage\"},\"image\":{\"@id\":\"https:\/\/gazetapernambucana.com\/?p=4664#primaryimage\"},\"thumbnailUrl\":\"https:\/\/gazetapernambucana.com\/wp-content\/uploads\/2026\/08\/images-1-1.jpg\",\"datePublished\":\"2026-08-29T19:05:00+00:00\",\"author\":{\"@id\":\"https:\/\/gazetapernambucana.com\/#\/schema\/person\/188dc283325181ac2de4db1e9e987427\"},\"breadcrumb\":{\"@id\":\"https:\/\/gazetapernambucana.com\/?p=4664#breadcrumb\"},\"inLanguage\":\"pt-BR\",\"potentialAction\":[{\"@type\":\"ReadAction\",\"target\":[\"https:\/\/gazetapernambucana.com\/?p=4664\"]}]},{\"@type\":\"ImageObject\",\"inLanguage\":\"pt-BR\",\"@id\":\"https:\/\/gazetapernambucana.com\/?p=4664#primaryimage\",\"url\":\"https:\/\/gazetapernambucana.com\/wp-content\/uploads\/2026\/08\/images-1-1.jpg\",\"contentUrl\":\"https:\/\/gazetapernambucana.com\/wp-content\/uploads\/2026\/08\/images-1-1.jpg\",\"width\":275,\"height\":183},{\"@type\":\"BreadcrumbList\",\"@id\":\"https:\/\/gazetapernambucana.com\/?p=4664#breadcrumb\",\"itemListElement\":[{\"@type\":\"ListItem\",\"position\":1,\"name\":\"In\u00edcio\",\"item\":\"https:\/\/gazetapernambucana.com\/\"},{\"@type\":\"ListItem\",\"position\":2,\"name\":\"DataTrends: Raquel Lyra mant\u00e9m vantagem sobre Jo\u00e3o Campos na disputa pelo Governo de Pernambuco\"}]},{\"@type\":\"WebSite\",\"@id\":\"https:\/\/gazetapernambucana.com\/#website\",\"url\":\"https:\/\/gazetapernambucana.com\/\",\"name\":\"\",\"description\":\"\",\"potentialAction\":[{\"@type\":\"SearchAction\",\"target\":{\"@type\":\"EntryPoint\",\"urlTemplate\":\"https:\/\/gazetapernambucana.com\/?s={search_term_string}\"},\"query-input\":{\"@type\":\"PropertyValueSpecification\",\"valueRequired\":true,\"valueName\":\"search_term_string\"}}],\"inLanguage\":\"pt-BR\"},{\"@type\":\"Person\",\"@id\":\"https:\/\/gazetapernambucana.com\/#\/schema\/person\/188dc283325181ac2de4db1e9e987427\",\"name\":\"GP\",\"image\":{\"@type\":\"ImageObject\",\"inLanguage\":\"pt-BR\",\"@id\":\"https:\/\/gazetapernambucana.com\/#\/schema\/person\/image\/\",\"url\":\"https:\/\/secure.gravatar.com\/avatar\/9dad78ff9a2d8b5742d11779f8a3f53b052320c550b2e1907882353c067bb111?s=96&d=mm&r=g\",\"contentUrl\":\"https:\/\/secure.gravatar.com\/avatar\/9dad78ff9a2d8b5742d11779f8a3f53b052320c550b2e1907882353c067bb111?s=96&d=mm&r=g\",\"caption\":\"GP\"},\"sameAs\":[\"http:\/\/gazetapernambucana.com\"],\"url\":\"https:\/\/gazetapernambucana.com\/?author=1\"}]}<\/script>\n<!-- \/ Yoast SEO plugin. -->","yoast_head_json":{"title":"DataTrends: Raquel Lyra mant\u00e9m vantagem sobre Jo\u00e3o Campos na disputa pelo Governo de Pernambuco -","robots":{"index":"index","follow":"follow","max-snippet":"max-snippet:-1","max-image-preview":"max-image-preview:large","max-video-preview":"max-video-preview:-1"},"canonical":"https:\/\/gazetapernambucana.com\/?p=4664","og_locale":"pt_BR","og_type":"article","og_title":"DataTrends: Raquel Lyra mant\u00e9m vantagem sobre Jo\u00e3o Campos na disputa pelo Governo de Pernambuco -","og_description":"A governadora Raquel Lyra mant\u00e9m a lideran\u00e7a na disputa pelo Governo de Pernambuco, segundo pesquisa DataTrends realizada entre os dias 25 e 27 de agosto de 2026. No cen\u00e1rio estimulado de primeiro turno, Raquel aparece com 45% das inten\u00e7\u00f5es de voto, contra 36% de Jo\u00e3o Campos. Ivan Moraes registra 1%, enquanto os demais candidatos testados [&hellip;]","og_url":"https:\/\/gazetapernambucana.com\/?p=4664","article_published_time":"2026-08-29T19:05:00+00:00","og_image":[{"width":275,"height":183,"url":"https:\/\/gazetapernambucana.com\/wp-content\/uploads\/2026\/08\/images-1-1.jpg","type":"image\/jpeg"}],"author":"GP","twitter_card":"summary_large_image","twitter_misc":{"Escrito por":"GP","Est. tempo de leitura":"2 minutos"},"schema":{"@context":"https:\/\/schema.org","@graph":[{"@type":"WebPage","@id":"https:\/\/gazetapernambucana.com\/?p=4664","url":"https:\/\/gazetapernambucana.com\/?p=4664","name":"DataTrends: Raquel Lyra mant\u00e9m vantagem sobre Jo\u00e3o Campos na disputa pelo Governo de Pernambuco -","isPartOf":{"@id":"https:\/\/gazetapernambucana.com\/#website"},"primaryImageOfPage":{"@id":"https:\/\/gazetapernambucana.com\/?p=4664#primaryimage"},"image":{"@id":"https:\/\/gazetapernambucana.com\/?p=4664#primaryimage"},"thumbnailUrl":"https:\/\/gazetapernambucana.com\/wp-content\/uploads\/2026\/08\/images-1-1.jpg","datePublished":"2026-08-29T19:05:00+00:00","author":{"@id":"https:\/\/gazetapernambucana.com\/#\/schema\/person\/188dc283325181ac2de4db1e9e987427"},"breadcrumb":{"@id":"https:\/\/gazetapernambucana.com\/?p=4664#breadcrumb"},"inLanguage":"pt-BR","potentialAction":[{"@type":"ReadAction","target":["https:\/\/gazetapernambucana.com\/?p=4664"]}]},{"@type":"ImageObject","inLanguage":"pt-BR","@id":"https:\/\/gazetapernambucana.com\/?p=4664#primaryimage","url":"https:\/\/gazetapernambucana.com\/wp-content\/uploads\/2026\/08\/images-1-1.jpg","contentUrl":"https:\/\/gazetapernambucana.com\/wp-content\/uploads\/2026\/08\/images-1-1.jpg","width":275,"height":183},{"@type":"BreadcrumbList","@id":"https:\/\/gazetapernambucana.com\/?p=4664#breadcrumb","itemListElement":[{"@type":"ListItem","position":1,"name":"In\u00edcio","item":"https:\/\/gazetapernambucana.com\/"},{"@type":"ListItem","position":2,"name":"DataTrends: Raquel Lyra mant\u00e9m vantagem sobre Jo\u00e3o Campos na disputa pelo Governo de Pernambuco"}]},{"@type":"WebSite","@id":"https:\/\/gazetapernambucana.com\/#website","url":"https:\/\/gazetapernambucana.com\/","name":"","description":"","potentialAction":[{"@type":"SearchAction","target":{"@type":"EntryPoint","urlTemplate":"https:\/\/gazetapernambucana.com\/?s={search_term_string}"},"query-input":{"@type":"PropertyValueSpecification","valueRequired":true,"valueName":"search_term_string"}}],"inLanguage":"pt-BR"},{"@type":"Person","@id":"https:\/\/gazetapernambucana.com\/#\/schema\/person\/188dc283325181ac2de4db1e9e987427","name":"GP","image":{"@type":"ImageObject","inLanguage":"pt-BR","@id":"https:\/\/gazetapernambucana.com\/#\/schema\/person\/image\/","url":"https:\/\/secure.gravatar.com\/avatar\/9dad78ff9a2d8b5742d11779f8a3f53b052320c550b2e1907882353c067bb111?s=96&d=mm&r=g","contentUrl":"https:\/\/secure.gravatar.com\/avatar\/9dad78ff9a2d8b5742d11779f8a3f53b052320c550b2e1907882353c067bb111?s=96&d=mm&r=g","caption":"GP"},"sameAs":["http:\/\/gazetapernambucana.com"],"url":"https:\/\/gazetapernambucana.com\/?author=1"}]}},"jetpack_publicize_connections":[],"_links":{"self":[{"href":"https:\/\/gazetapernambucana.com\/index.php?rest_route=\/wp\/v2\/posts\/4664","targetHints":{"allow":["GET"]}}],"collection":[{"href":"https:\/\/gazetapernambucana.com\/index.php?rest_route=\/wp\/v2\/posts"}],"about":[{"href":"https:\/\/gazetapernambucana.com\/index.php?rest_route=\/wp\/v2\/types\/post"}],"author":[{"embeddable":true,"href":"https:\/\/gazetapernambucana.com\/index.php?rest_route=\/wp\/v2\/users\/1"}],"replies":[{"embeddable":true,"href":"https:\/\/gazetapernambucana.com\/index.php?rest_route=%2Fwp%2Fv2%2Fcomments&post=4664"}],"version-history":[{"count":1,"href":"https:\/\/gazetapernambucana.com\/index.php?rest_route=\/wp\/v2\/posts\/4664\/revisions"}],"predecessor-version":[{"id":4666,"href":"https:\/\/gazetapernambucana.com\/index.php?rest_route=\/wp\/v2\/posts\/4664\/revisions\/4666"}],"wp:featuredmedia":[{"embeddable":true,"href":"https:\/\/gazetapernambucana.com\/index.php?rest_route=\/wp\/v2\/media\/4665"}],"wp:attachment":[{"href":"https:\/\/gazetapernambucana.com\/index.php?rest_route=%2Fwp%2Fv2%2Fmedia&parent=4664"}],"wp:term":[{"taxonomy":"category","embeddable":true,"href":"https:\/\/gazetapernambucana.com\/index.php?rest_route=%2Fwp%2Fv2%2Fcategories&post=4664"},{"taxonomy":"post_tag","embeddable":true,"href":"https:\/\/gazetapernambucana.com\/index.php?rest_route=%2Fwp%2Fv2%2Ftags&post=4664"}],"curies":[{"name":"wp","href":"https:\/\/api.w.org\/{rel}","templated":true}]}}