{"id":4658,"date":"2026-08-28T20:26:34","date_gmt":"2026-08-28T23:26:34","guid":{"rendered":"https:\/\/gazetapernambucana.com\/?p=4658"},"modified":"2026-08-28T20:26:34","modified_gmt":"2026-08-28T23:26:34","slug":"pernambuco-registra-crescimento-economico-acima-das-medias-nacional-e-regional","status":"publish","type":"post","link":"https:\/\/gazetapernambucana.com\/?p=4658","title":{"rendered":"Pernambuco registra crescimento econ\u00f4mico acima das m\u00e9dias nacional e regional"},"content":{"rendered":"<div class=\"bc-body\">\n<div class=\"container bc-body-grid\">\n<div class=\"bc-body-main\">\n<div class=\"bc-content entry-content\">\n<p class=\"wp-block-paragraph\">Pernambuco liderou o avan\u00e7o da atividade econ\u00f4mica no Nordeste no primeiro semestre de 2026. De acordo com dados do Banco Central, entre janeiro e junho, a economia pernambucana cresceu 4,47% em rela\u00e7\u00e3o ao mesmo per\u00edodo de 2025, registrando o terceiro melhor desempenho entre as 17 unidades da Federa\u00e7\u00e3o acompanhadas pela institui\u00e7\u00e3o. O resultado ficou atr\u00e1s apenas do Rio de Janeiro (5,77%) e de Mato Grosso do Sul (4,54%).<\/p>\n<p class=\"wp-block-paragraph\">O desempenho de Pernambuco ficou bem acima das m\u00e9dias nacional e regional. Enquanto o Brasil cresceu 1,52% no per\u00edodo, o Nordeste registrou alta de 2,38%. No acumulado de 12 meses, entre julho de 2025 e junho de 2026, Pernambuco tamb\u00e9m apresentou o melhor resultado entre os estados nordestinos acompanhados pelo Banco Central, com crescimento de 3,09%.<\/p>\n<p class=\"wp-block-paragraph\">\u201c<em>Os dados mostram que Pernambuco vem consolidando uma trajet\u00f3ria de crescimento, com reflexos na atividade econ\u00f4mica, na gera\u00e7\u00e3o de empregos e na abertura de novas empresas. Liderar o Nordeste e ocupar a terceira posi\u00e7\u00e3o entre os estados acompanhados pelo Banco Central demonstra a for\u00e7a da nossa economia e nos estimula a seguir trabalhando para ampliar investimentos, fortalecer o ambiente de neg\u00f3cios e gerar cada vez mais oportunidades\u201d<\/em>, afirmou a secret\u00e1ria de Desenvolvimento Econ\u00f4mico, Danielle Jar Souto.<\/p>\n<p class=\"wp-block-paragraph\">O desempenho tamb\u00e9m se reflete em outros indicadores. Em junho, Pernambuco registrou saldo de 6.162 empregos formais, segundo o Novo Caged. No mesmo m\u00eas, foram abertas 12.226 novas empresas, o maior n\u00famero registrado para junho desde 2009. A taxa de negativa\u00e7\u00e3o empresarial tamb\u00e9m caiu de 29,36% para 27,22% em 12 meses, a maior redu\u00e7\u00e3o registrada no Nordeste, segundo nota t\u00e9cnica da Secretaria de Desenvolvimento Econ\u00f4mico (SDEC).<\/p>\n<p class=\"wp-block-paragraph\">Apesar do avan\u00e7o no semestre, a atividade econ\u00f4mica recuou 0,36% em junho, na compara\u00e7\u00e3o com maio, acompanhando a desacelera\u00e7\u00e3o nacional. Para a secretaria, o movimento representa uma acomoda\u00e7\u00e3o em patamar elevado e n\u00e3o uma revers\u00e3o da trajet\u00f3ria. O \u00edndice pernambucano encerrou junho em 111,12 pontos, apenas 0,4% abaixo do recorde hist\u00f3rico registrado em mar\u00e7o.<\/p>\n<\/div>\n<\/div>\n<\/div>\n<\/div>\n","protected":false},"excerpt":{"rendered":"<p>Pernambuco liderou o avan\u00e7o da atividade econ\u00f4mica no Nordeste no primeiro semestre de 2026. De acordo com dados do Banco Central, entre janeiro e junho, a economia pernambucana cresceu 4,47% em rela\u00e7\u00e3o ao mesmo per\u00edodo de 2025, registrando o terceiro melhor desempenho entre as 17 unidades da Federa\u00e7\u00e3o acompanhadas pela institui\u00e7\u00e3o. O resultado ficou atr\u00e1s [&hellip;]<\/p>\n","protected":false},"author":1,"featured_media":4659,"comment_status":"open","ping_status":"open","sticky":false,"template":"","format":"standard","meta":{"footnotes":"","jetpack_publicize_message":"","jetpack_publicize_feature_enabled":true,"jetpack_social_post_already_shared":true,"jetpack_social_options":{"image_generator_settings":{"template":"highway","default_image_id":0,"font":"","enabled":false},"version":2}},"categories":[1,38,65],"tags":[],"class_list":["post-4658","post","type-post","status-publish","format-standard","has-post-thumbnail","hentry","category-https-gazetapernambucana-com-page_id225","category-https-gazetapernambucana-com-page_id215","category-politica"],"yoast_head":"<!-- This site is optimized with the Yoast SEO plugin v24.5 - https:\/\/yoast.com\/wordpress\/plugins\/seo\/ -->\n<title>Pernambuco registra crescimento econ\u00f4mico acima das m\u00e9dias nacional e regional -<\/title>\n<meta name=\"robots\" content=\"index, follow, max-snippet:-1, max-image-preview:large, max-video-preview:-1\" \/>\n<link rel=\"canonical\" href=\"https:\/\/gazetapernambucana.com\/?p=4658\" \/>\n<meta property=\"og:locale\" content=\"pt_BR\" \/>\n<meta property=\"og:type\" content=\"article\" \/>\n<meta property=\"og:title\" content=\"Pernambuco registra crescimento econ\u00f4mico acima das m\u00e9dias nacional e regional -\" \/>\n<meta property=\"og:description\" content=\"Pernambuco liderou o avan\u00e7o da atividade econ\u00f4mica no Nordeste no primeiro semestre de 2026. De acordo com dados do Banco Central, entre janeiro e junho, a economia pernambucana cresceu 4,47% em rela\u00e7\u00e3o ao mesmo per\u00edodo de 2025, registrando o terceiro melhor desempenho entre as 17 unidades da Federa\u00e7\u00e3o acompanhadas pela institui\u00e7\u00e3o. O resultado ficou atr\u00e1s [&hellip;]\" \/>\n<meta property=\"og:url\" content=\"https:\/\/gazetapernambucana.com\/?p=4658\" \/>\n<meta property=\"article:published_time\" content=\"2026-08-28T23:26:34+00:00\" \/>\n<meta property=\"og:image\" content=\"https:\/\/gazetapernambucana.com\/wp-content\/uploads\/2026\/08\/92c1edf9-1b47-434e-9a8f-57fef1e25f49-1024x682-1.jpeg\" \/>\n\t<meta property=\"og:image:width\" content=\"1024\" \/>\n\t<meta property=\"og:image:height\" content=\"682\" \/>\n\t<meta property=\"og:image:type\" content=\"image\/jpeg\" \/>\n<meta name=\"author\" content=\"GP\" \/>\n<meta name=\"twitter:card\" content=\"summary_large_image\" \/>\n<meta name=\"twitter:label1\" content=\"Escrito por\" \/>\n\t<meta name=\"twitter:data1\" content=\"GP\" \/>\n\t<meta name=\"twitter:label2\" content=\"Est. tempo de leitura\" \/>\n\t<meta name=\"twitter:data2\" content=\"2 minutos\" \/>\n<script type=\"application\/ld+json\" class=\"yoast-schema-graph\">{\"@context\":\"https:\/\/schema.org\",\"@graph\":[{\"@type\":\"WebPage\",\"@id\":\"https:\/\/gazetapernambucana.com\/?p=4658\",\"url\":\"https:\/\/gazetapernambucana.com\/?p=4658\",\"name\":\"Pernambuco registra crescimento econ\u00f4mico acima das m\u00e9dias nacional e regional -\",\"isPartOf\":{\"@id\":\"https:\/\/gazetapernambucana.com\/#website\"},\"primaryImageOfPage\":{\"@id\":\"https:\/\/gazetapernambucana.com\/?p=4658#primaryimage\"},\"image\":{\"@id\":\"https:\/\/gazetapernambucana.com\/?p=4658#primaryimage\"},\"thumbnailUrl\":\"https:\/\/gazetapernambucana.com\/wp-content\/uploads\/2026\/08\/92c1edf9-1b47-434e-9a8f-57fef1e25f49-1024x682-1.jpeg\",\"datePublished\":\"2026-08-28T23:26:34+00:00\",\"author\":{\"@id\":\"https:\/\/gazetapernambucana.com\/#\/schema\/person\/188dc283325181ac2de4db1e9e987427\"},\"breadcrumb\":{\"@id\":\"https:\/\/gazetapernambucana.com\/?p=4658#breadcrumb\"},\"inLanguage\":\"pt-BR\",\"potentialAction\":[{\"@type\":\"ReadAction\",\"target\":[\"https:\/\/gazetapernambucana.com\/?p=4658\"]}]},{\"@type\":\"ImageObject\",\"inLanguage\":\"pt-BR\",\"@id\":\"https:\/\/gazetapernambucana.com\/?p=4658#primaryimage\",\"url\":\"https:\/\/gazetapernambucana.com\/wp-content\/uploads\/2026\/08\/92c1edf9-1b47-434e-9a8f-57fef1e25f49-1024x682-1.jpeg\",\"contentUrl\":\"https:\/\/gazetapernambucana.com\/wp-content\/uploads\/2026\/08\/92c1edf9-1b47-434e-9a8f-57fef1e25f49-1024x682-1.jpeg\",\"width\":1024,\"height\":682},{\"@type\":\"BreadcrumbList\",\"@id\":\"https:\/\/gazetapernambucana.com\/?p=4658#breadcrumb\",\"itemListElement\":[{\"@type\":\"ListItem\",\"position\":1,\"name\":\"In\u00edcio\",\"item\":\"https:\/\/gazetapernambucana.com\/\"},{\"@type\":\"ListItem\",\"position\":2,\"name\":\"Pernambuco registra crescimento econ\u00f4mico acima das m\u00e9dias nacional e regional\"}]},{\"@type\":\"WebSite\",\"@id\":\"https:\/\/gazetapernambucana.com\/#website\",\"url\":\"https:\/\/gazetapernambucana.com\/\",\"name\":\"\",\"description\":\"\",\"potentialAction\":[{\"@type\":\"SearchAction\",\"target\":{\"@type\":\"EntryPoint\",\"urlTemplate\":\"https:\/\/gazetapernambucana.com\/?s={search_term_string}\"},\"query-input\":{\"@type\":\"PropertyValueSpecification\",\"valueRequired\":true,\"valueName\":\"search_term_string\"}}],\"inLanguage\":\"pt-BR\"},{\"@type\":\"Person\",\"@id\":\"https:\/\/gazetapernambucana.com\/#\/schema\/person\/188dc283325181ac2de4db1e9e987427\",\"name\":\"GP\",\"image\":{\"@type\":\"ImageObject\",\"inLanguage\":\"pt-BR\",\"@id\":\"https:\/\/gazetapernambucana.com\/#\/schema\/person\/image\/\",\"url\":\"https:\/\/secure.gravatar.com\/avatar\/9dad78ff9a2d8b5742d11779f8a3f53b052320c550b2e1907882353c067bb111?s=96&d=mm&r=g\",\"contentUrl\":\"https:\/\/secure.gravatar.com\/avatar\/9dad78ff9a2d8b5742d11779f8a3f53b052320c550b2e1907882353c067bb111?s=96&d=mm&r=g\",\"caption\":\"GP\"},\"sameAs\":[\"http:\/\/gazetapernambucana.com\"],\"url\":\"https:\/\/gazetapernambucana.com\/?author=1\"}]}<\/script>\n<!-- \/ Yoast SEO plugin. -->","yoast_head_json":{"title":"Pernambuco registra crescimento econ\u00f4mico acima das m\u00e9dias nacional e regional -","robots":{"index":"index","follow":"follow","max-snippet":"max-snippet:-1","max-image-preview":"max-image-preview:large","max-video-preview":"max-video-preview:-1"},"canonical":"https:\/\/gazetapernambucana.com\/?p=4658","og_locale":"pt_BR","og_type":"article","og_title":"Pernambuco registra crescimento econ\u00f4mico acima das m\u00e9dias nacional e regional -","og_description":"Pernambuco liderou o avan\u00e7o da atividade econ\u00f4mica no Nordeste no primeiro semestre de 2026. De acordo com dados do Banco Central, entre janeiro e junho, a economia pernambucana cresceu 4,47% em rela\u00e7\u00e3o ao mesmo per\u00edodo de 2025, registrando o terceiro melhor desempenho entre as 17 unidades da Federa\u00e7\u00e3o acompanhadas pela institui\u00e7\u00e3o. O resultado ficou atr\u00e1s [&hellip;]","og_url":"https:\/\/gazetapernambucana.com\/?p=4658","article_published_time":"2026-08-28T23:26:34+00:00","og_image":[{"width":1024,"height":682,"url":"https:\/\/gazetapernambucana.com\/wp-content\/uploads\/2026\/08\/92c1edf9-1b47-434e-9a8f-57fef1e25f49-1024x682-1.jpeg","type":"image\/jpeg"}],"author":"GP","twitter_card":"summary_large_image","twitter_misc":{"Escrito por":"GP","Est. tempo de leitura":"2 minutos"},"schema":{"@context":"https:\/\/schema.org","@graph":[{"@type":"WebPage","@id":"https:\/\/gazetapernambucana.com\/?p=4658","url":"https:\/\/gazetapernambucana.com\/?p=4658","name":"Pernambuco registra crescimento econ\u00f4mico acima das m\u00e9dias nacional e regional -","isPartOf":{"@id":"https:\/\/gazetapernambucana.com\/#website"},"primaryImageOfPage":{"@id":"https:\/\/gazetapernambucana.com\/?p=4658#primaryimage"},"image":{"@id":"https:\/\/gazetapernambucana.com\/?p=4658#primaryimage"},"thumbnailUrl":"https:\/\/gazetapernambucana.com\/wp-content\/uploads\/2026\/08\/92c1edf9-1b47-434e-9a8f-57fef1e25f49-1024x682-1.jpeg","datePublished":"2026-08-28T23:26:34+00:00","author":{"@id":"https:\/\/gazetapernambucana.com\/#\/schema\/person\/188dc283325181ac2de4db1e9e987427"},"breadcrumb":{"@id":"https:\/\/gazetapernambucana.com\/?p=4658#breadcrumb"},"inLanguage":"pt-BR","potentialAction":[{"@type":"ReadAction","target":["https:\/\/gazetapernambucana.com\/?p=4658"]}]},{"@type":"ImageObject","inLanguage":"pt-BR","@id":"https:\/\/gazetapernambucana.com\/?p=4658#primaryimage","url":"https:\/\/gazetapernambucana.com\/wp-content\/uploads\/2026\/08\/92c1edf9-1b47-434e-9a8f-57fef1e25f49-1024x682-1.jpeg","contentUrl":"https:\/\/gazetapernambucana.com\/wp-content\/uploads\/2026\/08\/92c1edf9-1b47-434e-9a8f-57fef1e25f49-1024x682-1.jpeg","width":1024,"height":682},{"@type":"BreadcrumbList","@id":"https:\/\/gazetapernambucana.com\/?p=4658#breadcrumb","itemListElement":[{"@type":"ListItem","position":1,"name":"In\u00edcio","item":"https:\/\/gazetapernambucana.com\/"},{"@type":"ListItem","position":2,"name":"Pernambuco registra crescimento econ\u00f4mico acima das m\u00e9dias nacional e regional"}]},{"@type":"WebSite","@id":"https:\/\/gazetapernambucana.com\/#website","url":"https:\/\/gazetapernambucana.com\/","name":"","description":"","potentialAction":[{"@type":"SearchAction","target":{"@type":"EntryPoint","urlTemplate":"https:\/\/gazetapernambucana.com\/?s={search_term_string}"},"query-input":{"@type":"PropertyValueSpecification","valueRequired":true,"valueName":"search_term_string"}}],"inLanguage":"pt-BR"},{"@type":"Person","@id":"https:\/\/gazetapernambucana.com\/#\/schema\/person\/188dc283325181ac2de4db1e9e987427","name":"GP","image":{"@type":"ImageObject","inLanguage":"pt-BR","@id":"https:\/\/gazetapernambucana.com\/#\/schema\/person\/image\/","url":"https:\/\/secure.gravatar.com\/avatar\/9dad78ff9a2d8b5742d11779f8a3f53b052320c550b2e1907882353c067bb111?s=96&d=mm&r=g","contentUrl":"https:\/\/secure.gravatar.com\/avatar\/9dad78ff9a2d8b5742d11779f8a3f53b052320c550b2e1907882353c067bb111?s=96&d=mm&r=g","caption":"GP"},"sameAs":["http:\/\/gazetapernambucana.com"],"url":"https:\/\/gazetapernambucana.com\/?author=1"}]}},"jetpack_publicize_connections":[],"_links":{"self":[{"href":"https:\/\/gazetapernambucana.com\/index.php?rest_route=\/wp\/v2\/posts\/4658","targetHints":{"allow":["GET"]}}],"collection":[{"href":"https:\/\/gazetapernambucana.com\/index.php?rest_route=\/wp\/v2\/posts"}],"about":[{"href":"https:\/\/gazetapernambucana.com\/index.php?rest_route=\/wp\/v2\/types\/post"}],"author":[{"embeddable":true,"href":"https:\/\/gazetapernambucana.com\/index.php?rest_route=\/wp\/v2\/users\/1"}],"replies":[{"embeddable":true,"href":"https:\/\/gazetapernambucana.com\/index.php?rest_route=%2Fwp%2Fv2%2Fcomments&post=4658"}],"version-history":[{"count":1,"href":"https:\/\/gazetapernambucana.com\/index.php?rest_route=\/wp\/v2\/posts\/4658\/revisions"}],"predecessor-version":[{"id":4660,"href":"https:\/\/gazetapernambucana.com\/index.php?rest_route=\/wp\/v2\/posts\/4658\/revisions\/4660"}],"wp:featuredmedia":[{"embeddable":true,"href":"https:\/\/gazetapernambucana.com\/index.php?rest_route=\/wp\/v2\/media\/4659"}],"wp:attachment":[{"href":"https:\/\/gazetapernambucana.com\/index.php?rest_route=%2Fwp%2Fv2%2Fmedia&parent=4658"}],"wp:term":[{"taxonomy":"category","embeddable":true,"href":"https:\/\/gazetapernambucana.com\/index.php?rest_route=%2Fwp%2Fv2%2Fcategories&post=4658"},{"taxonomy":"post_tag","embeddable":true,"href":"https:\/\/gazetapernambucana.com\/index.php?rest_route=%2Fwp%2Fv2%2Ftags&post=4658"}],"curies":[{"name":"wp","href":"https:\/\/api.w.org\/{rel}","templated":true}]}}