{"id":4649,"date":"2026-08-28T01:07:58","date_gmt":"2026-08-28T04:07:58","guid":{"rendered":"https:\/\/gazetapernambucana.com\/?p=4649"},"modified":"2026-08-28T01:56:13","modified_gmt":"2026-08-28T04:56:13","slug":"joao-campos-recorre-a-teatros-e-ainda-assim-ve-raquel-lyra-caminhar-para-a-vitoria-no-primeiro-turno","status":"publish","type":"post","link":"https:\/\/gazetapernambucana.com\/?p=4649","title":{"rendered":"As provas que ligam Jo\u00e3o Campos a Amisadai, o homem que ele tentou transformar em vil\u00e3o"},"content":{"rendered":"<p class=\"ds-markdown-paragraph\"><span class=\"\"><strong>GAZETA PERNAMBUCANA &#8211;\u00a0 <\/strong><\/span><span class=\"\">A tentativa desesperada de Jo\u00e3o Campos (PSB) de se vitimizar na reta final da campanha eleitoral foi desmascarada de forma brutal e definitiva pela pr\u00f3pria hist\u00f3ria que ele tentou apagar. Ao negar publicamente, na noite da \u00faltima quinta-feira (27), qualquer v\u00ednculo com o servidor Amisadai Andrade da Silva, a quem sua coliga\u00e7\u00e3o apontou como o chefe do suposto &#8220;gabinete do \u00f3dio&#8221; do governo Raquel Lyra, o candidato ao Governo de Pernambuco foi contradito por um acervo de provas que exp\u00f5e uma rela\u00e7\u00e3o de amizade \u00edntima, lastreada por v\u00eddeos afetuosos e, pior, por dinheiro p\u00fablico da gest\u00e3o que ele comandou na Prefeitura do Recife.<\/span><\/p>\n<p class=\"ds-markdown-paragraph\"><span class=\"\">A jogada de baixo n\u00edvel, urdida para denegrir a imagem da governadora Raquel Lyra (PSD),\u00a0 candidata \u00e0 reelei\u00e7\u00e3o, ruiu antes mesmo de ganhar for\u00e7a. Enquanto Jo\u00e3o Campos tentava transformar Amisadai no grande vil\u00e3o da hist\u00f3ria, a pr\u00f3pria governadora trouxe \u00e0 tona a prova cabal de que a narrativa do candidato do PSB era uma farsa: um v\u00eddeo gravado por ele pr\u00f3prio em 2022, no qual aparece radiante, enviando sauda\u00e7\u00f5es afetuosas a Amisadai e \u00e0 sua esposa, Pollyana, pelo nascimento da filha do casal.<\/span><\/p>\n<p class=\"ds-markdown-paragraph\"><span class=\"\">A imagem de Jo\u00e3o Campos, todo sorridente e familiar, n\u00e3o apenas destr\u00f3i sua defesa constrangedora de que &#8220;nunca foi amigo&#8221; do servidor, como tamb\u00e9m escancara seu desespero pol\u00edtico. Se n\u00e3o h\u00e1 amizade, por que um candidato ao governo gravaria uma mensagem pessoal e \u00edntima para um &#8220;desconhecido&#8221;? O v\u00eddeo \u00e9 a materializa\u00e7\u00e3o da mentira, uma pegadinha da mem\u00f3ria que o pr\u00f3prio tempo se encarregou de revelar no momento mais cr\u00edtico da disputa.<\/span><\/p>\n<p class=\"ds-markdown-paragraph\"><span class=\"\">Entretanto, a liga\u00e7\u00e3o entre eles n\u00e3o se resume a um abra\u00e7o gravado. O rastro do dinheiro p\u00fablico enterra de vez qualquer tentativa de distanciamento. A Prefeitura do Recife, durante a gest\u00e3o de Jo\u00e3o Campos, destinou verbas publicit\u00e1rias ao portal de not\u00edcias ligado a Amisadai. A pergunta que ecoa no eleitorado \u00e9 cruel e direta: como pode um candidato acusar sua advers\u00e1ria de financiar um suposto &#8220;gabinete do \u00f3dio&#8221; com recursos estaduais, quando foi sua pr\u00f3pria prefeitura que bancou o ve\u00edculo do homem que agora ele tenta pintar como inimigo? A incoer\u00eancia \u00e9 tamanha que revela o verdadeiro prop\u00f3sito da encena\u00e7\u00e3o: desviar o foco de suas pr\u00f3prias rela\u00e7\u00f5es nebulosas e da queda livre que enfrenta nas pesquisas.<\/span><\/p>\n<p class=\"ds-markdown-paragraph\"><span class=\"\">O que realmente aterroriza a c\u00fapula da campanha de Jo\u00e3o Campos n\u00e3o s\u00e3o as provas de amizade, mas a matem\u00e1tica eleitoral implac\u00e1vel. Desesperado com as quedas sucessivas que vem sofrendo nas inten\u00e7\u00f5es de voto, o candidato do PSB tenta, com factoides e ataques rasteiros, estancar uma sangria que parece irrevers\u00edvel. Enquanto ele se perde em contradi\u00e7\u00f5es, Raquel Lyra consolida uma vantagem que a coloca como favorita incontest\u00e1vel para vencer a disputa j\u00e1 no primeiro turno, marcado para o pr\u00f3ximo dia 4 de outubro.<\/span><\/p>\n<p class=\"ds-markdown-paragraph\"><span class=\"\">Os institutos de pesquisa mais confi\u00e1veis do pa\u00eds atestam o cen\u00e1rio desolador para o ex-prefeito do Recife. O levantamento do Datafolha aponta Raquel Lyra com expressivos 47% das inten\u00e7\u00f5es de voto, contra apenas 40% de Jo\u00e3o Campos. A Quaest, por sua vez, confirma a lideran\u00e7a da governadora com 44%, enquanto Jo\u00e3o Campos estaciona nos 36%, sem for\u00e7a para reagir. Diante desses n\u00fameros, a tentativa de criar um &#8220;gabinete do \u00f3dio&#8221; fict\u00edcio soa como o \u00faltimo suspiro de uma campanha que j\u00e1 n\u00e3o tem mais argumentos de gest\u00e3o ou propostas concretas para oferecer ao povo pernambucano.<\/span><\/p>\n<p class=\"ds-markdown-paragraph\"><span class=\"\">A farsa do &#8220;gabinete do \u00f3dio&#8221; foi desmontada pela pr\u00f3pria hist\u00f3ria pregressa dos envolvidos. Ao tentar usar Amisadai como pe\u00e7a de um tabuleiro sujo, Jo\u00e3o Campos n\u00e3o apenas exp\u00f4s sua amizade com o servidor, como tamb\u00e9m revelou ao eleitorado sua falta de escr\u00fapulos ao tentar transformar um velho conhecido em vil\u00e3o para salvar sua pr\u00f3pria pele na reta final. O tiro, mais uma vez, saiu pela culatra.<\/span><\/p>\n<p class=\"ds-markdown-paragraph\"><span class=\"\">Enquanto Raquel Lyra segue firme com uma campanha limpa e respaldada por n\u00fameros concretos, Jo\u00e3o Campos se afunda em suas pr\u00f3prias mentiras, tentando desesperadamente explicar o que as imagens e os registros financeiros j\u00e1 provaram: ele \u00e9, sim, amigo de Amisadai, e tentou esconder isso a qualquer custo. No dia 4 de outubro, a Justi\u00e7a Eleitoral e as urnas dar\u00e3o a senten\u00e7a final, e tudo indica que a governadora Raquel Lyra n\u00e3o precisar\u00e1 de um segundo turno para sepultar de vez as baixarias e conduzir Pernambuco ao caminho do desenvolvimento.<\/span><\/p>\n<p><strong>VEJA O V\u00cdDEO:<\/strong><\/p>\n<div style=\"width: 640px;\" class=\"wp-video\"><video class=\"wp-video-shortcode\" id=\"video-4649-1\" width=\"640\" height=\"1138\" preload=\"metadata\" controls=\"controls\"><source type=\"video\/mp4\" src=\"http:\/\/gazetapernambucana.com\/wp-content\/uploads\/2026\/08\/SnapInsta.to_AQPuyuMGfmyo4aNQzJuqOGOY7k6KElLtxAFYPMXEDxsYdLKzT_IAnzXWwqhP8tdytpRBokW5VyQEEkO33tCTheEAhwzJMpJIZzsJvu4.mp4?_=1\" \/><a href=\"http:\/\/gazetapernambucana.com\/wp-content\/uploads\/2026\/08\/SnapInsta.to_AQPuyuMGfmyo4aNQzJuqOGOY7k6KElLtxAFYPMXEDxsYdLKzT_IAnzXWwqhP8tdytpRBokW5VyQEEkO33tCTheEAhwzJMpJIZzsJvu4.mp4\">http:\/\/gazetapernambucana.com\/wp-content\/uploads\/2026\/08\/SnapInsta.to_AQPuyuMGfmyo4aNQzJuqOGOY7k6KElLtxAFYPMXEDxsYdLKzT_IAnzXWwqhP8tdytpRBokW5VyQEEkO33tCTheEAhwzJMpJIZzsJvu4.mp4<\/a><\/video><\/div>\n","protected":false},"excerpt":{"rendered":"<p>GAZETA PERNAMBUCANA &#8211;\u00a0 A tentativa desesperada de Jo\u00e3o Campos (PSB) de se vitimizar na reta final da campanha eleitoral foi desmascarada de forma brutal e definitiva pela pr\u00f3pria hist\u00f3ria que ele tentou apagar. Ao negar publicamente, na noite da \u00faltima quinta-feira (27), qualquer v\u00ednculo com o servidor Amisadai Andrade da Silva, a quem sua coliga\u00e7\u00e3o [&hellip;]<\/p>\n","protected":false},"author":1,"featured_media":4651,"comment_status":"open","ping_status":"open","sticky":false,"template":"","format":"standard","meta":{"footnotes":"","jetpack_publicize_message":"","jetpack_publicize_feature_enabled":true,"jetpack_social_post_already_shared":true,"jetpack_social_options":{"image_generator_settings":{"template":"highway","default_image_id":0,"font":"","enabled":false},"version":2}},"categories":[66,1,65],"tags":[],"class_list":["post-4649","post","type-post","status-publish","format-standard","has-post-thumbnail","hentry","category-cidades","category-https-gazetapernambucana-com-page_id225","category-politica"],"yoast_head":"<!-- This site is optimized with the Yoast SEO plugin v24.5 - https:\/\/yoast.com\/wordpress\/plugins\/seo\/ -->\n<title>As provas que ligam Jo\u00e3o Campos a Amisadai, o homem que ele tentou transformar em vil\u00e3o -<\/title>\n<meta name=\"robots\" content=\"index, follow, max-snippet:-1, max-image-preview:large, max-video-preview:-1\" \/>\n<link rel=\"canonical\" href=\"https:\/\/gazetapernambucana.com\/?p=4649\" \/>\n<meta property=\"og:locale\" content=\"pt_BR\" \/>\n<meta property=\"og:type\" content=\"article\" \/>\n<meta property=\"og:title\" content=\"As provas que ligam Jo\u00e3o Campos a Amisadai, o homem que ele tentou transformar em vil\u00e3o -\" \/>\n<meta property=\"og:description\" content=\"GAZETA PERNAMBUCANA &#8211;\u00a0 A tentativa desesperada de Jo\u00e3o Campos (PSB) de se vitimizar na reta final da campanha eleitoral foi desmascarada de forma brutal e definitiva pela pr\u00f3pria hist\u00f3ria que ele tentou apagar. Ao negar publicamente, na noite da \u00faltima quinta-feira (27), qualquer v\u00ednculo com o servidor Amisadai Andrade da Silva, a quem sua coliga\u00e7\u00e3o [&hellip;]\" \/>\n<meta property=\"og:url\" content=\"https:\/\/gazetapernambucana.com\/?p=4649\" \/>\n<meta property=\"article:published_time\" content=\"2026-08-28T04:07:58+00:00\" \/>\n<meta property=\"article:modified_time\" content=\"2026-08-28T04:56:13+00:00\" \/>\n<meta property=\"og:image\" content=\"https:\/\/gazetapernambucana.com\/wp-content\/uploads\/2026\/08\/IMG_2135.jpeg\" \/>\n\t<meta property=\"og:image:width\" content=\"1000\" \/>\n\t<meta property=\"og:image:height\" content=\"563\" \/>\n\t<meta property=\"og:image:type\" content=\"image\/jpeg\" \/>\n<meta name=\"author\" content=\"GP\" \/>\n<meta name=\"twitter:card\" content=\"summary_large_image\" \/>\n<meta name=\"twitter:label1\" content=\"Escrito por\" \/>\n\t<meta name=\"twitter:data1\" content=\"GP\" \/>\n\t<meta name=\"twitter:label2\" content=\"Est. tempo de leitura\" \/>\n\t<meta name=\"twitter:data2\" content=\"5 minutos\" \/>\n<script type=\"application\/ld+json\" class=\"yoast-schema-graph\">{\"@context\":\"https:\/\/schema.org\",\"@graph\":[{\"@type\":\"WebPage\",\"@id\":\"https:\/\/gazetapernambucana.com\/?p=4649\",\"url\":\"https:\/\/gazetapernambucana.com\/?p=4649\",\"name\":\"As provas que ligam Jo\u00e3o Campos a Amisadai, o homem que ele tentou transformar em vil\u00e3o -\",\"isPartOf\":{\"@id\":\"https:\/\/gazetapernambucana.com\/#website\"},\"primaryImageOfPage\":{\"@id\":\"https:\/\/gazetapernambucana.com\/?p=4649#primaryimage\"},\"image\":{\"@id\":\"https:\/\/gazetapernambucana.com\/?p=4649#primaryimage\"},\"thumbnailUrl\":\"https:\/\/gazetapernambucana.com\/wp-content\/uploads\/2026\/08\/IMG_2135.jpeg\",\"datePublished\":\"2026-08-28T04:07:58+00:00\",\"dateModified\":\"2026-08-28T04:56:13+00:00\",\"author\":{\"@id\":\"https:\/\/gazetapernambucana.com\/#\/schema\/person\/188dc283325181ac2de4db1e9e987427\"},\"breadcrumb\":{\"@id\":\"https:\/\/gazetapernambucana.com\/?p=4649#breadcrumb\"},\"inLanguage\":\"pt-BR\",\"potentialAction\":[{\"@type\":\"ReadAction\",\"target\":[\"https:\/\/gazetapernambucana.com\/?p=4649\"]}]},{\"@type\":\"ImageObject\",\"inLanguage\":\"pt-BR\",\"@id\":\"https:\/\/gazetapernambucana.com\/?p=4649#primaryimage\",\"url\":\"https:\/\/gazetapernambucana.com\/wp-content\/uploads\/2026\/08\/IMG_2135.jpeg\",\"contentUrl\":\"https:\/\/gazetapernambucana.com\/wp-content\/uploads\/2026\/08\/IMG_2135.jpeg\",\"width\":1000,\"height\":563},{\"@type\":\"BreadcrumbList\",\"@id\":\"https:\/\/gazetapernambucana.com\/?p=4649#breadcrumb\",\"itemListElement\":[{\"@type\":\"ListItem\",\"position\":1,\"name\":\"In\u00edcio\",\"item\":\"https:\/\/gazetapernambucana.com\/\"},{\"@type\":\"ListItem\",\"position\":2,\"name\":\"As provas que ligam Jo\u00e3o Campos a Amisadai, o homem que ele tentou transformar em vil\u00e3o\"}]},{\"@type\":\"WebSite\",\"@id\":\"https:\/\/gazetapernambucana.com\/#website\",\"url\":\"https:\/\/gazetapernambucana.com\/\",\"name\":\"\",\"description\":\"\",\"potentialAction\":[{\"@type\":\"SearchAction\",\"target\":{\"@type\":\"EntryPoint\",\"urlTemplate\":\"https:\/\/gazetapernambucana.com\/?s={search_term_string}\"},\"query-input\":{\"@type\":\"PropertyValueSpecification\",\"valueRequired\":true,\"valueName\":\"search_term_string\"}}],\"inLanguage\":\"pt-BR\"},{\"@type\":\"Person\",\"@id\":\"https:\/\/gazetapernambucana.com\/#\/schema\/person\/188dc283325181ac2de4db1e9e987427\",\"name\":\"GP\",\"image\":{\"@type\":\"ImageObject\",\"inLanguage\":\"pt-BR\",\"@id\":\"https:\/\/gazetapernambucana.com\/#\/schema\/person\/image\/\",\"url\":\"https:\/\/secure.gravatar.com\/avatar\/9dad78ff9a2d8b5742d11779f8a3f53b052320c550b2e1907882353c067bb111?s=96&d=mm&r=g\",\"contentUrl\":\"https:\/\/secure.gravatar.com\/avatar\/9dad78ff9a2d8b5742d11779f8a3f53b052320c550b2e1907882353c067bb111?s=96&d=mm&r=g\",\"caption\":\"GP\"},\"sameAs\":[\"http:\/\/gazetapernambucana.com\"],\"url\":\"https:\/\/gazetapernambucana.com\/?author=1\"}]}<\/script>\n<!-- \/ Yoast SEO plugin. -->","yoast_head_json":{"title":"As provas que ligam Jo\u00e3o Campos a Amisadai, o homem que ele tentou transformar em vil\u00e3o -","robots":{"index":"index","follow":"follow","max-snippet":"max-snippet:-1","max-image-preview":"max-image-preview:large","max-video-preview":"max-video-preview:-1"},"canonical":"https:\/\/gazetapernambucana.com\/?p=4649","og_locale":"pt_BR","og_type":"article","og_title":"As provas que ligam Jo\u00e3o Campos a Amisadai, o homem que ele tentou transformar em vil\u00e3o -","og_description":"GAZETA PERNAMBUCANA &#8211;\u00a0 A tentativa desesperada de Jo\u00e3o Campos (PSB) de se vitimizar na reta final da campanha eleitoral foi desmascarada de forma brutal e definitiva pela pr\u00f3pria hist\u00f3ria que ele tentou apagar. Ao negar publicamente, na noite da \u00faltima quinta-feira (27), qualquer v\u00ednculo com o servidor Amisadai Andrade da Silva, a quem sua coliga\u00e7\u00e3o [&hellip;]","og_url":"https:\/\/gazetapernambucana.com\/?p=4649","article_published_time":"2026-08-28T04:07:58+00:00","article_modified_time":"2026-08-28T04:56:13+00:00","og_image":[{"width":1000,"height":563,"url":"https:\/\/gazetapernambucana.com\/wp-content\/uploads\/2026\/08\/IMG_2135.jpeg","type":"image\/jpeg"}],"author":"GP","twitter_card":"summary_large_image","twitter_misc":{"Escrito por":"GP","Est. tempo de leitura":"5 minutos"},"schema":{"@context":"https:\/\/schema.org","@graph":[{"@type":"WebPage","@id":"https:\/\/gazetapernambucana.com\/?p=4649","url":"https:\/\/gazetapernambucana.com\/?p=4649","name":"As provas que ligam Jo\u00e3o Campos a Amisadai, o homem que ele tentou transformar em vil\u00e3o -","isPartOf":{"@id":"https:\/\/gazetapernambucana.com\/#website"},"primaryImageOfPage":{"@id":"https:\/\/gazetapernambucana.com\/?p=4649#primaryimage"},"image":{"@id":"https:\/\/gazetapernambucana.com\/?p=4649#primaryimage"},"thumbnailUrl":"https:\/\/gazetapernambucana.com\/wp-content\/uploads\/2026\/08\/IMG_2135.jpeg","datePublished":"2026-08-28T04:07:58+00:00","dateModified":"2026-08-28T04:56:13+00:00","author":{"@id":"https:\/\/gazetapernambucana.com\/#\/schema\/person\/188dc283325181ac2de4db1e9e987427"},"breadcrumb":{"@id":"https:\/\/gazetapernambucana.com\/?p=4649#breadcrumb"},"inLanguage":"pt-BR","potentialAction":[{"@type":"ReadAction","target":["https:\/\/gazetapernambucana.com\/?p=4649"]}]},{"@type":"ImageObject","inLanguage":"pt-BR","@id":"https:\/\/gazetapernambucana.com\/?p=4649#primaryimage","url":"https:\/\/gazetapernambucana.com\/wp-content\/uploads\/2026\/08\/IMG_2135.jpeg","contentUrl":"https:\/\/gazetapernambucana.com\/wp-content\/uploads\/2026\/08\/IMG_2135.jpeg","width":1000,"height":563},{"@type":"BreadcrumbList","@id":"https:\/\/gazetapernambucana.com\/?p=4649#breadcrumb","itemListElement":[{"@type":"ListItem","position":1,"name":"In\u00edcio","item":"https:\/\/gazetapernambucana.com\/"},{"@type":"ListItem","position":2,"name":"As provas que ligam Jo\u00e3o Campos a Amisadai, o homem que ele tentou transformar em vil\u00e3o"}]},{"@type":"WebSite","@id":"https:\/\/gazetapernambucana.com\/#website","url":"https:\/\/gazetapernambucana.com\/","name":"","description":"","potentialAction":[{"@type":"SearchAction","target":{"@type":"EntryPoint","urlTemplate":"https:\/\/gazetapernambucana.com\/?s={search_term_string}"},"query-input":{"@type":"PropertyValueSpecification","valueRequired":true,"valueName":"search_term_string"}}],"inLanguage":"pt-BR"},{"@type":"Person","@id":"https:\/\/gazetapernambucana.com\/#\/schema\/person\/188dc283325181ac2de4db1e9e987427","name":"GP","image":{"@type":"ImageObject","inLanguage":"pt-BR","@id":"https:\/\/gazetapernambucana.com\/#\/schema\/person\/image\/","url":"https:\/\/secure.gravatar.com\/avatar\/9dad78ff9a2d8b5742d11779f8a3f53b052320c550b2e1907882353c067bb111?s=96&d=mm&r=g","contentUrl":"https:\/\/secure.gravatar.com\/avatar\/9dad78ff9a2d8b5742d11779f8a3f53b052320c550b2e1907882353c067bb111?s=96&d=mm&r=g","caption":"GP"},"sameAs":["http:\/\/gazetapernambucana.com"],"url":"https:\/\/gazetapernambucana.com\/?author=1"}]}},"jetpack_publicize_connections":[],"_links":{"self":[{"href":"https:\/\/gazetapernambucana.com\/index.php?rest_route=\/wp\/v2\/posts\/4649","targetHints":{"allow":["GET"]}}],"collection":[{"href":"https:\/\/gazetapernambucana.com\/index.php?rest_route=\/wp\/v2\/posts"}],"about":[{"href":"https:\/\/gazetapernambucana.com\/index.php?rest_route=\/wp\/v2\/types\/post"}],"author":[{"embeddable":true,"href":"https:\/\/gazetapernambucana.com\/index.php?rest_route=\/wp\/v2\/users\/1"}],"replies":[{"embeddable":true,"href":"https:\/\/gazetapernambucana.com\/index.php?rest_route=%2Fwp%2Fv2%2Fcomments&post=4649"}],"version-history":[{"count":5,"href":"https:\/\/gazetapernambucana.com\/index.php?rest_route=\/wp\/v2\/posts\/4649\/revisions"}],"predecessor-version":[{"id":4657,"href":"https:\/\/gazetapernambucana.com\/index.php?rest_route=\/wp\/v2\/posts\/4649\/revisions\/4657"}],"wp:featuredmedia":[{"embeddable":true,"href":"https:\/\/gazetapernambucana.com\/index.php?rest_route=\/wp\/v2\/media\/4651"}],"wp:attachment":[{"href":"https:\/\/gazetapernambucana.com\/index.php?rest_route=%2Fwp%2Fv2%2Fmedia&parent=4649"}],"wp:term":[{"taxonomy":"category","embeddable":true,"href":"https:\/\/gazetapernambucana.com\/index.php?rest_route=%2Fwp%2Fv2%2Fcategories&post=4649"},{"taxonomy":"post_tag","embeddable":true,"href":"https:\/\/gazetapernambucana.com\/index.php?rest_route=%2Fwp%2Fv2%2Ftags&post=4649"}],"curies":[{"name":"wp","href":"https:\/\/api.w.org\/{rel}","templated":true}]}}