{"id":4641,"date":"2026-08-27T18:32:28","date_gmt":"2026-08-27T21:32:28","guid":{"rendered":"https:\/\/gazetapernambucana.com\/?p=4641"},"modified":"2026-08-27T18:32:28","modified_gmt":"2026-08-27T21:32:28","slug":"tulio-gadelha-articula-votacao-do-fim-da-escala-6x1-com-omar-aziz","status":"publish","type":"post","link":"https:\/\/gazetapernambucana.com\/?p=4641","title":{"rendered":"T\u00falio Gad\u00ealha articula vota\u00e7\u00e3o do fim da escala 6\u00d71 com Omar Aziz"},"content":{"rendered":"<header class=\"bc-hero\">\n<div class=\"container bc-hero-inner\"><\/div>\n<\/header>\n<div class=\"bc-body\">\n<div class=\"container bc-body-grid\">\n<div class=\"bc-body-main\">\n<div class=\"bc-content entry-content\">\n<figure class=\"wp-block-image size-large\"><figcaption class=\"wp-element-caption\">Foto: Bruno Spada<\/figcaption><\/figure>\n<p class=\"wp-block-paragraph\">Pautas priorit\u00e1rias do Governo Federal, como o fim da escala 6\u00d71 entraram em uma nova fase para a agilidade na tramita\u00e7\u00e3o. O candidato ao Senado Federal, T\u00falio Gad\u00ealha (PSD), tem atuado diretamente na articula\u00e7\u00e3o para garantir o avan\u00e7o da proposta no Congresso Nacional.<\/p>\n<p class=\"wp-block-paragraph\">O parlamentar vem mantendo di\u00e1logo com o correligion\u00e1rio e senador Omar Aziz (PSD-AM), relator da mat\u00e9ria, para que a pauta avance sem modifica\u00e7\u00f5es e seja submetida \u00e0 vota\u00e7\u00e3o. T\u00falio foi o \u00fanico pernambucano titular da comiss\u00e3o especial da C\u00e2mara que analisou o fim da escala 6\u00d71, participando diretamente da constru\u00e7\u00e3o e da defesa da proposta.<\/p>\n<p class=\"wp-block-paragraph\">Agora, a articula\u00e7\u00e3o chega ao Senado. Omar Aziz deve apresentar seu parecer nesta quinta (27), com previs\u00e3o de vota\u00e7\u00e3o na Comiss\u00e3o de Constitui\u00e7\u00e3o e Justi\u00e7a na pr\u00f3xima semana. O avan\u00e7o foi refor\u00e7ado pelo acordo firmado entre o presidente Lula (PT) e os presidentes da C\u00e2mara, Hugo Motta (Republicanos-PB) e do Senado, Davi Alcolumbre (UB-AP), que colocou o fim da escala 6\u00d71 entre as prioridades do esfor\u00e7o concentrado do Congresso.<\/p>\n<p class=\"wp-block-paragraph\">\u201c<em>Essa \u00e9 uma luta que a gente vem travando h\u00e1 muito tempo. Estive na comiss\u00e3o da C\u00e2mara, fui o \u00fanico pernambucano titular e agora estou dialogando diretamente com o relator Omar Aziz para garantir que essa pauta avance sem modifica\u00e7\u00e3o no Senado. O trabalhador precisa de mais tempo para descansar, cuidar da sa\u00fade, estar com a fam\u00edlia e viver, e isso \u00e9 urgente\u201d,<\/em>\u00a0afirma T\u00falio.<\/p>\n<p class=\"wp-block-paragraph\">Para o deputado, a possibilidade de vota\u00e7\u00e3o representa uma conquista constru\u00edda pela articula\u00e7\u00e3o pol\u00edtica no Congresso e pela mobiliza\u00e7\u00e3o dos trabalhadores. \u201c<em>O fim da 6\u00d71 \u00e9 uma luta nossa. \u00c9 uma luta por dignidade e qualidade de vida. O acordo entre Lula, Hugo Motta e Davi Alcolumbre abre uma oportunidade concreta para avan\u00e7armos, e vamos continuar trabalhando para que essa oportunidade vire uma vit\u00f3ria dos trabalhadores brasileiros\u201d,<\/em>\u00a0refor\u00e7a T\u00falio.<\/p>\n<\/div>\n<\/div>\n<\/div>\n<\/div>\n","protected":false},"excerpt":{"rendered":"<p>Foto: Bruno Spada Pautas priorit\u00e1rias do Governo Federal, como o fim da escala 6\u00d71 entraram em uma nova fase para a agilidade na tramita\u00e7\u00e3o. O candidato ao Senado Federal, T\u00falio Gad\u00ealha (PSD), tem atuado diretamente na articula\u00e7\u00e3o para garantir o avan\u00e7o da proposta no Congresso Nacional. O parlamentar vem mantendo di\u00e1logo com o correligion\u00e1rio e [&hellip;]<\/p>\n","protected":false},"author":1,"featured_media":4642,"comment_status":"open","ping_status":"open","sticky":false,"template":"","format":"standard","meta":{"footnotes":"","jetpack_publicize_message":"","jetpack_publicize_feature_enabled":true,"jetpack_social_post_already_shared":true,"jetpack_social_options":{"image_generator_settings":{"template":"highway","default_image_id":0,"font":"","enabled":false},"version":2}},"categories":[37,66,1,38,65],"tags":[],"class_list":["post-4641","post","type-post","status-publish","format-standard","has-post-thumbnail","hentry","category-https-gazetapernambucana-com-page_id212","category-cidades","category-https-gazetapernambucana-com-page_id225","category-https-gazetapernambucana-com-page_id215","category-politica"],"yoast_head":"<!-- This site is optimized with the Yoast SEO plugin v24.5 - https:\/\/yoast.com\/wordpress\/plugins\/seo\/ -->\n<title>T\u00falio Gad\u00ealha articula vota\u00e7\u00e3o do fim da escala 6\u00d71 com Omar Aziz -<\/title>\n<meta name=\"robots\" content=\"index, follow, max-snippet:-1, max-image-preview:large, max-video-preview:-1\" \/>\n<link rel=\"canonical\" href=\"https:\/\/gazetapernambucana.com\/?p=4641\" \/>\n<meta property=\"og:locale\" content=\"pt_BR\" \/>\n<meta property=\"og:type\" content=\"article\" \/>\n<meta property=\"og:title\" content=\"T\u00falio Gad\u00ealha articula vota\u00e7\u00e3o do fim da escala 6\u00d71 com Omar Aziz -\" \/>\n<meta property=\"og:description\" content=\"Foto: Bruno Spada Pautas priorit\u00e1rias do Governo Federal, como o fim da escala 6\u00d71 entraram em uma nova fase para a agilidade na tramita\u00e7\u00e3o. O candidato ao Senado Federal, T\u00falio Gad\u00ealha (PSD), tem atuado diretamente na articula\u00e7\u00e3o para garantir o avan\u00e7o da proposta no Congresso Nacional. O parlamentar vem mantendo di\u00e1logo com o correligion\u00e1rio e [&hellip;]\" \/>\n<meta property=\"og:url\" content=\"https:\/\/gazetapernambucana.com\/?p=4641\" \/>\n<meta property=\"article:published_time\" content=\"2026-08-27T21:32:28+00:00\" \/>\n<meta property=\"og:image\" content=\"https:\/\/gazetapernambucana.com\/wp-content\/uploads\/2026\/08\/2d043aef-c836-4338-b69f-b05f02197893-1024x683-1.jpeg\" \/>\n\t<meta property=\"og:image:width\" content=\"1024\" \/>\n\t<meta property=\"og:image:height\" content=\"683\" \/>\n\t<meta property=\"og:image:type\" content=\"image\/jpeg\" \/>\n<meta name=\"author\" content=\"GP\" \/>\n<meta name=\"twitter:card\" content=\"summary_large_image\" \/>\n<meta name=\"twitter:label1\" content=\"Escrito por\" \/>\n\t<meta name=\"twitter:data1\" content=\"GP\" \/>\n\t<meta name=\"twitter:label2\" content=\"Est. tempo de leitura\" \/>\n\t<meta name=\"twitter:data2\" content=\"2 minutos\" \/>\n<script type=\"application\/ld+json\" class=\"yoast-schema-graph\">{\"@context\":\"https:\/\/schema.org\",\"@graph\":[{\"@type\":\"WebPage\",\"@id\":\"https:\/\/gazetapernambucana.com\/?p=4641\",\"url\":\"https:\/\/gazetapernambucana.com\/?p=4641\",\"name\":\"T\u00falio Gad\u00ealha articula vota\u00e7\u00e3o do fim da escala 6\u00d71 com Omar Aziz -\",\"isPartOf\":{\"@id\":\"https:\/\/gazetapernambucana.com\/#website\"},\"primaryImageOfPage\":{\"@id\":\"https:\/\/gazetapernambucana.com\/?p=4641#primaryimage\"},\"image\":{\"@id\":\"https:\/\/gazetapernambucana.com\/?p=4641#primaryimage\"},\"thumbnailUrl\":\"https:\/\/gazetapernambucana.com\/wp-content\/uploads\/2026\/08\/2d043aef-c836-4338-b69f-b05f02197893-1024x683-1.jpeg\",\"datePublished\":\"2026-08-27T21:32:28+00:00\",\"author\":{\"@id\":\"https:\/\/gazetapernambucana.com\/#\/schema\/person\/188dc283325181ac2de4db1e9e987427\"},\"breadcrumb\":{\"@id\":\"https:\/\/gazetapernambucana.com\/?p=4641#breadcrumb\"},\"inLanguage\":\"pt-BR\",\"potentialAction\":[{\"@type\":\"ReadAction\",\"target\":[\"https:\/\/gazetapernambucana.com\/?p=4641\"]}]},{\"@type\":\"ImageObject\",\"inLanguage\":\"pt-BR\",\"@id\":\"https:\/\/gazetapernambucana.com\/?p=4641#primaryimage\",\"url\":\"https:\/\/gazetapernambucana.com\/wp-content\/uploads\/2026\/08\/2d043aef-c836-4338-b69f-b05f02197893-1024x683-1.jpeg\",\"contentUrl\":\"https:\/\/gazetapernambucana.com\/wp-content\/uploads\/2026\/08\/2d043aef-c836-4338-b69f-b05f02197893-1024x683-1.jpeg\",\"width\":1024,\"height\":683},{\"@type\":\"BreadcrumbList\",\"@id\":\"https:\/\/gazetapernambucana.com\/?p=4641#breadcrumb\",\"itemListElement\":[{\"@type\":\"ListItem\",\"position\":1,\"name\":\"In\u00edcio\",\"item\":\"https:\/\/gazetapernambucana.com\/\"},{\"@type\":\"ListItem\",\"position\":2,\"name\":\"T\u00falio Gad\u00ealha articula vota\u00e7\u00e3o do fim da escala 6\u00d71 com Omar Aziz\"}]},{\"@type\":\"WebSite\",\"@id\":\"https:\/\/gazetapernambucana.com\/#website\",\"url\":\"https:\/\/gazetapernambucana.com\/\",\"name\":\"\",\"description\":\"\",\"potentialAction\":[{\"@type\":\"SearchAction\",\"target\":{\"@type\":\"EntryPoint\",\"urlTemplate\":\"https:\/\/gazetapernambucana.com\/?s={search_term_string}\"},\"query-input\":{\"@type\":\"PropertyValueSpecification\",\"valueRequired\":true,\"valueName\":\"search_term_string\"}}],\"inLanguage\":\"pt-BR\"},{\"@type\":\"Person\",\"@id\":\"https:\/\/gazetapernambucana.com\/#\/schema\/person\/188dc283325181ac2de4db1e9e987427\",\"name\":\"GP\",\"image\":{\"@type\":\"ImageObject\",\"inLanguage\":\"pt-BR\",\"@id\":\"https:\/\/gazetapernambucana.com\/#\/schema\/person\/image\/\",\"url\":\"https:\/\/secure.gravatar.com\/avatar\/9dad78ff9a2d8b5742d11779f8a3f53b052320c550b2e1907882353c067bb111?s=96&d=mm&r=g\",\"contentUrl\":\"https:\/\/secure.gravatar.com\/avatar\/9dad78ff9a2d8b5742d11779f8a3f53b052320c550b2e1907882353c067bb111?s=96&d=mm&r=g\",\"caption\":\"GP\"},\"sameAs\":[\"http:\/\/gazetapernambucana.com\"],\"url\":\"https:\/\/gazetapernambucana.com\/?author=1\"}]}<\/script>\n<!-- \/ Yoast SEO plugin. -->","yoast_head_json":{"title":"T\u00falio Gad\u00ealha articula vota\u00e7\u00e3o do fim da escala 6\u00d71 com Omar Aziz -","robots":{"index":"index","follow":"follow","max-snippet":"max-snippet:-1","max-image-preview":"max-image-preview:large","max-video-preview":"max-video-preview:-1"},"canonical":"https:\/\/gazetapernambucana.com\/?p=4641","og_locale":"pt_BR","og_type":"article","og_title":"T\u00falio Gad\u00ealha articula vota\u00e7\u00e3o do fim da escala 6\u00d71 com Omar Aziz -","og_description":"Foto: Bruno Spada Pautas priorit\u00e1rias do Governo Federal, como o fim da escala 6\u00d71 entraram em uma nova fase para a agilidade na tramita\u00e7\u00e3o. O candidato ao Senado Federal, T\u00falio Gad\u00ealha (PSD), tem atuado diretamente na articula\u00e7\u00e3o para garantir o avan\u00e7o da proposta no Congresso Nacional. O parlamentar vem mantendo di\u00e1logo com o correligion\u00e1rio e [&hellip;]","og_url":"https:\/\/gazetapernambucana.com\/?p=4641","article_published_time":"2026-08-27T21:32:28+00:00","og_image":[{"width":1024,"height":683,"url":"https:\/\/gazetapernambucana.com\/wp-content\/uploads\/2026\/08\/2d043aef-c836-4338-b69f-b05f02197893-1024x683-1.jpeg","type":"image\/jpeg"}],"author":"GP","twitter_card":"summary_large_image","twitter_misc":{"Escrito por":"GP","Est. tempo de leitura":"2 minutos"},"schema":{"@context":"https:\/\/schema.org","@graph":[{"@type":"WebPage","@id":"https:\/\/gazetapernambucana.com\/?p=4641","url":"https:\/\/gazetapernambucana.com\/?p=4641","name":"T\u00falio Gad\u00ealha articula vota\u00e7\u00e3o do fim da escala 6\u00d71 com Omar Aziz -","isPartOf":{"@id":"https:\/\/gazetapernambucana.com\/#website"},"primaryImageOfPage":{"@id":"https:\/\/gazetapernambucana.com\/?p=4641#primaryimage"},"image":{"@id":"https:\/\/gazetapernambucana.com\/?p=4641#primaryimage"},"thumbnailUrl":"https:\/\/gazetapernambucana.com\/wp-content\/uploads\/2026\/08\/2d043aef-c836-4338-b69f-b05f02197893-1024x683-1.jpeg","datePublished":"2026-08-27T21:32:28+00:00","author":{"@id":"https:\/\/gazetapernambucana.com\/#\/schema\/person\/188dc283325181ac2de4db1e9e987427"},"breadcrumb":{"@id":"https:\/\/gazetapernambucana.com\/?p=4641#breadcrumb"},"inLanguage":"pt-BR","potentialAction":[{"@type":"ReadAction","target":["https:\/\/gazetapernambucana.com\/?p=4641"]}]},{"@type":"ImageObject","inLanguage":"pt-BR","@id":"https:\/\/gazetapernambucana.com\/?p=4641#primaryimage","url":"https:\/\/gazetapernambucana.com\/wp-content\/uploads\/2026\/08\/2d043aef-c836-4338-b69f-b05f02197893-1024x683-1.jpeg","contentUrl":"https:\/\/gazetapernambucana.com\/wp-content\/uploads\/2026\/08\/2d043aef-c836-4338-b69f-b05f02197893-1024x683-1.jpeg","width":1024,"height":683},{"@type":"BreadcrumbList","@id":"https:\/\/gazetapernambucana.com\/?p=4641#breadcrumb","itemListElement":[{"@type":"ListItem","position":1,"name":"In\u00edcio","item":"https:\/\/gazetapernambucana.com\/"},{"@type":"ListItem","position":2,"name":"T\u00falio Gad\u00ealha articula vota\u00e7\u00e3o do fim da escala 6\u00d71 com Omar Aziz"}]},{"@type":"WebSite","@id":"https:\/\/gazetapernambucana.com\/#website","url":"https:\/\/gazetapernambucana.com\/","name":"","description":"","potentialAction":[{"@type":"SearchAction","target":{"@type":"EntryPoint","urlTemplate":"https:\/\/gazetapernambucana.com\/?s={search_term_string}"},"query-input":{"@type":"PropertyValueSpecification","valueRequired":true,"valueName":"search_term_string"}}],"inLanguage":"pt-BR"},{"@type":"Person","@id":"https:\/\/gazetapernambucana.com\/#\/schema\/person\/188dc283325181ac2de4db1e9e987427","name":"GP","image":{"@type":"ImageObject","inLanguage":"pt-BR","@id":"https:\/\/gazetapernambucana.com\/#\/schema\/person\/image\/","url":"https:\/\/secure.gravatar.com\/avatar\/9dad78ff9a2d8b5742d11779f8a3f53b052320c550b2e1907882353c067bb111?s=96&d=mm&r=g","contentUrl":"https:\/\/secure.gravatar.com\/avatar\/9dad78ff9a2d8b5742d11779f8a3f53b052320c550b2e1907882353c067bb111?s=96&d=mm&r=g","caption":"GP"},"sameAs":["http:\/\/gazetapernambucana.com"],"url":"https:\/\/gazetapernambucana.com\/?author=1"}]}},"jetpack_publicize_connections":[],"_links":{"self":[{"href":"https:\/\/gazetapernambucana.com\/index.php?rest_route=\/wp\/v2\/posts\/4641","targetHints":{"allow":["GET"]}}],"collection":[{"href":"https:\/\/gazetapernambucana.com\/index.php?rest_route=\/wp\/v2\/posts"}],"about":[{"href":"https:\/\/gazetapernambucana.com\/index.php?rest_route=\/wp\/v2\/types\/post"}],"author":[{"embeddable":true,"href":"https:\/\/gazetapernambucana.com\/index.php?rest_route=\/wp\/v2\/users\/1"}],"replies":[{"embeddable":true,"href":"https:\/\/gazetapernambucana.com\/index.php?rest_route=%2Fwp%2Fv2%2Fcomments&post=4641"}],"version-history":[{"count":1,"href":"https:\/\/gazetapernambucana.com\/index.php?rest_route=\/wp\/v2\/posts\/4641\/revisions"}],"predecessor-version":[{"id":4643,"href":"https:\/\/gazetapernambucana.com\/index.php?rest_route=\/wp\/v2\/posts\/4641\/revisions\/4643"}],"wp:featuredmedia":[{"embeddable":true,"href":"https:\/\/gazetapernambucana.com\/index.php?rest_route=\/wp\/v2\/media\/4642"}],"wp:attachment":[{"href":"https:\/\/gazetapernambucana.com\/index.php?rest_route=%2Fwp%2Fv2%2Fmedia&parent=4641"}],"wp:term":[{"taxonomy":"category","embeddable":true,"href":"https:\/\/gazetapernambucana.com\/index.php?rest_route=%2Fwp%2Fv2%2Fcategories&post=4641"},{"taxonomy":"post_tag","embeddable":true,"href":"https:\/\/gazetapernambucana.com\/index.php?rest_route=%2Fwp%2Fv2%2Ftags&post=4641"}],"curies":[{"name":"wp","href":"https:\/\/api.w.org\/{rel}","templated":true}]}}