{"id":4637,"date":"2026-08-25T22:59:15","date_gmt":"2026-08-26T01:59:15","guid":{"rendered":"https:\/\/gazetapernambucana.com\/?p=4637"},"modified":"2026-08-25T22:59:15","modified_gmt":"2026-08-26T01:59:15","slug":"no-procape-raquel-lyra-e-tulio-gadelha-selam-em-concreto-e-em-memoria-a-alianca-que-sustenta-o-projeto-de-pernambuco","status":"publish","type":"post","link":"https:\/\/gazetapernambucana.com\/?p=4637","title":{"rendered":"No Procape, Raquel Lyra e T\u00falio Gad\u00ealha selam, em concreto e em mem\u00f3ria, a alian\u00e7a que sustenta o projeto de Pernambuco"},"content":{"rendered":"<p>O Governo de Pernambuco est\u00e1 investindo cerca de R$ 48,8 milh\u00f5es na amplia\u00e7\u00e3o da estrutura de um dos principais centros de refer\u00eancia em cardiologia de alta complexidade do Estado, o Pronto-Socorro Cardiol\u00f3gico Universit\u00e1rio de Pernambuco (PROCAPE), no bairro de Santo Amaro, no Recife. Atualmente, a obra est\u00e1 com 42,1% de execu\u00e7\u00e3o e tem conclus\u00e3o prevista para 2027. A governadora Raquel Lyra vistoriou a obra nesta ter\u00e7a-feira (25).<\/p>\n<p>Acompanhando as obras, a secret\u00e1ria de Ci\u00eancia, Tecnologia e Inova\u00e7\u00e3o, Mauric\u00e9lia Montenegro, falou sobre os investimentos do Governo do Estado na educa\u00e7\u00e3o e tecnologia. \u201cCom essa amplia\u00e7\u00e3o, o Procape se tornar\u00e1 o segundo maior hospital universit\u00e1rio card\u00edaco do pa\u00eds. Essa realiza\u00e7\u00e3o do Governo do Estado integra o programa Inova PE, que j\u00e1 destinou mais de R$ 1 bilh\u00e3o de reais para ci\u00eancia, tecnologia e inova\u00e7\u00e3o em todo o Estado&#8221;, afirmou a gestora.<\/p>\n<p>Com a amplia\u00e7\u00e3o, o Procape ganhar\u00e1 115 novos leitos, sendo 30 de Unidade de Terapia Intensiva (UTI) e 85 de enfermaria, elevando a estrutura da unidade para 367 leitos. O novo pr\u00e9dio tamb\u00e9m contar\u00e1 com Centro de Reabilita\u00e7\u00e3o Cardiovascular, Centro de Diagn\u00f3stico para exames de alta e m\u00e9dia complexidade e farm\u00e1cia. A expans\u00e3o permitir\u00e1 ainda aumentar os internamentos em UTI de 1,2 mil para 2,7 mil di\u00e1rias por m\u00eas, al\u00e9m de contribuir para a redu\u00e7\u00e3o da fila de espera por cirurgias cardiovasculares de alta complexidade.<\/p>\n<p>A secret\u00e1ria de Sa\u00fade de Pernambuco, Zilda Cavalcanti, destacou o impacto do novo pr\u00e9dio para o atendimento da popula\u00e7\u00e3o. \u201cO novo espa\u00e7o ter\u00e1 115 novos leitos para atender nossa rede, com leitos de enfermaria e de Unidade Tratamento Intensiva (UTI). Essa entrega traz um grande ganho para o atendimento especializado no Estado. Al\u00e9m disso, antes desta inaugura\u00e7\u00e3o, faremos a entrega da nova resson\u00e2ncia para o Procape, para que a gente possa fazer os exames de resson\u00e2ncia card\u00edaca sem precisar tirar os pacientes da unidade\u201d, pontuou a secret\u00e1ria.<\/p>\n<p>O Procape, inaugurado em junho de 2006 e vinculado \u00e0 Universidade de Pernambuco (UPE), \u00e9 refer\u00eancia no atendimento especializado em cardiologia de alta complexidade, atuando principalmente em casos de urg\u00eancia e emerg\u00eancia e em procedimentos estruturais do cora\u00e7\u00e3o. A unidade realiza, entre outros procedimentos, cirurgias de emerg\u00eancia da aorta, revasculariza\u00e7\u00e3o do mioc\u00e1rdio, tratamento de cardiopatias cong\u00eanitas e patologias valvares, al\u00e9m de implantes de marcapassos e desfibriladores. A Emerg\u00eancia Cardiol\u00f3gica funciona 24 horas e atende pacientes que necessitam de assist\u00eancia especializada.<\/p>\n<p>\u201cA expans\u00e3o \u00e9 fundamental para o atendimento \u00e0 popula\u00e7\u00e3o de Pernambuco. Com essa obra, aumentaremos em cerca de 30 a 40% a capacidade de atendimento do hospital. Passaremos a ser a maior refer\u00eancia na regi\u00e3o Norte-Nordeste no atendimento da especialidade\u201d, disse o Diretor do Procape, Pedro Caz\u00e9.<\/p>\n<p>Ainda no Procape, a governadora Raquel Lyra, representando o Governo do Estado, participou da sess\u00e3o solene comemorativa pelos 80 anos do Instituto Pernambucano de Hist\u00f3ria da Medicina (IPHM), reconhecido pela Academia Brasileira de Hist\u00f3ria da Medicina como a mais antiga entidade do pa\u00eds ainda em atividade dedicada ao estudo e \u00e0 preserva\u00e7\u00e3o da hist\u00f3ria da medicina.<\/p>\n","protected":false},"excerpt":{"rendered":"<p>O Governo de Pernambuco est\u00e1 investindo cerca de R$ 48,8 milh\u00f5es na amplia\u00e7\u00e3o da estrutura de um dos principais centros de refer\u00eancia em cardiologia de alta complexidade do Estado, o Pronto-Socorro Cardiol\u00f3gico Universit\u00e1rio de Pernambuco (PROCAPE), no bairro de Santo Amaro, no Recife. Atualmente, a obra est\u00e1 com 42,1% de execu\u00e7\u00e3o e tem conclus\u00e3o prevista [&hellip;]<\/p>\n","protected":false},"author":1,"featured_media":4638,"comment_status":"open","ping_status":"open","sticky":false,"template":"","format":"standard","meta":{"footnotes":"","jetpack_publicize_message":"","jetpack_publicize_feature_enabled":true,"jetpack_social_post_already_shared":true,"jetpack_social_options":{"image_generator_settings":{"template":"highway","default_image_id":0,"font":"","enabled":false},"version":2}},"categories":[66,1,65],"tags":[],"class_list":["post-4637","post","type-post","status-publish","format-standard","has-post-thumbnail","hentry","category-cidades","category-https-gazetapernambucana-com-page_id225","category-politica"],"yoast_head":"<!-- This site is optimized with the Yoast SEO plugin v24.5 - https:\/\/yoast.com\/wordpress\/plugins\/seo\/ -->\n<title>No Procape, Raquel Lyra e T\u00falio Gad\u00ealha selam, em concreto e em mem\u00f3ria, a alian\u00e7a que sustenta o projeto de Pernambuco -<\/title>\n<meta name=\"robots\" content=\"index, follow, max-snippet:-1, max-image-preview:large, max-video-preview:-1\" \/>\n<link rel=\"canonical\" href=\"https:\/\/gazetapernambucana.com\/?p=4637\" \/>\n<meta property=\"og:locale\" content=\"pt_BR\" \/>\n<meta property=\"og:type\" content=\"article\" \/>\n<meta property=\"og:title\" content=\"No Procape, Raquel Lyra e T\u00falio Gad\u00ealha selam, em concreto e em mem\u00f3ria, a alian\u00e7a que sustenta o projeto de Pernambuco -\" \/>\n<meta property=\"og:description\" content=\"O Governo de Pernambuco est\u00e1 investindo cerca de R$ 48,8 milh\u00f5es na amplia\u00e7\u00e3o da estrutura de um dos principais centros de refer\u00eancia em cardiologia de alta complexidade do Estado, o Pronto-Socorro Cardiol\u00f3gico Universit\u00e1rio de Pernambuco (PROCAPE), no bairro de Santo Amaro, no Recife. Atualmente, a obra est\u00e1 com 42,1% de execu\u00e7\u00e3o e tem conclus\u00e3o prevista [&hellip;]\" \/>\n<meta property=\"og:url\" content=\"https:\/\/gazetapernambucana.com\/?p=4637\" \/>\n<meta property=\"article:published_time\" content=\"2026-08-26T01:59:15+00:00\" \/>\n<meta property=\"og:image\" content=\"https:\/\/gazetapernambucana.com\/wp-content\/uploads\/2026\/08\/download-29.jpg\" \/>\n\t<meta property=\"og:image:width\" content=\"707\" \/>\n\t<meta property=\"og:image:height\" content=\"850\" \/>\n\t<meta property=\"og:image:type\" content=\"image\/jpeg\" \/>\n<meta name=\"author\" content=\"GP\" \/>\n<meta name=\"twitter:card\" content=\"summary_large_image\" \/>\n<meta name=\"twitter:label1\" content=\"Escrito por\" \/>\n\t<meta name=\"twitter:data1\" content=\"GP\" \/>\n\t<meta name=\"twitter:label2\" content=\"Est. tempo de leitura\" \/>\n\t<meta name=\"twitter:data2\" content=\"3 minutos\" \/>\n<script type=\"application\/ld+json\" class=\"yoast-schema-graph\">{\"@context\":\"https:\/\/schema.org\",\"@graph\":[{\"@type\":\"WebPage\",\"@id\":\"https:\/\/gazetapernambucana.com\/?p=4637\",\"url\":\"https:\/\/gazetapernambucana.com\/?p=4637\",\"name\":\"No Procape, Raquel Lyra e T\u00falio Gad\u00ealha selam, em concreto e em mem\u00f3ria, a alian\u00e7a que sustenta o projeto de Pernambuco -\",\"isPartOf\":{\"@id\":\"https:\/\/gazetapernambucana.com\/#website\"},\"primaryImageOfPage\":{\"@id\":\"https:\/\/gazetapernambucana.com\/?p=4637#primaryimage\"},\"image\":{\"@id\":\"https:\/\/gazetapernambucana.com\/?p=4637#primaryimage\"},\"thumbnailUrl\":\"https:\/\/gazetapernambucana.com\/wp-content\/uploads\/2026\/08\/download-29.jpg\",\"datePublished\":\"2026-08-26T01:59:15+00:00\",\"author\":{\"@id\":\"https:\/\/gazetapernambucana.com\/#\/schema\/person\/188dc283325181ac2de4db1e9e987427\"},\"breadcrumb\":{\"@id\":\"https:\/\/gazetapernambucana.com\/?p=4637#breadcrumb\"},\"inLanguage\":\"pt-BR\",\"potentialAction\":[{\"@type\":\"ReadAction\",\"target\":[\"https:\/\/gazetapernambucana.com\/?p=4637\"]}]},{\"@type\":\"ImageObject\",\"inLanguage\":\"pt-BR\",\"@id\":\"https:\/\/gazetapernambucana.com\/?p=4637#primaryimage\",\"url\":\"https:\/\/gazetapernambucana.com\/wp-content\/uploads\/2026\/08\/download-29.jpg\",\"contentUrl\":\"https:\/\/gazetapernambucana.com\/wp-content\/uploads\/2026\/08\/download-29.jpg\",\"width\":707,\"height\":850},{\"@type\":\"BreadcrumbList\",\"@id\":\"https:\/\/gazetapernambucana.com\/?p=4637#breadcrumb\",\"itemListElement\":[{\"@type\":\"ListItem\",\"position\":1,\"name\":\"In\u00edcio\",\"item\":\"https:\/\/gazetapernambucana.com\/\"},{\"@type\":\"ListItem\",\"position\":2,\"name\":\"No Procape, Raquel Lyra e T\u00falio Gad\u00ealha selam, em concreto e em mem\u00f3ria, a alian\u00e7a que sustenta o projeto de Pernambuco\"}]},{\"@type\":\"WebSite\",\"@id\":\"https:\/\/gazetapernambucana.com\/#website\",\"url\":\"https:\/\/gazetapernambucana.com\/\",\"name\":\"\",\"description\":\"\",\"potentialAction\":[{\"@type\":\"SearchAction\",\"target\":{\"@type\":\"EntryPoint\",\"urlTemplate\":\"https:\/\/gazetapernambucana.com\/?s={search_term_string}\"},\"query-input\":{\"@type\":\"PropertyValueSpecification\",\"valueRequired\":true,\"valueName\":\"search_term_string\"}}],\"inLanguage\":\"pt-BR\"},{\"@type\":\"Person\",\"@id\":\"https:\/\/gazetapernambucana.com\/#\/schema\/person\/188dc283325181ac2de4db1e9e987427\",\"name\":\"GP\",\"image\":{\"@type\":\"ImageObject\",\"inLanguage\":\"pt-BR\",\"@id\":\"https:\/\/gazetapernambucana.com\/#\/schema\/person\/image\/\",\"url\":\"https:\/\/secure.gravatar.com\/avatar\/9dad78ff9a2d8b5742d11779f8a3f53b052320c550b2e1907882353c067bb111?s=96&d=mm&r=g\",\"contentUrl\":\"https:\/\/secure.gravatar.com\/avatar\/9dad78ff9a2d8b5742d11779f8a3f53b052320c550b2e1907882353c067bb111?s=96&d=mm&r=g\",\"caption\":\"GP\"},\"sameAs\":[\"http:\/\/gazetapernambucana.com\"],\"url\":\"https:\/\/gazetapernambucana.com\/?author=1\"}]}<\/script>\n<!-- \/ Yoast SEO plugin. -->","yoast_head_json":{"title":"No Procape, Raquel Lyra e T\u00falio Gad\u00ealha selam, em concreto e em mem\u00f3ria, a alian\u00e7a que sustenta o projeto de Pernambuco -","robots":{"index":"index","follow":"follow","max-snippet":"max-snippet:-1","max-image-preview":"max-image-preview:large","max-video-preview":"max-video-preview:-1"},"canonical":"https:\/\/gazetapernambucana.com\/?p=4637","og_locale":"pt_BR","og_type":"article","og_title":"No Procape, Raquel Lyra e T\u00falio Gad\u00ealha selam, em concreto e em mem\u00f3ria, a alian\u00e7a que sustenta o projeto de Pernambuco -","og_description":"O Governo de Pernambuco est\u00e1 investindo cerca de R$ 48,8 milh\u00f5es na amplia\u00e7\u00e3o da estrutura de um dos principais centros de refer\u00eancia em cardiologia de alta complexidade do Estado, o Pronto-Socorro Cardiol\u00f3gico Universit\u00e1rio de Pernambuco (PROCAPE), no bairro de Santo Amaro, no Recife. Atualmente, a obra est\u00e1 com 42,1% de execu\u00e7\u00e3o e tem conclus\u00e3o prevista [&hellip;]","og_url":"https:\/\/gazetapernambucana.com\/?p=4637","article_published_time":"2026-08-26T01:59:15+00:00","og_image":[{"width":707,"height":850,"url":"https:\/\/gazetapernambucana.com\/wp-content\/uploads\/2026\/08\/download-29.jpg","type":"image\/jpeg"}],"author":"GP","twitter_card":"summary_large_image","twitter_misc":{"Escrito por":"GP","Est. tempo de leitura":"3 minutos"},"schema":{"@context":"https:\/\/schema.org","@graph":[{"@type":"WebPage","@id":"https:\/\/gazetapernambucana.com\/?p=4637","url":"https:\/\/gazetapernambucana.com\/?p=4637","name":"No Procape, Raquel Lyra e T\u00falio Gad\u00ealha selam, em concreto e em mem\u00f3ria, a alian\u00e7a que sustenta o projeto de Pernambuco -","isPartOf":{"@id":"https:\/\/gazetapernambucana.com\/#website"},"primaryImageOfPage":{"@id":"https:\/\/gazetapernambucana.com\/?p=4637#primaryimage"},"image":{"@id":"https:\/\/gazetapernambucana.com\/?p=4637#primaryimage"},"thumbnailUrl":"https:\/\/gazetapernambucana.com\/wp-content\/uploads\/2026\/08\/download-29.jpg","datePublished":"2026-08-26T01:59:15+00:00","author":{"@id":"https:\/\/gazetapernambucana.com\/#\/schema\/person\/188dc283325181ac2de4db1e9e987427"},"breadcrumb":{"@id":"https:\/\/gazetapernambucana.com\/?p=4637#breadcrumb"},"inLanguage":"pt-BR","potentialAction":[{"@type":"ReadAction","target":["https:\/\/gazetapernambucana.com\/?p=4637"]}]},{"@type":"ImageObject","inLanguage":"pt-BR","@id":"https:\/\/gazetapernambucana.com\/?p=4637#primaryimage","url":"https:\/\/gazetapernambucana.com\/wp-content\/uploads\/2026\/08\/download-29.jpg","contentUrl":"https:\/\/gazetapernambucana.com\/wp-content\/uploads\/2026\/08\/download-29.jpg","width":707,"height":850},{"@type":"BreadcrumbList","@id":"https:\/\/gazetapernambucana.com\/?p=4637#breadcrumb","itemListElement":[{"@type":"ListItem","position":1,"name":"In\u00edcio","item":"https:\/\/gazetapernambucana.com\/"},{"@type":"ListItem","position":2,"name":"No Procape, Raquel Lyra e T\u00falio Gad\u00ealha selam, em concreto e em mem\u00f3ria, a alian\u00e7a que sustenta o projeto de Pernambuco"}]},{"@type":"WebSite","@id":"https:\/\/gazetapernambucana.com\/#website","url":"https:\/\/gazetapernambucana.com\/","name":"","description":"","potentialAction":[{"@type":"SearchAction","target":{"@type":"EntryPoint","urlTemplate":"https:\/\/gazetapernambucana.com\/?s={search_term_string}"},"query-input":{"@type":"PropertyValueSpecification","valueRequired":true,"valueName":"search_term_string"}}],"inLanguage":"pt-BR"},{"@type":"Person","@id":"https:\/\/gazetapernambucana.com\/#\/schema\/person\/188dc283325181ac2de4db1e9e987427","name":"GP","image":{"@type":"ImageObject","inLanguage":"pt-BR","@id":"https:\/\/gazetapernambucana.com\/#\/schema\/person\/image\/","url":"https:\/\/secure.gravatar.com\/avatar\/9dad78ff9a2d8b5742d11779f8a3f53b052320c550b2e1907882353c067bb111?s=96&d=mm&r=g","contentUrl":"https:\/\/secure.gravatar.com\/avatar\/9dad78ff9a2d8b5742d11779f8a3f53b052320c550b2e1907882353c067bb111?s=96&d=mm&r=g","caption":"GP"},"sameAs":["http:\/\/gazetapernambucana.com"],"url":"https:\/\/gazetapernambucana.com\/?author=1"}]}},"jetpack_publicize_connections":[],"_links":{"self":[{"href":"https:\/\/gazetapernambucana.com\/index.php?rest_route=\/wp\/v2\/posts\/4637","targetHints":{"allow":["GET"]}}],"collection":[{"href":"https:\/\/gazetapernambucana.com\/index.php?rest_route=\/wp\/v2\/posts"}],"about":[{"href":"https:\/\/gazetapernambucana.com\/index.php?rest_route=\/wp\/v2\/types\/post"}],"author":[{"embeddable":true,"href":"https:\/\/gazetapernambucana.com\/index.php?rest_route=\/wp\/v2\/users\/1"}],"replies":[{"embeddable":true,"href":"https:\/\/gazetapernambucana.com\/index.php?rest_route=%2Fwp%2Fv2%2Fcomments&post=4637"}],"version-history":[{"count":1,"href":"https:\/\/gazetapernambucana.com\/index.php?rest_route=\/wp\/v2\/posts\/4637\/revisions"}],"predecessor-version":[{"id":4639,"href":"https:\/\/gazetapernambucana.com\/index.php?rest_route=\/wp\/v2\/posts\/4637\/revisions\/4639"}],"wp:featuredmedia":[{"embeddable":true,"href":"https:\/\/gazetapernambucana.com\/index.php?rest_route=\/wp\/v2\/media\/4638"}],"wp:attachment":[{"href":"https:\/\/gazetapernambucana.com\/index.php?rest_route=%2Fwp%2Fv2%2Fmedia&parent=4637"}],"wp:term":[{"taxonomy":"category","embeddable":true,"href":"https:\/\/gazetapernambucana.com\/index.php?rest_route=%2Fwp%2Fv2%2Fcategories&post=4637"},{"taxonomy":"post_tag","embeddable":true,"href":"https:\/\/gazetapernambucana.com\/index.php?rest_route=%2Fwp%2Fv2%2Ftags&post=4637"}],"curies":[{"name":"wp","href":"https:\/\/api.w.org\/{rel}","templated":true}]}}