{"id":4634,"date":"2026-08-25T21:24:08","date_gmt":"2026-08-26T00:24:08","guid":{"rendered":"https:\/\/gazetapernambucana.com\/?p=4634"},"modified":"2026-08-25T21:24:08","modified_gmt":"2026-08-26T00:24:08","slug":"quaest-raquel-lyra-tem-44-contra-36-de-joao-campos","status":"publish","type":"post","link":"https:\/\/gazetapernambucana.com\/?p=4634","title":{"rendered":"Quaest: Raquel Lyra tem 44% contra 36% de Jo\u00e3o Campos"},"content":{"rendered":"<header class=\"bc-hero\">\n<div class=\"container bc-hero-inner\"><\/div>\n<\/header>\n<div class=\"bc-body\">\n<div class=\"container bc-body-grid\">\n<div class=\"bc-body-main\">\n<div class=\"bc-content entry-content\">\n<figure class=\"wp-block-image size-large\"><figcaption class=\"wp-element-caption\">Imagem: Reprodu\u00e7\u00e3o\/TSE<\/figcaption><\/figure>\n<p class=\"wp-block-paragraph\">A nova rodada da pesquisa Genial\/Quaest, encomendada pela TV Globo e divulgada nesta ter\u00e7a (25), mostra que a disputa pelo Governo de Pernambuco segue com a governadora Raquel Lyra (PSD) em tend\u00eancia de crescimento sobre seu principal concorrente, o ex-prefeito do Recife, Jo\u00e3o Campos (PSB). Na simula\u00e7\u00e3o de primeiro turno, Raquel registra 44% das inten\u00e7\u00f5es de voto, enquanto Jo\u00e3o alcan\u00e7a 36%.<\/p>\n<p class=\"wp-block-paragraph\">No levantamento realizado em julho, a governadora tinha apresentado a primeira virada. \u00c0 \u00e9poca, ela aparecia com 43% depois de avan\u00e7ar nove pontos percentuais em rela\u00e7\u00e3o \u00e0 pesquisa de abril. J\u00e1 Jo\u00e3o tinha ca\u00eddo cinco pontos, registrando 37% e deixando de liderar a disputa.<\/p>\n<p class=\"wp-block-paragraph\">No estudo atual, Ivan Moraes (PSOL) tem 1%. Professora Camila (UP), Renan Hallais (Miss\u00e3o), Guilherme Fonseca (PSTU), Professor Jeremias do Banco (Democrata) e Victor Assim (PCO) foram citados, mas n\u00e3o pontuaram. Os que n\u00e3o sabem representam 12% do eleitorado, enquanto 7% declararam voto branco ou nulo.<\/p>\n<p class=\"wp-block-paragraph\">A pesquisa Quaest foi realizada entre os dias 21 e 24 de agosto de 2026, com 1302 eleitores entrevistados presencialmente. A margem de erro \u00e9 de tr\u00eas pontos percentuais, para mais ou para menos, com n\u00edvel de confian\u00e7a de 95%. A pesquisa est\u00e1 registrada na Justi\u00e7a Eleitoral sob o n\u00famero PE-07828\/2026.<\/p>\n<\/div>\n<\/div>\n<\/div>\n<\/div>\n","protected":false},"excerpt":{"rendered":"<p>Imagem: Reprodu\u00e7\u00e3o\/TSE A nova rodada da pesquisa Genial\/Quaest, encomendada pela TV Globo e divulgada nesta ter\u00e7a (25), mostra que a disputa pelo Governo de Pernambuco segue com a governadora Raquel Lyra (PSD) em tend\u00eancia de crescimento sobre seu principal concorrente, o ex-prefeito do Recife, Jo\u00e3o Campos (PSB). Na simula\u00e7\u00e3o de primeiro turno, Raquel registra 44% [&hellip;]<\/p>\n","protected":false},"author":1,"featured_media":4635,"comment_status":"open","ping_status":"open","sticky":false,"template":"","format":"standard","meta":{"footnotes":"","jetpack_publicize_message":"","jetpack_publicize_feature_enabled":true,"jetpack_social_post_already_shared":true,"jetpack_social_options":{"image_generator_settings":{"template":"highway","default_image_id":0,"font":"","enabled":false},"version":2}},"categories":[66,1,65],"tags":[],"class_list":["post-4634","post","type-post","status-publish","format-standard","has-post-thumbnail","hentry","category-cidades","category-https-gazetapernambucana-com-page_id225","category-politica"],"yoast_head":"<!-- This site is optimized with the Yoast SEO plugin v24.5 - https:\/\/yoast.com\/wordpress\/plugins\/seo\/ -->\n<title>Quaest: Raquel Lyra tem 44% contra 36% de Jo\u00e3o Campos -<\/title>\n<meta name=\"robots\" content=\"index, follow, max-snippet:-1, max-image-preview:large, max-video-preview:-1\" \/>\n<link rel=\"canonical\" href=\"https:\/\/gazetapernambucana.com\/?p=4634\" \/>\n<meta property=\"og:locale\" content=\"pt_BR\" \/>\n<meta property=\"og:type\" content=\"article\" \/>\n<meta property=\"og:title\" content=\"Quaest: Raquel Lyra tem 44% contra 36% de Jo\u00e3o Campos -\" \/>\n<meta property=\"og:description\" content=\"Imagem: Reprodu\u00e7\u00e3o\/TSE A nova rodada da pesquisa Genial\/Quaest, encomendada pela TV Globo e divulgada nesta ter\u00e7a (25), mostra que a disputa pelo Governo de Pernambuco segue com a governadora Raquel Lyra (PSD) em tend\u00eancia de crescimento sobre seu principal concorrente, o ex-prefeito do Recife, Jo\u00e3o Campos (PSB). Na simula\u00e7\u00e3o de primeiro turno, Raquel registra 44% [&hellip;]\" \/>\n<meta property=\"og:url\" content=\"https:\/\/gazetapernambucana.com\/?p=4634\" \/>\n<meta property=\"article:published_time\" content=\"2026-08-26T00:24:08+00:00\" \/>\n<meta property=\"og:image\" content=\"https:\/\/gazetapernambucana.com\/wp-content\/uploads\/2026\/08\/WhatsApp-Image-2026-08-25-at-17.12.56-1024x685-1.jpeg\" \/>\n\t<meta property=\"og:image:width\" content=\"1024\" \/>\n\t<meta property=\"og:image:height\" content=\"685\" \/>\n\t<meta property=\"og:image:type\" content=\"image\/jpeg\" \/>\n<meta name=\"author\" content=\"GP\" \/>\n<meta name=\"twitter:card\" content=\"summary_large_image\" \/>\n<meta name=\"twitter:label1\" content=\"Escrito por\" \/>\n\t<meta name=\"twitter:data1\" content=\"GP\" \/>\n\t<meta name=\"twitter:label2\" content=\"Est. tempo de leitura\" \/>\n\t<meta name=\"twitter:data2\" content=\"2 minutos\" \/>\n<script type=\"application\/ld+json\" class=\"yoast-schema-graph\">{\"@context\":\"https:\/\/schema.org\",\"@graph\":[{\"@type\":\"WebPage\",\"@id\":\"https:\/\/gazetapernambucana.com\/?p=4634\",\"url\":\"https:\/\/gazetapernambucana.com\/?p=4634\",\"name\":\"Quaest: Raquel Lyra tem 44% contra 36% de Jo\u00e3o Campos -\",\"isPartOf\":{\"@id\":\"https:\/\/gazetapernambucana.com\/#website\"},\"primaryImageOfPage\":{\"@id\":\"https:\/\/gazetapernambucana.com\/?p=4634#primaryimage\"},\"image\":{\"@id\":\"https:\/\/gazetapernambucana.com\/?p=4634#primaryimage\"},\"thumbnailUrl\":\"https:\/\/gazetapernambucana.com\/wp-content\/uploads\/2026\/08\/WhatsApp-Image-2026-08-25-at-17.12.56-1024x685-1.jpeg\",\"datePublished\":\"2026-08-26T00:24:08+00:00\",\"author\":{\"@id\":\"https:\/\/gazetapernambucana.com\/#\/schema\/person\/188dc283325181ac2de4db1e9e987427\"},\"breadcrumb\":{\"@id\":\"https:\/\/gazetapernambucana.com\/?p=4634#breadcrumb\"},\"inLanguage\":\"pt-BR\",\"potentialAction\":[{\"@type\":\"ReadAction\",\"target\":[\"https:\/\/gazetapernambucana.com\/?p=4634\"]}]},{\"@type\":\"ImageObject\",\"inLanguage\":\"pt-BR\",\"@id\":\"https:\/\/gazetapernambucana.com\/?p=4634#primaryimage\",\"url\":\"https:\/\/gazetapernambucana.com\/wp-content\/uploads\/2026\/08\/WhatsApp-Image-2026-08-25-at-17.12.56-1024x685-1.jpeg\",\"contentUrl\":\"https:\/\/gazetapernambucana.com\/wp-content\/uploads\/2026\/08\/WhatsApp-Image-2026-08-25-at-17.12.56-1024x685-1.jpeg\",\"width\":1024,\"height\":685},{\"@type\":\"BreadcrumbList\",\"@id\":\"https:\/\/gazetapernambucana.com\/?p=4634#breadcrumb\",\"itemListElement\":[{\"@type\":\"ListItem\",\"position\":1,\"name\":\"In\u00edcio\",\"item\":\"https:\/\/gazetapernambucana.com\/\"},{\"@type\":\"ListItem\",\"position\":2,\"name\":\"Quaest: Raquel Lyra tem 44% contra 36% de Jo\u00e3o Campos\"}]},{\"@type\":\"WebSite\",\"@id\":\"https:\/\/gazetapernambucana.com\/#website\",\"url\":\"https:\/\/gazetapernambucana.com\/\",\"name\":\"\",\"description\":\"\",\"potentialAction\":[{\"@type\":\"SearchAction\",\"target\":{\"@type\":\"EntryPoint\",\"urlTemplate\":\"https:\/\/gazetapernambucana.com\/?s={search_term_string}\"},\"query-input\":{\"@type\":\"PropertyValueSpecification\",\"valueRequired\":true,\"valueName\":\"search_term_string\"}}],\"inLanguage\":\"pt-BR\"},{\"@type\":\"Person\",\"@id\":\"https:\/\/gazetapernambucana.com\/#\/schema\/person\/188dc283325181ac2de4db1e9e987427\",\"name\":\"GP\",\"image\":{\"@type\":\"ImageObject\",\"inLanguage\":\"pt-BR\",\"@id\":\"https:\/\/gazetapernambucana.com\/#\/schema\/person\/image\/\",\"url\":\"https:\/\/secure.gravatar.com\/avatar\/9dad78ff9a2d8b5742d11779f8a3f53b052320c550b2e1907882353c067bb111?s=96&d=mm&r=g\",\"contentUrl\":\"https:\/\/secure.gravatar.com\/avatar\/9dad78ff9a2d8b5742d11779f8a3f53b052320c550b2e1907882353c067bb111?s=96&d=mm&r=g\",\"caption\":\"GP\"},\"sameAs\":[\"http:\/\/gazetapernambucana.com\"],\"url\":\"https:\/\/gazetapernambucana.com\/?author=1\"}]}<\/script>\n<!-- \/ Yoast SEO plugin. -->","yoast_head_json":{"title":"Quaest: Raquel Lyra tem 44% contra 36% de Jo\u00e3o Campos -","robots":{"index":"index","follow":"follow","max-snippet":"max-snippet:-1","max-image-preview":"max-image-preview:large","max-video-preview":"max-video-preview:-1"},"canonical":"https:\/\/gazetapernambucana.com\/?p=4634","og_locale":"pt_BR","og_type":"article","og_title":"Quaest: Raquel Lyra tem 44% contra 36% de Jo\u00e3o Campos -","og_description":"Imagem: Reprodu\u00e7\u00e3o\/TSE A nova rodada da pesquisa Genial\/Quaest, encomendada pela TV Globo e divulgada nesta ter\u00e7a (25), mostra que a disputa pelo Governo de Pernambuco segue com a governadora Raquel Lyra (PSD) em tend\u00eancia de crescimento sobre seu principal concorrente, o ex-prefeito do Recife, Jo\u00e3o Campos (PSB). Na simula\u00e7\u00e3o de primeiro turno, Raquel registra 44% [&hellip;]","og_url":"https:\/\/gazetapernambucana.com\/?p=4634","article_published_time":"2026-08-26T00:24:08+00:00","og_image":[{"width":1024,"height":685,"url":"https:\/\/gazetapernambucana.com\/wp-content\/uploads\/2026\/08\/WhatsApp-Image-2026-08-25-at-17.12.56-1024x685-1.jpeg","type":"image\/jpeg"}],"author":"GP","twitter_card":"summary_large_image","twitter_misc":{"Escrito por":"GP","Est. tempo de leitura":"2 minutos"},"schema":{"@context":"https:\/\/schema.org","@graph":[{"@type":"WebPage","@id":"https:\/\/gazetapernambucana.com\/?p=4634","url":"https:\/\/gazetapernambucana.com\/?p=4634","name":"Quaest: Raquel Lyra tem 44% contra 36% de Jo\u00e3o Campos -","isPartOf":{"@id":"https:\/\/gazetapernambucana.com\/#website"},"primaryImageOfPage":{"@id":"https:\/\/gazetapernambucana.com\/?p=4634#primaryimage"},"image":{"@id":"https:\/\/gazetapernambucana.com\/?p=4634#primaryimage"},"thumbnailUrl":"https:\/\/gazetapernambucana.com\/wp-content\/uploads\/2026\/08\/WhatsApp-Image-2026-08-25-at-17.12.56-1024x685-1.jpeg","datePublished":"2026-08-26T00:24:08+00:00","author":{"@id":"https:\/\/gazetapernambucana.com\/#\/schema\/person\/188dc283325181ac2de4db1e9e987427"},"breadcrumb":{"@id":"https:\/\/gazetapernambucana.com\/?p=4634#breadcrumb"},"inLanguage":"pt-BR","potentialAction":[{"@type":"ReadAction","target":["https:\/\/gazetapernambucana.com\/?p=4634"]}]},{"@type":"ImageObject","inLanguage":"pt-BR","@id":"https:\/\/gazetapernambucana.com\/?p=4634#primaryimage","url":"https:\/\/gazetapernambucana.com\/wp-content\/uploads\/2026\/08\/WhatsApp-Image-2026-08-25-at-17.12.56-1024x685-1.jpeg","contentUrl":"https:\/\/gazetapernambucana.com\/wp-content\/uploads\/2026\/08\/WhatsApp-Image-2026-08-25-at-17.12.56-1024x685-1.jpeg","width":1024,"height":685},{"@type":"BreadcrumbList","@id":"https:\/\/gazetapernambucana.com\/?p=4634#breadcrumb","itemListElement":[{"@type":"ListItem","position":1,"name":"In\u00edcio","item":"https:\/\/gazetapernambucana.com\/"},{"@type":"ListItem","position":2,"name":"Quaest: Raquel Lyra tem 44% contra 36% de Jo\u00e3o Campos"}]},{"@type":"WebSite","@id":"https:\/\/gazetapernambucana.com\/#website","url":"https:\/\/gazetapernambucana.com\/","name":"","description":"","potentialAction":[{"@type":"SearchAction","target":{"@type":"EntryPoint","urlTemplate":"https:\/\/gazetapernambucana.com\/?s={search_term_string}"},"query-input":{"@type":"PropertyValueSpecification","valueRequired":true,"valueName":"search_term_string"}}],"inLanguage":"pt-BR"},{"@type":"Person","@id":"https:\/\/gazetapernambucana.com\/#\/schema\/person\/188dc283325181ac2de4db1e9e987427","name":"GP","image":{"@type":"ImageObject","inLanguage":"pt-BR","@id":"https:\/\/gazetapernambucana.com\/#\/schema\/person\/image\/","url":"https:\/\/secure.gravatar.com\/avatar\/9dad78ff9a2d8b5742d11779f8a3f53b052320c550b2e1907882353c067bb111?s=96&d=mm&r=g","contentUrl":"https:\/\/secure.gravatar.com\/avatar\/9dad78ff9a2d8b5742d11779f8a3f53b052320c550b2e1907882353c067bb111?s=96&d=mm&r=g","caption":"GP"},"sameAs":["http:\/\/gazetapernambucana.com"],"url":"https:\/\/gazetapernambucana.com\/?author=1"}]}},"jetpack_publicize_connections":[],"_links":{"self":[{"href":"https:\/\/gazetapernambucana.com\/index.php?rest_route=\/wp\/v2\/posts\/4634","targetHints":{"allow":["GET"]}}],"collection":[{"href":"https:\/\/gazetapernambucana.com\/index.php?rest_route=\/wp\/v2\/posts"}],"about":[{"href":"https:\/\/gazetapernambucana.com\/index.php?rest_route=\/wp\/v2\/types\/post"}],"author":[{"embeddable":true,"href":"https:\/\/gazetapernambucana.com\/index.php?rest_route=\/wp\/v2\/users\/1"}],"replies":[{"embeddable":true,"href":"https:\/\/gazetapernambucana.com\/index.php?rest_route=%2Fwp%2Fv2%2Fcomments&post=4634"}],"version-history":[{"count":1,"href":"https:\/\/gazetapernambucana.com\/index.php?rest_route=\/wp\/v2\/posts\/4634\/revisions"}],"predecessor-version":[{"id":4636,"href":"https:\/\/gazetapernambucana.com\/index.php?rest_route=\/wp\/v2\/posts\/4634\/revisions\/4636"}],"wp:featuredmedia":[{"embeddable":true,"href":"https:\/\/gazetapernambucana.com\/index.php?rest_route=\/wp\/v2\/media\/4635"}],"wp:attachment":[{"href":"https:\/\/gazetapernambucana.com\/index.php?rest_route=%2Fwp%2Fv2%2Fmedia&parent=4634"}],"wp:term":[{"taxonomy":"category","embeddable":true,"href":"https:\/\/gazetapernambucana.com\/index.php?rest_route=%2Fwp%2Fv2%2Fcategories&post=4634"},{"taxonomy":"post_tag","embeddable":true,"href":"https:\/\/gazetapernambucana.com\/index.php?rest_route=%2Fwp%2Fv2%2Ftags&post=4634"}],"curies":[{"name":"wp","href":"https:\/\/api.w.org\/{rel}","templated":true}]}}