{"id":4631,"date":"2026-08-25T20:58:16","date_gmt":"2026-08-25T23:58:16","guid":{"rendered":"https:\/\/gazetapernambucana.com\/?p=4631"},"modified":"2026-08-25T20:58:16","modified_gmt":"2026-08-25T23:58:16","slug":"lula-reforca-time-juridico-com-dois-ex-ministros-do-tse","status":"publish","type":"post","link":"https:\/\/gazetapernambucana.com\/?p=4631","title":{"rendered":"Lula refor\u00e7a time jur\u00eddico com dois ex-ministros do TSE"},"content":{"rendered":"<div class=\"p-3\">\n<div class=\"d-flex justify-content-between\">\n<div class=\"share my-1\">A campanha do presidente Lula (PT) \u00e0 reelei\u00e7\u00e3o refor\u00e7ou sua equipe jur\u00eddica com dois ex-ministros do Tribunal Superior Eleitoral (TSE). O advogado Angelo Ferraro, coordenador do jur\u00eddico da campanha do petista, confirmou a O Antagonista que os advogados e irm\u00e3os Henrique Neves e Fernando Neves foram chamados e passar\u00e3o a fazer parte do time.<\/div>\n<\/div>\n<div class=\"mt-2 texto\">Henrique Neves da Silva foi ministro substituto do TSE de 2008 a 2012 e ministro efetivo de 2012 a 2017, sempre na vaga destinada a juristas.<br \/>\nJ\u00e1 Fernando Neves da Silva foi ministro do TSE entre 1997 e 2004, ocupando a vaga destinada \u00e0 advocacia.<\/p>\n<p>J\u00e1 h\u00e1 uma s\u00e9rie de a\u00e7\u00f5es na Justi\u00e7a Eleitoral relacionados \u00e0s elei\u00e7\u00f5es de 2026 em que Lula figura como polo passivo ou ativo.Em um dos casos, a campanha do senador Fl\u00e1vio Bolsonaro (PL) acionou o Tribunal Superior Eleitoral (TSE) contra o ministro da Fazenda, Dario Durigan, e Lula, sob a alega\u00e7\u00e3o de que ambos teriam utilizado agendas institucionais para promover a candidatura do petista \u00e0 reelei\u00e7\u00e3o.<\/p>\n<p>A representa\u00e7\u00e3o foi distribu\u00edda ao ministro Andr\u00e9 Mendon\u00e7a.<\/p>\n<p>Os advogados de Fl\u00e1vio pedem ao TSE que determine ao Minist\u00e9rio da Fazenda a preserva\u00e7\u00e3o dos registros eletr\u00f4nicos e documentais mencionados na den\u00fancia, incluindo agendas, registros de viagem, dados de deslocamento, documentos de custeio, comunica\u00e7\u00f5es institucionais, materiais preparat\u00f3rios e registros relacionados aos servidores e servi\u00e7os empregados.<\/p>\n<p>A campanha tamb\u00e9m solicita a apresenta\u00e7\u00e3o de documentos e informa\u00e7\u00f5es sobre o deslocamento e os compromissos de Durigan em S\u00e3o Paulo, em 17 de agosto, especialmente aqueles relacionados ao custeio da viagem, \u00e0 utiliza\u00e7\u00e3o de transporte oficial, \u00e0 concess\u00e3o de passagens ou di\u00e1rias, aos servidores e assessores envolvidos, \u00e0s instala\u00e7\u00f5es utilizadas e aos materiais preparados para os compromissos.<\/p>\n<p>Al\u00e9m disso, a campanha de Fl\u00e1vio pede que Durigan seja impedido de participar do GloboNews Debate, previsto para 1\u00ba de setembro de 2026, no qual o ministro teria sido apresentado pela emissora como representante da candidatura de Lula.<\/p>\n<\/div>\n<\/div>\n","protected":false},"excerpt":{"rendered":"<p>A campanha do presidente Lula (PT) \u00e0 reelei\u00e7\u00e3o refor\u00e7ou sua equipe jur\u00eddica com dois ex-ministros do Tribunal Superior Eleitoral (TSE). O advogado Angelo Ferraro, coordenador do jur\u00eddico da campanha do petista, confirmou a O Antagonista que os advogados e irm\u00e3os Henrique Neves e Fernando Neves foram chamados e passar\u00e3o a fazer parte do time. Henrique [&hellip;]<\/p>\n","protected":false},"author":1,"featured_media":4632,"comment_status":"open","ping_status":"open","sticky":false,"template":"","format":"standard","meta":{"footnotes":"","jetpack_publicize_message":"","jetpack_publicize_feature_enabled":true,"jetpack_social_post_already_shared":true,"jetpack_social_options":{"image_generator_settings":{"template":"highway","default_image_id":0,"font":"","enabled":false},"version":2}},"categories":[37,1,65],"tags":[],"class_list":["post-4631","post","type-post","status-publish","format-standard","has-post-thumbnail","hentry","category-https-gazetapernambucana-com-page_id212","category-https-gazetapernambucana-com-page_id225","category-politica"],"yoast_head":"<!-- This site is optimized with the Yoast SEO plugin v24.5 - https:\/\/yoast.com\/wordpress\/plugins\/seo\/ -->\n<title>Lula refor\u00e7a time jur\u00eddico com dois ex-ministros do TSE -<\/title>\n<meta name=\"robots\" content=\"index, follow, max-snippet:-1, max-image-preview:large, max-video-preview:-1\" \/>\n<link rel=\"canonical\" href=\"https:\/\/gazetapernambucana.com\/?p=4631\" \/>\n<meta property=\"og:locale\" content=\"pt_BR\" \/>\n<meta property=\"og:type\" content=\"article\" \/>\n<meta property=\"og:title\" content=\"Lula refor\u00e7a time jur\u00eddico com dois ex-ministros do TSE -\" \/>\n<meta property=\"og:description\" content=\"A campanha do presidente Lula (PT) \u00e0 reelei\u00e7\u00e3o refor\u00e7ou sua equipe jur\u00eddica com dois ex-ministros do Tribunal Superior Eleitoral (TSE). O advogado Angelo Ferraro, coordenador do jur\u00eddico da campanha do petista, confirmou a O Antagonista que os advogados e irm\u00e3os Henrique Neves e Fernando Neves foram chamados e passar\u00e3o a fazer parte do time. Henrique [&hellip;]\" \/>\n<meta property=\"og:url\" content=\"https:\/\/gazetapernambucana.com\/?p=4631\" \/>\n<meta property=\"article:published_time\" content=\"2026-08-25T23:58:16+00:00\" \/>\n<meta property=\"og:image\" content=\"https:\/\/gazetapernambucana.com\/wp-content\/uploads\/2026\/08\/1200x_0.022706001787694170.jpg\" \/>\n\t<meta property=\"og:image:width\" content=\"1200\" \/>\n\t<meta property=\"og:image:height\" content=\"800\" \/>\n\t<meta property=\"og:image:type\" content=\"image\/jpeg\" \/>\n<meta name=\"author\" content=\"GP\" \/>\n<meta name=\"twitter:card\" content=\"summary_large_image\" \/>\n<meta name=\"twitter:label1\" content=\"Escrito por\" \/>\n\t<meta name=\"twitter:data1\" content=\"GP\" \/>\n\t<meta name=\"twitter:label2\" content=\"Est. tempo de leitura\" \/>\n\t<meta name=\"twitter:data2\" content=\"2 minutos\" \/>\n<script type=\"application\/ld+json\" class=\"yoast-schema-graph\">{\"@context\":\"https:\/\/schema.org\",\"@graph\":[{\"@type\":\"WebPage\",\"@id\":\"https:\/\/gazetapernambucana.com\/?p=4631\",\"url\":\"https:\/\/gazetapernambucana.com\/?p=4631\",\"name\":\"Lula refor\u00e7a time jur\u00eddico com dois ex-ministros do TSE -\",\"isPartOf\":{\"@id\":\"https:\/\/gazetapernambucana.com\/#website\"},\"primaryImageOfPage\":{\"@id\":\"https:\/\/gazetapernambucana.com\/?p=4631#primaryimage\"},\"image\":{\"@id\":\"https:\/\/gazetapernambucana.com\/?p=4631#primaryimage\"},\"thumbnailUrl\":\"https:\/\/gazetapernambucana.com\/wp-content\/uploads\/2026\/08\/1200x_0.022706001787694170.jpg\",\"datePublished\":\"2026-08-25T23:58:16+00:00\",\"author\":{\"@id\":\"https:\/\/gazetapernambucana.com\/#\/schema\/person\/188dc283325181ac2de4db1e9e987427\"},\"breadcrumb\":{\"@id\":\"https:\/\/gazetapernambucana.com\/?p=4631#breadcrumb\"},\"inLanguage\":\"pt-BR\",\"potentialAction\":[{\"@type\":\"ReadAction\",\"target\":[\"https:\/\/gazetapernambucana.com\/?p=4631\"]}]},{\"@type\":\"ImageObject\",\"inLanguage\":\"pt-BR\",\"@id\":\"https:\/\/gazetapernambucana.com\/?p=4631#primaryimage\",\"url\":\"https:\/\/gazetapernambucana.com\/wp-content\/uploads\/2026\/08\/1200x_0.022706001787694170.jpg\",\"contentUrl\":\"https:\/\/gazetapernambucana.com\/wp-content\/uploads\/2026\/08\/1200x_0.022706001787694170.jpg\",\"width\":1200,\"height\":800},{\"@type\":\"BreadcrumbList\",\"@id\":\"https:\/\/gazetapernambucana.com\/?p=4631#breadcrumb\",\"itemListElement\":[{\"@type\":\"ListItem\",\"position\":1,\"name\":\"In\u00edcio\",\"item\":\"https:\/\/gazetapernambucana.com\/\"},{\"@type\":\"ListItem\",\"position\":2,\"name\":\"Lula refor\u00e7a time jur\u00eddico com dois ex-ministros do TSE\"}]},{\"@type\":\"WebSite\",\"@id\":\"https:\/\/gazetapernambucana.com\/#website\",\"url\":\"https:\/\/gazetapernambucana.com\/\",\"name\":\"\",\"description\":\"\",\"potentialAction\":[{\"@type\":\"SearchAction\",\"target\":{\"@type\":\"EntryPoint\",\"urlTemplate\":\"https:\/\/gazetapernambucana.com\/?s={search_term_string}\"},\"query-input\":{\"@type\":\"PropertyValueSpecification\",\"valueRequired\":true,\"valueName\":\"search_term_string\"}}],\"inLanguage\":\"pt-BR\"},{\"@type\":\"Person\",\"@id\":\"https:\/\/gazetapernambucana.com\/#\/schema\/person\/188dc283325181ac2de4db1e9e987427\",\"name\":\"GP\",\"image\":{\"@type\":\"ImageObject\",\"inLanguage\":\"pt-BR\",\"@id\":\"https:\/\/gazetapernambucana.com\/#\/schema\/person\/image\/\",\"url\":\"https:\/\/secure.gravatar.com\/avatar\/9dad78ff9a2d8b5742d11779f8a3f53b052320c550b2e1907882353c067bb111?s=96&d=mm&r=g\",\"contentUrl\":\"https:\/\/secure.gravatar.com\/avatar\/9dad78ff9a2d8b5742d11779f8a3f53b052320c550b2e1907882353c067bb111?s=96&d=mm&r=g\",\"caption\":\"GP\"},\"sameAs\":[\"http:\/\/gazetapernambucana.com\"],\"url\":\"https:\/\/gazetapernambucana.com\/?author=1\"}]}<\/script>\n<!-- \/ Yoast SEO plugin. -->","yoast_head_json":{"title":"Lula refor\u00e7a time jur\u00eddico com dois ex-ministros do TSE -","robots":{"index":"index","follow":"follow","max-snippet":"max-snippet:-1","max-image-preview":"max-image-preview:large","max-video-preview":"max-video-preview:-1"},"canonical":"https:\/\/gazetapernambucana.com\/?p=4631","og_locale":"pt_BR","og_type":"article","og_title":"Lula refor\u00e7a time jur\u00eddico com dois ex-ministros do TSE -","og_description":"A campanha do presidente Lula (PT) \u00e0 reelei\u00e7\u00e3o refor\u00e7ou sua equipe jur\u00eddica com dois ex-ministros do Tribunal Superior Eleitoral (TSE). O advogado Angelo Ferraro, coordenador do jur\u00eddico da campanha do petista, confirmou a O Antagonista que os advogados e irm\u00e3os Henrique Neves e Fernando Neves foram chamados e passar\u00e3o a fazer parte do time. Henrique [&hellip;]","og_url":"https:\/\/gazetapernambucana.com\/?p=4631","article_published_time":"2026-08-25T23:58:16+00:00","og_image":[{"width":1200,"height":800,"url":"https:\/\/gazetapernambucana.com\/wp-content\/uploads\/2026\/08\/1200x_0.022706001787694170.jpg","type":"image\/jpeg"}],"author":"GP","twitter_card":"summary_large_image","twitter_misc":{"Escrito por":"GP","Est. tempo de leitura":"2 minutos"},"schema":{"@context":"https:\/\/schema.org","@graph":[{"@type":"WebPage","@id":"https:\/\/gazetapernambucana.com\/?p=4631","url":"https:\/\/gazetapernambucana.com\/?p=4631","name":"Lula refor\u00e7a time jur\u00eddico com dois ex-ministros do TSE -","isPartOf":{"@id":"https:\/\/gazetapernambucana.com\/#website"},"primaryImageOfPage":{"@id":"https:\/\/gazetapernambucana.com\/?p=4631#primaryimage"},"image":{"@id":"https:\/\/gazetapernambucana.com\/?p=4631#primaryimage"},"thumbnailUrl":"https:\/\/gazetapernambucana.com\/wp-content\/uploads\/2026\/08\/1200x_0.022706001787694170.jpg","datePublished":"2026-08-25T23:58:16+00:00","author":{"@id":"https:\/\/gazetapernambucana.com\/#\/schema\/person\/188dc283325181ac2de4db1e9e987427"},"breadcrumb":{"@id":"https:\/\/gazetapernambucana.com\/?p=4631#breadcrumb"},"inLanguage":"pt-BR","potentialAction":[{"@type":"ReadAction","target":["https:\/\/gazetapernambucana.com\/?p=4631"]}]},{"@type":"ImageObject","inLanguage":"pt-BR","@id":"https:\/\/gazetapernambucana.com\/?p=4631#primaryimage","url":"https:\/\/gazetapernambucana.com\/wp-content\/uploads\/2026\/08\/1200x_0.022706001787694170.jpg","contentUrl":"https:\/\/gazetapernambucana.com\/wp-content\/uploads\/2026\/08\/1200x_0.022706001787694170.jpg","width":1200,"height":800},{"@type":"BreadcrumbList","@id":"https:\/\/gazetapernambucana.com\/?p=4631#breadcrumb","itemListElement":[{"@type":"ListItem","position":1,"name":"In\u00edcio","item":"https:\/\/gazetapernambucana.com\/"},{"@type":"ListItem","position":2,"name":"Lula refor\u00e7a time jur\u00eddico com dois ex-ministros do TSE"}]},{"@type":"WebSite","@id":"https:\/\/gazetapernambucana.com\/#website","url":"https:\/\/gazetapernambucana.com\/","name":"","description":"","potentialAction":[{"@type":"SearchAction","target":{"@type":"EntryPoint","urlTemplate":"https:\/\/gazetapernambucana.com\/?s={search_term_string}"},"query-input":{"@type":"PropertyValueSpecification","valueRequired":true,"valueName":"search_term_string"}}],"inLanguage":"pt-BR"},{"@type":"Person","@id":"https:\/\/gazetapernambucana.com\/#\/schema\/person\/188dc283325181ac2de4db1e9e987427","name":"GP","image":{"@type":"ImageObject","inLanguage":"pt-BR","@id":"https:\/\/gazetapernambucana.com\/#\/schema\/person\/image\/","url":"https:\/\/secure.gravatar.com\/avatar\/9dad78ff9a2d8b5742d11779f8a3f53b052320c550b2e1907882353c067bb111?s=96&d=mm&r=g","contentUrl":"https:\/\/secure.gravatar.com\/avatar\/9dad78ff9a2d8b5742d11779f8a3f53b052320c550b2e1907882353c067bb111?s=96&d=mm&r=g","caption":"GP"},"sameAs":["http:\/\/gazetapernambucana.com"],"url":"https:\/\/gazetapernambucana.com\/?author=1"}]}},"jetpack_publicize_connections":[],"_links":{"self":[{"href":"https:\/\/gazetapernambucana.com\/index.php?rest_route=\/wp\/v2\/posts\/4631","targetHints":{"allow":["GET"]}}],"collection":[{"href":"https:\/\/gazetapernambucana.com\/index.php?rest_route=\/wp\/v2\/posts"}],"about":[{"href":"https:\/\/gazetapernambucana.com\/index.php?rest_route=\/wp\/v2\/types\/post"}],"author":[{"embeddable":true,"href":"https:\/\/gazetapernambucana.com\/index.php?rest_route=\/wp\/v2\/users\/1"}],"replies":[{"embeddable":true,"href":"https:\/\/gazetapernambucana.com\/index.php?rest_route=%2Fwp%2Fv2%2Fcomments&post=4631"}],"version-history":[{"count":1,"href":"https:\/\/gazetapernambucana.com\/index.php?rest_route=\/wp\/v2\/posts\/4631\/revisions"}],"predecessor-version":[{"id":4633,"href":"https:\/\/gazetapernambucana.com\/index.php?rest_route=\/wp\/v2\/posts\/4631\/revisions\/4633"}],"wp:featuredmedia":[{"embeddable":true,"href":"https:\/\/gazetapernambucana.com\/index.php?rest_route=\/wp\/v2\/media\/4632"}],"wp:attachment":[{"href":"https:\/\/gazetapernambucana.com\/index.php?rest_route=%2Fwp%2Fv2%2Fmedia&parent=4631"}],"wp:term":[{"taxonomy":"category","embeddable":true,"href":"https:\/\/gazetapernambucana.com\/index.php?rest_route=%2Fwp%2Fv2%2Fcategories&post=4631"},{"taxonomy":"post_tag","embeddable":true,"href":"https:\/\/gazetapernambucana.com\/index.php?rest_route=%2Fwp%2Fv2%2Ftags&post=4631"}],"curies":[{"name":"wp","href":"https:\/\/api.w.org\/{rel}","templated":true}]}}