{"id":4628,"date":"2026-08-25T20:43:15","date_gmt":"2026-08-25T23:43:15","guid":{"rendered":"https:\/\/gazetapernambucana.com\/?p=4628"},"modified":"2026-08-25T20:43:15","modified_gmt":"2026-08-25T23:43:15","slug":"pm-separou-menor-de-idade-de-amigos-para-praticar-abusos-dentro-de-carro","status":"publish","type":"post","link":"https:\/\/gazetapernambucana.com\/?p=4628","title":{"rendered":"PM separou menor de idade de amigos para praticar abusos dentro de carro"},"content":{"rendered":"<div class=\"d-flex justify-content-between\">\n<div>Tr\u00eas jovens foram assaltados e mantidos sob c\u00e1rcere por dois policiais militares na \u00faltima segunda-feira (24), ap\u00f3s aceitarem uma carona na Avenida Itaquera, na Zona Leste de S\u00e3o Paulo. Durante a abordagem, uma adolescente de 17 anos foi separada do grupo e estuprada por um dos agentes dentro do ve\u00edculo.<\/div>\n<\/div>\n<div class=\"mt-2 texto\">\n<p>Segundo o boletim de ocorr\u00eancia, o trio, um homem de 19 anos, uma mulher de 18 anos e a menor de idade, estavam em uma adega quando os suspeitos se aproximaram afirmando que poderiam deix\u00e1-los perto de suas casas. Em nenhum momento eles informaram que eram policiais militares.<\/p>\n<p>No caminho, os jovens disseram que estavam com fome e os suspeitos pararam para comprar comida. C\u00e2meras de seguran\u00e7a registraram o grupo no estacionamento de um restaurante.<\/p>\n<p>Depois de sa\u00edrem do ve\u00edculo, o amigo de 19 anos desconfiou da situa\u00e7\u00e3o e sugeriu que as amigas n\u00e3o voltassem para o carro. Os policiais, no entanto, insistiram para que elas retornassem.<\/p>\n<p>Na sequ\u00eancia, os agentes mudaram o trajeto e passaram a seguir por locais desconhecidos pelas v\u00edtimas. Segundo os depoimentos, os policiais demonstraram interesse pelas duas jovens, que recusaram as investidas.<\/p>\n<p>Pouco depois, um dos suspeitos sacou uma arma e anunciou o assalto. Os celulares das tr\u00eas v\u00edtimas foram levados. Os policiais continuaram circulando com o grupo no ve\u00edculo e fizeram amea\u00e7as de morte at\u00e9 chegarem a uma \u00e1rea de mata.<\/p>\n<p>Em um terreno baldio, um dos agentes ordenou que os dois jovens sa\u00edssem do carro, mantendo a adolescente dentro do ve\u00edculo. Segundo o depoimento da m\u00e3e da menina \u00e0 pol\u00edcia, um dos suspeitos apontou uma arma para a adolescente e ordenou que ela tirasse as roupas. Em seguida, teria cometido o estupro.<\/p>\n<p>Os outros dois jovens disseram \u00e0 pol\u00edcia que n\u00e3o conseguiram ajudar a adolescente porque foram obrigados a permanecer do lado de fora do ve\u00edculo, sob amea\u00e7a de outro policial.<\/p>\n<p>Ap\u00f3s o estupro, os suspeitos colocaram novamente as tr\u00eas v\u00edtimas no carro e continuaram circulando. Mais tarde, retornaram ao terreno baldio, onde abandonaram os jovens e fugiram.<\/p>\n<p>As v\u00edtimas foram encontradas e resgatadas por outros policiais militares que faziam patrulhamento pela regi\u00e3o.<\/p>\n<p>Ve\u00edculo levou pol\u00edcia at\u00e9 PMs<br \/>\nDurante o atendimento da ocorr\u00eancia, os policiais militares identificaram o carro descrito pelas v\u00edtimas e constataram que ele estava relacionado a um policial militar.<\/p>\n<p>Dois policiais militares foram apresentados na delegacia pelo tenente-comandante da companhia respons\u00e1vel. As v\u00edtimas fizeram o reconhecimento pessoal dos dois e apontaram ambos como participantes dos crimes.<\/p>\n<p>Segundo a autoridade policial, um dos PMs foi reconhecido como coautor do roubo. O outro foi apontado como autor do roubo e tamb\u00e9m como respons\u00e1vel pelo estupro da adolescente.<\/p>\n<p>Diante dos elementos apresentados durante o registro da ocorr\u00eancia, a delegada titular do 24\u00ba Distrito Policial, Deidiene Fialho Costa Eboli, determinou a pris\u00e3o dos dois policiais pelos crimes investigados. O ato foi acompanhado por um oficial da Corregedoria da Pol\u00edcia Militar. Com informa\u00e7\u00f5es da CNN.<\/p>\n<\/div>\n","protected":false},"excerpt":{"rendered":"<p>Tr\u00eas jovens foram assaltados e mantidos sob c\u00e1rcere por dois policiais militares na \u00faltima segunda-feira (24), ap\u00f3s aceitarem uma carona na Avenida Itaquera, na Zona Leste de S\u00e3o Paulo. Durante a abordagem, uma adolescente de 17 anos foi separada do grupo e estuprada por um dos agentes dentro do ve\u00edculo. Segundo o boletim de ocorr\u00eancia, [&hellip;]<\/p>\n","protected":false},"author":1,"featured_media":4629,"comment_status":"open","ping_status":"open","sticky":false,"template":"","format":"standard","meta":{"footnotes":"","jetpack_publicize_message":"","jetpack_publicize_feature_enabled":true,"jetpack_social_post_already_shared":true,"jetpack_social_options":{"image_generator_settings":{"template":"highway","default_image_id":0,"font":"","enabled":false},"version":2}},"categories":[37,1],"tags":[],"class_list":["post-4628","post","type-post","status-publish","format-standard","has-post-thumbnail","hentry","category-https-gazetapernambucana-com-page_id212","category-https-gazetapernambucana-com-page_id225"],"yoast_head":"<!-- This site is optimized with the Yoast SEO plugin v24.5 - https:\/\/yoast.com\/wordpress\/plugins\/seo\/ -->\n<title>PM separou menor de idade de amigos para praticar abusos dentro de carro -<\/title>\n<meta name=\"robots\" content=\"index, follow, max-snippet:-1, max-image-preview:large, max-video-preview:-1\" \/>\n<link rel=\"canonical\" href=\"https:\/\/gazetapernambucana.com\/?p=4628\" \/>\n<meta property=\"og:locale\" content=\"pt_BR\" \/>\n<meta property=\"og:type\" content=\"article\" \/>\n<meta property=\"og:title\" content=\"PM separou menor de idade de amigos para praticar abusos dentro de carro -\" \/>\n<meta property=\"og:description\" content=\"Tr\u00eas jovens foram assaltados e mantidos sob c\u00e1rcere por dois policiais militares na \u00faltima segunda-feira (24), ap\u00f3s aceitarem uma carona na Avenida Itaquera, na Zona Leste de S\u00e3o Paulo. Durante a abordagem, uma adolescente de 17 anos foi separada do grupo e estuprada por um dos agentes dentro do ve\u00edculo. Segundo o boletim de ocorr\u00eancia, [&hellip;]\" \/>\n<meta property=\"og:url\" content=\"https:\/\/gazetapernambucana.com\/?p=4628\" \/>\n<meta property=\"article:published_time\" content=\"2026-08-25T23:43:15+00:00\" \/>\n<meta property=\"og:image\" content=\"https:\/\/gazetapernambucana.com\/wp-content\/uploads\/2026\/08\/1200x_0.768368001787695984.jpeg\" \/>\n\t<meta property=\"og:image:width\" content=\"1200\" \/>\n\t<meta property=\"og:image:height\" content=\"688\" \/>\n\t<meta property=\"og:image:type\" content=\"image\/jpeg\" \/>\n<meta name=\"author\" content=\"GP\" \/>\n<meta name=\"twitter:card\" content=\"summary_large_image\" \/>\n<meta name=\"twitter:label1\" content=\"Escrito por\" \/>\n\t<meta name=\"twitter:data1\" content=\"GP\" \/>\n\t<meta name=\"twitter:label2\" content=\"Est. tempo de leitura\" \/>\n\t<meta name=\"twitter:data2\" content=\"3 minutos\" \/>\n<script type=\"application\/ld+json\" class=\"yoast-schema-graph\">{\"@context\":\"https:\/\/schema.org\",\"@graph\":[{\"@type\":\"WebPage\",\"@id\":\"https:\/\/gazetapernambucana.com\/?p=4628\",\"url\":\"https:\/\/gazetapernambucana.com\/?p=4628\",\"name\":\"PM separou menor de idade de amigos para praticar abusos dentro de carro -\",\"isPartOf\":{\"@id\":\"https:\/\/gazetapernambucana.com\/#website\"},\"primaryImageOfPage\":{\"@id\":\"https:\/\/gazetapernambucana.com\/?p=4628#primaryimage\"},\"image\":{\"@id\":\"https:\/\/gazetapernambucana.com\/?p=4628#primaryimage\"},\"thumbnailUrl\":\"https:\/\/gazetapernambucana.com\/wp-content\/uploads\/2026\/08\/1200x_0.768368001787695984.jpeg\",\"datePublished\":\"2026-08-25T23:43:15+00:00\",\"author\":{\"@id\":\"https:\/\/gazetapernambucana.com\/#\/schema\/person\/188dc283325181ac2de4db1e9e987427\"},\"breadcrumb\":{\"@id\":\"https:\/\/gazetapernambucana.com\/?p=4628#breadcrumb\"},\"inLanguage\":\"pt-BR\",\"potentialAction\":[{\"@type\":\"ReadAction\",\"target\":[\"https:\/\/gazetapernambucana.com\/?p=4628\"]}]},{\"@type\":\"ImageObject\",\"inLanguage\":\"pt-BR\",\"@id\":\"https:\/\/gazetapernambucana.com\/?p=4628#primaryimage\",\"url\":\"https:\/\/gazetapernambucana.com\/wp-content\/uploads\/2026\/08\/1200x_0.768368001787695984.jpeg\",\"contentUrl\":\"https:\/\/gazetapernambucana.com\/wp-content\/uploads\/2026\/08\/1200x_0.768368001787695984.jpeg\",\"width\":1200,\"height\":688},{\"@type\":\"BreadcrumbList\",\"@id\":\"https:\/\/gazetapernambucana.com\/?p=4628#breadcrumb\",\"itemListElement\":[{\"@type\":\"ListItem\",\"position\":1,\"name\":\"In\u00edcio\",\"item\":\"https:\/\/gazetapernambucana.com\/\"},{\"@type\":\"ListItem\",\"position\":2,\"name\":\"PM separou menor de idade de amigos para praticar abusos dentro de carro\"}]},{\"@type\":\"WebSite\",\"@id\":\"https:\/\/gazetapernambucana.com\/#website\",\"url\":\"https:\/\/gazetapernambucana.com\/\",\"name\":\"\",\"description\":\"\",\"potentialAction\":[{\"@type\":\"SearchAction\",\"target\":{\"@type\":\"EntryPoint\",\"urlTemplate\":\"https:\/\/gazetapernambucana.com\/?s={search_term_string}\"},\"query-input\":{\"@type\":\"PropertyValueSpecification\",\"valueRequired\":true,\"valueName\":\"search_term_string\"}}],\"inLanguage\":\"pt-BR\"},{\"@type\":\"Person\",\"@id\":\"https:\/\/gazetapernambucana.com\/#\/schema\/person\/188dc283325181ac2de4db1e9e987427\",\"name\":\"GP\",\"image\":{\"@type\":\"ImageObject\",\"inLanguage\":\"pt-BR\",\"@id\":\"https:\/\/gazetapernambucana.com\/#\/schema\/person\/image\/\",\"url\":\"https:\/\/secure.gravatar.com\/avatar\/9dad78ff9a2d8b5742d11779f8a3f53b052320c550b2e1907882353c067bb111?s=96&d=mm&r=g\",\"contentUrl\":\"https:\/\/secure.gravatar.com\/avatar\/9dad78ff9a2d8b5742d11779f8a3f53b052320c550b2e1907882353c067bb111?s=96&d=mm&r=g\",\"caption\":\"GP\"},\"sameAs\":[\"http:\/\/gazetapernambucana.com\"],\"url\":\"https:\/\/gazetapernambucana.com\/?author=1\"}]}<\/script>\n<!-- \/ Yoast SEO plugin. -->","yoast_head_json":{"title":"PM separou menor de idade de amigos para praticar abusos dentro de carro -","robots":{"index":"index","follow":"follow","max-snippet":"max-snippet:-1","max-image-preview":"max-image-preview:large","max-video-preview":"max-video-preview:-1"},"canonical":"https:\/\/gazetapernambucana.com\/?p=4628","og_locale":"pt_BR","og_type":"article","og_title":"PM separou menor de idade de amigos para praticar abusos dentro de carro -","og_description":"Tr\u00eas jovens foram assaltados e mantidos sob c\u00e1rcere por dois policiais militares na \u00faltima segunda-feira (24), ap\u00f3s aceitarem uma carona na Avenida Itaquera, na Zona Leste de S\u00e3o Paulo. Durante a abordagem, uma adolescente de 17 anos foi separada do grupo e estuprada por um dos agentes dentro do ve\u00edculo. Segundo o boletim de ocorr\u00eancia, [&hellip;]","og_url":"https:\/\/gazetapernambucana.com\/?p=4628","article_published_time":"2026-08-25T23:43:15+00:00","og_image":[{"width":1200,"height":688,"url":"https:\/\/gazetapernambucana.com\/wp-content\/uploads\/2026\/08\/1200x_0.768368001787695984.jpeg","type":"image\/jpeg"}],"author":"GP","twitter_card":"summary_large_image","twitter_misc":{"Escrito por":"GP","Est. tempo de leitura":"3 minutos"},"schema":{"@context":"https:\/\/schema.org","@graph":[{"@type":"WebPage","@id":"https:\/\/gazetapernambucana.com\/?p=4628","url":"https:\/\/gazetapernambucana.com\/?p=4628","name":"PM separou menor de idade de amigos para praticar abusos dentro de carro -","isPartOf":{"@id":"https:\/\/gazetapernambucana.com\/#website"},"primaryImageOfPage":{"@id":"https:\/\/gazetapernambucana.com\/?p=4628#primaryimage"},"image":{"@id":"https:\/\/gazetapernambucana.com\/?p=4628#primaryimage"},"thumbnailUrl":"https:\/\/gazetapernambucana.com\/wp-content\/uploads\/2026\/08\/1200x_0.768368001787695984.jpeg","datePublished":"2026-08-25T23:43:15+00:00","author":{"@id":"https:\/\/gazetapernambucana.com\/#\/schema\/person\/188dc283325181ac2de4db1e9e987427"},"breadcrumb":{"@id":"https:\/\/gazetapernambucana.com\/?p=4628#breadcrumb"},"inLanguage":"pt-BR","potentialAction":[{"@type":"ReadAction","target":["https:\/\/gazetapernambucana.com\/?p=4628"]}]},{"@type":"ImageObject","inLanguage":"pt-BR","@id":"https:\/\/gazetapernambucana.com\/?p=4628#primaryimage","url":"https:\/\/gazetapernambucana.com\/wp-content\/uploads\/2026\/08\/1200x_0.768368001787695984.jpeg","contentUrl":"https:\/\/gazetapernambucana.com\/wp-content\/uploads\/2026\/08\/1200x_0.768368001787695984.jpeg","width":1200,"height":688},{"@type":"BreadcrumbList","@id":"https:\/\/gazetapernambucana.com\/?p=4628#breadcrumb","itemListElement":[{"@type":"ListItem","position":1,"name":"In\u00edcio","item":"https:\/\/gazetapernambucana.com\/"},{"@type":"ListItem","position":2,"name":"PM separou menor de idade de amigos para praticar abusos dentro de carro"}]},{"@type":"WebSite","@id":"https:\/\/gazetapernambucana.com\/#website","url":"https:\/\/gazetapernambucana.com\/","name":"","description":"","potentialAction":[{"@type":"SearchAction","target":{"@type":"EntryPoint","urlTemplate":"https:\/\/gazetapernambucana.com\/?s={search_term_string}"},"query-input":{"@type":"PropertyValueSpecification","valueRequired":true,"valueName":"search_term_string"}}],"inLanguage":"pt-BR"},{"@type":"Person","@id":"https:\/\/gazetapernambucana.com\/#\/schema\/person\/188dc283325181ac2de4db1e9e987427","name":"GP","image":{"@type":"ImageObject","inLanguage":"pt-BR","@id":"https:\/\/gazetapernambucana.com\/#\/schema\/person\/image\/","url":"https:\/\/secure.gravatar.com\/avatar\/9dad78ff9a2d8b5742d11779f8a3f53b052320c550b2e1907882353c067bb111?s=96&d=mm&r=g","contentUrl":"https:\/\/secure.gravatar.com\/avatar\/9dad78ff9a2d8b5742d11779f8a3f53b052320c550b2e1907882353c067bb111?s=96&d=mm&r=g","caption":"GP"},"sameAs":["http:\/\/gazetapernambucana.com"],"url":"https:\/\/gazetapernambucana.com\/?author=1"}]}},"jetpack_publicize_connections":[],"_links":{"self":[{"href":"https:\/\/gazetapernambucana.com\/index.php?rest_route=\/wp\/v2\/posts\/4628","targetHints":{"allow":["GET"]}}],"collection":[{"href":"https:\/\/gazetapernambucana.com\/index.php?rest_route=\/wp\/v2\/posts"}],"about":[{"href":"https:\/\/gazetapernambucana.com\/index.php?rest_route=\/wp\/v2\/types\/post"}],"author":[{"embeddable":true,"href":"https:\/\/gazetapernambucana.com\/index.php?rest_route=\/wp\/v2\/users\/1"}],"replies":[{"embeddable":true,"href":"https:\/\/gazetapernambucana.com\/index.php?rest_route=%2Fwp%2Fv2%2Fcomments&post=4628"}],"version-history":[{"count":1,"href":"https:\/\/gazetapernambucana.com\/index.php?rest_route=\/wp\/v2\/posts\/4628\/revisions"}],"predecessor-version":[{"id":4630,"href":"https:\/\/gazetapernambucana.com\/index.php?rest_route=\/wp\/v2\/posts\/4628\/revisions\/4630"}],"wp:featuredmedia":[{"embeddable":true,"href":"https:\/\/gazetapernambucana.com\/index.php?rest_route=\/wp\/v2\/media\/4629"}],"wp:attachment":[{"href":"https:\/\/gazetapernambucana.com\/index.php?rest_route=%2Fwp%2Fv2%2Fmedia&parent=4628"}],"wp:term":[{"taxonomy":"category","embeddable":true,"href":"https:\/\/gazetapernambucana.com\/index.php?rest_route=%2Fwp%2Fv2%2Fcategories&post=4628"},{"taxonomy":"post_tag","embeddable":true,"href":"https:\/\/gazetapernambucana.com\/index.php?rest_route=%2Fwp%2Fv2%2Ftags&post=4628"}],"curies":[{"name":"wp","href":"https:\/\/api.w.org\/{rel}","templated":true}]}}