{"id":4620,"date":"2026-08-24T23:23:17","date_gmt":"2026-08-25T02:23:17","guid":{"rendered":"https:\/\/gazetapernambucana.com\/?p=4620"},"modified":"2026-08-24T23:23:17","modified_gmt":"2026-08-25T02:23:17","slug":"despreparo-e-violencia-politica-a-rudeza-primitiva-do-vereador-maurilio-cavalcante-ao-ofender-raquel-lyra-em-angelim","status":"publish","type":"post","link":"https:\/\/gazetapernambucana.com\/?p=4620","title":{"rendered":"Despreparo e viol\u00eancia pol\u00edtica: a rudeza primitiva do vereador Maur\u00edlio Cavalcante ao ofender Raquel Lyra, em Angelim."},"content":{"rendered":"<p class=\"ds-markdown-paragraph\"><span class=\"\"><strong>GAZETA PERNAMBUCANA &#8211;<\/strong> A pedra bruta n\u00e3o conhece o cinzel. Ela existe como fragmento da natureza, sem forma, sem fun\u00e7\u00e3o, sem consci\u00eancia do lugar que poderia ocupar em uma constru\u00e7\u00e3o maior. O epis\u00f3dio protagonizado pelo vereador Maur\u00edlio Cavalcante, na C\u00e2mara Municipal de Angelim, exp\u00f5e com clareza o que acontece quando uma dessas pedras \u00e9 lan\u00e7ada no meio do edif\u00edcio pol\u00edtico sem ter passado pelo m\u00ednimo trabalho de lapida\u00e7\u00e3o. Ao chamar a governadora Raquel Lyra de louca, ao profetizar sua sa\u00edda do cargo com um tom de amea\u00e7a velada, o parlamentar n\u00e3o apenas desferiu um golpe contra uma mulher no exerc\u00edcio do poder. Ele revelou, antes de tudo, a pr\u00f3pria rudeza de sua forma\u00e7\u00e3o pol\u00edtica e a absoluta incompatibilidade entre seu comportamento e a fun\u00e7\u00e3o que o povo de Angelim lhe confiou.<\/span><\/p>\n<p class=\"ds-markdown-paragraph\"><span class=\"\">O mandato popular \u00e9, por defini\u00e7\u00e3o, um instrumento de representa\u00e7\u00e3o. Quem o recebe assume o compromisso de traduzir interesses coletivos em a\u00e7\u00f5es e discursos que elevem o debate p\u00fablico. No entanto, o que se viu nas falas do vereador foi o exato oposto: a redu\u00e7\u00e3o do confronto pol\u00edtico a um ataque pessoal, a substitui\u00e7\u00e3o do argumento pela inj\u00faria e a transforma\u00e7\u00e3o da tribuna legislativa em palco de intimida\u00e7\u00e3o. Essa conduta n\u00e3o \u00e9 um deslize isolado, mas um sintoma de um fen\u00f4meno mais profundo que assola a pol\u00edtica brasileira, especialmente em munic\u00edpios menores, onde a proximidade entre eleitor e candidato muitas vezes dispensa a avalia\u00e7\u00e3o de compet\u00eancia ou preparo. Acredita-se que o carisma, a origem comunit\u00e1ria ou a for\u00e7a de vontade bastam para ocupar uma cadeira que exige, na verdade, conhecimento, equil\u00edbrio emocional e respeito \u00e0 diverg\u00eancia.<\/span><\/p>\n<p class=\"ds-markdown-paragraph\"><span class=\"\">A an\u00e1lise sociol\u00f3gica desse caso imp\u00f5e a imagem da pedra bruta como met\u00e1fora do pol\u00edtico n\u00e3o polido. A pedra bruta \u00e9 dura, resistente, mas suas arestas cortam quem a toca. Ela n\u00e3o se ajusta a nenhum projeto arquitet\u00f4nico porque desconhece as linhas e os \u00e2ngulos que d\u00e3o sustenta\u00e7\u00e3o ao todo. Da mesma forma, o vereador que recorre ao xingamento e \u00e0 insinua\u00e7\u00e3o de viol\u00eancia demonstra ignorar as regras n\u00e3o escritas da civilidade democr\u00e1tica. Ele age por impulso, movido por paix\u00f5es imediatas, sem a media\u00e7\u00e3o do pensamento cr\u00edtico que qualquer representante deve cultivar. A fala agressiva n\u00e3o \u00e9 apenas um erro t\u00e1tico; \u00e9 a confiss\u00e3o de que n\u00e3o houve prepara\u00e7\u00e3o intelectual nem \u00e9tica para o exerc\u00edcio do mandato. O povo que votou nele depositou sua confian\u00e7a em um s\u00edmbolo, mas recebeu em troca um emiss\u00e1rio do atraso pol\u00edtico, algu\u00e9m que confunde o embate de ideias com a guerra de baixarias.<\/span><\/p>\n<p class=\"ds-markdown-paragraph\"><span class=\"\">N\u00e3o se trata de exigir que todos os pol\u00edticos nas\u00e7am eruditos ou que se submetam a provas formais de capacidade. A democracia, em sua ess\u00eancia, permite que qualquer cidad\u00e3o concorra a um cargo p\u00fablico. Mas a liberdade de concorrer n\u00e3o elimina a responsabilidade de se preparar, de estudar, de ouvir e de refletir antes de falar em nome de uma coletividade. O vereador Maur\u00edlio Cavalcante, ao proferir aquelas palavras, mostrou que sua trajet\u00f3ria pol\u00edtica n\u00e3o incluiu o necess\u00e1rio processo de amaciamento das arestas. Ele permaneceu como saiu da jazida: \u00e1spero, desproporcional, incapaz de reconhecer a alteridade que o cargo exige. A governadora Raquel Lyra \u00e9, para ele, um alvo, n\u00e3o uma interlocutora. Sua condi\u00e7\u00e3o feminina agrava a viol\u00eancia simb\u00f3lica, pois o termo louca carrega s\u00e9culos de desqualifica\u00e7\u00e3o das mulheres que ousam ocupar espa\u00e7os de poder. Mas mesmo que o ataque fosse contra um homem, a grosseria permaneceria como prova cabal de que a pedra nunca foi tocada pelo cinzel da forma\u00e7\u00e3o pol\u00edtica.<\/span><\/p>\n<p class=\"ds-markdown-paragraph\"><span class=\"\">As manifesta\u00e7\u00f5es de solidariedade \u00e0 governadora, oriundas de diversas lideran\u00e7as, entre elas a prefeita de Sert\u00e2nia, cumprem o papel de demarcar o rep\u00fadio ao comportamento inaceit\u00e1vel. Contudo, essas vozes n\u00e3o podem se limitar a condenar o fato isolado. \u00c9 necess\u00e1rio que a sociedade e o sistema pol\u00edtico enxerguem o epis\u00f3dio como um alerta sobre o crit\u00e9rio de sele\u00e7\u00e3o de nossos representantes. O voto, no Brasil, ainda \u00e9 guiado por afinidades pessoais, por promessas vagas e por reconhecimento de nomes, em detrimento de um exame m\u00ednimo das qualifica\u00e7\u00f5es do candidato. O resultado \u00e9 a prolifera\u00e7\u00e3o de pedras brutas nas assembleias e c\u00e2maras municipais, indiv\u00edduos que ocupam lugares de decis\u00e3o sem ter a menor no\u00e7\u00e3o do peso de suas palavras e atos. Eles agem como se o mandato fosse uma extens\u00e3o de sua personalidade privada, quando na verdade \u00e9 uma fun\u00e7\u00e3o p\u00fablica que exige conten\u00e7\u00e3o, pondera\u00e7\u00e3o e senso de responsabilidade hist\u00f3rica.<\/span><\/p>\n<p class=\"ds-markdown-paragraph\"><span class=\"\">O despreparo do vereador de Angelim n\u00e3o \u00e9, portanto, uma anomalia. \u00c9 a consequ\u00eancia previs\u00edvel de um sistema que premia a exposi\u00e7\u00e3o e a agressividade em vez do conhecimento e da serenidade. A pol\u00edtica, reduzida a espet\u00e1culo, atrai figuras que brilham pelo estardalha\u00e7o, mas que se apagam diante da necessidade de construir consensos ou de formular pol\u00edticas p\u00fablicas consistentes. Maur\u00edlio Cavalcante talvez sequer tenha percebido a gravidade do que disse, pois sua forma\u00e7\u00e3o interior n\u00e3o o capacitou a distinguir a cr\u00edtica da ofensa, a diverg\u00eancia da hostilidade. Ele \u00e9 uma pedra bruta em meio a um parlamento que deveria ser o lugar do di\u00e1logo refinado, da negocia\u00e7\u00e3o paciente e da defesa do bem comum. A seu modo, ele presta um servi\u00e7o involunt\u00e1rio: revela a todos o abismo entre o ideal republicano e a pr\u00e1tica cotidiana da pol\u00edtica local.<\/span><\/p>\n<p class=\"ds-markdown-paragraph\"><span class=\"\">Ao final, o que fica \u00e9 a certeza de que o polimento das pedras pol\u00edticas \u00e9 tarefa urgente e coletiva. N\u00e3o basta repudiar o ato; \u00e9 preciso repudiar a l\u00f3gica que o torna poss\u00edvel. A escola, a imprensa, os partidos e a pr\u00f3pria Justi\u00e7a Eleitoral t\u00eam pap\u00e9is a desempenhar nesse processo de lapida\u00e7\u00e3o, exigindo transpar\u00eancia, fiscalizando condutas e estimulando a qualifica\u00e7\u00e3o dos candidatos. Enquanto isso n\u00e3o ocorrer, casos como o de Angelim se repetir\u00e3o, e a democracia seguir\u00e1 convivendo com representantes que desonram o mandato que receberam. A pedra bruta, quando lan\u00e7ada ao edif\u00edcio pol\u00edtico, n\u00e3o o refor\u00e7a; ela o racha, o enfraquece e o desfigura. O povo de Angelim, ao votar em Maur\u00edlio Cavalcante, n\u00e3o imaginou que sua escolha produziria tamanho estrago. Mas a realidade agora se imp\u00f5e: a confian\u00e7a depositada foi tra\u00edda por algu\u00e9m que jamais aprendeu a ser pol\u00edtico, porque nunca compreendeu que a pol\u00edtica \u00e9, antes de tudo, a arte de lidar com o outro com respeito e intelig\u00eancia.<\/span><\/p>\n","protected":false},"excerpt":{"rendered":"<p>GAZETA PERNAMBUCANA &#8211; A pedra bruta n\u00e3o conhece o cinzel. Ela existe como fragmento da natureza, sem forma, sem fun\u00e7\u00e3o, sem consci\u00eancia do lugar que poderia ocupar em uma constru\u00e7\u00e3o maior. O epis\u00f3dio protagonizado pelo vereador Maur\u00edlio Cavalcante, na C\u00e2mara Municipal de Angelim, exp\u00f5e com clareza o que acontece quando uma dessas pedras \u00e9 lan\u00e7ada [&hellip;]<\/p>\n","protected":false},"author":1,"featured_media":4621,"comment_status":"open","ping_status":"open","sticky":false,"template":"","format":"standard","meta":{"footnotes":"","jetpack_publicize_message":"","jetpack_publicize_feature_enabled":true,"jetpack_social_post_already_shared":true,"jetpack_social_options":{"image_generator_settings":{"template":"highway","default_image_id":0,"font":"","enabled":false},"version":2}},"categories":[66,1,65],"tags":[],"class_list":["post-4620","post","type-post","status-publish","format-standard","has-post-thumbnail","hentry","category-cidades","category-https-gazetapernambucana-com-page_id225","category-politica"],"yoast_head":"<!-- This site is optimized with the Yoast SEO plugin v24.5 - https:\/\/yoast.com\/wordpress\/plugins\/seo\/ -->\n<title>Despreparo e viol\u00eancia pol\u00edtica: a rudeza primitiva do vereador Maur\u00edlio Cavalcante ao ofender Raquel Lyra, em Angelim. -<\/title>\n<meta name=\"robots\" content=\"index, follow, max-snippet:-1, max-image-preview:large, max-video-preview:-1\" \/>\n<link rel=\"canonical\" href=\"https:\/\/gazetapernambucana.com\/?p=4620\" \/>\n<meta property=\"og:locale\" content=\"pt_BR\" \/>\n<meta property=\"og:type\" content=\"article\" \/>\n<meta property=\"og:title\" content=\"Despreparo e viol\u00eancia pol\u00edtica: a rudeza primitiva do vereador Maur\u00edlio Cavalcante ao ofender Raquel Lyra, em Angelim. -\" \/>\n<meta property=\"og:description\" content=\"GAZETA PERNAMBUCANA &#8211; A pedra bruta n\u00e3o conhece o cinzel. Ela existe como fragmento da natureza, sem forma, sem fun\u00e7\u00e3o, sem consci\u00eancia do lugar que poderia ocupar em uma constru\u00e7\u00e3o maior. O epis\u00f3dio protagonizado pelo vereador Maur\u00edlio Cavalcante, na C\u00e2mara Municipal de Angelim, exp\u00f5e com clareza o que acontece quando uma dessas pedras \u00e9 lan\u00e7ada [&hellip;]\" \/>\n<meta property=\"og:url\" content=\"https:\/\/gazetapernambucana.com\/?p=4620\" \/>\n<meta property=\"article:published_time\" content=\"2026-08-25T02:23:17+00:00\" \/>\n<meta property=\"og:image\" content=\"https:\/\/gazetapernambucana.com\/wp-content\/uploads\/2026\/08\/Vereador-de-Angelim-1-1200x669-2.jpg\" \/>\n\t<meta property=\"og:image:width\" content=\"1200\" \/>\n\t<meta property=\"og:image:height\" content=\"669\" \/>\n\t<meta property=\"og:image:type\" content=\"image\/jpeg\" \/>\n<meta name=\"author\" content=\"GP\" \/>\n<meta name=\"twitter:card\" content=\"summary_large_image\" \/>\n<meta name=\"twitter:label1\" content=\"Escrito por\" \/>\n\t<meta name=\"twitter:data1\" content=\"GP\" \/>\n\t<meta name=\"twitter:label2\" content=\"Est. tempo de leitura\" \/>\n\t<meta name=\"twitter:data2\" content=\"6 minutos\" \/>\n<script type=\"application\/ld+json\" class=\"yoast-schema-graph\">{\"@context\":\"https:\/\/schema.org\",\"@graph\":[{\"@type\":\"WebPage\",\"@id\":\"https:\/\/gazetapernambucana.com\/?p=4620\",\"url\":\"https:\/\/gazetapernambucana.com\/?p=4620\",\"name\":\"Despreparo e viol\u00eancia pol\u00edtica: a rudeza primitiva do vereador Maur\u00edlio Cavalcante ao ofender Raquel Lyra, em Angelim. -\",\"isPartOf\":{\"@id\":\"https:\/\/gazetapernambucana.com\/#website\"},\"primaryImageOfPage\":{\"@id\":\"https:\/\/gazetapernambucana.com\/?p=4620#primaryimage\"},\"image\":{\"@id\":\"https:\/\/gazetapernambucana.com\/?p=4620#primaryimage\"},\"thumbnailUrl\":\"https:\/\/gazetapernambucana.com\/wp-content\/uploads\/2026\/08\/Vereador-de-Angelim-1-1200x669-2.jpg\",\"datePublished\":\"2026-08-25T02:23:17+00:00\",\"author\":{\"@id\":\"https:\/\/gazetapernambucana.com\/#\/schema\/person\/188dc283325181ac2de4db1e9e987427\"},\"breadcrumb\":{\"@id\":\"https:\/\/gazetapernambucana.com\/?p=4620#breadcrumb\"},\"inLanguage\":\"pt-BR\",\"potentialAction\":[{\"@type\":\"ReadAction\",\"target\":[\"https:\/\/gazetapernambucana.com\/?p=4620\"]}]},{\"@type\":\"ImageObject\",\"inLanguage\":\"pt-BR\",\"@id\":\"https:\/\/gazetapernambucana.com\/?p=4620#primaryimage\",\"url\":\"https:\/\/gazetapernambucana.com\/wp-content\/uploads\/2026\/08\/Vereador-de-Angelim-1-1200x669-2.jpg\",\"contentUrl\":\"https:\/\/gazetapernambucana.com\/wp-content\/uploads\/2026\/08\/Vereador-de-Angelim-1-1200x669-2.jpg\",\"width\":1200,\"height\":669},{\"@type\":\"BreadcrumbList\",\"@id\":\"https:\/\/gazetapernambucana.com\/?p=4620#breadcrumb\",\"itemListElement\":[{\"@type\":\"ListItem\",\"position\":1,\"name\":\"In\u00edcio\",\"item\":\"https:\/\/gazetapernambucana.com\/\"},{\"@type\":\"ListItem\",\"position\":2,\"name\":\"Despreparo e viol\u00eancia pol\u00edtica: a rudeza primitiva do vereador Maur\u00edlio Cavalcante ao ofender Raquel Lyra, em Angelim.\"}]},{\"@type\":\"WebSite\",\"@id\":\"https:\/\/gazetapernambucana.com\/#website\",\"url\":\"https:\/\/gazetapernambucana.com\/\",\"name\":\"\",\"description\":\"\",\"potentialAction\":[{\"@type\":\"SearchAction\",\"target\":{\"@type\":\"EntryPoint\",\"urlTemplate\":\"https:\/\/gazetapernambucana.com\/?s={search_term_string}\"},\"query-input\":{\"@type\":\"PropertyValueSpecification\",\"valueRequired\":true,\"valueName\":\"search_term_string\"}}],\"inLanguage\":\"pt-BR\"},{\"@type\":\"Person\",\"@id\":\"https:\/\/gazetapernambucana.com\/#\/schema\/person\/188dc283325181ac2de4db1e9e987427\",\"name\":\"GP\",\"image\":{\"@type\":\"ImageObject\",\"inLanguage\":\"pt-BR\",\"@id\":\"https:\/\/gazetapernambucana.com\/#\/schema\/person\/image\/\",\"url\":\"https:\/\/secure.gravatar.com\/avatar\/9dad78ff9a2d8b5742d11779f8a3f53b052320c550b2e1907882353c067bb111?s=96&d=mm&r=g\",\"contentUrl\":\"https:\/\/secure.gravatar.com\/avatar\/9dad78ff9a2d8b5742d11779f8a3f53b052320c550b2e1907882353c067bb111?s=96&d=mm&r=g\",\"caption\":\"GP\"},\"sameAs\":[\"http:\/\/gazetapernambucana.com\"],\"url\":\"https:\/\/gazetapernambucana.com\/?author=1\"}]}<\/script>\n<!-- \/ Yoast SEO plugin. -->","yoast_head_json":{"title":"Despreparo e viol\u00eancia pol\u00edtica: a rudeza primitiva do vereador Maur\u00edlio Cavalcante ao ofender Raquel Lyra, em Angelim. -","robots":{"index":"index","follow":"follow","max-snippet":"max-snippet:-1","max-image-preview":"max-image-preview:large","max-video-preview":"max-video-preview:-1"},"canonical":"https:\/\/gazetapernambucana.com\/?p=4620","og_locale":"pt_BR","og_type":"article","og_title":"Despreparo e viol\u00eancia pol\u00edtica: a rudeza primitiva do vereador Maur\u00edlio Cavalcante ao ofender Raquel Lyra, em Angelim. -","og_description":"GAZETA PERNAMBUCANA &#8211; A pedra bruta n\u00e3o conhece o cinzel. Ela existe como fragmento da natureza, sem forma, sem fun\u00e7\u00e3o, sem consci\u00eancia do lugar que poderia ocupar em uma constru\u00e7\u00e3o maior. O epis\u00f3dio protagonizado pelo vereador Maur\u00edlio Cavalcante, na C\u00e2mara Municipal de Angelim, exp\u00f5e com clareza o que acontece quando uma dessas pedras \u00e9 lan\u00e7ada [&hellip;]","og_url":"https:\/\/gazetapernambucana.com\/?p=4620","article_published_time":"2026-08-25T02:23:17+00:00","og_image":[{"width":1200,"height":669,"url":"https:\/\/gazetapernambucana.com\/wp-content\/uploads\/2026\/08\/Vereador-de-Angelim-1-1200x669-2.jpg","type":"image\/jpeg"}],"author":"GP","twitter_card":"summary_large_image","twitter_misc":{"Escrito por":"GP","Est. tempo de leitura":"6 minutos"},"schema":{"@context":"https:\/\/schema.org","@graph":[{"@type":"WebPage","@id":"https:\/\/gazetapernambucana.com\/?p=4620","url":"https:\/\/gazetapernambucana.com\/?p=4620","name":"Despreparo e viol\u00eancia pol\u00edtica: a rudeza primitiva do vereador Maur\u00edlio Cavalcante ao ofender Raquel Lyra, em Angelim. -","isPartOf":{"@id":"https:\/\/gazetapernambucana.com\/#website"},"primaryImageOfPage":{"@id":"https:\/\/gazetapernambucana.com\/?p=4620#primaryimage"},"image":{"@id":"https:\/\/gazetapernambucana.com\/?p=4620#primaryimage"},"thumbnailUrl":"https:\/\/gazetapernambucana.com\/wp-content\/uploads\/2026\/08\/Vereador-de-Angelim-1-1200x669-2.jpg","datePublished":"2026-08-25T02:23:17+00:00","author":{"@id":"https:\/\/gazetapernambucana.com\/#\/schema\/person\/188dc283325181ac2de4db1e9e987427"},"breadcrumb":{"@id":"https:\/\/gazetapernambucana.com\/?p=4620#breadcrumb"},"inLanguage":"pt-BR","potentialAction":[{"@type":"ReadAction","target":["https:\/\/gazetapernambucana.com\/?p=4620"]}]},{"@type":"ImageObject","inLanguage":"pt-BR","@id":"https:\/\/gazetapernambucana.com\/?p=4620#primaryimage","url":"https:\/\/gazetapernambucana.com\/wp-content\/uploads\/2026\/08\/Vereador-de-Angelim-1-1200x669-2.jpg","contentUrl":"https:\/\/gazetapernambucana.com\/wp-content\/uploads\/2026\/08\/Vereador-de-Angelim-1-1200x669-2.jpg","width":1200,"height":669},{"@type":"BreadcrumbList","@id":"https:\/\/gazetapernambucana.com\/?p=4620#breadcrumb","itemListElement":[{"@type":"ListItem","position":1,"name":"In\u00edcio","item":"https:\/\/gazetapernambucana.com\/"},{"@type":"ListItem","position":2,"name":"Despreparo e viol\u00eancia pol\u00edtica: a rudeza primitiva do vereador Maur\u00edlio Cavalcante ao ofender Raquel Lyra, em Angelim."}]},{"@type":"WebSite","@id":"https:\/\/gazetapernambucana.com\/#website","url":"https:\/\/gazetapernambucana.com\/","name":"","description":"","potentialAction":[{"@type":"SearchAction","target":{"@type":"EntryPoint","urlTemplate":"https:\/\/gazetapernambucana.com\/?s={search_term_string}"},"query-input":{"@type":"PropertyValueSpecification","valueRequired":true,"valueName":"search_term_string"}}],"inLanguage":"pt-BR"},{"@type":"Person","@id":"https:\/\/gazetapernambucana.com\/#\/schema\/person\/188dc283325181ac2de4db1e9e987427","name":"GP","image":{"@type":"ImageObject","inLanguage":"pt-BR","@id":"https:\/\/gazetapernambucana.com\/#\/schema\/person\/image\/","url":"https:\/\/secure.gravatar.com\/avatar\/9dad78ff9a2d8b5742d11779f8a3f53b052320c550b2e1907882353c067bb111?s=96&d=mm&r=g","contentUrl":"https:\/\/secure.gravatar.com\/avatar\/9dad78ff9a2d8b5742d11779f8a3f53b052320c550b2e1907882353c067bb111?s=96&d=mm&r=g","caption":"GP"},"sameAs":["http:\/\/gazetapernambucana.com"],"url":"https:\/\/gazetapernambucana.com\/?author=1"}]}},"jetpack_publicize_connections":[],"_links":{"self":[{"href":"https:\/\/gazetapernambucana.com\/index.php?rest_route=\/wp\/v2\/posts\/4620","targetHints":{"allow":["GET"]}}],"collection":[{"href":"https:\/\/gazetapernambucana.com\/index.php?rest_route=\/wp\/v2\/posts"}],"about":[{"href":"https:\/\/gazetapernambucana.com\/index.php?rest_route=\/wp\/v2\/types\/post"}],"author":[{"embeddable":true,"href":"https:\/\/gazetapernambucana.com\/index.php?rest_route=\/wp\/v2\/users\/1"}],"replies":[{"embeddable":true,"href":"https:\/\/gazetapernambucana.com\/index.php?rest_route=%2Fwp%2Fv2%2Fcomments&post=4620"}],"version-history":[{"count":1,"href":"https:\/\/gazetapernambucana.com\/index.php?rest_route=\/wp\/v2\/posts\/4620\/revisions"}],"predecessor-version":[{"id":4622,"href":"https:\/\/gazetapernambucana.com\/index.php?rest_route=\/wp\/v2\/posts\/4620\/revisions\/4622"}],"wp:featuredmedia":[{"embeddable":true,"href":"https:\/\/gazetapernambucana.com\/index.php?rest_route=\/wp\/v2\/media\/4621"}],"wp:attachment":[{"href":"https:\/\/gazetapernambucana.com\/index.php?rest_route=%2Fwp%2Fv2%2Fmedia&parent=4620"}],"wp:term":[{"taxonomy":"category","embeddable":true,"href":"https:\/\/gazetapernambucana.com\/index.php?rest_route=%2Fwp%2Fv2%2Fcategories&post=4620"},{"taxonomy":"post_tag","embeddable":true,"href":"https:\/\/gazetapernambucana.com\/index.php?rest_route=%2Fwp%2Fv2%2Ftags&post=4620"}],"curies":[{"name":"wp","href":"https:\/\/api.w.org\/{rel}","templated":true}]}}