{"id":4616,"date":"2026-08-24T22:39:42","date_gmt":"2026-08-25T01:39:42","guid":{"rendered":"https:\/\/gazetapernambucana.com\/?p=4616"},"modified":"2026-08-24T22:39:42","modified_gmt":"2026-08-25T01:39:42","slug":"pollyanna-abreu-repudia-ataques-contra-a-governadora-raquel-lyra","status":"publish","type":"post","link":"https:\/\/gazetapernambucana.com\/?p=4616","title":{"rendered":"Pollyanna Abreu repudia ataques contra a governadora Raquel Lyra"},"content":{"rendered":"<div class=\"container bc-body-grid\">\n<div class=\"bc-body-main\">\n<div class=\"bc-content entry-content\">\n<figure class=\"wp-block-image size-large\"><figcaption class=\"wp-element-caption\">Foto: Divulga\u00e7\u00e3o<\/figcaption><\/figure>\n<p class=\"wp-block-paragraph\">A prefeita de Sert\u00e2nia, Pollyanna Abreu (PSD), vem a p\u00fablico manifestar seu rep\u00fadio aos ataques proferidos contra a governadora de Pernambuco e candidata \u00e0 reelei\u00e7\u00e3o, Raquel Lyra, pelo ent\u00e3o vereador do munic\u00edpio de Angelim, no Agreste pernambucano, Maur\u00edlio Cavalcante (PSB).<\/p>\n<p class=\"wp-block-paragraph\">O parlamentar foi denunciado por viol\u00eancia pol\u00edtica e de g\u00eanero ap\u00f3s, durante um discurso na C\u00e2mara Municipal de Angelim, referir-se \u00e0 candidata de forma pejorativa, utilizando o termo \u201clouca\u201d. Na ocasi\u00e3o, tamb\u00e9m teria afirmado que \u201co dia dela est\u00e1 chegando\u201d e que Raquel Lyra deixaria o Governo do Estado em 1\u00ba de janeiro.<\/p>\n<p class=\"wp-block-paragraph\">Diante dos fatos, a candidata informou ter adotado as medidas cab\u00edveis junto \u00e0s autoridades competentes.<\/p>\n<p class=\"wp-block-paragraph\">A prefeita Pollyanna Abreu manifesta sua total solidariedade \u00e0 governadora Raquel Lyra e refor\u00e7a que ataques dessa natureza n\u00e3o podem ser naturalizados, especialmente quando direcionados a uma mulher no exerc\u00edcio de uma fun\u00e7\u00e3o p\u00fablica.<\/p>\n<p class=\"wp-block-paragraph\">\u201c<em>Precisamos vir a p\u00fablico repudiar esse tipo de viol\u00eancia. Trata-se de uma viol\u00eancia pol\u00edtica e de g\u00eanero contra n\u00f3s, mulheres. Estamos vivendo um momento em que o respeito, o di\u00e1logo e a democracia precisam ser preservados. O processo eleitoral deve ser pautado pelo debate de ideias, e n\u00e3o por ataques, amea\u00e7as ou qualquer forma de viol\u00eancia. Estamos aqui para combater todo e qualquer tipo de viol\u00eancia contra as mulheres\u201d<\/em>, afirmou a prefeita.<\/p>\n<p class=\"wp-block-paragraph\">Pollyanna Abreu refor\u00e7a ainda a import\u00e2ncia de que os fatos sejam devidamente apurados e que as medidas previstas em lei sejam adotadas, reafirmando seu compromisso com o respeito, a democracia e o enfrentamento \u00e0 viol\u00eancia pol\u00edtica e de g\u00eanero.<\/p>\n<\/div>\n<\/div>\n<\/div>\n","protected":false},"excerpt":{"rendered":"<p>Foto: Divulga\u00e7\u00e3o A prefeita de Sert\u00e2nia, Pollyanna Abreu (PSD), vem a p\u00fablico manifestar seu rep\u00fadio aos ataques proferidos contra a governadora de Pernambuco e candidata \u00e0 reelei\u00e7\u00e3o, Raquel Lyra, pelo ent\u00e3o vereador do munic\u00edpio de Angelim, no Agreste pernambucano, Maur\u00edlio Cavalcante (PSB). O parlamentar foi denunciado por viol\u00eancia pol\u00edtica e de g\u00eanero ap\u00f3s, durante um [&hellip;]<\/p>\n","protected":false},"author":1,"featured_media":4617,"comment_status":"open","ping_status":"open","sticky":false,"template":"","format":"standard","meta":{"footnotes":"","jetpack_publicize_message":"","jetpack_publicize_feature_enabled":true,"jetpack_social_post_already_shared":true,"jetpack_social_options":{"image_generator_settings":{"template":"highway","default_image_id":0,"font":"","enabled":false},"version":2}},"categories":[66,1,65],"tags":[],"class_list":["post-4616","post","type-post","status-publish","format-standard","has-post-thumbnail","hentry","category-cidades","category-https-gazetapernambucana-com-page_id225","category-politica"],"yoast_head":"<!-- This site is optimized with the Yoast SEO plugin v24.5 - https:\/\/yoast.com\/wordpress\/plugins\/seo\/ -->\n<title>Pollyanna Abreu repudia ataques contra a governadora Raquel Lyra -<\/title>\n<meta name=\"robots\" content=\"index, follow, max-snippet:-1, max-image-preview:large, max-video-preview:-1\" \/>\n<link rel=\"canonical\" href=\"https:\/\/gazetapernambucana.com\/?p=4616\" \/>\n<meta property=\"og:locale\" content=\"pt_BR\" \/>\n<meta property=\"og:type\" content=\"article\" \/>\n<meta property=\"og:title\" content=\"Pollyanna Abreu repudia ataques contra a governadora Raquel Lyra -\" \/>\n<meta property=\"og:description\" content=\"Foto: Divulga\u00e7\u00e3o A prefeita de Sert\u00e2nia, Pollyanna Abreu (PSD), vem a p\u00fablico manifestar seu rep\u00fadio aos ataques proferidos contra a governadora de Pernambuco e candidata \u00e0 reelei\u00e7\u00e3o, Raquel Lyra, pelo ent\u00e3o vereador do munic\u00edpio de Angelim, no Agreste pernambucano, Maur\u00edlio Cavalcante (PSB). O parlamentar foi denunciado por viol\u00eancia pol\u00edtica e de g\u00eanero ap\u00f3s, durante um [&hellip;]\" \/>\n<meta property=\"og:url\" content=\"https:\/\/gazetapernambucana.com\/?p=4616\" \/>\n<meta property=\"article:published_time\" content=\"2026-08-25T01:39:42+00:00\" \/>\n<meta property=\"og:image\" content=\"https:\/\/gazetapernambucana.com\/wp-content\/uploads\/2026\/08\/9f6c02fa-34c3-46ef-90a1-f6348e7e280d-1024x683-1.jpeg\" \/>\n\t<meta property=\"og:image:width\" content=\"1024\" \/>\n\t<meta property=\"og:image:height\" content=\"683\" \/>\n\t<meta property=\"og:image:type\" content=\"image\/jpeg\" \/>\n<meta name=\"author\" content=\"GP\" \/>\n<meta name=\"twitter:card\" content=\"summary_large_image\" \/>\n<meta name=\"twitter:label1\" content=\"Escrito por\" \/>\n\t<meta name=\"twitter:data1\" content=\"GP\" \/>\n\t<meta name=\"twitter:label2\" content=\"Est. tempo de leitura\" \/>\n\t<meta name=\"twitter:data2\" content=\"2 minutos\" \/>\n<script type=\"application\/ld+json\" class=\"yoast-schema-graph\">{\"@context\":\"https:\/\/schema.org\",\"@graph\":[{\"@type\":\"WebPage\",\"@id\":\"https:\/\/gazetapernambucana.com\/?p=4616\",\"url\":\"https:\/\/gazetapernambucana.com\/?p=4616\",\"name\":\"Pollyanna Abreu repudia ataques contra a governadora Raquel Lyra -\",\"isPartOf\":{\"@id\":\"https:\/\/gazetapernambucana.com\/#website\"},\"primaryImageOfPage\":{\"@id\":\"https:\/\/gazetapernambucana.com\/?p=4616#primaryimage\"},\"image\":{\"@id\":\"https:\/\/gazetapernambucana.com\/?p=4616#primaryimage\"},\"thumbnailUrl\":\"https:\/\/gazetapernambucana.com\/wp-content\/uploads\/2026\/08\/9f6c02fa-34c3-46ef-90a1-f6348e7e280d-1024x683-1.jpeg\",\"datePublished\":\"2026-08-25T01:39:42+00:00\",\"author\":{\"@id\":\"https:\/\/gazetapernambucana.com\/#\/schema\/person\/188dc283325181ac2de4db1e9e987427\"},\"breadcrumb\":{\"@id\":\"https:\/\/gazetapernambucana.com\/?p=4616#breadcrumb\"},\"inLanguage\":\"pt-BR\",\"potentialAction\":[{\"@type\":\"ReadAction\",\"target\":[\"https:\/\/gazetapernambucana.com\/?p=4616\"]}]},{\"@type\":\"ImageObject\",\"inLanguage\":\"pt-BR\",\"@id\":\"https:\/\/gazetapernambucana.com\/?p=4616#primaryimage\",\"url\":\"https:\/\/gazetapernambucana.com\/wp-content\/uploads\/2026\/08\/9f6c02fa-34c3-46ef-90a1-f6348e7e280d-1024x683-1.jpeg\",\"contentUrl\":\"https:\/\/gazetapernambucana.com\/wp-content\/uploads\/2026\/08\/9f6c02fa-34c3-46ef-90a1-f6348e7e280d-1024x683-1.jpeg\",\"width\":1024,\"height\":683},{\"@type\":\"BreadcrumbList\",\"@id\":\"https:\/\/gazetapernambucana.com\/?p=4616#breadcrumb\",\"itemListElement\":[{\"@type\":\"ListItem\",\"position\":1,\"name\":\"In\u00edcio\",\"item\":\"https:\/\/gazetapernambucana.com\/\"},{\"@type\":\"ListItem\",\"position\":2,\"name\":\"Pollyanna Abreu repudia ataques contra a governadora Raquel Lyra\"}]},{\"@type\":\"WebSite\",\"@id\":\"https:\/\/gazetapernambucana.com\/#website\",\"url\":\"https:\/\/gazetapernambucana.com\/\",\"name\":\"\",\"description\":\"\",\"potentialAction\":[{\"@type\":\"SearchAction\",\"target\":{\"@type\":\"EntryPoint\",\"urlTemplate\":\"https:\/\/gazetapernambucana.com\/?s={search_term_string}\"},\"query-input\":{\"@type\":\"PropertyValueSpecification\",\"valueRequired\":true,\"valueName\":\"search_term_string\"}}],\"inLanguage\":\"pt-BR\"},{\"@type\":\"Person\",\"@id\":\"https:\/\/gazetapernambucana.com\/#\/schema\/person\/188dc283325181ac2de4db1e9e987427\",\"name\":\"GP\",\"image\":{\"@type\":\"ImageObject\",\"inLanguage\":\"pt-BR\",\"@id\":\"https:\/\/gazetapernambucana.com\/#\/schema\/person\/image\/\",\"url\":\"https:\/\/secure.gravatar.com\/avatar\/9dad78ff9a2d8b5742d11779f8a3f53b052320c550b2e1907882353c067bb111?s=96&d=mm&r=g\",\"contentUrl\":\"https:\/\/secure.gravatar.com\/avatar\/9dad78ff9a2d8b5742d11779f8a3f53b052320c550b2e1907882353c067bb111?s=96&d=mm&r=g\",\"caption\":\"GP\"},\"sameAs\":[\"http:\/\/gazetapernambucana.com\"],\"url\":\"https:\/\/gazetapernambucana.com\/?author=1\"}]}<\/script>\n<!-- \/ Yoast SEO plugin. -->","yoast_head_json":{"title":"Pollyanna Abreu repudia ataques contra a governadora Raquel Lyra -","robots":{"index":"index","follow":"follow","max-snippet":"max-snippet:-1","max-image-preview":"max-image-preview:large","max-video-preview":"max-video-preview:-1"},"canonical":"https:\/\/gazetapernambucana.com\/?p=4616","og_locale":"pt_BR","og_type":"article","og_title":"Pollyanna Abreu repudia ataques contra a governadora Raquel Lyra -","og_description":"Foto: Divulga\u00e7\u00e3o A prefeita de Sert\u00e2nia, Pollyanna Abreu (PSD), vem a p\u00fablico manifestar seu rep\u00fadio aos ataques proferidos contra a governadora de Pernambuco e candidata \u00e0 reelei\u00e7\u00e3o, Raquel Lyra, pelo ent\u00e3o vereador do munic\u00edpio de Angelim, no Agreste pernambucano, Maur\u00edlio Cavalcante (PSB). O parlamentar foi denunciado por viol\u00eancia pol\u00edtica e de g\u00eanero ap\u00f3s, durante um [&hellip;]","og_url":"https:\/\/gazetapernambucana.com\/?p=4616","article_published_time":"2026-08-25T01:39:42+00:00","og_image":[{"width":1024,"height":683,"url":"https:\/\/gazetapernambucana.com\/wp-content\/uploads\/2026\/08\/9f6c02fa-34c3-46ef-90a1-f6348e7e280d-1024x683-1.jpeg","type":"image\/jpeg"}],"author":"GP","twitter_card":"summary_large_image","twitter_misc":{"Escrito por":"GP","Est. tempo de leitura":"2 minutos"},"schema":{"@context":"https:\/\/schema.org","@graph":[{"@type":"WebPage","@id":"https:\/\/gazetapernambucana.com\/?p=4616","url":"https:\/\/gazetapernambucana.com\/?p=4616","name":"Pollyanna Abreu repudia ataques contra a governadora Raquel Lyra -","isPartOf":{"@id":"https:\/\/gazetapernambucana.com\/#website"},"primaryImageOfPage":{"@id":"https:\/\/gazetapernambucana.com\/?p=4616#primaryimage"},"image":{"@id":"https:\/\/gazetapernambucana.com\/?p=4616#primaryimage"},"thumbnailUrl":"https:\/\/gazetapernambucana.com\/wp-content\/uploads\/2026\/08\/9f6c02fa-34c3-46ef-90a1-f6348e7e280d-1024x683-1.jpeg","datePublished":"2026-08-25T01:39:42+00:00","author":{"@id":"https:\/\/gazetapernambucana.com\/#\/schema\/person\/188dc283325181ac2de4db1e9e987427"},"breadcrumb":{"@id":"https:\/\/gazetapernambucana.com\/?p=4616#breadcrumb"},"inLanguage":"pt-BR","potentialAction":[{"@type":"ReadAction","target":["https:\/\/gazetapernambucana.com\/?p=4616"]}]},{"@type":"ImageObject","inLanguage":"pt-BR","@id":"https:\/\/gazetapernambucana.com\/?p=4616#primaryimage","url":"https:\/\/gazetapernambucana.com\/wp-content\/uploads\/2026\/08\/9f6c02fa-34c3-46ef-90a1-f6348e7e280d-1024x683-1.jpeg","contentUrl":"https:\/\/gazetapernambucana.com\/wp-content\/uploads\/2026\/08\/9f6c02fa-34c3-46ef-90a1-f6348e7e280d-1024x683-1.jpeg","width":1024,"height":683},{"@type":"BreadcrumbList","@id":"https:\/\/gazetapernambucana.com\/?p=4616#breadcrumb","itemListElement":[{"@type":"ListItem","position":1,"name":"In\u00edcio","item":"https:\/\/gazetapernambucana.com\/"},{"@type":"ListItem","position":2,"name":"Pollyanna Abreu repudia ataques contra a governadora Raquel Lyra"}]},{"@type":"WebSite","@id":"https:\/\/gazetapernambucana.com\/#website","url":"https:\/\/gazetapernambucana.com\/","name":"","description":"","potentialAction":[{"@type":"SearchAction","target":{"@type":"EntryPoint","urlTemplate":"https:\/\/gazetapernambucana.com\/?s={search_term_string}"},"query-input":{"@type":"PropertyValueSpecification","valueRequired":true,"valueName":"search_term_string"}}],"inLanguage":"pt-BR"},{"@type":"Person","@id":"https:\/\/gazetapernambucana.com\/#\/schema\/person\/188dc283325181ac2de4db1e9e987427","name":"GP","image":{"@type":"ImageObject","inLanguage":"pt-BR","@id":"https:\/\/gazetapernambucana.com\/#\/schema\/person\/image\/","url":"https:\/\/secure.gravatar.com\/avatar\/9dad78ff9a2d8b5742d11779f8a3f53b052320c550b2e1907882353c067bb111?s=96&d=mm&r=g","contentUrl":"https:\/\/secure.gravatar.com\/avatar\/9dad78ff9a2d8b5742d11779f8a3f53b052320c550b2e1907882353c067bb111?s=96&d=mm&r=g","caption":"GP"},"sameAs":["http:\/\/gazetapernambucana.com"],"url":"https:\/\/gazetapernambucana.com\/?author=1"}]}},"jetpack_publicize_connections":[],"_links":{"self":[{"href":"https:\/\/gazetapernambucana.com\/index.php?rest_route=\/wp\/v2\/posts\/4616","targetHints":{"allow":["GET"]}}],"collection":[{"href":"https:\/\/gazetapernambucana.com\/index.php?rest_route=\/wp\/v2\/posts"}],"about":[{"href":"https:\/\/gazetapernambucana.com\/index.php?rest_route=\/wp\/v2\/types\/post"}],"author":[{"embeddable":true,"href":"https:\/\/gazetapernambucana.com\/index.php?rest_route=\/wp\/v2\/users\/1"}],"replies":[{"embeddable":true,"href":"https:\/\/gazetapernambucana.com\/index.php?rest_route=%2Fwp%2Fv2%2Fcomments&post=4616"}],"version-history":[{"count":1,"href":"https:\/\/gazetapernambucana.com\/index.php?rest_route=\/wp\/v2\/posts\/4616\/revisions"}],"predecessor-version":[{"id":4618,"href":"https:\/\/gazetapernambucana.com\/index.php?rest_route=\/wp\/v2\/posts\/4616\/revisions\/4618"}],"wp:featuredmedia":[{"embeddable":true,"href":"https:\/\/gazetapernambucana.com\/index.php?rest_route=\/wp\/v2\/media\/4617"}],"wp:attachment":[{"href":"https:\/\/gazetapernambucana.com\/index.php?rest_route=%2Fwp%2Fv2%2Fmedia&parent=4616"}],"wp:term":[{"taxonomy":"category","embeddable":true,"href":"https:\/\/gazetapernambucana.com\/index.php?rest_route=%2Fwp%2Fv2%2Fcategories&post=4616"},{"taxonomy":"post_tag","embeddable":true,"href":"https:\/\/gazetapernambucana.com\/index.php?rest_route=%2Fwp%2Fv2%2Ftags&post=4616"}],"curies":[{"name":"wp","href":"https:\/\/api.w.org\/{rel}","templated":true}]}}