{"id":4613,"date":"2026-08-24T21:42:19","date_gmt":"2026-08-25T00:42:19","guid":{"rendered":"https:\/\/gazetapernambucana.com\/?p=4613"},"modified":"2026-08-24T21:42:19","modified_gmt":"2026-08-25T00:42:19","slug":"raquel-lyra-consolida-lideranca-e-caminha-para-vitoria-no-primeiro-turno-em-pernambuco","status":"publish","type":"post","link":"https:\/\/gazetapernambucana.com\/?p=4613","title":{"rendered":"Raquel Lyra consolida lideran\u00e7a e caminha para vit\u00f3ria no primeiro turno em Pernambuco"},"content":{"rendered":"<p class=\"ds-markdown-paragraph\"><strong><span class=\"\">Pesquisa Simplex\/CBN divulgada nesta segunda-feira (24) mostra governadora com vantagem expressiva sobre Jo\u00e3o Campos e aprova\u00e7\u00e3o recorde de 63,8%<\/span><\/strong><\/p>\n<p class=\"ds-markdown-paragraph\"><span class=\"\">A governadora Raquel Lyra (PSD) n\u00e3o apenas lidera a disputa pelo Governo de Pernambuco, ela a domina com folga. A nova pesquisa Simplex\/CBN, divulgada hoje, revela um cen\u00e1rio cada vez mais favor\u00e1vel \u00e0 candidata \u00e0 reelei\u00e7\u00e3o, que abre 10,1 pontos percentuais sobre o principal advers\u00e1rio, Jo\u00e3o Campos (PSB), e aparece com n\u00fameros que apontam para uma consolida\u00e7\u00e3o definitiva de sua for\u00e7a pol\u00edtica no estado<\/span><span class=\"\">.<\/span><\/p>\n<p class=\"ds-markdown-paragraph\"><span class=\"\">No cen\u00e1rio estimulado, que apresenta todos os nomes da disputa, Raquel Lyra soma\u00a0<\/span><strong><span class=\"\">46,2%<\/span><\/strong><span class=\"\">\u00a0das inten\u00e7\u00f5es de voto, contra apenas\u00a0<\/span><strong><span class=\"\">36,1%<\/span><\/strong><span class=\"\">\u00a0de Jo\u00e3o Campos<\/span><span class=\"\">. A diferen\u00e7a, superior \u00e0 margem de erro de tr\u00eas pontos percentuais, evidencia um movimento consistente de ades\u00e3o popular \u00e0 gest\u00e3o da governadora, que vem sendo reconhecida por sua capacidade de entregar resultados e conectar-se com as demandas da popula\u00e7\u00e3o pernambucana<\/span><span class=\"\">.<\/span><\/p>\n<h2><span class=\"\">Votos v\u00e1lidos apontam vit\u00f3ria no primeiro turno<\/span><\/h2>\n<p class=\"ds-markdown-paragraph\"><span class=\"\">O dado mais eloquente, no entanto, vem da an\u00e1lise dos votos v\u00e1lidos, quando se excluem brancos e nulos. Nesse recorte, a vantagem de Raquel Lyra se amplia de forma contundente: a governadora alcan\u00e7a <\/span><strong><span class=\"\">55,4%<\/span><\/strong><span class=\"\">, contra\u00a0<\/span><strong><span class=\"\">43,3%<\/span><\/strong><span class=\"\">\u00a0de Jo\u00e3o Campos<\/span><span class=\"\">. Se o resultado se confirmar nas urnas, Raquel Lyra ser\u00e1 reeleita ainda no primeiro turno, sem necessidade de segunda volta<\/span><span class=\"\">.<\/span><\/p>\n<p class=\"ds-markdown-paragraph\"><span class=\"\">Em um cen\u00e1rio hipot\u00e9tico de disputa direta entre os dois principais candidatos, a for\u00e7a pol\u00edtica de Raquel Lyra se manifesta mais uma vez: ela registra\u00a0<\/span><strong><span class=\"\">47,4%<\/span><\/strong><span class=\"\">\u00a0das inten\u00e7\u00f5es de voto, contra\u00a0<\/span><strong><span class=\"\">38%<\/span><\/strong><span class=\"\">\u00a0de Jo\u00e3o Campos<\/span><span class=\"\">. Entre os votos v\u00e1lidos nesse mesmo recorte, o placar sobe para\u00a0<\/span><strong><span class=\"\">55,5%<\/span><\/strong><span class=\"\">\u00a0a\u00a0<\/span><strong><span class=\"\">44,5%<\/span><\/strong><span class=\"\">.<\/span><\/p>\n<h2><span class=\"\">Na espont\u00e2nea, lideran\u00e7a que dispensa apresenta\u00e7\u00e3o<\/span><\/h2>\n<p class=\"ds-markdown-paragraph\"><span class=\"\">Talvez o indicador mais revelador do carisma e da for\u00e7a pol\u00edtica de Raquel Lyra seja a pesquisa espont\u00e2nea \u2014 aquela em que os entrevistados n\u00e3o recebem nenhuma lista de candidatos e precisam citar de mem\u00f3ria em quem pretendem votar. Nesse cen\u00e1rio, a governadora \u00e9 lembrada por\u00a0<\/span><strong><span class=\"\">39,6%<\/span><\/strong><span class=\"\">\u00a0dos eleitores, enquanto Jo\u00e3o Campos \u00e9 citado por apenas\u00a0<\/span><strong><span class=\"\">26,9%<\/span><\/strong><span class=\"\">.<\/span><\/p>\n<p class=\"ds-markdown-paragraph\"><span class=\"\">A diferen\u00e7a de\u00a0<\/span><strong><span class=\"\">12,7 pontos percentuais<\/span><\/strong><span class=\"\">\u00a0na mem\u00f3ria do eleitorado<\/span><span class=\"\"> \u00e9 a prova mais clara de que o nome de Raquel Lyra j\u00e1 est\u00e1 consolidado no imagin\u00e1rio popular pernambucano. Ela n\u00e3o precisa de lista, n\u00e3o precisa de apresenta\u00e7\u00e3o, o eleitor j\u00e1 sabe em quem confia.<\/span><\/p>\n<h2><span class=\"\">Aprova\u00e7\u00e3o recorde: 63,8% da gest\u00e3o reconhecida<\/span><\/h2>\n<p class=\"ds-markdown-paragraph\"><span class=\"\">A pesquisa tamb\u00e9m avaliou a administra\u00e7\u00e3o de Raquel Lyra, e o resultado \u00e9 arrasador:\u00a0<\/span><strong><span class=\"\">63,8%<\/span><\/strong><span class=\"\">\u00a0dos entrevistados aprovam sua gest\u00e3o, contra apenas\u00a0<\/span><strong><span class=\"\">28,8%<\/span><\/strong><span class=\"\">\u00a0de desaprova\u00e7\u00e3o<\/span><span class=\"\">. Isso significa que\u00a0<\/span><strong><span class=\"\">quase dois em cada tr\u00eas pernambucanos<\/span><\/strong><span class=\"\">\u00a0reconhecem a qualidade do trabalho da governadora<\/span><span class=\"\">.<\/span><\/p>\n<p class=\"ds-markdown-paragraph\"><span class=\"\">N\u00fameros como esse n\u00e3o s\u00e3o fruto do acaso. Eles refletem uma gest\u00e3o que tem priorizado o di\u00e1logo, a efici\u00eancia e a proximidade com a popula\u00e7\u00e3o. Raquel Lyra construiu, ao longo de seu mandato, uma imagem de lideran\u00e7a firme, competente e, acima de tudo, conectada com as reais necessidades do povo pernambucano.<\/span><\/p>\n<h2><span class=\"\">For\u00e7a pol\u00edtica e carisma: a f\u00f3rmula da vit\u00f3ria<\/span><\/h2>\n<p class=\"ds-markdown-paragraph\"><span class=\"\">O que os n\u00fameros da pesquisa Simplex\/CBN revelam, no fundo, \u00e9 a consolida\u00e7\u00e3o de um projeto pol\u00edtico que vai al\u00e9m dos dados estat\u00edsticos. Raquel Lyra representa uma nova gera\u00e7\u00e3o de lideran\u00e7as que concilia gest\u00e3o moderna com sensibilidade social. Sua trajet\u00f3ria , de prefeita de Caruaru<\/span><span class=\"\"> a governadora, \u00e9 marcada por entregas concretas e por uma capacidade \u00edmpar de mobilizar apoios em todas as regi\u00f5es do estado.<\/span><\/p>\n<p class=\"ds-markdown-paragraph\"><span class=\"\">Enquanto o advers\u00e1rio parece patinar e perder for\u00e7a, Raquel Lyra avan\u00e7a. A diferen\u00e7a de mais de 10 pontos no cen\u00e1rio estimulado, a lideran\u00e7a expressiva nos votos v\u00e1lidos e a aprova\u00e7\u00e3o recorde de sua gest\u00e3o formam um trip\u00e9 de sustenta\u00e7\u00e3o que torna cada vez mais remota qualquer possibilidade de reviravolta<\/span><span class=\"\">.<\/span><\/p>\n<h2><span class=\"\">Tudo caminha para a vit\u00f3ria<\/span><\/h2>\n<p class=\"ds-markdown-paragraph\"><span class=\"\">Com a reta final da campanha se aproximando, o cen\u00e1rio n\u00e3o poderia ser mais animador para a governadora e seus apoiadores. A pesquisa Simplex\/CBN, realizada entre os dias 16 e 21 de agosto com 1.067 eleitores e registrada no TSE sob o n\u00famero PE-06688\/2026<\/span><span class=\"\">, confirma o que j\u00e1 se desenhava nas pesquisas anteriores: Raquel Lyra \u00e9 a grande favorita e tudo indica que ser\u00e1 reeleita com for\u00e7a total.<\/span><\/p>\n<p class=\"ds-markdown-paragraph\"><span class=\"\">O povo de Pernambuco reconhece lideran\u00e7a, reconhece trabalho e reconhece quem est\u00e1 do lado certo da hist\u00f3ria. E, neste momento, a escolha est\u00e1 clara: Raquel Lyra \u00e9 o nome que representa o futuro do estado. A vit\u00f3ria, mais do que poss\u00edvel, \u00e9 um caminho cada vez mais certo.<\/span><\/p>\n","protected":false},"excerpt":{"rendered":"<p>Pesquisa Simplex\/CBN divulgada nesta segunda-feira (24) mostra governadora com vantagem expressiva sobre Jo\u00e3o Campos e aprova\u00e7\u00e3o recorde de 63,8% A governadora Raquel Lyra (PSD) n\u00e3o apenas lidera a disputa pelo Governo de Pernambuco, ela a domina com folga. A nova pesquisa Simplex\/CBN, divulgada hoje, revela um cen\u00e1rio cada vez mais favor\u00e1vel \u00e0 candidata \u00e0 reelei\u00e7\u00e3o, [&hellip;]<\/p>\n","protected":false},"author":1,"featured_media":4614,"comment_status":"open","ping_status":"open","sticky":false,"template":"","format":"standard","meta":{"footnotes":"","jetpack_publicize_message":"","jetpack_publicize_feature_enabled":true,"jetpack_social_post_already_shared":true,"jetpack_social_options":{"image_generator_settings":{"template":"highway","default_image_id":0,"font":"","enabled":false},"version":2}},"categories":[66,1,65],"tags":[],"class_list":["post-4613","post","type-post","status-publish","format-standard","has-post-thumbnail","hentry","category-cidades","category-https-gazetapernambucana-com-page_id225","category-politica"],"yoast_head":"<!-- This site is optimized with the Yoast SEO plugin v24.5 - https:\/\/yoast.com\/wordpress\/plugins\/seo\/ -->\n<title>Raquel Lyra consolida lideran\u00e7a e caminha para vit\u00f3ria no primeiro turno em Pernambuco -<\/title>\n<meta name=\"robots\" content=\"index, follow, max-snippet:-1, max-image-preview:large, max-video-preview:-1\" \/>\n<link rel=\"canonical\" href=\"https:\/\/gazetapernambucana.com\/?p=4613\" \/>\n<meta property=\"og:locale\" content=\"pt_BR\" \/>\n<meta property=\"og:type\" content=\"article\" \/>\n<meta property=\"og:title\" content=\"Raquel Lyra consolida lideran\u00e7a e caminha para vit\u00f3ria no primeiro turno em Pernambuco -\" \/>\n<meta property=\"og:description\" content=\"Pesquisa Simplex\/CBN divulgada nesta segunda-feira (24) mostra governadora com vantagem expressiva sobre Jo\u00e3o Campos e aprova\u00e7\u00e3o recorde de 63,8% A governadora Raquel Lyra (PSD) n\u00e3o apenas lidera a disputa pelo Governo de Pernambuco, ela a domina com folga. A nova pesquisa Simplex\/CBN, divulgada hoje, revela um cen\u00e1rio cada vez mais favor\u00e1vel \u00e0 candidata \u00e0 reelei\u00e7\u00e3o, [&hellip;]\" \/>\n<meta property=\"og:url\" content=\"https:\/\/gazetapernambucana.com\/?p=4613\" \/>\n<meta property=\"article:published_time\" content=\"2026-08-25T00:42:19+00:00\" \/>\n<meta property=\"og:image\" content=\"https:\/\/gazetapernambucana.com\/wp-content\/uploads\/2026\/08\/unnamed.webp\" \/>\n\t<meta property=\"og:image:width\" content=\"1200\" \/>\n\t<meta property=\"og:image:height\" content=\"800\" \/>\n\t<meta property=\"og:image:type\" content=\"image\/webp\" \/>\n<meta name=\"author\" content=\"GP\" \/>\n<meta name=\"twitter:card\" content=\"summary_large_image\" \/>\n<meta name=\"twitter:label1\" content=\"Escrito por\" \/>\n\t<meta name=\"twitter:data1\" content=\"GP\" \/>\n\t<meta name=\"twitter:label2\" content=\"Est. tempo de leitura\" \/>\n\t<meta name=\"twitter:data2\" content=\"5 minutos\" \/>\n<script type=\"application\/ld+json\" class=\"yoast-schema-graph\">{\"@context\":\"https:\/\/schema.org\",\"@graph\":[{\"@type\":\"WebPage\",\"@id\":\"https:\/\/gazetapernambucana.com\/?p=4613\",\"url\":\"https:\/\/gazetapernambucana.com\/?p=4613\",\"name\":\"Raquel Lyra consolida lideran\u00e7a e caminha para vit\u00f3ria no primeiro turno em Pernambuco -\",\"isPartOf\":{\"@id\":\"https:\/\/gazetapernambucana.com\/#website\"},\"primaryImageOfPage\":{\"@id\":\"https:\/\/gazetapernambucana.com\/?p=4613#primaryimage\"},\"image\":{\"@id\":\"https:\/\/gazetapernambucana.com\/?p=4613#primaryimage\"},\"thumbnailUrl\":\"https:\/\/gazetapernambucana.com\/wp-content\/uploads\/2026\/08\/unnamed.webp\",\"datePublished\":\"2026-08-25T00:42:19+00:00\",\"author\":{\"@id\":\"https:\/\/gazetapernambucana.com\/#\/schema\/person\/188dc283325181ac2de4db1e9e987427\"},\"breadcrumb\":{\"@id\":\"https:\/\/gazetapernambucana.com\/?p=4613#breadcrumb\"},\"inLanguage\":\"pt-BR\",\"potentialAction\":[{\"@type\":\"ReadAction\",\"target\":[\"https:\/\/gazetapernambucana.com\/?p=4613\"]}]},{\"@type\":\"ImageObject\",\"inLanguage\":\"pt-BR\",\"@id\":\"https:\/\/gazetapernambucana.com\/?p=4613#primaryimage\",\"url\":\"https:\/\/gazetapernambucana.com\/wp-content\/uploads\/2026\/08\/unnamed.webp\",\"contentUrl\":\"https:\/\/gazetapernambucana.com\/wp-content\/uploads\/2026\/08\/unnamed.webp\",\"width\":1200,\"height\":800},{\"@type\":\"BreadcrumbList\",\"@id\":\"https:\/\/gazetapernambucana.com\/?p=4613#breadcrumb\",\"itemListElement\":[{\"@type\":\"ListItem\",\"position\":1,\"name\":\"In\u00edcio\",\"item\":\"https:\/\/gazetapernambucana.com\/\"},{\"@type\":\"ListItem\",\"position\":2,\"name\":\"Raquel Lyra consolida lideran\u00e7a e caminha para vit\u00f3ria no primeiro turno em Pernambuco\"}]},{\"@type\":\"WebSite\",\"@id\":\"https:\/\/gazetapernambucana.com\/#website\",\"url\":\"https:\/\/gazetapernambucana.com\/\",\"name\":\"\",\"description\":\"\",\"potentialAction\":[{\"@type\":\"SearchAction\",\"target\":{\"@type\":\"EntryPoint\",\"urlTemplate\":\"https:\/\/gazetapernambucana.com\/?s={search_term_string}\"},\"query-input\":{\"@type\":\"PropertyValueSpecification\",\"valueRequired\":true,\"valueName\":\"search_term_string\"}}],\"inLanguage\":\"pt-BR\"},{\"@type\":\"Person\",\"@id\":\"https:\/\/gazetapernambucana.com\/#\/schema\/person\/188dc283325181ac2de4db1e9e987427\",\"name\":\"GP\",\"image\":{\"@type\":\"ImageObject\",\"inLanguage\":\"pt-BR\",\"@id\":\"https:\/\/gazetapernambucana.com\/#\/schema\/person\/image\/\",\"url\":\"https:\/\/secure.gravatar.com\/avatar\/9dad78ff9a2d8b5742d11779f8a3f53b052320c550b2e1907882353c067bb111?s=96&d=mm&r=g\",\"contentUrl\":\"https:\/\/secure.gravatar.com\/avatar\/9dad78ff9a2d8b5742d11779f8a3f53b052320c550b2e1907882353c067bb111?s=96&d=mm&r=g\",\"caption\":\"GP\"},\"sameAs\":[\"http:\/\/gazetapernambucana.com\"],\"url\":\"https:\/\/gazetapernambucana.com\/?author=1\"}]}<\/script>\n<!-- \/ Yoast SEO plugin. -->","yoast_head_json":{"title":"Raquel Lyra consolida lideran\u00e7a e caminha para vit\u00f3ria no primeiro turno em Pernambuco -","robots":{"index":"index","follow":"follow","max-snippet":"max-snippet:-1","max-image-preview":"max-image-preview:large","max-video-preview":"max-video-preview:-1"},"canonical":"https:\/\/gazetapernambucana.com\/?p=4613","og_locale":"pt_BR","og_type":"article","og_title":"Raquel Lyra consolida lideran\u00e7a e caminha para vit\u00f3ria no primeiro turno em Pernambuco -","og_description":"Pesquisa Simplex\/CBN divulgada nesta segunda-feira (24) mostra governadora com vantagem expressiva sobre Jo\u00e3o Campos e aprova\u00e7\u00e3o recorde de 63,8% A governadora Raquel Lyra (PSD) n\u00e3o apenas lidera a disputa pelo Governo de Pernambuco, ela a domina com folga. A nova pesquisa Simplex\/CBN, divulgada hoje, revela um cen\u00e1rio cada vez mais favor\u00e1vel \u00e0 candidata \u00e0 reelei\u00e7\u00e3o, [&hellip;]","og_url":"https:\/\/gazetapernambucana.com\/?p=4613","article_published_time":"2026-08-25T00:42:19+00:00","og_image":[{"width":1200,"height":800,"url":"https:\/\/gazetapernambucana.com\/wp-content\/uploads\/2026\/08\/unnamed.webp","type":"image\/webp"}],"author":"GP","twitter_card":"summary_large_image","twitter_misc":{"Escrito por":"GP","Est. tempo de leitura":"5 minutos"},"schema":{"@context":"https:\/\/schema.org","@graph":[{"@type":"WebPage","@id":"https:\/\/gazetapernambucana.com\/?p=4613","url":"https:\/\/gazetapernambucana.com\/?p=4613","name":"Raquel Lyra consolida lideran\u00e7a e caminha para vit\u00f3ria no primeiro turno em Pernambuco -","isPartOf":{"@id":"https:\/\/gazetapernambucana.com\/#website"},"primaryImageOfPage":{"@id":"https:\/\/gazetapernambucana.com\/?p=4613#primaryimage"},"image":{"@id":"https:\/\/gazetapernambucana.com\/?p=4613#primaryimage"},"thumbnailUrl":"https:\/\/gazetapernambucana.com\/wp-content\/uploads\/2026\/08\/unnamed.webp","datePublished":"2026-08-25T00:42:19+00:00","author":{"@id":"https:\/\/gazetapernambucana.com\/#\/schema\/person\/188dc283325181ac2de4db1e9e987427"},"breadcrumb":{"@id":"https:\/\/gazetapernambucana.com\/?p=4613#breadcrumb"},"inLanguage":"pt-BR","potentialAction":[{"@type":"ReadAction","target":["https:\/\/gazetapernambucana.com\/?p=4613"]}]},{"@type":"ImageObject","inLanguage":"pt-BR","@id":"https:\/\/gazetapernambucana.com\/?p=4613#primaryimage","url":"https:\/\/gazetapernambucana.com\/wp-content\/uploads\/2026\/08\/unnamed.webp","contentUrl":"https:\/\/gazetapernambucana.com\/wp-content\/uploads\/2026\/08\/unnamed.webp","width":1200,"height":800},{"@type":"BreadcrumbList","@id":"https:\/\/gazetapernambucana.com\/?p=4613#breadcrumb","itemListElement":[{"@type":"ListItem","position":1,"name":"In\u00edcio","item":"https:\/\/gazetapernambucana.com\/"},{"@type":"ListItem","position":2,"name":"Raquel Lyra consolida lideran\u00e7a e caminha para vit\u00f3ria no primeiro turno em Pernambuco"}]},{"@type":"WebSite","@id":"https:\/\/gazetapernambucana.com\/#website","url":"https:\/\/gazetapernambucana.com\/","name":"","description":"","potentialAction":[{"@type":"SearchAction","target":{"@type":"EntryPoint","urlTemplate":"https:\/\/gazetapernambucana.com\/?s={search_term_string}"},"query-input":{"@type":"PropertyValueSpecification","valueRequired":true,"valueName":"search_term_string"}}],"inLanguage":"pt-BR"},{"@type":"Person","@id":"https:\/\/gazetapernambucana.com\/#\/schema\/person\/188dc283325181ac2de4db1e9e987427","name":"GP","image":{"@type":"ImageObject","inLanguage":"pt-BR","@id":"https:\/\/gazetapernambucana.com\/#\/schema\/person\/image\/","url":"https:\/\/secure.gravatar.com\/avatar\/9dad78ff9a2d8b5742d11779f8a3f53b052320c550b2e1907882353c067bb111?s=96&d=mm&r=g","contentUrl":"https:\/\/secure.gravatar.com\/avatar\/9dad78ff9a2d8b5742d11779f8a3f53b052320c550b2e1907882353c067bb111?s=96&d=mm&r=g","caption":"GP"},"sameAs":["http:\/\/gazetapernambucana.com"],"url":"https:\/\/gazetapernambucana.com\/?author=1"}]}},"jetpack_publicize_connections":[],"_links":{"self":[{"href":"https:\/\/gazetapernambucana.com\/index.php?rest_route=\/wp\/v2\/posts\/4613","targetHints":{"allow":["GET"]}}],"collection":[{"href":"https:\/\/gazetapernambucana.com\/index.php?rest_route=\/wp\/v2\/posts"}],"about":[{"href":"https:\/\/gazetapernambucana.com\/index.php?rest_route=\/wp\/v2\/types\/post"}],"author":[{"embeddable":true,"href":"https:\/\/gazetapernambucana.com\/index.php?rest_route=\/wp\/v2\/users\/1"}],"replies":[{"embeddable":true,"href":"https:\/\/gazetapernambucana.com\/index.php?rest_route=%2Fwp%2Fv2%2Fcomments&post=4613"}],"version-history":[{"count":1,"href":"https:\/\/gazetapernambucana.com\/index.php?rest_route=\/wp\/v2\/posts\/4613\/revisions"}],"predecessor-version":[{"id":4615,"href":"https:\/\/gazetapernambucana.com\/index.php?rest_route=\/wp\/v2\/posts\/4613\/revisions\/4615"}],"wp:featuredmedia":[{"embeddable":true,"href":"https:\/\/gazetapernambucana.com\/index.php?rest_route=\/wp\/v2\/media\/4614"}],"wp:attachment":[{"href":"https:\/\/gazetapernambucana.com\/index.php?rest_route=%2Fwp%2Fv2%2Fmedia&parent=4613"}],"wp:term":[{"taxonomy":"category","embeddable":true,"href":"https:\/\/gazetapernambucana.com\/index.php?rest_route=%2Fwp%2Fv2%2Fcategories&post=4613"},{"taxonomy":"post_tag","embeddable":true,"href":"https:\/\/gazetapernambucana.com\/index.php?rest_route=%2Fwp%2Fv2%2Ftags&post=4613"}],"curies":[{"name":"wp","href":"https:\/\/api.w.org\/{rel}","templated":true}]}}