{"id":4610,"date":"2026-08-24T00:40:07","date_gmt":"2026-08-24T03:40:07","guid":{"rendered":"https:\/\/gazetapernambucana.com\/?p=4610"},"modified":"2026-08-24T00:40:07","modified_gmt":"2026-08-24T03:40:07","slug":"padre-alega-sofrer-assedio-psicologico-e-manda-carta-de-renuncia-para-arcebispo-de-olinda-e-recife","status":"publish","type":"post","link":"https:\/\/gazetapernambucana.com\/?p=4610","title":{"rendered":"Padre alega sofrer \u201cass\u00e9dio psicol\u00f3gico\u201d e manda carta de ren\u00fancia para arcebispo de Olinda e Recife"},"content":{"rendered":"<p class=\"PDq2pG_selectionAnchorContainer\" data-start=\"479\" data-end=\"502\"><strong data-start=\"479\" data-end=\"502\">\u00a0Do Blog do Ricardo Antunes \u2013 <\/strong>Ap\u00f3s 7 anos \u00e0 frente da Igreja das Fronteiras, no Centro do Recife, o padre F\u00e1bio Potiguar deu por encerrada a miss\u00e3o como capel\u00e3o daquela par\u00f3quia. Disc\u00edpulo de Dom Helder C\u00e2mara, Potiguar teria alegado a amigos pr\u00f3ximos que adoeceu justamente ap\u00f3s sofrer \u201cv\u00e1rios constrangimentos\u201d advindos do instituto que leva o nome do falecido arcebispo em\u00e9rito de Olinda e Recife.<\/p>\n<p data-start=\"479\" data-end=\"502\">A not\u00edcia caiu como uma verdadeira \u201cbomba\u201d nos meios cat\u00f3licos locais. Esta semana, o padre F\u00e1bio Potiguar entregou uma carta de ren\u00fancia ao atual arcebispo, Dom Paulo Jackson N\u00f3brega de Sousa.<\/p>\n<figure class=\"wp-caption aligncenter\"><img loading=\"lazy\" decoding=\"async\" class=\"\" src=\"https:\/\/encrypted-tbn0.gstatic.com\/images?q=tbn:ANd9GcSHJn7lha-NY-eQ3upU8euVUBPGabNZu95xZnWfXugwVA&amp;s=10\" alt=\"Paulo Jackson N\u00f3brega de Sousa \u2013 Wikip\u00e9dia, a enciclop\u00e9dia livre\" width=\"290\" height=\"406\" data-pin-no-hover=\"true\" \/><figcaption class=\"wp-caption-text\">Dom Paulo Jackson, atual arcebispo de Olinda e Recife<\/figcaption><\/figure>\n<p>Na carta que tivemos acesso, com exclusividade, ele disse que \u201cenfrentou constrangimentos dentro e fora dos espa\u00e7os institucionais, incompreens\u00f5es, sil\u00eancios, resist\u00eancias e situa\u00e7\u00f5es dif\u00edceis\u201d. No documento, ainda alegou que teria adoecido em fun\u00e7\u00e3o dessa persegui\u00e7\u00e3o e decidiu entregar a miss\u00e3o pastoral na Igreja das Fronteiras, mas permanecer\u00e1 na Par\u00f3quia das Gra\u00e7as, tamb\u00e9m no Recife.<\/p>\n<p>\u201cEle se licenciou por tr\u00eas meses, em fun\u00e7\u00e3o de doen\u00e7a, que teria sido causada por essas quest\u00f5es apontadas, que teriam vindo de constrangimentos causados pela diretoria do Instituto Dom Helder C\u00e2mara (IDHeC). Mas entregou a miss\u00e3o nas Fronteiras e n\u00e3o voltar\u00e1 mais a celebrar ap\u00f3s a licen\u00e7a-sa\u00fade\u201d, relatou uma fonte pr\u00f3xima ao p\u00e1roco.<\/p>\n<figure class=\"wp-caption aligncenter\"><img loading=\"lazy\" decoding=\"async\" src=\"https:\/\/cdn.folhape.com.br\/img\/pc\/1100\/1\/dn_arquivo\/2023\/04\/daniel-enquadramento-capa-14_2.jpg\" alt=\"Igreja das Fronteiras recebe, nesta quarta-feira (26), concerto de m\u00fasica de c\u00e2mara - Folha PE\" width=\"638\" height=\"348\" data-pin-no-hover=\"true\" \/><figcaption class=\"wp-caption-text\">Igreja das Fronteiras, no centro da cidade do Recife<\/figcaption><\/figure>\n<p>Patrim\u00f4nio hist\u00f3rico, a Igreja de Nossa Senhora da Assun\u00e7\u00e3o das Fronteiras fica no bairro da Boa Vista, no Centro do Recife, e \u00e9 conhecida por ter sido a resid\u00eancia de Dom Helder C\u00e2mara de 1968 at\u00e9 sua morte, em 1999. O local tamb\u00e9m abriga o memorial que leva o nome do arcebispo em\u00e9rito, que re\u00fane fotos, livros, roupas e objetos pessoais de Dom Helder. Em 2026, F\u00e1bio Potiguar completa 7 anos \u00e0 frente da Igreja das Fronteiras.<\/p>\n<p>O Portal entrou em contato com a diretora do IDHeC, a advogada Virg\u00ednia Pimentel, que negou qualquer interfer\u00eancia na eventual sa\u00edda do padre. \u201cO instituto n\u00e3o tem essa atribui\u00e7\u00e3o (de solicitar a sa\u00edda do padre). Isso \u00e9 com o arcebispo. N\u00e3o tenho essa informa\u00e7\u00e3o sobre sua sa\u00edda, at\u00e9 porque nem ele nem a Arquidiocese nos comunicou qualquer coisa\u201d, afirmou.<\/p>\n<p>\u201cN\u00e3o posso dizer que essa polariza\u00e7\u00e3o que assola o pa\u00eds tenha rela\u00e7\u00e3o com esse fato, mas as mudan\u00e7as de p\u00e1roco s\u00e3o feitas de 6 em 6 anos\u201d, completou a diretora do IDHeC, mostrando supresa com a decis\u00e3o.<\/p>\n<p>Muito querido pelos fi\u00e9is, o padre Potiguar tem uma vertente \u201cmais \u00e0 esquerda\u201d e, em 2001, chegou a ser cotado para ser candidato ao Governo do Rio Grande do Norte. Seu irm\u00e3o, Fabiano Pi\u00faba, tem um \u201calto cargo\u201d no governo Lula e goza de prest\u00edgio com a c\u00fapula do PT, ele \u00e9 o atual secret\u00e1rio nacional de Forma\u00e7\u00e3o, Livro e Leitura do Minist\u00e9rio da Cultura.<\/p>\n","protected":false},"excerpt":{"rendered":"<p>\u00a0Do Blog do Ricardo Antunes \u2013 Ap\u00f3s 7 anos \u00e0 frente da Igreja das Fronteiras, no Centro do Recife, o padre F\u00e1bio Potiguar deu por encerrada a miss\u00e3o como capel\u00e3o daquela par\u00f3quia. Disc\u00edpulo de Dom Helder C\u00e2mara, Potiguar teria alegado a amigos pr\u00f3ximos que adoeceu justamente ap\u00f3s sofrer \u201cv\u00e1rios constrangimentos\u201d advindos do instituto que leva [&hellip;]<\/p>\n","protected":false},"author":1,"featured_media":4611,"comment_status":"open","ping_status":"open","sticky":false,"template":"","format":"standard","meta":{"footnotes":"","jetpack_publicize_message":"","jetpack_publicize_feature_enabled":true,"jetpack_social_post_already_shared":true,"jetpack_social_options":{"image_generator_settings":{"template":"highway","default_image_id":0,"font":"","enabled":false},"version":2}},"categories":[1,76,65],"tags":[],"class_list":["post-4610","post","type-post","status-publish","format-standard","has-post-thumbnail","hentry","category-https-gazetapernambucana-com-page_id225","category-opiniao","category-politica"],"yoast_head":"<!-- This site is optimized with the Yoast SEO plugin v24.5 - https:\/\/yoast.com\/wordpress\/plugins\/seo\/ -->\n<title>Padre alega sofrer \u201cass\u00e9dio psicol\u00f3gico\u201d e manda carta de ren\u00fancia para arcebispo de Olinda e Recife -<\/title>\n<meta name=\"robots\" content=\"index, follow, max-snippet:-1, max-image-preview:large, max-video-preview:-1\" \/>\n<link rel=\"canonical\" href=\"http:\/\/gazetapernambucana.com\/?p=4610\" \/>\n<meta property=\"og:locale\" content=\"pt_BR\" \/>\n<meta property=\"og:type\" content=\"article\" \/>\n<meta property=\"og:title\" content=\"Padre alega sofrer \u201cass\u00e9dio psicol\u00f3gico\u201d e manda carta de ren\u00fancia para arcebispo de Olinda e Recife -\" \/>\n<meta property=\"og:description\" content=\"\u00a0Do Blog do Ricardo Antunes \u2013 Ap\u00f3s 7 anos \u00e0 frente da Igreja das Fronteiras, no Centro do Recife, o padre F\u00e1bio Potiguar deu por encerrada a miss\u00e3o como capel\u00e3o daquela par\u00f3quia. Disc\u00edpulo de Dom Helder C\u00e2mara, Potiguar teria alegado a amigos pr\u00f3ximos que adoeceu justamente ap\u00f3s sofrer \u201cv\u00e1rios constrangimentos\u201d advindos do instituto que leva [&hellip;]\" \/>\n<meta property=\"og:url\" content=\"http:\/\/gazetapernambucana.com\/?p=4610\" \/>\n<meta property=\"article:published_time\" content=\"2026-08-24T03:40:07+00:00\" \/>\n<meta property=\"og:image\" content=\"http:\/\/gazetapernambucana.com\/wp-content\/uploads\/2026\/08\/Design-sem-nome-50-750x375-1.jpg\" \/>\n\t<meta property=\"og:image:width\" content=\"750\" \/>\n\t<meta property=\"og:image:height\" content=\"375\" \/>\n\t<meta property=\"og:image:type\" content=\"image\/jpeg\" \/>\n<meta name=\"author\" content=\"GP\" \/>\n<meta name=\"twitter:card\" content=\"summary_large_image\" \/>\n<meta name=\"twitter:label1\" content=\"Escrito por\" \/>\n\t<meta name=\"twitter:data1\" content=\"GP\" \/>\n\t<meta name=\"twitter:label2\" content=\"Est. tempo de leitura\" \/>\n\t<meta name=\"twitter:data2\" content=\"4 minutos\" \/>\n<script type=\"application\/ld+json\" class=\"yoast-schema-graph\">{\"@context\":\"https:\/\/schema.org\",\"@graph\":[{\"@type\":\"WebPage\",\"@id\":\"http:\/\/gazetapernambucana.com\/?p=4610\",\"url\":\"http:\/\/gazetapernambucana.com\/?p=4610\",\"name\":\"Padre alega sofrer \u201cass\u00e9dio psicol\u00f3gico\u201d e manda carta de ren\u00fancia para arcebispo de Olinda e Recife -\",\"isPartOf\":{\"@id\":\"https:\/\/gazetapernambucana.com\/#website\"},\"primaryImageOfPage\":{\"@id\":\"http:\/\/gazetapernambucana.com\/?p=4610#primaryimage\"},\"image\":{\"@id\":\"http:\/\/gazetapernambucana.com\/?p=4610#primaryimage\"},\"thumbnailUrl\":\"https:\/\/gazetapernambucana.com\/wp-content\/uploads\/2026\/08\/Design-sem-nome-50-750x375-1.jpg\",\"datePublished\":\"2026-08-24T03:40:07+00:00\",\"author\":{\"@id\":\"https:\/\/gazetapernambucana.com\/#\/schema\/person\/188dc283325181ac2de4db1e9e987427\"},\"breadcrumb\":{\"@id\":\"http:\/\/gazetapernambucana.com\/?p=4610#breadcrumb\"},\"inLanguage\":\"pt-BR\",\"potentialAction\":[{\"@type\":\"ReadAction\",\"target\":[\"http:\/\/gazetapernambucana.com\/?p=4610\"]}]},{\"@type\":\"ImageObject\",\"inLanguage\":\"pt-BR\",\"@id\":\"http:\/\/gazetapernambucana.com\/?p=4610#primaryimage\",\"url\":\"https:\/\/gazetapernambucana.com\/wp-content\/uploads\/2026\/08\/Design-sem-nome-50-750x375-1.jpg\",\"contentUrl\":\"https:\/\/gazetapernambucana.com\/wp-content\/uploads\/2026\/08\/Design-sem-nome-50-750x375-1.jpg\",\"width\":750,\"height\":375},{\"@type\":\"BreadcrumbList\",\"@id\":\"http:\/\/gazetapernambucana.com\/?p=4610#breadcrumb\",\"itemListElement\":[{\"@type\":\"ListItem\",\"position\":1,\"name\":\"In\u00edcio\",\"item\":\"https:\/\/gazetapernambucana.com\/\"},{\"@type\":\"ListItem\",\"position\":2,\"name\":\"Padre alega sofrer \u201cass\u00e9dio psicol\u00f3gico\u201d e manda carta de ren\u00fancia para arcebispo de Olinda e Recife\"}]},{\"@type\":\"WebSite\",\"@id\":\"https:\/\/gazetapernambucana.com\/#website\",\"url\":\"https:\/\/gazetapernambucana.com\/\",\"name\":\"\",\"description\":\"\",\"potentialAction\":[{\"@type\":\"SearchAction\",\"target\":{\"@type\":\"EntryPoint\",\"urlTemplate\":\"https:\/\/gazetapernambucana.com\/?s={search_term_string}\"},\"query-input\":{\"@type\":\"PropertyValueSpecification\",\"valueRequired\":true,\"valueName\":\"search_term_string\"}}],\"inLanguage\":\"pt-BR\"},{\"@type\":\"Person\",\"@id\":\"https:\/\/gazetapernambucana.com\/#\/schema\/person\/188dc283325181ac2de4db1e9e987427\",\"name\":\"GP\",\"image\":{\"@type\":\"ImageObject\",\"inLanguage\":\"pt-BR\",\"@id\":\"https:\/\/gazetapernambucana.com\/#\/schema\/person\/image\/\",\"url\":\"https:\/\/secure.gravatar.com\/avatar\/9dad78ff9a2d8b5742d11779f8a3f53b052320c550b2e1907882353c067bb111?s=96&d=mm&r=g\",\"contentUrl\":\"https:\/\/secure.gravatar.com\/avatar\/9dad78ff9a2d8b5742d11779f8a3f53b052320c550b2e1907882353c067bb111?s=96&d=mm&r=g\",\"caption\":\"GP\"},\"sameAs\":[\"http:\/\/gazetapernambucana.com\"],\"url\":\"https:\/\/gazetapernambucana.com\/?author=1\"}]}<\/script>\n<!-- \/ Yoast SEO plugin. -->","yoast_head_json":{"title":"Padre alega sofrer \u201cass\u00e9dio psicol\u00f3gico\u201d e manda carta de ren\u00fancia para arcebispo de Olinda e Recife -","robots":{"index":"index","follow":"follow","max-snippet":"max-snippet:-1","max-image-preview":"max-image-preview:large","max-video-preview":"max-video-preview:-1"},"canonical":"http:\/\/gazetapernambucana.com\/?p=4610","og_locale":"pt_BR","og_type":"article","og_title":"Padre alega sofrer \u201cass\u00e9dio psicol\u00f3gico\u201d e manda carta de ren\u00fancia para arcebispo de Olinda e Recife -","og_description":"\u00a0Do Blog do Ricardo Antunes \u2013 Ap\u00f3s 7 anos \u00e0 frente da Igreja das Fronteiras, no Centro do Recife, o padre F\u00e1bio Potiguar deu por encerrada a miss\u00e3o como capel\u00e3o daquela par\u00f3quia. Disc\u00edpulo de Dom Helder C\u00e2mara, Potiguar teria alegado a amigos pr\u00f3ximos que adoeceu justamente ap\u00f3s sofrer \u201cv\u00e1rios constrangimentos\u201d advindos do instituto que leva [&hellip;]","og_url":"http:\/\/gazetapernambucana.com\/?p=4610","article_published_time":"2026-08-24T03:40:07+00:00","og_image":[{"width":750,"height":375,"url":"http:\/\/gazetapernambucana.com\/wp-content\/uploads\/2026\/08\/Design-sem-nome-50-750x375-1.jpg","type":"image\/jpeg"}],"author":"GP","twitter_card":"summary_large_image","twitter_misc":{"Escrito por":"GP","Est. tempo de leitura":"4 minutos"},"schema":{"@context":"https:\/\/schema.org","@graph":[{"@type":"WebPage","@id":"http:\/\/gazetapernambucana.com\/?p=4610","url":"http:\/\/gazetapernambucana.com\/?p=4610","name":"Padre alega sofrer \u201cass\u00e9dio psicol\u00f3gico\u201d e manda carta de ren\u00fancia para arcebispo de Olinda e Recife -","isPartOf":{"@id":"https:\/\/gazetapernambucana.com\/#website"},"primaryImageOfPage":{"@id":"http:\/\/gazetapernambucana.com\/?p=4610#primaryimage"},"image":{"@id":"http:\/\/gazetapernambucana.com\/?p=4610#primaryimage"},"thumbnailUrl":"https:\/\/gazetapernambucana.com\/wp-content\/uploads\/2026\/08\/Design-sem-nome-50-750x375-1.jpg","datePublished":"2026-08-24T03:40:07+00:00","author":{"@id":"https:\/\/gazetapernambucana.com\/#\/schema\/person\/188dc283325181ac2de4db1e9e987427"},"breadcrumb":{"@id":"http:\/\/gazetapernambucana.com\/?p=4610#breadcrumb"},"inLanguage":"pt-BR","potentialAction":[{"@type":"ReadAction","target":["http:\/\/gazetapernambucana.com\/?p=4610"]}]},{"@type":"ImageObject","inLanguage":"pt-BR","@id":"http:\/\/gazetapernambucana.com\/?p=4610#primaryimage","url":"https:\/\/gazetapernambucana.com\/wp-content\/uploads\/2026\/08\/Design-sem-nome-50-750x375-1.jpg","contentUrl":"https:\/\/gazetapernambucana.com\/wp-content\/uploads\/2026\/08\/Design-sem-nome-50-750x375-1.jpg","width":750,"height":375},{"@type":"BreadcrumbList","@id":"http:\/\/gazetapernambucana.com\/?p=4610#breadcrumb","itemListElement":[{"@type":"ListItem","position":1,"name":"In\u00edcio","item":"https:\/\/gazetapernambucana.com\/"},{"@type":"ListItem","position":2,"name":"Padre alega sofrer \u201cass\u00e9dio psicol\u00f3gico\u201d e manda carta de ren\u00fancia para arcebispo de Olinda e Recife"}]},{"@type":"WebSite","@id":"https:\/\/gazetapernambucana.com\/#website","url":"https:\/\/gazetapernambucana.com\/","name":"","description":"","potentialAction":[{"@type":"SearchAction","target":{"@type":"EntryPoint","urlTemplate":"https:\/\/gazetapernambucana.com\/?s={search_term_string}"},"query-input":{"@type":"PropertyValueSpecification","valueRequired":true,"valueName":"search_term_string"}}],"inLanguage":"pt-BR"},{"@type":"Person","@id":"https:\/\/gazetapernambucana.com\/#\/schema\/person\/188dc283325181ac2de4db1e9e987427","name":"GP","image":{"@type":"ImageObject","inLanguage":"pt-BR","@id":"https:\/\/gazetapernambucana.com\/#\/schema\/person\/image\/","url":"https:\/\/secure.gravatar.com\/avatar\/9dad78ff9a2d8b5742d11779f8a3f53b052320c550b2e1907882353c067bb111?s=96&d=mm&r=g","contentUrl":"https:\/\/secure.gravatar.com\/avatar\/9dad78ff9a2d8b5742d11779f8a3f53b052320c550b2e1907882353c067bb111?s=96&d=mm&r=g","caption":"GP"},"sameAs":["http:\/\/gazetapernambucana.com"],"url":"https:\/\/gazetapernambucana.com\/?author=1"}]}},"jetpack_publicize_connections":[],"_links":{"self":[{"href":"https:\/\/gazetapernambucana.com\/index.php?rest_route=\/wp\/v2\/posts\/4610","targetHints":{"allow":["GET"]}}],"collection":[{"href":"https:\/\/gazetapernambucana.com\/index.php?rest_route=\/wp\/v2\/posts"}],"about":[{"href":"https:\/\/gazetapernambucana.com\/index.php?rest_route=\/wp\/v2\/types\/post"}],"author":[{"embeddable":true,"href":"https:\/\/gazetapernambucana.com\/index.php?rest_route=\/wp\/v2\/users\/1"}],"replies":[{"embeddable":true,"href":"https:\/\/gazetapernambucana.com\/index.php?rest_route=%2Fwp%2Fv2%2Fcomments&post=4610"}],"version-history":[{"count":1,"href":"https:\/\/gazetapernambucana.com\/index.php?rest_route=\/wp\/v2\/posts\/4610\/revisions"}],"predecessor-version":[{"id":4612,"href":"https:\/\/gazetapernambucana.com\/index.php?rest_route=\/wp\/v2\/posts\/4610\/revisions\/4612"}],"wp:featuredmedia":[{"embeddable":true,"href":"https:\/\/gazetapernambucana.com\/index.php?rest_route=\/wp\/v2\/media\/4611"}],"wp:attachment":[{"href":"https:\/\/gazetapernambucana.com\/index.php?rest_route=%2Fwp%2Fv2%2Fmedia&parent=4610"}],"wp:term":[{"taxonomy":"category","embeddable":true,"href":"https:\/\/gazetapernambucana.com\/index.php?rest_route=%2Fwp%2Fv2%2Fcategories&post=4610"},{"taxonomy":"post_tag","embeddable":true,"href":"https:\/\/gazetapernambucana.com\/index.php?rest_route=%2Fwp%2Fv2%2Ftags&post=4610"}],"curies":[{"name":"wp","href":"https:\/\/api.w.org\/{rel}","templated":true}]}}