{"id":4607,"date":"2026-08-24T00:20:27","date_gmt":"2026-08-24T03:20:27","guid":{"rendered":"https:\/\/gazetapernambucana.com\/?p=4607"},"modified":"2026-08-24T00:20:27","modified_gmt":"2026-08-24T03:20:27","slug":"comite-de-guiga-e-antonio-moraes-e-inaugurado-com-grande-sucesso-e-multidao-nas-ruas-de-timbauba","status":"publish","type":"post","link":"https:\/\/gazetapernambucana.com\/?p=4607","title":{"rendered":"Comit\u00ea de Guiga e Ant\u00f4nio Moraes \u00e9 inaugurado com grande sucesso e multid\u00e3o nas ruas de Timba\u00faba"},"content":{"rendered":"<div class=\"zox-post-top-wrap zoxrel left zox100\">\n<div class=\"zox-post-title-wrap zox-tit2\">\n<div class=\"zox-post-width\">\n<header class=\"zox-post-head-wrap left zoxrel zox100\">\n<div class=\"zox-post-head zoxrel\"><\/div>\n<\/header>\n<\/div>\n<\/div>\n<\/div>\n<div class=\"zox-post-main-grid\">\n<div class=\"zox-post-width\">\n<div class=\"zox-post-main-wrap zoxrel left zox100\">\n<div class=\"zox-post-main\">\n<div class=\"zox-post-bot-wrap\">\n<div class=\"zox-post-img-wrap\">Guiga e Ant\u00f4nio Moraes inauguraram, neste s\u00e1bado (22), o comit\u00ea de campanha em Timba\u00faba. O evento foi um grande sucesso e reuniu uma multid\u00e3o, que foi \u00e0s ruas demonstrar apoio \u00e0s candidaturas do grupo pol\u00edtico liderado pela governadora Raquel Lyra no munic\u00edpio.<\/div>\n<\/div>\n<div class=\"zox-post-body-wrap left zoxrel\">\n<div class=\"zox-post-body left zoxrel zox100\">\n<p>Ap\u00f3s a inaugura\u00e7\u00e3o, centenas de carros e motos tomaram as principais ruas da cidade em uma grande carreata. A mobiliza\u00e7\u00e3o refor\u00e7ou a for\u00e7a pol\u00edtica das candidaturas de Guiga a deputado federal, Ant\u00f4nio Moraes a deputado estadual e Raquel Lyra ao Governo de Pernambuco, reunindo apoiadores de Timba\u00faba e de outros munic\u00edpios da regi\u00e3o.<\/p>\n<p>O ato contou com a presen\u00e7a dos ex-prefeitos Ulisses Felinto e Memeu, do prefeito de Vic\u00eancia, \u00c9der Waltter, da vereadora Jane Felinto, do ex-vereador Zito, de Cynthia Ferreira Lima e de diversas lideran\u00e7as pol\u00edticas da Mata Norte. A inaugura\u00e7\u00e3o, considerada um grande sucesso pelos organizadores, marcou mais uma etapa da campanha do time de Raquel Lyra e fortaleceu a articula\u00e7\u00e3o pol\u00edtica da chapa em Timba\u00faba.<\/p>\n<\/div>\n<\/div>\n<\/div>\n<\/div>\n<\/div>\n<\/div>\n","protected":false},"excerpt":{"rendered":"<p>Guiga e Ant\u00f4nio Moraes inauguraram, neste s\u00e1bado (22), o comit\u00ea de campanha em Timba\u00faba. O evento foi um grande sucesso e reuniu uma multid\u00e3o, que foi \u00e0s ruas demonstrar apoio \u00e0s candidaturas do grupo pol\u00edtico liderado pela governadora Raquel Lyra no munic\u00edpio. Ap\u00f3s a inaugura\u00e7\u00e3o, centenas de carros e motos tomaram as principais ruas da [&hellip;]<\/p>\n","protected":false},"author":1,"featured_media":4608,"comment_status":"open","ping_status":"open","sticky":false,"template":"","format":"standard","meta":{"footnotes":"","jetpack_publicize_message":"","jetpack_publicize_feature_enabled":true,"jetpack_social_post_already_shared":true,"jetpack_social_options":{"image_generator_settings":{"template":"highway","default_image_id":0,"font":"","enabled":false},"version":2}},"categories":[66,1,65],"tags":[],"class_list":["post-4607","post","type-post","status-publish","format-standard","has-post-thumbnail","hentry","category-cidades","category-https-gazetapernambucana-com-page_id225","category-politica"],"yoast_head":"<!-- This site is optimized with the Yoast SEO plugin v24.5 - https:\/\/yoast.com\/wordpress\/plugins\/seo\/ -->\n<title>Comit\u00ea de Guiga e Ant\u00f4nio Moraes \u00e9 inaugurado com grande sucesso e multid\u00e3o nas ruas de Timba\u00faba -<\/title>\n<meta name=\"robots\" content=\"index, follow, max-snippet:-1, max-image-preview:large, max-video-preview:-1\" \/>\n<link rel=\"canonical\" href=\"https:\/\/gazetapernambucana.com\/?p=4607\" \/>\n<meta property=\"og:locale\" content=\"pt_BR\" \/>\n<meta property=\"og:type\" content=\"article\" \/>\n<meta property=\"og:title\" content=\"Comit\u00ea de Guiga e Ant\u00f4nio Moraes \u00e9 inaugurado com grande sucesso e multid\u00e3o nas ruas de Timba\u00faba -\" \/>\n<meta property=\"og:description\" content=\"Guiga e Ant\u00f4nio Moraes inauguraram, neste s\u00e1bado (22), o comit\u00ea de campanha em Timba\u00faba. O evento foi um grande sucesso e reuniu uma multid\u00e3o, que foi \u00e0s ruas demonstrar apoio \u00e0s candidaturas do grupo pol\u00edtico liderado pela governadora Raquel Lyra no munic\u00edpio. Ap\u00f3s a inaugura\u00e7\u00e3o, centenas de carros e motos tomaram as principais ruas da [&hellip;]\" \/>\n<meta property=\"og:url\" content=\"https:\/\/gazetapernambucana.com\/?p=4607\" \/>\n<meta property=\"article:published_time\" content=\"2026-08-24T03:20:27+00:00\" \/>\n<meta property=\"og:image\" content=\"https:\/\/gazetapernambucana.com\/wp-content\/uploads\/2026\/08\/5342598b-9708-4f61-916a-f627bce18d55.webp\" \/>\n\t<meta property=\"og:image:width\" content=\"1024\" \/>\n\t<meta property=\"og:image:height\" content=\"815\" \/>\n\t<meta property=\"og:image:type\" content=\"image\/webp\" \/>\n<meta name=\"author\" content=\"GP\" \/>\n<meta name=\"twitter:card\" content=\"summary_large_image\" \/>\n<meta name=\"twitter:label1\" content=\"Escrito por\" \/>\n\t<meta name=\"twitter:data1\" content=\"GP\" \/>\n\t<meta name=\"twitter:label2\" content=\"Est. tempo de leitura\" \/>\n\t<meta name=\"twitter:data2\" content=\"2 minutos\" \/>\n<script type=\"application\/ld+json\" class=\"yoast-schema-graph\">{\"@context\":\"https:\/\/schema.org\",\"@graph\":[{\"@type\":\"WebPage\",\"@id\":\"https:\/\/gazetapernambucana.com\/?p=4607\",\"url\":\"https:\/\/gazetapernambucana.com\/?p=4607\",\"name\":\"Comit\u00ea de Guiga e Ant\u00f4nio Moraes \u00e9 inaugurado com grande sucesso e multid\u00e3o nas ruas de Timba\u00faba -\",\"isPartOf\":{\"@id\":\"https:\/\/gazetapernambucana.com\/#website\"},\"primaryImageOfPage\":{\"@id\":\"https:\/\/gazetapernambucana.com\/?p=4607#primaryimage\"},\"image\":{\"@id\":\"https:\/\/gazetapernambucana.com\/?p=4607#primaryimage\"},\"thumbnailUrl\":\"https:\/\/gazetapernambucana.com\/wp-content\/uploads\/2026\/08\/5342598b-9708-4f61-916a-f627bce18d55.webp\",\"datePublished\":\"2026-08-24T03:20:27+00:00\",\"author\":{\"@id\":\"https:\/\/gazetapernambucana.com\/#\/schema\/person\/188dc283325181ac2de4db1e9e987427\"},\"breadcrumb\":{\"@id\":\"https:\/\/gazetapernambucana.com\/?p=4607#breadcrumb\"},\"inLanguage\":\"pt-BR\",\"potentialAction\":[{\"@type\":\"ReadAction\",\"target\":[\"https:\/\/gazetapernambucana.com\/?p=4607\"]}]},{\"@type\":\"ImageObject\",\"inLanguage\":\"pt-BR\",\"@id\":\"https:\/\/gazetapernambucana.com\/?p=4607#primaryimage\",\"url\":\"https:\/\/gazetapernambucana.com\/wp-content\/uploads\/2026\/08\/5342598b-9708-4f61-916a-f627bce18d55.webp\",\"contentUrl\":\"https:\/\/gazetapernambucana.com\/wp-content\/uploads\/2026\/08\/5342598b-9708-4f61-916a-f627bce18d55.webp\",\"width\":1024,\"height\":815},{\"@type\":\"BreadcrumbList\",\"@id\":\"https:\/\/gazetapernambucana.com\/?p=4607#breadcrumb\",\"itemListElement\":[{\"@type\":\"ListItem\",\"position\":1,\"name\":\"In\u00edcio\",\"item\":\"https:\/\/gazetapernambucana.com\/\"},{\"@type\":\"ListItem\",\"position\":2,\"name\":\"Comit\u00ea de Guiga e Ant\u00f4nio Moraes \u00e9 inaugurado com grande sucesso e multid\u00e3o nas ruas de Timba\u00faba\"}]},{\"@type\":\"WebSite\",\"@id\":\"https:\/\/gazetapernambucana.com\/#website\",\"url\":\"https:\/\/gazetapernambucana.com\/\",\"name\":\"\",\"description\":\"\",\"potentialAction\":[{\"@type\":\"SearchAction\",\"target\":{\"@type\":\"EntryPoint\",\"urlTemplate\":\"https:\/\/gazetapernambucana.com\/?s={search_term_string}\"},\"query-input\":{\"@type\":\"PropertyValueSpecification\",\"valueRequired\":true,\"valueName\":\"search_term_string\"}}],\"inLanguage\":\"pt-BR\"},{\"@type\":\"Person\",\"@id\":\"https:\/\/gazetapernambucana.com\/#\/schema\/person\/188dc283325181ac2de4db1e9e987427\",\"name\":\"GP\",\"image\":{\"@type\":\"ImageObject\",\"inLanguage\":\"pt-BR\",\"@id\":\"https:\/\/gazetapernambucana.com\/#\/schema\/person\/image\/\",\"url\":\"https:\/\/secure.gravatar.com\/avatar\/9dad78ff9a2d8b5742d11779f8a3f53b052320c550b2e1907882353c067bb111?s=96&d=mm&r=g\",\"contentUrl\":\"https:\/\/secure.gravatar.com\/avatar\/9dad78ff9a2d8b5742d11779f8a3f53b052320c550b2e1907882353c067bb111?s=96&d=mm&r=g\",\"caption\":\"GP\"},\"sameAs\":[\"http:\/\/gazetapernambucana.com\"],\"url\":\"https:\/\/gazetapernambucana.com\/?author=1\"}]}<\/script>\n<!-- \/ Yoast SEO plugin. -->","yoast_head_json":{"title":"Comit\u00ea de Guiga e Ant\u00f4nio Moraes \u00e9 inaugurado com grande sucesso e multid\u00e3o nas ruas de Timba\u00faba -","robots":{"index":"index","follow":"follow","max-snippet":"max-snippet:-1","max-image-preview":"max-image-preview:large","max-video-preview":"max-video-preview:-1"},"canonical":"https:\/\/gazetapernambucana.com\/?p=4607","og_locale":"pt_BR","og_type":"article","og_title":"Comit\u00ea de Guiga e Ant\u00f4nio Moraes \u00e9 inaugurado com grande sucesso e multid\u00e3o nas ruas de Timba\u00faba -","og_description":"Guiga e Ant\u00f4nio Moraes inauguraram, neste s\u00e1bado (22), o comit\u00ea de campanha em Timba\u00faba. O evento foi um grande sucesso e reuniu uma multid\u00e3o, que foi \u00e0s ruas demonstrar apoio \u00e0s candidaturas do grupo pol\u00edtico liderado pela governadora Raquel Lyra no munic\u00edpio. Ap\u00f3s a inaugura\u00e7\u00e3o, centenas de carros e motos tomaram as principais ruas da [&hellip;]","og_url":"https:\/\/gazetapernambucana.com\/?p=4607","article_published_time":"2026-08-24T03:20:27+00:00","og_image":[{"width":1024,"height":815,"url":"https:\/\/gazetapernambucana.com\/wp-content\/uploads\/2026\/08\/5342598b-9708-4f61-916a-f627bce18d55.webp","type":"image\/webp"}],"author":"GP","twitter_card":"summary_large_image","twitter_misc":{"Escrito por":"GP","Est. tempo de leitura":"2 minutos"},"schema":{"@context":"https:\/\/schema.org","@graph":[{"@type":"WebPage","@id":"https:\/\/gazetapernambucana.com\/?p=4607","url":"https:\/\/gazetapernambucana.com\/?p=4607","name":"Comit\u00ea de Guiga e Ant\u00f4nio Moraes \u00e9 inaugurado com grande sucesso e multid\u00e3o nas ruas de Timba\u00faba -","isPartOf":{"@id":"https:\/\/gazetapernambucana.com\/#website"},"primaryImageOfPage":{"@id":"https:\/\/gazetapernambucana.com\/?p=4607#primaryimage"},"image":{"@id":"https:\/\/gazetapernambucana.com\/?p=4607#primaryimage"},"thumbnailUrl":"https:\/\/gazetapernambucana.com\/wp-content\/uploads\/2026\/08\/5342598b-9708-4f61-916a-f627bce18d55.webp","datePublished":"2026-08-24T03:20:27+00:00","author":{"@id":"https:\/\/gazetapernambucana.com\/#\/schema\/person\/188dc283325181ac2de4db1e9e987427"},"breadcrumb":{"@id":"https:\/\/gazetapernambucana.com\/?p=4607#breadcrumb"},"inLanguage":"pt-BR","potentialAction":[{"@type":"ReadAction","target":["https:\/\/gazetapernambucana.com\/?p=4607"]}]},{"@type":"ImageObject","inLanguage":"pt-BR","@id":"https:\/\/gazetapernambucana.com\/?p=4607#primaryimage","url":"https:\/\/gazetapernambucana.com\/wp-content\/uploads\/2026\/08\/5342598b-9708-4f61-916a-f627bce18d55.webp","contentUrl":"https:\/\/gazetapernambucana.com\/wp-content\/uploads\/2026\/08\/5342598b-9708-4f61-916a-f627bce18d55.webp","width":1024,"height":815},{"@type":"BreadcrumbList","@id":"https:\/\/gazetapernambucana.com\/?p=4607#breadcrumb","itemListElement":[{"@type":"ListItem","position":1,"name":"In\u00edcio","item":"https:\/\/gazetapernambucana.com\/"},{"@type":"ListItem","position":2,"name":"Comit\u00ea de Guiga e Ant\u00f4nio Moraes \u00e9 inaugurado com grande sucesso e multid\u00e3o nas ruas de Timba\u00faba"}]},{"@type":"WebSite","@id":"https:\/\/gazetapernambucana.com\/#website","url":"https:\/\/gazetapernambucana.com\/","name":"","description":"","potentialAction":[{"@type":"SearchAction","target":{"@type":"EntryPoint","urlTemplate":"https:\/\/gazetapernambucana.com\/?s={search_term_string}"},"query-input":{"@type":"PropertyValueSpecification","valueRequired":true,"valueName":"search_term_string"}}],"inLanguage":"pt-BR"},{"@type":"Person","@id":"https:\/\/gazetapernambucana.com\/#\/schema\/person\/188dc283325181ac2de4db1e9e987427","name":"GP","image":{"@type":"ImageObject","inLanguage":"pt-BR","@id":"https:\/\/gazetapernambucana.com\/#\/schema\/person\/image\/","url":"https:\/\/secure.gravatar.com\/avatar\/9dad78ff9a2d8b5742d11779f8a3f53b052320c550b2e1907882353c067bb111?s=96&d=mm&r=g","contentUrl":"https:\/\/secure.gravatar.com\/avatar\/9dad78ff9a2d8b5742d11779f8a3f53b052320c550b2e1907882353c067bb111?s=96&d=mm&r=g","caption":"GP"},"sameAs":["http:\/\/gazetapernambucana.com"],"url":"https:\/\/gazetapernambucana.com\/?author=1"}]}},"jetpack_publicize_connections":[],"_links":{"self":[{"href":"https:\/\/gazetapernambucana.com\/index.php?rest_route=\/wp\/v2\/posts\/4607","targetHints":{"allow":["GET"]}}],"collection":[{"href":"https:\/\/gazetapernambucana.com\/index.php?rest_route=\/wp\/v2\/posts"}],"about":[{"href":"https:\/\/gazetapernambucana.com\/index.php?rest_route=\/wp\/v2\/types\/post"}],"author":[{"embeddable":true,"href":"https:\/\/gazetapernambucana.com\/index.php?rest_route=\/wp\/v2\/users\/1"}],"replies":[{"embeddable":true,"href":"https:\/\/gazetapernambucana.com\/index.php?rest_route=%2Fwp%2Fv2%2Fcomments&post=4607"}],"version-history":[{"count":1,"href":"https:\/\/gazetapernambucana.com\/index.php?rest_route=\/wp\/v2\/posts\/4607\/revisions"}],"predecessor-version":[{"id":4609,"href":"https:\/\/gazetapernambucana.com\/index.php?rest_route=\/wp\/v2\/posts\/4607\/revisions\/4609"}],"wp:featuredmedia":[{"embeddable":true,"href":"https:\/\/gazetapernambucana.com\/index.php?rest_route=\/wp\/v2\/media\/4608"}],"wp:attachment":[{"href":"https:\/\/gazetapernambucana.com\/index.php?rest_route=%2Fwp%2Fv2%2Fmedia&parent=4607"}],"wp:term":[{"taxonomy":"category","embeddable":true,"href":"https:\/\/gazetapernambucana.com\/index.php?rest_route=%2Fwp%2Fv2%2Fcategories&post=4607"},{"taxonomy":"post_tag","embeddable":true,"href":"https:\/\/gazetapernambucana.com\/index.php?rest_route=%2Fwp%2Fv2%2Ftags&post=4607"}],"curies":[{"name":"wp","href":"https:\/\/api.w.org\/{rel}","templated":true}]}}