{"id":4604,"date":"2026-08-24T00:06:10","date_gmt":"2026-08-24T03:06:10","guid":{"rendered":"https:\/\/gazetapernambucana.com\/?p=4604"},"modified":"2026-08-24T00:06:10","modified_gmt":"2026-08-24T03:06:10","slug":"raquel-lyra-mostra-lideranca-inquestionavel-e-comeca-rumo-a-reeleicao-com-145-prefeitos-ao-seu-lado","status":"publish","type":"post","link":"https:\/\/gazetapernambucana.com\/?p=4604","title":{"rendered":"RAQUEL LYRA MOSTRA LIDERAN\u00c7A INQUESTION\u00c1VEL E COME\u00c7A RUMO \u00c0 REELEI\u00c7\u00c3O COM 145 PREFEITOS AO SEU LADO"},"content":{"rendered":"<p class=\"ds-markdown-paragraph\"><span class=\"\">A governadora Raquel Lyra deu o tiro de largada da campanha eleitoral com uma demonstra\u00e7\u00e3o de for\u00e7a pol\u00edtica impressionante. Ela j\u00e1 conta com o apoio de 145 prefeitos em Pernambuco. Isso significa que 79% dos gestores municipais est\u00e3o unidos em torno do seu nome e do seu projeto de continuidade.<\/span><\/p>\n<p class=\"ds-markdown-paragraph\"><span class=\"\">O n\u00famero \u00e9 simplesmente avassalador. Enquanto Raquel Lyra re\u00fane essa verdadeira legi\u00e3o de aliados, o principal nome da oposi\u00e7\u00e3o, Jo\u00e3o Campos, patina com apenas 39 apoios. A diferen\u00e7a \u00e9 brutal. S\u00e3o 106 prefeitos que confiam na lideran\u00e7a de Raquel contra apenas 21% do advers\u00e1rio. A governadora simplesmente isolou os concorrentes na largada.<\/span><\/p>\n<p class=\"ds-markdown-paragraph\"><span class=\"\">De acordo com os n\u00fameros divulgados, essa ampla vantagem foi constru\u00edda nos \u00faltimos dois anos. Raquel Lyra trabalhou firme, percorreu o estado e conquistou os prefeitos que foram eleitos em 2024. Esse crescimento n\u00e3o aconteceu por sorte. Ele reflete a efici\u00eancia da sua gest\u00e3o e a capacidade de manter um di\u00e1logo aberto com todas as regi\u00f5es pernambucanas.<\/span><\/p>\n<p class=\"ds-markdown-paragraph\"><span class=\"\">Com essa base s\u00f3lida de 145 prefeitos, Raquel Lyra entra na disputa como a grande favorita. O apoio maci\u00e7o das prefeituras garante estrutura e capilaridade para sua campanha. A largada foi perfeita. A governadora j\u00e1 mostrou que tem estrada, experi\u00eancia e o respaldo do povo pernambucano representado por seus l\u00edderes municipais. A reelei\u00e7\u00e3o de Raquel Lyra come\u00e7a com o p\u00e9 direito e com a for\u00e7a de quem sabe governar.<\/span><\/p>\n","protected":false},"excerpt":{"rendered":"<p>A governadora Raquel Lyra deu o tiro de largada da campanha eleitoral com uma demonstra\u00e7\u00e3o de for\u00e7a pol\u00edtica impressionante. Ela j\u00e1 conta com o apoio de 145 prefeitos em Pernambuco. Isso significa que 79% dos gestores municipais est\u00e3o unidos em torno do seu nome e do seu projeto de continuidade. O n\u00famero \u00e9 simplesmente avassalador. [&hellip;]<\/p>\n","protected":false},"author":1,"featured_media":4605,"comment_status":"open","ping_status":"open","sticky":false,"template":"","format":"standard","meta":{"footnotes":"","jetpack_publicize_message":"","jetpack_publicize_feature_enabled":true,"jetpack_social_post_already_shared":true,"jetpack_social_options":{"image_generator_settings":{"template":"highway","default_image_id":0,"font":"","enabled":false},"version":2}},"categories":[66,1,65],"tags":[],"class_list":["post-4604","post","type-post","status-publish","format-standard","has-post-thumbnail","hentry","category-cidades","category-https-gazetapernambucana-com-page_id225","category-politica"],"yoast_head":"<!-- This site is optimized with the Yoast SEO plugin v24.5 - https:\/\/yoast.com\/wordpress\/plugins\/seo\/ -->\n<title>RAQUEL LYRA MOSTRA LIDERAN\u00c7A INQUESTION\u00c1VEL E COME\u00c7A RUMO \u00c0 REELEI\u00c7\u00c3O COM 145 PREFEITOS AO SEU LADO -<\/title>\n<meta name=\"robots\" content=\"index, follow, max-snippet:-1, max-image-preview:large, max-video-preview:-1\" \/>\n<link rel=\"canonical\" href=\"https:\/\/gazetapernambucana.com\/?p=4604\" \/>\n<meta property=\"og:locale\" content=\"pt_BR\" \/>\n<meta property=\"og:type\" content=\"article\" \/>\n<meta property=\"og:title\" content=\"RAQUEL LYRA MOSTRA LIDERAN\u00c7A INQUESTION\u00c1VEL E COME\u00c7A RUMO \u00c0 REELEI\u00c7\u00c3O COM 145 PREFEITOS AO SEU LADO -\" \/>\n<meta property=\"og:description\" content=\"A governadora Raquel Lyra deu o tiro de largada da campanha eleitoral com uma demonstra\u00e7\u00e3o de for\u00e7a pol\u00edtica impressionante. Ela j\u00e1 conta com o apoio de 145 prefeitos em Pernambuco. Isso significa que 79% dos gestores municipais est\u00e3o unidos em torno do seu nome e do seu projeto de continuidade. O n\u00famero \u00e9 simplesmente avassalador. [&hellip;]\" \/>\n<meta property=\"og:url\" content=\"https:\/\/gazetapernambucana.com\/?p=4604\" \/>\n<meta property=\"article:published_time\" content=\"2026-08-24T03:06:10+00:00\" \/>\n<meta property=\"og:image\" content=\"https:\/\/gazetapernambucana.com\/wp-content\/uploads\/2026\/08\/whatsapp-image-2026-08-02-at-152026.jpeg\" \/>\n\t<meta property=\"og:image:width\" content=\"800\" \/>\n\t<meta property=\"og:image:height\" content=\"600\" \/>\n\t<meta property=\"og:image:type\" content=\"image\/jpeg\" \/>\n<meta name=\"author\" content=\"GP\" \/>\n<meta name=\"twitter:card\" content=\"summary_large_image\" \/>\n<meta name=\"twitter:label1\" content=\"Escrito por\" \/>\n\t<meta name=\"twitter:data1\" content=\"GP\" \/>\n\t<meta name=\"twitter:label2\" content=\"Est. tempo de leitura\" \/>\n\t<meta name=\"twitter:data2\" content=\"2 minutos\" \/>\n<script type=\"application\/ld+json\" class=\"yoast-schema-graph\">{\"@context\":\"https:\/\/schema.org\",\"@graph\":[{\"@type\":\"WebPage\",\"@id\":\"https:\/\/gazetapernambucana.com\/?p=4604\",\"url\":\"https:\/\/gazetapernambucana.com\/?p=4604\",\"name\":\"RAQUEL LYRA MOSTRA LIDERAN\u00c7A INQUESTION\u00c1VEL E COME\u00c7A RUMO \u00c0 REELEI\u00c7\u00c3O COM 145 PREFEITOS AO SEU LADO -\",\"isPartOf\":{\"@id\":\"https:\/\/gazetapernambucana.com\/#website\"},\"primaryImageOfPage\":{\"@id\":\"https:\/\/gazetapernambucana.com\/?p=4604#primaryimage\"},\"image\":{\"@id\":\"https:\/\/gazetapernambucana.com\/?p=4604#primaryimage\"},\"thumbnailUrl\":\"https:\/\/gazetapernambucana.com\/wp-content\/uploads\/2026\/08\/whatsapp-image-2026-08-02-at-152026.jpeg\",\"datePublished\":\"2026-08-24T03:06:10+00:00\",\"author\":{\"@id\":\"https:\/\/gazetapernambucana.com\/#\/schema\/person\/188dc283325181ac2de4db1e9e987427\"},\"breadcrumb\":{\"@id\":\"https:\/\/gazetapernambucana.com\/?p=4604#breadcrumb\"},\"inLanguage\":\"pt-BR\",\"potentialAction\":[{\"@type\":\"ReadAction\",\"target\":[\"https:\/\/gazetapernambucana.com\/?p=4604\"]}]},{\"@type\":\"ImageObject\",\"inLanguage\":\"pt-BR\",\"@id\":\"https:\/\/gazetapernambucana.com\/?p=4604#primaryimage\",\"url\":\"https:\/\/gazetapernambucana.com\/wp-content\/uploads\/2026\/08\/whatsapp-image-2026-08-02-at-152026.jpeg\",\"contentUrl\":\"https:\/\/gazetapernambucana.com\/wp-content\/uploads\/2026\/08\/whatsapp-image-2026-08-02-at-152026.jpeg\",\"width\":800,\"height\":600},{\"@type\":\"BreadcrumbList\",\"@id\":\"https:\/\/gazetapernambucana.com\/?p=4604#breadcrumb\",\"itemListElement\":[{\"@type\":\"ListItem\",\"position\":1,\"name\":\"In\u00edcio\",\"item\":\"https:\/\/gazetapernambucana.com\/\"},{\"@type\":\"ListItem\",\"position\":2,\"name\":\"RAQUEL LYRA MOSTRA LIDERAN\u00c7A INQUESTION\u00c1VEL E COME\u00c7A RUMO \u00c0 REELEI\u00c7\u00c3O COM 145 PREFEITOS AO SEU LADO\"}]},{\"@type\":\"WebSite\",\"@id\":\"https:\/\/gazetapernambucana.com\/#website\",\"url\":\"https:\/\/gazetapernambucana.com\/\",\"name\":\"\",\"description\":\"\",\"potentialAction\":[{\"@type\":\"SearchAction\",\"target\":{\"@type\":\"EntryPoint\",\"urlTemplate\":\"https:\/\/gazetapernambucana.com\/?s={search_term_string}\"},\"query-input\":{\"@type\":\"PropertyValueSpecification\",\"valueRequired\":true,\"valueName\":\"search_term_string\"}}],\"inLanguage\":\"pt-BR\"},{\"@type\":\"Person\",\"@id\":\"https:\/\/gazetapernambucana.com\/#\/schema\/person\/188dc283325181ac2de4db1e9e987427\",\"name\":\"GP\",\"image\":{\"@type\":\"ImageObject\",\"inLanguage\":\"pt-BR\",\"@id\":\"https:\/\/gazetapernambucana.com\/#\/schema\/person\/image\/\",\"url\":\"https:\/\/secure.gravatar.com\/avatar\/9dad78ff9a2d8b5742d11779f8a3f53b052320c550b2e1907882353c067bb111?s=96&d=mm&r=g\",\"contentUrl\":\"https:\/\/secure.gravatar.com\/avatar\/9dad78ff9a2d8b5742d11779f8a3f53b052320c550b2e1907882353c067bb111?s=96&d=mm&r=g\",\"caption\":\"GP\"},\"sameAs\":[\"http:\/\/gazetapernambucana.com\"],\"url\":\"https:\/\/gazetapernambucana.com\/?author=1\"}]}<\/script>\n<!-- \/ Yoast SEO plugin. -->","yoast_head_json":{"title":"RAQUEL LYRA MOSTRA LIDERAN\u00c7A INQUESTION\u00c1VEL E COME\u00c7A RUMO \u00c0 REELEI\u00c7\u00c3O COM 145 PREFEITOS AO SEU LADO -","robots":{"index":"index","follow":"follow","max-snippet":"max-snippet:-1","max-image-preview":"max-image-preview:large","max-video-preview":"max-video-preview:-1"},"canonical":"https:\/\/gazetapernambucana.com\/?p=4604","og_locale":"pt_BR","og_type":"article","og_title":"RAQUEL LYRA MOSTRA LIDERAN\u00c7A INQUESTION\u00c1VEL E COME\u00c7A RUMO \u00c0 REELEI\u00c7\u00c3O COM 145 PREFEITOS AO SEU LADO -","og_description":"A governadora Raquel Lyra deu o tiro de largada da campanha eleitoral com uma demonstra\u00e7\u00e3o de for\u00e7a pol\u00edtica impressionante. Ela j\u00e1 conta com o apoio de 145 prefeitos em Pernambuco. Isso significa que 79% dos gestores municipais est\u00e3o unidos em torno do seu nome e do seu projeto de continuidade. O n\u00famero \u00e9 simplesmente avassalador. [&hellip;]","og_url":"https:\/\/gazetapernambucana.com\/?p=4604","article_published_time":"2026-08-24T03:06:10+00:00","og_image":[{"width":800,"height":600,"url":"https:\/\/gazetapernambucana.com\/wp-content\/uploads\/2026\/08\/whatsapp-image-2026-08-02-at-152026.jpeg","type":"image\/jpeg"}],"author":"GP","twitter_card":"summary_large_image","twitter_misc":{"Escrito por":"GP","Est. tempo de leitura":"2 minutos"},"schema":{"@context":"https:\/\/schema.org","@graph":[{"@type":"WebPage","@id":"https:\/\/gazetapernambucana.com\/?p=4604","url":"https:\/\/gazetapernambucana.com\/?p=4604","name":"RAQUEL LYRA MOSTRA LIDERAN\u00c7A INQUESTION\u00c1VEL E COME\u00c7A RUMO \u00c0 REELEI\u00c7\u00c3O COM 145 PREFEITOS AO SEU LADO -","isPartOf":{"@id":"https:\/\/gazetapernambucana.com\/#website"},"primaryImageOfPage":{"@id":"https:\/\/gazetapernambucana.com\/?p=4604#primaryimage"},"image":{"@id":"https:\/\/gazetapernambucana.com\/?p=4604#primaryimage"},"thumbnailUrl":"https:\/\/gazetapernambucana.com\/wp-content\/uploads\/2026\/08\/whatsapp-image-2026-08-02-at-152026.jpeg","datePublished":"2026-08-24T03:06:10+00:00","author":{"@id":"https:\/\/gazetapernambucana.com\/#\/schema\/person\/188dc283325181ac2de4db1e9e987427"},"breadcrumb":{"@id":"https:\/\/gazetapernambucana.com\/?p=4604#breadcrumb"},"inLanguage":"pt-BR","potentialAction":[{"@type":"ReadAction","target":["https:\/\/gazetapernambucana.com\/?p=4604"]}]},{"@type":"ImageObject","inLanguage":"pt-BR","@id":"https:\/\/gazetapernambucana.com\/?p=4604#primaryimage","url":"https:\/\/gazetapernambucana.com\/wp-content\/uploads\/2026\/08\/whatsapp-image-2026-08-02-at-152026.jpeg","contentUrl":"https:\/\/gazetapernambucana.com\/wp-content\/uploads\/2026\/08\/whatsapp-image-2026-08-02-at-152026.jpeg","width":800,"height":600},{"@type":"BreadcrumbList","@id":"https:\/\/gazetapernambucana.com\/?p=4604#breadcrumb","itemListElement":[{"@type":"ListItem","position":1,"name":"In\u00edcio","item":"https:\/\/gazetapernambucana.com\/"},{"@type":"ListItem","position":2,"name":"RAQUEL LYRA MOSTRA LIDERAN\u00c7A INQUESTION\u00c1VEL E COME\u00c7A RUMO \u00c0 REELEI\u00c7\u00c3O COM 145 PREFEITOS AO SEU LADO"}]},{"@type":"WebSite","@id":"https:\/\/gazetapernambucana.com\/#website","url":"https:\/\/gazetapernambucana.com\/","name":"","description":"","potentialAction":[{"@type":"SearchAction","target":{"@type":"EntryPoint","urlTemplate":"https:\/\/gazetapernambucana.com\/?s={search_term_string}"},"query-input":{"@type":"PropertyValueSpecification","valueRequired":true,"valueName":"search_term_string"}}],"inLanguage":"pt-BR"},{"@type":"Person","@id":"https:\/\/gazetapernambucana.com\/#\/schema\/person\/188dc283325181ac2de4db1e9e987427","name":"GP","image":{"@type":"ImageObject","inLanguage":"pt-BR","@id":"https:\/\/gazetapernambucana.com\/#\/schema\/person\/image\/","url":"https:\/\/secure.gravatar.com\/avatar\/9dad78ff9a2d8b5742d11779f8a3f53b052320c550b2e1907882353c067bb111?s=96&d=mm&r=g","contentUrl":"https:\/\/secure.gravatar.com\/avatar\/9dad78ff9a2d8b5742d11779f8a3f53b052320c550b2e1907882353c067bb111?s=96&d=mm&r=g","caption":"GP"},"sameAs":["http:\/\/gazetapernambucana.com"],"url":"https:\/\/gazetapernambucana.com\/?author=1"}]}},"jetpack_publicize_connections":[],"_links":{"self":[{"href":"https:\/\/gazetapernambucana.com\/index.php?rest_route=\/wp\/v2\/posts\/4604","targetHints":{"allow":["GET"]}}],"collection":[{"href":"https:\/\/gazetapernambucana.com\/index.php?rest_route=\/wp\/v2\/posts"}],"about":[{"href":"https:\/\/gazetapernambucana.com\/index.php?rest_route=\/wp\/v2\/types\/post"}],"author":[{"embeddable":true,"href":"https:\/\/gazetapernambucana.com\/index.php?rest_route=\/wp\/v2\/users\/1"}],"replies":[{"embeddable":true,"href":"https:\/\/gazetapernambucana.com\/index.php?rest_route=%2Fwp%2Fv2%2Fcomments&post=4604"}],"version-history":[{"count":1,"href":"https:\/\/gazetapernambucana.com\/index.php?rest_route=\/wp\/v2\/posts\/4604\/revisions"}],"predecessor-version":[{"id":4606,"href":"https:\/\/gazetapernambucana.com\/index.php?rest_route=\/wp\/v2\/posts\/4604\/revisions\/4606"}],"wp:featuredmedia":[{"embeddable":true,"href":"https:\/\/gazetapernambucana.com\/index.php?rest_route=\/wp\/v2\/media\/4605"}],"wp:attachment":[{"href":"https:\/\/gazetapernambucana.com\/index.php?rest_route=%2Fwp%2Fv2%2Fmedia&parent=4604"}],"wp:term":[{"taxonomy":"category","embeddable":true,"href":"https:\/\/gazetapernambucana.com\/index.php?rest_route=%2Fwp%2Fv2%2Fcategories&post=4604"},{"taxonomy":"post_tag","embeddable":true,"href":"https:\/\/gazetapernambucana.com\/index.php?rest_route=%2Fwp%2Fv2%2Ftags&post=4604"}],"curies":[{"name":"wp","href":"https:\/\/api.w.org\/{rel}","templated":true}]}}