{"id":4600,"date":"2026-08-23T23:25:40","date_gmt":"2026-08-24T02:25:40","guid":{"rendered":"https:\/\/gazetapernambucana.com\/?p=4600"},"modified":"2026-08-23T23:55:16","modified_gmt":"2026-08-24T02:55:16","slug":"tulio-gadelha-inaugurou-comite-555-com-adesivaco-neste-domingo-23","status":"publish","type":"post","link":"https:\/\/gazetapernambucana.com\/?p=4600","title":{"rendered":"T\u00falio Gad\u00ealha inaugurou Comit\u00ea 555 com adesiva\u00e7o neste domingo (23)"},"content":{"rendered":"<p class=\"ds-markdown-paragraph\"><span class=\"\">O candidato ao Senado Federal por Pernambuco, T\u00falio Gad\u00ealha (PSD), realizou neste domingo (23) a inaugura\u00e7\u00e3o do seu comit\u00ea de campanha, batizado de\u00a0<\/span><strong><span class=\"\">Comit\u00ea 555<\/span><\/strong><span class=\"\">, acompanhada de um grande\u00a0<\/span><strong><span class=\"\">adesiva\u00e7o<\/span><\/strong><span class=\"\">\u00a0que marcou o in\u00edcio da mobiliza\u00e7\u00e3o popular em torno de sua candidatura.<\/span><\/p>\n<p><img loading=\"lazy\" decoding=\"async\" class=\"size-medium wp-image-4602 aligncenter\" src=\"http:\/\/gazetapernambucana.com\/wp-content\/uploads\/2026\/08\/afc5c745-89ad-40c1-b6ec-149919efee0e-300x180.jpg\" alt=\"\" width=\"300\" height=\"180\" srcset=\"https:\/\/gazetapernambucana.com\/wp-content\/uploads\/2026\/08\/afc5c745-89ad-40c1-b6ec-149919efee0e-300x180.jpg 300w, https:\/\/gazetapernambucana.com\/wp-content\/uploads\/2026\/08\/afc5c745-89ad-40c1-b6ec-149919efee0e-1024x614.jpg 1024w, https:\/\/gazetapernambucana.com\/wp-content\/uploads\/2026\/08\/afc5c745-89ad-40c1-b6ec-149919efee0e-768x461.jpg 768w, https:\/\/gazetapernambucana.com\/wp-content\/uploads\/2026\/08\/afc5c745-89ad-40c1-b6ec-149919efee0e.jpg 1080w\" sizes=\"auto, (max-width: 300px) 100vw, 300px\" \/><\/p>\n<p class=\"ds-markdown-paragraph\"><span class=\"\">O evento teve in\u00edcio \u00e0s\u00a0<\/span><strong><span class=\"\">10h<\/span><\/strong><span class=\"\">\u00a0e aconteceu na\u00a0<\/span><strong><span class=\"\">Avenida Agamenon Magalh\u00e3es, em frente ao Hospital da Restaura\u00e7\u00e3o<\/span><\/strong><span class=\"\">, no Recife. A escolha do local, em uma das principais vias da capital pernambucana, buscou facilitar o acesso de apoiadores e volunt\u00e1rios de diferentes regi\u00f5es do estado.<\/span><\/p>\n<h2><span class=\"\">Constru\u00e7\u00e3o coletiva e participa\u00e7\u00e3o popular<\/span><\/h2>\n<p class=\"ds-markdown-paragraph\"><span class=\"\">Diferente de uma inaugura\u00e7\u00e3o tradicional, a proposta do Comit\u00ea 555 foi que o espa\u00e7o fosse\u00a0<\/span><strong><span class=\"\">constru\u00eddo coletivamente<\/span><\/strong><span class=\"\"> com a participa\u00e7\u00e3o da milit\u00e2ncia e volunt\u00e1rios. Segundo Gad\u00ealha, a iniciativa vai al\u00e9m de uma mobiliza\u00e7\u00e3o eleitoral, \u00e9 um convite para que pernambucanos que acreditam em seu projeto de futuro para o estado possam participar ativamente da campanha desde o in\u00edcio.<\/span><\/p>\n<blockquote>\n<p class=\"ds-markdown-paragraph\"><span class=\"\">\u201cO nosso voluntariado \u00e9, antes de tudo, um chamado \u00e0 participa\u00e7\u00e3o pol\u00edtica. \u00c9 dizer para as pessoas: venham construir com a gente. Tragam suas ideias, seus sonhos e sua disposi\u00e7\u00e3o para transformar Pernambuco\u201d, destacou o candidato.<\/span><\/p>\n<\/blockquote>\n<p class=\"ds-markdown-paragraph\"><span class=\"\">Gad\u00ealha refor\u00e7ou que a constru\u00e7\u00e3o coletiva \u00e9 uma marca de sua trajet\u00f3ria pol\u00edtica. Ao longo dos anos, ele tem mobilizado volunt\u00e1rios para participar das a\u00e7\u00f5es do mandato e das campanhas eleitorais, fortalecendo uma rede formada por pessoas que se identificam com suas pautas.<\/span><\/p>\n<blockquote>\n<p class=\"ds-markdown-paragraph\"><span class=\"\">\u201cA pol\u00edtica n\u00e3o pode ser feita apenas por quem ocupa um cargo. Ela precisa ser constru\u00edda por quem acredita que pode fazer a diferen\u00e7a\u201d.<\/span><\/p>\n<\/blockquote>\n<h2><span class=\"\">O esp\u00edrito do Comit\u00ea 555<\/span><\/h2>\n<p class=\"ds-markdown-paragraph\"><span class=\"\">O nome \u201cComit\u00ea 555\u201d simboliza, segundo o candidato, o esp\u00edrito de participa\u00e7\u00e3o que ele quer imprimir na campanha. A proposta \u00e9 que o espa\u00e7o funcione como um\u00a0<\/span><strong><span class=\"\">ponto de encontro<\/span><\/strong><span class=\"\">\u00a0entre a campanha e a popula\u00e7\u00e3o, reunindo volunt\u00e1rios e apoiadores de diferentes regi\u00f5es do estado.<\/span><\/p>\n<blockquote>\n<p class=\"ds-markdown-paragraph\"><span class=\"\">\u201cEsse comit\u00ea n\u00e3o nasce pronto. Ele come\u00e7a com a participa\u00e7\u00e3o de cada pessoa que acredita nesse projeto. Queremos construir um espa\u00e7o vivo, aberto, onde as pessoas possam chegar, participar, apresentar suas ideias e ajudar a levar nossa mensagem por Pernambuco\u201d.<\/span><\/p>\n<\/blockquote>\n<p class=\"ds-markdown-paragraph\"><span class=\"\">A mobiliza\u00e7\u00e3o deste domingo ampliou a participa\u00e7\u00e3o de volunt\u00e1rios em diferentes regi\u00f5es do estado, fortalecendo uma campanha conectada com a popula\u00e7\u00e3o e com os desafios reais dos pernambucanos.<\/span><\/p>\n<h2><span class=\"\">Cen\u00e1rio pol\u00edtico<\/span><\/h2>\n<p class=\"ds-markdown-paragraph\"><span class=\"\">T\u00falio Gad\u00ealha, que \u00e9 deputado federal e integra o campo pol\u00edtico da governadora Raquel Lyra, oficializou sua candidatura ao Senado no in\u00edcio de agosto. Ele \u00e9 o \u00fanico nome definido para o Senado no palanque da governadora e \u00e9 visto como um candidato com potencial para dialogar com diferentes espectros pol\u00edticos.<\/span><\/p>\n<p class=\"ds-markdown-paragraph\"><span class=\"\">O adesiva\u00e7o e a inaugura\u00e7\u00e3o do Comit\u00ea 555 marcaram, assim, o pontap\u00e9 inicial da campanha de rua do candidato, que reuniu um grande contingente de apoiadores para dar visibilidade \u00e0 sua candidatura ao Senado Federal.<\/span><\/p>\n","protected":false},"excerpt":{"rendered":"<p>O candidato ao Senado Federal por Pernambuco, T\u00falio Gad\u00ealha (PSD), realizou neste domingo (23) a inaugura\u00e7\u00e3o do seu comit\u00ea de campanha, batizado de\u00a0Comit\u00ea 555, acompanhada de um grande\u00a0adesiva\u00e7o\u00a0que marcou o in\u00edcio da mobiliza\u00e7\u00e3o popular em torno de sua candidatura. O evento teve in\u00edcio \u00e0s\u00a010h\u00a0e aconteceu na\u00a0Avenida Agamenon Magalh\u00e3es, em frente ao Hospital da Restaura\u00e7\u00e3o, no [&hellip;]<\/p>\n","protected":false},"author":1,"featured_media":4601,"comment_status":"open","ping_status":"open","sticky":false,"template":"","format":"standard","meta":{"footnotes":"","jetpack_publicize_message":"","jetpack_publicize_feature_enabled":true,"jetpack_social_post_already_shared":true,"jetpack_social_options":{"image_generator_settings":{"template":"highway","default_image_id":0,"font":"","enabled":false},"version":2}},"categories":[66,1,65],"tags":[],"class_list":["post-4600","post","type-post","status-publish","format-standard","has-post-thumbnail","hentry","category-cidades","category-https-gazetapernambucana-com-page_id225","category-politica"],"yoast_head":"<!-- This site is optimized with the Yoast SEO plugin v24.5 - https:\/\/yoast.com\/wordpress\/plugins\/seo\/ -->\n<title>T\u00falio Gad\u00ealha inaugurou Comit\u00ea 555 com adesiva\u00e7o neste domingo (23) -<\/title>\n<meta name=\"robots\" content=\"index, follow, max-snippet:-1, max-image-preview:large, max-video-preview:-1\" \/>\n<link rel=\"canonical\" href=\"https:\/\/gazetapernambucana.com\/?p=4600\" \/>\n<meta property=\"og:locale\" content=\"pt_BR\" \/>\n<meta property=\"og:type\" content=\"article\" \/>\n<meta property=\"og:title\" content=\"T\u00falio Gad\u00ealha inaugurou Comit\u00ea 555 com adesiva\u00e7o neste domingo (23) -\" \/>\n<meta property=\"og:description\" content=\"O candidato ao Senado Federal por Pernambuco, T\u00falio Gad\u00ealha (PSD), realizou neste domingo (23) a inaugura\u00e7\u00e3o do seu comit\u00ea de campanha, batizado de\u00a0Comit\u00ea 555, acompanhada de um grande\u00a0adesiva\u00e7o\u00a0que marcou o in\u00edcio da mobiliza\u00e7\u00e3o popular em torno de sua candidatura. O evento teve in\u00edcio \u00e0s\u00a010h\u00a0e aconteceu na\u00a0Avenida Agamenon Magalh\u00e3es, em frente ao Hospital da Restaura\u00e7\u00e3o, no [&hellip;]\" \/>\n<meta property=\"og:url\" content=\"https:\/\/gazetapernambucana.com\/?p=4600\" \/>\n<meta property=\"article:published_time\" content=\"2026-08-24T02:25:40+00:00\" \/>\n<meta property=\"article:modified_time\" content=\"2026-08-24T02:55:16+00:00\" \/>\n<meta property=\"og:image\" content=\"https:\/\/gazetapernambucana.com\/wp-content\/uploads\/2026\/08\/34c586e9-a406-483b-b73f-223dc7442d66.jpg\" \/>\n\t<meta property=\"og:image:width\" content=\"984\" \/>\n\t<meta property=\"og:image:height\" content=\"1600\" \/>\n\t<meta property=\"og:image:type\" content=\"image\/jpeg\" \/>\n<meta name=\"author\" content=\"GP\" \/>\n<meta name=\"twitter:card\" content=\"summary_large_image\" \/>\n<meta name=\"twitter:label1\" content=\"Escrito por\" \/>\n\t<meta name=\"twitter:data1\" content=\"GP\" \/>\n\t<meta name=\"twitter:label2\" content=\"Est. tempo de leitura\" \/>\n\t<meta name=\"twitter:data2\" content=\"3 minutos\" \/>\n<script type=\"application\/ld+json\" class=\"yoast-schema-graph\">{\"@context\":\"https:\/\/schema.org\",\"@graph\":[{\"@type\":\"WebPage\",\"@id\":\"https:\/\/gazetapernambucana.com\/?p=4600\",\"url\":\"https:\/\/gazetapernambucana.com\/?p=4600\",\"name\":\"T\u00falio Gad\u00ealha inaugurou Comit\u00ea 555 com adesiva\u00e7o neste domingo (23) -\",\"isPartOf\":{\"@id\":\"https:\/\/gazetapernambucana.com\/#website\"},\"primaryImageOfPage\":{\"@id\":\"https:\/\/gazetapernambucana.com\/?p=4600#primaryimage\"},\"image\":{\"@id\":\"https:\/\/gazetapernambucana.com\/?p=4600#primaryimage\"},\"thumbnailUrl\":\"https:\/\/gazetapernambucana.com\/wp-content\/uploads\/2026\/08\/34c586e9-a406-483b-b73f-223dc7442d66.jpg\",\"datePublished\":\"2026-08-24T02:25:40+00:00\",\"dateModified\":\"2026-08-24T02:55:16+00:00\",\"author\":{\"@id\":\"https:\/\/gazetapernambucana.com\/#\/schema\/person\/188dc283325181ac2de4db1e9e987427\"},\"breadcrumb\":{\"@id\":\"https:\/\/gazetapernambucana.com\/?p=4600#breadcrumb\"},\"inLanguage\":\"pt-BR\",\"potentialAction\":[{\"@type\":\"ReadAction\",\"target\":[\"https:\/\/gazetapernambucana.com\/?p=4600\"]}]},{\"@type\":\"ImageObject\",\"inLanguage\":\"pt-BR\",\"@id\":\"https:\/\/gazetapernambucana.com\/?p=4600#primaryimage\",\"url\":\"https:\/\/gazetapernambucana.com\/wp-content\/uploads\/2026\/08\/34c586e9-a406-483b-b73f-223dc7442d66.jpg\",\"contentUrl\":\"https:\/\/gazetapernambucana.com\/wp-content\/uploads\/2026\/08\/34c586e9-a406-483b-b73f-223dc7442d66.jpg\",\"width\":984,\"height\":1600},{\"@type\":\"BreadcrumbList\",\"@id\":\"https:\/\/gazetapernambucana.com\/?p=4600#breadcrumb\",\"itemListElement\":[{\"@type\":\"ListItem\",\"position\":1,\"name\":\"In\u00edcio\",\"item\":\"https:\/\/gazetapernambucana.com\/\"},{\"@type\":\"ListItem\",\"position\":2,\"name\":\"T\u00falio Gad\u00ealha inaugurou Comit\u00ea 555 com adesiva\u00e7o neste domingo (23)\"}]},{\"@type\":\"WebSite\",\"@id\":\"https:\/\/gazetapernambucana.com\/#website\",\"url\":\"https:\/\/gazetapernambucana.com\/\",\"name\":\"\",\"description\":\"\",\"potentialAction\":[{\"@type\":\"SearchAction\",\"target\":{\"@type\":\"EntryPoint\",\"urlTemplate\":\"https:\/\/gazetapernambucana.com\/?s={search_term_string}\"},\"query-input\":{\"@type\":\"PropertyValueSpecification\",\"valueRequired\":true,\"valueName\":\"search_term_string\"}}],\"inLanguage\":\"pt-BR\"},{\"@type\":\"Person\",\"@id\":\"https:\/\/gazetapernambucana.com\/#\/schema\/person\/188dc283325181ac2de4db1e9e987427\",\"name\":\"GP\",\"image\":{\"@type\":\"ImageObject\",\"inLanguage\":\"pt-BR\",\"@id\":\"https:\/\/gazetapernambucana.com\/#\/schema\/person\/image\/\",\"url\":\"https:\/\/secure.gravatar.com\/avatar\/9dad78ff9a2d8b5742d11779f8a3f53b052320c550b2e1907882353c067bb111?s=96&d=mm&r=g\",\"contentUrl\":\"https:\/\/secure.gravatar.com\/avatar\/9dad78ff9a2d8b5742d11779f8a3f53b052320c550b2e1907882353c067bb111?s=96&d=mm&r=g\",\"caption\":\"GP\"},\"sameAs\":[\"http:\/\/gazetapernambucana.com\"],\"url\":\"https:\/\/gazetapernambucana.com\/?author=1\"}]}<\/script>\n<!-- \/ Yoast SEO plugin. -->","yoast_head_json":{"title":"T\u00falio Gad\u00ealha inaugurou Comit\u00ea 555 com adesiva\u00e7o neste domingo (23) -","robots":{"index":"index","follow":"follow","max-snippet":"max-snippet:-1","max-image-preview":"max-image-preview:large","max-video-preview":"max-video-preview:-1"},"canonical":"https:\/\/gazetapernambucana.com\/?p=4600","og_locale":"pt_BR","og_type":"article","og_title":"T\u00falio Gad\u00ealha inaugurou Comit\u00ea 555 com adesiva\u00e7o neste domingo (23) -","og_description":"O candidato ao Senado Federal por Pernambuco, T\u00falio Gad\u00ealha (PSD), realizou neste domingo (23) a inaugura\u00e7\u00e3o do seu comit\u00ea de campanha, batizado de\u00a0Comit\u00ea 555, acompanhada de um grande\u00a0adesiva\u00e7o\u00a0que marcou o in\u00edcio da mobiliza\u00e7\u00e3o popular em torno de sua candidatura. O evento teve in\u00edcio \u00e0s\u00a010h\u00a0e aconteceu na\u00a0Avenida Agamenon Magalh\u00e3es, em frente ao Hospital da Restaura\u00e7\u00e3o, no [&hellip;]","og_url":"https:\/\/gazetapernambucana.com\/?p=4600","article_published_time":"2026-08-24T02:25:40+00:00","article_modified_time":"2026-08-24T02:55:16+00:00","og_image":[{"width":984,"height":1600,"url":"https:\/\/gazetapernambucana.com\/wp-content\/uploads\/2026\/08\/34c586e9-a406-483b-b73f-223dc7442d66.jpg","type":"image\/jpeg"}],"author":"GP","twitter_card":"summary_large_image","twitter_misc":{"Escrito por":"GP","Est. tempo de leitura":"3 minutos"},"schema":{"@context":"https:\/\/schema.org","@graph":[{"@type":"WebPage","@id":"https:\/\/gazetapernambucana.com\/?p=4600","url":"https:\/\/gazetapernambucana.com\/?p=4600","name":"T\u00falio Gad\u00ealha inaugurou Comit\u00ea 555 com adesiva\u00e7o neste domingo (23) -","isPartOf":{"@id":"https:\/\/gazetapernambucana.com\/#website"},"primaryImageOfPage":{"@id":"https:\/\/gazetapernambucana.com\/?p=4600#primaryimage"},"image":{"@id":"https:\/\/gazetapernambucana.com\/?p=4600#primaryimage"},"thumbnailUrl":"https:\/\/gazetapernambucana.com\/wp-content\/uploads\/2026\/08\/34c586e9-a406-483b-b73f-223dc7442d66.jpg","datePublished":"2026-08-24T02:25:40+00:00","dateModified":"2026-08-24T02:55:16+00:00","author":{"@id":"https:\/\/gazetapernambucana.com\/#\/schema\/person\/188dc283325181ac2de4db1e9e987427"},"breadcrumb":{"@id":"https:\/\/gazetapernambucana.com\/?p=4600#breadcrumb"},"inLanguage":"pt-BR","potentialAction":[{"@type":"ReadAction","target":["https:\/\/gazetapernambucana.com\/?p=4600"]}]},{"@type":"ImageObject","inLanguage":"pt-BR","@id":"https:\/\/gazetapernambucana.com\/?p=4600#primaryimage","url":"https:\/\/gazetapernambucana.com\/wp-content\/uploads\/2026\/08\/34c586e9-a406-483b-b73f-223dc7442d66.jpg","contentUrl":"https:\/\/gazetapernambucana.com\/wp-content\/uploads\/2026\/08\/34c586e9-a406-483b-b73f-223dc7442d66.jpg","width":984,"height":1600},{"@type":"BreadcrumbList","@id":"https:\/\/gazetapernambucana.com\/?p=4600#breadcrumb","itemListElement":[{"@type":"ListItem","position":1,"name":"In\u00edcio","item":"https:\/\/gazetapernambucana.com\/"},{"@type":"ListItem","position":2,"name":"T\u00falio Gad\u00ealha inaugurou Comit\u00ea 555 com adesiva\u00e7o neste domingo (23)"}]},{"@type":"WebSite","@id":"https:\/\/gazetapernambucana.com\/#website","url":"https:\/\/gazetapernambucana.com\/","name":"","description":"","potentialAction":[{"@type":"SearchAction","target":{"@type":"EntryPoint","urlTemplate":"https:\/\/gazetapernambucana.com\/?s={search_term_string}"},"query-input":{"@type":"PropertyValueSpecification","valueRequired":true,"valueName":"search_term_string"}}],"inLanguage":"pt-BR"},{"@type":"Person","@id":"https:\/\/gazetapernambucana.com\/#\/schema\/person\/188dc283325181ac2de4db1e9e987427","name":"GP","image":{"@type":"ImageObject","inLanguage":"pt-BR","@id":"https:\/\/gazetapernambucana.com\/#\/schema\/person\/image\/","url":"https:\/\/secure.gravatar.com\/avatar\/9dad78ff9a2d8b5742d11779f8a3f53b052320c550b2e1907882353c067bb111?s=96&d=mm&r=g","contentUrl":"https:\/\/secure.gravatar.com\/avatar\/9dad78ff9a2d8b5742d11779f8a3f53b052320c550b2e1907882353c067bb111?s=96&d=mm&r=g","caption":"GP"},"sameAs":["http:\/\/gazetapernambucana.com"],"url":"https:\/\/gazetapernambucana.com\/?author=1"}]}},"jetpack_publicize_connections":[],"_links":{"self":[{"href":"https:\/\/gazetapernambucana.com\/index.php?rest_route=\/wp\/v2\/posts\/4600","targetHints":{"allow":["GET"]}}],"collection":[{"href":"https:\/\/gazetapernambucana.com\/index.php?rest_route=\/wp\/v2\/posts"}],"about":[{"href":"https:\/\/gazetapernambucana.com\/index.php?rest_route=\/wp\/v2\/types\/post"}],"author":[{"embeddable":true,"href":"https:\/\/gazetapernambucana.com\/index.php?rest_route=\/wp\/v2\/users\/1"}],"replies":[{"embeddable":true,"href":"https:\/\/gazetapernambucana.com\/index.php?rest_route=%2Fwp%2Fv2%2Fcomments&post=4600"}],"version-history":[{"count":1,"href":"https:\/\/gazetapernambucana.com\/index.php?rest_route=\/wp\/v2\/posts\/4600\/revisions"}],"predecessor-version":[{"id":4603,"href":"https:\/\/gazetapernambucana.com\/index.php?rest_route=\/wp\/v2\/posts\/4600\/revisions\/4603"}],"wp:featuredmedia":[{"embeddable":true,"href":"https:\/\/gazetapernambucana.com\/index.php?rest_route=\/wp\/v2\/media\/4601"}],"wp:attachment":[{"href":"https:\/\/gazetapernambucana.com\/index.php?rest_route=%2Fwp%2Fv2%2Fmedia&parent=4600"}],"wp:term":[{"taxonomy":"category","embeddable":true,"href":"https:\/\/gazetapernambucana.com\/index.php?rest_route=%2Fwp%2Fv2%2Fcategories&post=4600"},{"taxonomy":"post_tag","embeddable":true,"href":"https:\/\/gazetapernambucana.com\/index.php?rest_route=%2Fwp%2Fv2%2Ftags&post=4600"}],"curies":[{"name":"wp","href":"https:\/\/api.w.org\/{rel}","templated":true}]}}