{"id":4595,"date":"2026-08-23T22:18:24","date_gmt":"2026-08-24T01:18:24","guid":{"rendered":"https:\/\/gazetapernambucana.com\/?p=4595"},"modified":"2026-08-23T22:18:24","modified_gmt":"2026-08-24T01:18:24","slug":"tulio-gadelha-e-recebido-com-festa-em-paulista-ao-lado-de-raquel-lyra-em-caminhada-que-consolida-chapa-forte-para-o-senado-2","status":"publish","type":"post","link":"https:\/\/gazetapernambucana.com\/?p=4595","title":{"rendered":"T\u00falio Gad\u00ealha \u00e9 recebido com festa em Paulista ao lado de Raquel Lyra em caminhada que consolida chapa forte para o Senado"},"content":{"rendered":"<p class=\"ds-markdown-paragraph\"><span class=\"\">Em mais uma demonstra\u00e7\u00e3o <\/span><span class=\"\">a for\u00e7a de sua candidatura ao Senado Federal, o deputado federal T\u00falio Gad\u00ealha (PSD) participou, nesta quarta-feira (19), de uma caminhada hist\u00f3rica pelas ruas de Paulista, na Regi\u00e3o Metropolitana do Recife. Acompanhado da governadora Raquel Lyra (PSD), de candidatos a deputado e de lideran\u00e7as pol\u00edticas de todo o espectro que integram o projeto de desenvolvimento para Pernambuco, T\u00falio foi recebido com verdadeiro entusiasmo pela popula\u00e7\u00e3o local<\/span><span class=\"\">.<\/span><\/p>\n<p><img loading=\"lazy\" decoding=\"async\" class=\"size-medium wp-image-4598 aligncenter\" src=\"http:\/\/gazetapernambucana.com\/wp-content\/uploads\/2026\/08\/21abe714-e7bb-4400-b568-e9043fe6ba5e-300x286.jpg\" alt=\"\" width=\"300\" height=\"286\" srcset=\"https:\/\/gazetapernambucana.com\/wp-content\/uploads\/2026\/08\/21abe714-e7bb-4400-b568-e9043fe6ba5e-300x286.jpg 300w, https:\/\/gazetapernambucana.com\/wp-content\/uploads\/2026\/08\/21abe714-e7bb-4400-b568-e9043fe6ba5e.jpg 720w\" sizes=\"auto, (max-width: 300px) 100vw, 300px\" \/><\/p>\n<p class=\"ds-markdown-paragraph\"><span class=\"\">O percurso, marcado por apertos de m\u00e3o, abra\u00e7os e selfies, evidenciou a sintonia do candidato com as demandas do povo pernambucano<\/span><span class=\"\">. Moradores de todas as idades pararam para declarar seu apoio e expressar a expectativa de ver T\u00falio representando o estado nos pr\u00f3ximos oito anos no Senado Federal<\/span><span class=\"\">. A receptividade calorosa n\u00e3o foi por acaso: ela reflete o reconhecimento ao trabalho s\u00e9rio e dedicado que T\u00falio vem construindo ao longo de sua trajet\u00f3ria pol\u00edtica<\/span><span class=\"\">.<\/span><\/p>\n<p><img loading=\"lazy\" decoding=\"async\" class=\"size-medium wp-image-4597 aligncenter\" src=\"http:\/\/gazetapernambucana.com\/wp-content\/uploads\/2026\/08\/0b25d603-b090-4d14-94fa-5b4a46636dc8-258x300.jpg\" alt=\"\" width=\"258\" height=\"300\" srcset=\"https:\/\/gazetapernambucana.com\/wp-content\/uploads\/2026\/08\/0b25d603-b090-4d14-94fa-5b4a46636dc8-258x300.jpg 258w, https:\/\/gazetapernambucana.com\/wp-content\/uploads\/2026\/08\/0b25d603-b090-4d14-94fa-5b4a46636dc8.jpg 720w\" sizes=\"auto, (max-width: 258px) 100vw, 258px\" \/><\/p>\n<blockquote>\n<p class=\"ds-markdown-paragraph\"><span class=\"\">\u201c\u00c9 muito especial sentir esse carinho de perto, olhar no olho das pessoas e perceber que existe confian\u00e7a no nosso trabalho. Cada abra\u00e7o, cada palavra de incentivo e cada pessoa que para a caminhada para dizer que est\u00e1 com a gente aumenta ainda mais a nossa responsabilidade\u201d, afirmou T\u00falio, emocionado<\/span><span class=\"\">.<\/span><\/p>\n<\/blockquote>\n<p class=\"ds-markdown-paragraph\"><span class=\"\">A presen\u00e7a da governadora Raquel Lyra ao lado do candidato refor\u00e7ou a solidez da alian\u00e7a pol\u00edtica que visa dar continuidade \u00e0s parcerias e aos projetos estruturantes para o estado<\/span><span class=\"\">. A chapa encabe\u00e7ada por Raquel e T\u00falio se apresenta como a \u00fanica alternativa verdadeiramente comprometida com o futuro de Pernambuco, unindo diferentes for\u00e7as pol\u00edticas em torno de um objetivo comum<\/span><span class=\"\">.<\/span><\/p>\n<p class=\"ds-markdown-paragraph\"><span class=\"\">\u201cQuero chegar ao Senado para ser um senador presente, que escuta Pernambuco e trabalha pelos interesses do nosso estado. E fa\u00e7o quest\u00e3o de reconhecer tamb\u00e9m a confian\u00e7a da governadora Raquel Lyra, que me escolheu para caminhar ao seu lado nessa miss\u00e3o. Essa confian\u00e7a se soma \u00e0 confian\u00e7a do povo e nos d\u00e1 ainda mais for\u00e7a para seguir\u201d, completou o candidato<\/span><span class=\"\">.<\/span><\/p>\n<p class=\"ds-markdown-paragraph\"><span class=\"\">Deputado federal por Pernambuco desde 2019<\/span><span class=\"\">, T\u00falio Gad\u00ealha construiu um mandato pautado pela transpar\u00eancia e pela participa\u00e7\u00e3o popular \u2014 \u00e9 o criador do projeto\u00a0<\/span><em><span class=\"\">Emendas Participativas<\/span><\/em><span class=\"\">, que consulta a popula\u00e7\u00e3o para definir a destina\u00e7\u00e3o de recursos<\/span><span class=\"\">. Agora, ele leva essa mesma energia e compromisso para a disputa ao Senado, com a proposta de ampliar o di\u00e1logo com os munic\u00edpios e atuar como ponte entre as demandas regionais e o Congresso Nacional<\/span><span class=\"\">.<\/span><\/p>\n<blockquote>\n<p class=\"ds-markdown-paragraph\"><span class=\"\">\u201cQuero ser o senador dos pernambucanos, de quem vota na gente e tamb\u00e9m de quem pensa diferente. O que nos une \u00e9 Pernambuco e a vontade de ver nosso estado avan\u00e7ar\u201d, resumiu T\u00falio<\/span><span class=\"\">.<\/span><\/p>\n<\/blockquote>\n<p class=\"ds-markdown-paragraph\"><span class=\"\">A caminhada em Paulista n\u00e3o foi apenas um ato de campanha, mas a consolida\u00e7\u00e3o de um movimento que vem crescendo em todo o estado, do Recife ao Sert\u00e3o<\/span><span class=\"\">. Com o apoio de Raquel Lyra, de lideran\u00e7as regionais e, acima de tudo, do carinho genu\u00edno da popula\u00e7\u00e3o, T\u00falio Gad\u00ealha se firma como o nome forte e preparado para representar Pernambuco no Senado Federal<\/span><\/p>\n","protected":false},"excerpt":{"rendered":"<p>Em mais uma demonstra\u00e7\u00e3o a for\u00e7a de sua candidatura ao Senado Federal, o deputado federal T\u00falio Gad\u00ealha (PSD) participou, nesta quarta-feira (19), de uma caminhada hist\u00f3rica pelas ruas de Paulista, na Regi\u00e3o Metropolitana do Recife. Acompanhado da governadora Raquel Lyra (PSD), de candidatos a deputado e de lideran\u00e7as pol\u00edticas de todo o espectro que integram [&hellip;]<\/p>\n","protected":false},"author":1,"featured_media":4596,"comment_status":"open","ping_status":"open","sticky":false,"template":"","format":"standard","meta":{"footnotes":"","jetpack_publicize_message":"","jetpack_publicize_feature_enabled":true,"jetpack_social_post_already_shared":true,"jetpack_social_options":{"image_generator_settings":{"template":"highway","default_image_id":0,"font":"","enabled":false},"version":2}},"categories":[66,1,65],"tags":[],"class_list":["post-4595","post","type-post","status-publish","format-standard","has-post-thumbnail","hentry","category-cidades","category-https-gazetapernambucana-com-page_id225","category-politica"],"yoast_head":"<!-- This site is optimized with the Yoast SEO plugin v24.5 - https:\/\/yoast.com\/wordpress\/plugins\/seo\/ -->\n<title>T\u00falio Gad\u00ealha \u00e9 recebido com festa em Paulista ao lado de Raquel Lyra em caminhada que consolida chapa forte para o Senado -<\/title>\n<meta name=\"robots\" content=\"index, follow, max-snippet:-1, max-image-preview:large, max-video-preview:-1\" \/>\n<link rel=\"canonical\" href=\"https:\/\/gazetapernambucana.com\/?p=4595\" \/>\n<meta property=\"og:locale\" content=\"pt_BR\" \/>\n<meta property=\"og:type\" content=\"article\" \/>\n<meta property=\"og:title\" content=\"T\u00falio Gad\u00ealha \u00e9 recebido com festa em Paulista ao lado de Raquel Lyra em caminhada que consolida chapa forte para o Senado -\" \/>\n<meta property=\"og:description\" content=\"Em mais uma demonstra\u00e7\u00e3o a for\u00e7a de sua candidatura ao Senado Federal, o deputado federal T\u00falio Gad\u00ealha (PSD) participou, nesta quarta-feira (19), de uma caminhada hist\u00f3rica pelas ruas de Paulista, na Regi\u00e3o Metropolitana do Recife. Acompanhado da governadora Raquel Lyra (PSD), de candidatos a deputado e de lideran\u00e7as pol\u00edticas de todo o espectro que integram [&hellip;]\" \/>\n<meta property=\"og:url\" content=\"https:\/\/gazetapernambucana.com\/?p=4595\" \/>\n<meta property=\"article:published_time\" content=\"2026-08-24T01:18:24+00:00\" \/>\n<meta property=\"og:image\" content=\"https:\/\/gazetapernambucana.com\/wp-content\/uploads\/2026\/08\/6de99aa3-de17-403f-9e93-97220a71bb2f.jpg\" \/>\n\t<meta property=\"og:image:width\" content=\"720\" \/>\n\t<meta property=\"og:image:height\" content=\"459\" \/>\n\t<meta property=\"og:image:type\" content=\"image\/jpeg\" \/>\n<meta name=\"author\" content=\"GP\" \/>\n<meta name=\"twitter:card\" content=\"summary_large_image\" \/>\n<meta name=\"twitter:label1\" content=\"Escrito por\" \/>\n\t<meta name=\"twitter:data1\" content=\"GP\" \/>\n\t<meta name=\"twitter:label2\" content=\"Est. tempo de leitura\" \/>\n\t<meta name=\"twitter:data2\" content=\"3 minutos\" \/>\n<script type=\"application\/ld+json\" class=\"yoast-schema-graph\">{\"@context\":\"https:\/\/schema.org\",\"@graph\":[{\"@type\":\"WebPage\",\"@id\":\"https:\/\/gazetapernambucana.com\/?p=4595\",\"url\":\"https:\/\/gazetapernambucana.com\/?p=4595\",\"name\":\"T\u00falio Gad\u00ealha \u00e9 recebido com festa em Paulista ao lado de Raquel Lyra em caminhada que consolida chapa forte para o Senado -\",\"isPartOf\":{\"@id\":\"https:\/\/gazetapernambucana.com\/#website\"},\"primaryImageOfPage\":{\"@id\":\"https:\/\/gazetapernambucana.com\/?p=4595#primaryimage\"},\"image\":{\"@id\":\"https:\/\/gazetapernambucana.com\/?p=4595#primaryimage\"},\"thumbnailUrl\":\"https:\/\/gazetapernambucana.com\/wp-content\/uploads\/2026\/08\/6de99aa3-de17-403f-9e93-97220a71bb2f.jpg\",\"datePublished\":\"2026-08-24T01:18:24+00:00\",\"author\":{\"@id\":\"https:\/\/gazetapernambucana.com\/#\/schema\/person\/188dc283325181ac2de4db1e9e987427\"},\"breadcrumb\":{\"@id\":\"https:\/\/gazetapernambucana.com\/?p=4595#breadcrumb\"},\"inLanguage\":\"pt-BR\",\"potentialAction\":[{\"@type\":\"ReadAction\",\"target\":[\"https:\/\/gazetapernambucana.com\/?p=4595\"]}]},{\"@type\":\"ImageObject\",\"inLanguage\":\"pt-BR\",\"@id\":\"https:\/\/gazetapernambucana.com\/?p=4595#primaryimage\",\"url\":\"https:\/\/gazetapernambucana.com\/wp-content\/uploads\/2026\/08\/6de99aa3-de17-403f-9e93-97220a71bb2f.jpg\",\"contentUrl\":\"https:\/\/gazetapernambucana.com\/wp-content\/uploads\/2026\/08\/6de99aa3-de17-403f-9e93-97220a71bb2f.jpg\",\"width\":720,\"height\":459},{\"@type\":\"BreadcrumbList\",\"@id\":\"https:\/\/gazetapernambucana.com\/?p=4595#breadcrumb\",\"itemListElement\":[{\"@type\":\"ListItem\",\"position\":1,\"name\":\"In\u00edcio\",\"item\":\"https:\/\/gazetapernambucana.com\/\"},{\"@type\":\"ListItem\",\"position\":2,\"name\":\"T\u00falio Gad\u00ealha \u00e9 recebido com festa em Paulista ao lado de Raquel Lyra em caminhada que consolida chapa forte para o Senado\"}]},{\"@type\":\"WebSite\",\"@id\":\"https:\/\/gazetapernambucana.com\/#website\",\"url\":\"https:\/\/gazetapernambucana.com\/\",\"name\":\"\",\"description\":\"\",\"potentialAction\":[{\"@type\":\"SearchAction\",\"target\":{\"@type\":\"EntryPoint\",\"urlTemplate\":\"https:\/\/gazetapernambucana.com\/?s={search_term_string}\"},\"query-input\":{\"@type\":\"PropertyValueSpecification\",\"valueRequired\":true,\"valueName\":\"search_term_string\"}}],\"inLanguage\":\"pt-BR\"},{\"@type\":\"Person\",\"@id\":\"https:\/\/gazetapernambucana.com\/#\/schema\/person\/188dc283325181ac2de4db1e9e987427\",\"name\":\"GP\",\"image\":{\"@type\":\"ImageObject\",\"inLanguage\":\"pt-BR\",\"@id\":\"https:\/\/gazetapernambucana.com\/#\/schema\/person\/image\/\",\"url\":\"https:\/\/secure.gravatar.com\/avatar\/9dad78ff9a2d8b5742d11779f8a3f53b052320c550b2e1907882353c067bb111?s=96&d=mm&r=g\",\"contentUrl\":\"https:\/\/secure.gravatar.com\/avatar\/9dad78ff9a2d8b5742d11779f8a3f53b052320c550b2e1907882353c067bb111?s=96&d=mm&r=g\",\"caption\":\"GP\"},\"sameAs\":[\"http:\/\/gazetapernambucana.com\"],\"url\":\"https:\/\/gazetapernambucana.com\/?author=1\"}]}<\/script>\n<!-- \/ Yoast SEO plugin. -->","yoast_head_json":{"title":"T\u00falio Gad\u00ealha \u00e9 recebido com festa em Paulista ao lado de Raquel Lyra em caminhada que consolida chapa forte para o Senado -","robots":{"index":"index","follow":"follow","max-snippet":"max-snippet:-1","max-image-preview":"max-image-preview:large","max-video-preview":"max-video-preview:-1"},"canonical":"https:\/\/gazetapernambucana.com\/?p=4595","og_locale":"pt_BR","og_type":"article","og_title":"T\u00falio Gad\u00ealha \u00e9 recebido com festa em Paulista ao lado de Raquel Lyra em caminhada que consolida chapa forte para o Senado -","og_description":"Em mais uma demonstra\u00e7\u00e3o a for\u00e7a de sua candidatura ao Senado Federal, o deputado federal T\u00falio Gad\u00ealha (PSD) participou, nesta quarta-feira (19), de uma caminhada hist\u00f3rica pelas ruas de Paulista, na Regi\u00e3o Metropolitana do Recife. Acompanhado da governadora Raquel Lyra (PSD), de candidatos a deputado e de lideran\u00e7as pol\u00edticas de todo o espectro que integram [&hellip;]","og_url":"https:\/\/gazetapernambucana.com\/?p=4595","article_published_time":"2026-08-24T01:18:24+00:00","og_image":[{"width":720,"height":459,"url":"https:\/\/gazetapernambucana.com\/wp-content\/uploads\/2026\/08\/6de99aa3-de17-403f-9e93-97220a71bb2f.jpg","type":"image\/jpeg"}],"author":"GP","twitter_card":"summary_large_image","twitter_misc":{"Escrito por":"GP","Est. tempo de leitura":"3 minutos"},"schema":{"@context":"https:\/\/schema.org","@graph":[{"@type":"WebPage","@id":"https:\/\/gazetapernambucana.com\/?p=4595","url":"https:\/\/gazetapernambucana.com\/?p=4595","name":"T\u00falio Gad\u00ealha \u00e9 recebido com festa em Paulista ao lado de Raquel Lyra em caminhada que consolida chapa forte para o Senado -","isPartOf":{"@id":"https:\/\/gazetapernambucana.com\/#website"},"primaryImageOfPage":{"@id":"https:\/\/gazetapernambucana.com\/?p=4595#primaryimage"},"image":{"@id":"https:\/\/gazetapernambucana.com\/?p=4595#primaryimage"},"thumbnailUrl":"https:\/\/gazetapernambucana.com\/wp-content\/uploads\/2026\/08\/6de99aa3-de17-403f-9e93-97220a71bb2f.jpg","datePublished":"2026-08-24T01:18:24+00:00","author":{"@id":"https:\/\/gazetapernambucana.com\/#\/schema\/person\/188dc283325181ac2de4db1e9e987427"},"breadcrumb":{"@id":"https:\/\/gazetapernambucana.com\/?p=4595#breadcrumb"},"inLanguage":"pt-BR","potentialAction":[{"@type":"ReadAction","target":["https:\/\/gazetapernambucana.com\/?p=4595"]}]},{"@type":"ImageObject","inLanguage":"pt-BR","@id":"https:\/\/gazetapernambucana.com\/?p=4595#primaryimage","url":"https:\/\/gazetapernambucana.com\/wp-content\/uploads\/2026\/08\/6de99aa3-de17-403f-9e93-97220a71bb2f.jpg","contentUrl":"https:\/\/gazetapernambucana.com\/wp-content\/uploads\/2026\/08\/6de99aa3-de17-403f-9e93-97220a71bb2f.jpg","width":720,"height":459},{"@type":"BreadcrumbList","@id":"https:\/\/gazetapernambucana.com\/?p=4595#breadcrumb","itemListElement":[{"@type":"ListItem","position":1,"name":"In\u00edcio","item":"https:\/\/gazetapernambucana.com\/"},{"@type":"ListItem","position":2,"name":"T\u00falio Gad\u00ealha \u00e9 recebido com festa em Paulista ao lado de Raquel Lyra em caminhada que consolida chapa forte para o Senado"}]},{"@type":"WebSite","@id":"https:\/\/gazetapernambucana.com\/#website","url":"https:\/\/gazetapernambucana.com\/","name":"","description":"","potentialAction":[{"@type":"SearchAction","target":{"@type":"EntryPoint","urlTemplate":"https:\/\/gazetapernambucana.com\/?s={search_term_string}"},"query-input":{"@type":"PropertyValueSpecification","valueRequired":true,"valueName":"search_term_string"}}],"inLanguage":"pt-BR"},{"@type":"Person","@id":"https:\/\/gazetapernambucana.com\/#\/schema\/person\/188dc283325181ac2de4db1e9e987427","name":"GP","image":{"@type":"ImageObject","inLanguage":"pt-BR","@id":"https:\/\/gazetapernambucana.com\/#\/schema\/person\/image\/","url":"https:\/\/secure.gravatar.com\/avatar\/9dad78ff9a2d8b5742d11779f8a3f53b052320c550b2e1907882353c067bb111?s=96&d=mm&r=g","contentUrl":"https:\/\/secure.gravatar.com\/avatar\/9dad78ff9a2d8b5742d11779f8a3f53b052320c550b2e1907882353c067bb111?s=96&d=mm&r=g","caption":"GP"},"sameAs":["http:\/\/gazetapernambucana.com"],"url":"https:\/\/gazetapernambucana.com\/?author=1"}]}},"jetpack_publicize_connections":[],"_links":{"self":[{"href":"https:\/\/gazetapernambucana.com\/index.php?rest_route=\/wp\/v2\/posts\/4595","targetHints":{"allow":["GET"]}}],"collection":[{"href":"https:\/\/gazetapernambucana.com\/index.php?rest_route=\/wp\/v2\/posts"}],"about":[{"href":"https:\/\/gazetapernambucana.com\/index.php?rest_route=\/wp\/v2\/types\/post"}],"author":[{"embeddable":true,"href":"https:\/\/gazetapernambucana.com\/index.php?rest_route=\/wp\/v2\/users\/1"}],"replies":[{"embeddable":true,"href":"https:\/\/gazetapernambucana.com\/index.php?rest_route=%2Fwp%2Fv2%2Fcomments&post=4595"}],"version-history":[{"count":1,"href":"https:\/\/gazetapernambucana.com\/index.php?rest_route=\/wp\/v2\/posts\/4595\/revisions"}],"predecessor-version":[{"id":4599,"href":"https:\/\/gazetapernambucana.com\/index.php?rest_route=\/wp\/v2\/posts\/4595\/revisions\/4599"}],"wp:featuredmedia":[{"embeddable":true,"href":"https:\/\/gazetapernambucana.com\/index.php?rest_route=\/wp\/v2\/media\/4596"}],"wp:attachment":[{"href":"https:\/\/gazetapernambucana.com\/index.php?rest_route=%2Fwp%2Fv2%2Fmedia&parent=4595"}],"wp:term":[{"taxonomy":"category","embeddable":true,"href":"https:\/\/gazetapernambucana.com\/index.php?rest_route=%2Fwp%2Fv2%2Fcategories&post=4595"},{"taxonomy":"post_tag","embeddable":true,"href":"https:\/\/gazetapernambucana.com\/index.php?rest_route=%2Fwp%2Fv2%2Ftags&post=4595"}],"curies":[{"name":"wp","href":"https:\/\/api.w.org\/{rel}","templated":true}]}}